{"id":1197,"date":"2025-01-02T16:20:49","date_gmt":"2025-01-02T16:20:49","guid":{"rendered":"https:\/\/audreydelaforge.com\/?p=1197"},"modified":"2025-01-02T16:20:51","modified_gmt":"2025-01-02T16:20:51","slug":"soutenir-un-eleve-dyslexique-avec-lia-une-revolution-pour-lapprentissage","status":"publish","type":"post","link":"https:\/\/audreydelaforge.com\/index.php\/2025\/01\/02\/soutenir-un-eleve-dyslexique-avec-lia-une-revolution-pour-lapprentissage\/","title":{"rendered":"Soutenir un \u00e9l\u00e8ve dyslexique avec l\u2019IA : Une r\u00e9volution pour l\u2019apprentissage"},"content":{"rendered":"\n<p>Imaginez un \u00e9l\u00e8ve dyslexique, frustr\u00e9 par sa difficult\u00e9 \u00e0 suivre le rythme de ses camarades en classe. Maintenant, visualisez ce m\u00eame \u00e9l\u00e8ve \u00e9quip\u00e9 d\u2019un outil d\u2019intelligence artificielle (IA) qui lit les textes \u00e0 voix haute, propose des exercices adapt\u00e9s et l\u2019accompagne \u00e0 chaque \u00e9tape de son apprentissage. Cette r\u00e9alit\u00e9 n\u2019est plus un r\u00eave : c\u2019est une avanc\u00e9e concr\u00e8te qui transforme l\u2019\u00e9ducation.<\/p>\n\n\n\n<p>Les troubles d\u2019apprentissage, tels que la dyslexie, concernent environ 10 % des \u00e9l\u00e8ves dans le monde. Ces d\u00e9fis affectent la lecture, l\u2019\u00e9criture et, souvent, l\u2019estime de soi. L\u2019intelligence artificielle offre des solutions innovantes qui permettent de r\u00e9pondre \u00e0 ces besoins avec pr\u00e9cision et bienveillance.<\/p>\n\n\n\n<p>Dans cet article, d\u00e9couvrez comment l\u2019IA peut \u00eatre un alli\u00e9 de taille pour soutenir les \u00e9l\u00e8ves dyslexiques, \u00e0 travers des outils pratiques, des t\u00e9moignages inspirants et des conseils pour une mise en \u0153uvre inclusive.<\/p>\n\n\n<div class=\"wp-block-image\">\n<figure class=\"aligncenter size-full\"><img loading=\"lazy\" decoding=\"async\" width=\"1024\" height=\"1024\" src=\"https:\/\/audreydelaforge.com\/wp-content\/uploads\/2025\/01\/DALL\u00b7E-2025-01-02-16.17.36-An-educational-illustration-depicting-a-young-dyslexic-student-working-confidently-at-a-desk-with-the-assistance-of-a-tablet-showing-an-AI-powered-rea.webp\" alt=\"\" class=\"wp-image-1198\" srcset=\"https:\/\/audreydelaforge.com\/wp-content\/uploads\/2025\/01\/DALL\u00b7E-2025-01-02-16.17.36-An-educational-illustration-depicting-a-young-dyslexic-student-working-confidently-at-a-desk-with-the-assistance-of-a-tablet-showing-an-AI-powered-rea.webp 1024w, https:\/\/audreydelaforge.com\/wp-content\/uploads\/2025\/01\/DALL\u00b7E-2025-01-02-16.17.36-An-educational-illustration-depicting-a-young-dyslexic-student-working-confidently-at-a-desk-with-the-assistance-of-a-tablet-showing-an-AI-powered-rea-300x300.webp 300w, https:\/\/audreydelaforge.com\/wp-content\/uploads\/2025\/01\/DALL\u00b7E-2025-01-02-16.17.36-An-educational-illustration-depicting-a-young-dyslexic-student-working-confidently-at-a-desk-with-the-assistance-of-a-tablet-showing-an-AI-powered-rea-150x150.webp 150w, https:\/\/audreydelaforge.com\/wp-content\/uploads\/2025\/01\/DALL\u00b7E-2025-01-02-16.17.36-An-educational-illustration-depicting-a-young-dyslexic-student-working-confidently-at-a-desk-with-the-assistance-of-a-tablet-showing-an-AI-powered-rea-768x768.webp 768w, https:\/\/audreydelaforge.com\/wp-content\/uploads\/2025\/01\/DALL\u00b7E-2025-01-02-16.17.36-An-educational-illustration-depicting-a-young-dyslexic-student-working-confidently-at-a-desk-with-the-assistance-of-a-tablet-showing-an-AI-powered-rea-600x600.webp 600w, https:\/\/audreydelaforge.com\/wp-content\/uploads\/2025\/01\/DALL\u00b7E-2025-01-02-16.17.36-An-educational-illustration-depicting-a-young-dyslexic-student-working-confidently-at-a-desk-with-the-assistance-of-a-tablet-showing-an-AI-powered-rea-100x100.webp 100w\" sizes=\"auto, (max-width: 1024px) 100vw, 1024px\" \/><\/figure>\n<\/div>\n\n\n<hr class=\"wp-block-separator has-alpha-channel-opacity\"\/>\n\n\n\n<h3 class=\"wp-block-heading\"><strong>L\u2019IA : Un outil puissant pour r\u00e9pondre aux besoins sp\u00e9cifiques<\/strong><\/h3>\n\n\n\n<p>L\u2019intelligence artificielle excelle dans l\u2019analyse et l\u2019adaptation des besoins individuels. Voici comment elle soutient les \u00e9l\u00e8ves dyslexiques :<\/p>\n\n\n\n<h4 class=\"wp-block-heading\"><strong>1. Faciliter la lecture et l\u2019acc\u00e8s \u00e0 l\u2019information<\/strong><\/h4>\n\n\n\n<p>Les plateformes comme <strong>NaturalReader<\/strong>, <strong>Speechify<\/strong> et <strong>Microsoft Immersive Reader<\/strong> transforment les textes en fichiers audio ou les enrichissent avec des annotations visuelles. Ces fonctionnalit\u00e9s permettent aux \u00e9l\u00e8ves de suivre un texte tout en \u00e9coutant, favorisant ainsi une compr\u00e9hension renforc\u00e9e.<\/p>\n\n\n\n<p>\u27a1 <strong>Astuce pour la classe<\/strong> : Int\u00e9grez <strong>Bookshare<\/strong>, une biblioth\u00e8que num\u00e9rique accessible, qui propose des livres adapt\u00e9s pour les \u00e9l\u00e8ves ayant des troubles de lecture.<\/p>\n\n\n\n<h4 class=\"wp-block-heading\"><strong>2. R\u00e9duire les obstacles li\u00e9s \u00e0 l\u2019\u00e9criture<\/strong><\/h4>\n\n\n\n<p>La dyslexie peut \u00e9galement compliquer l\u2019\u00e9criture. Des outils comme <strong>Grammarly<\/strong> et <strong>Scribens<\/strong> corrigent les erreurs orthographiques et grammaticales en temps r\u00e9el, tout en expliquant les corrections. Certains logiciels, comme <strong>Co:Writer<\/strong>, utilisent des algorithmes pour pr\u00e9dire les mots les plus probables en fonction des premi\u00e8res lettres tap\u00e9es, r\u00e9duisant ainsi la fatigue cognitive.<\/p>\n\n\n\n<p>\u27a1 <strong>Astuce pour les parents<\/strong> : Proposez des claviers intelligents comme <strong>Gboard<\/strong> ou <strong>Predictable<\/strong>, qui offrent une assistance vocale pour \u00e9crire des messages ou r\u00e9diger des devoirs.<\/p>\n\n\n\n<hr class=\"wp-block-separator has-alpha-channel-opacity\"\/>\n\n\n\n<h3 class=\"wp-block-heading\"><strong>T\u00e9moignages inspirants : La puissance de l\u2019IA dans la vie r\u00e9elle<\/strong><\/h3>\n\n\n\n<h4 class=\"wp-block-heading\"><strong>L\u2019histoire de Hugo, 12 ans<\/strong><\/h4>\n\n\n\n<p>Diagnostiqu\u00e9 dyslexique d\u00e8s le CE1, Hugo \u00e9tait souvent stress\u00e9 lors des exercices de lecture en classe. Son enseignant a introduit <strong>Read&amp;Write<\/strong>, une extension qui permet de simplifier les mots complexes et d\u2019ajouter des visuels explicatifs. Avec cette aide, Hugo a commenc\u00e9 \u00e0 participer activement aux discussions et a vu sa confiance en lui augmenter.<\/p>\n\n\n\n<h4 class=\"wp-block-heading\"><strong>Une m\u00e8re partage son exp\u00e9rience<\/strong><\/h4>\n\n\n\n<p>Clara, maman d\u2019une \u00e9l\u00e8ve dyslexique, explique : \u00ab L\u2019application <strong>Learning Ally<\/strong> a transform\u00e9 notre quotidien. Ma fille utilise les livres audio pour ses devoirs, ce qui lui laisse plus de temps pour se concentrer sur la compr\u00e9hension plut\u00f4t que sur le d\u00e9chiffrage des mots. \u00bb<\/p>\n\n\n\n<h4 class=\"wp-block-heading\">Le parcours d\u2019Am\u00e9lie, enseignante en \u00e9cole inclusive<\/h4>\n\n\n\n<p>Am\u00e9lie, enseignante en classe de CM1, travaille depuis plusieurs ann\u00e9es dans une \u00e9cole accueillant des \u00e9l\u00e8ves avec des besoins \u00e9ducatifs sp\u00e9cifiques. Lorsqu\u2019elle a commenc\u00e9 \u00e0 utiliser l\u2019intelligence artificielle pour accompagner ses \u00e9l\u00e8ves dyslexiques, elle a rapidement remarqu\u00e9 un changement.<\/p>\n\n\n\n<p>Elle raconte :<br>\u00ab J\u2019avais une \u00e9l\u00e8ve, \u00c9milie, qui \u00e9vitait syst\u00e9matiquement les exercices de lecture. Elle se sentait d\u00e9pass\u00e9e et perdait confiance en elle. J\u2019ai introduit l\u2019application <strong>Microsoft Immersive Reader<\/strong> dans ma classe, et cela a \u00e9t\u00e9 un tournant. Non seulement \u00c9milie a commenc\u00e9 \u00e0 lire \u00e0 son rythme, mais elle a aussi d\u00e9couvert qu\u2019elle pouvait comprendre des textes plus complexes gr\u00e2ce \u00e0 la lecture audio et \u00e0 la traduction de certains mots difficiles.<\/p>\n\n\n\n<p>Ce que j\u2019ai ador\u00e9, c\u2019est la flexibilit\u00e9 de l\u2019outil : je pouvais l\u2019adapter pour qu\u2019il convienne \u00e0 d\u2019autres \u00e9l\u00e8ves ayant des difficult\u00e9s similaires. Aujourd\u2019hui, \u00c9milie l\u2019utilise pour ses devoirs \u00e0 la maison, et ses parents m\u2019ont dit qu\u2019elle prend enfin plaisir \u00e0 lire des histoires. Pour moi, l\u2019IA est un v\u00e9ritable atout, car elle me permet de me concentrer sur la p\u00e9dagogie tout en sachant que mes \u00e9l\u00e8ves b\u00e9n\u00e9ficient d\u2019un soutien suppl\u00e9mentaire.<\/p>\n\n\n\n<p>D&rsquo;autres t\u00e9moignages :<a href=\" https:\/\/audreydelaforge.com\/index.php\/2025\/01\/02\/temoignages-compiles-histoires-de-reussite-grace-a-lia\/\"> https:\/\/audreydelaforge.com\/index.php\/2025\/01\/02\/temoignages-compiles-histoires-de-reussite-grace-a-lia\/<\/a><\/p>\n\n\n<div class=\"wp-block-image\">\n<figure class=\"aligncenter size-full\"><img loading=\"lazy\" decoding=\"async\" width=\"1024\" height=\"1024\" src=\"https:\/\/audreydelaforge.com\/wp-content\/uploads\/2025\/01\/DALL\u00b7E-2025-01-02-16.19.07-An-illustration-showing-a-diverse-group-of-people-including-a-teacher-a-parent-and-a-student-sharing-positive-experiences-about-using-AI-tools-for.webp\" alt=\"\" class=\"wp-image-1199\" srcset=\"https:\/\/audreydelaforge.com\/wp-content\/uploads\/2025\/01\/DALL\u00b7E-2025-01-02-16.19.07-An-illustration-showing-a-diverse-group-of-people-including-a-teacher-a-parent-and-a-student-sharing-positive-experiences-about-using-AI-tools-for.webp 1024w, https:\/\/audreydelaforge.com\/wp-content\/uploads\/2025\/01\/DALL\u00b7E-2025-01-02-16.19.07-An-illustration-showing-a-diverse-group-of-people-including-a-teacher-a-parent-and-a-student-sharing-positive-experiences-about-using-AI-tools-for-300x300.webp 300w, https:\/\/audreydelaforge.com\/wp-content\/uploads\/2025\/01\/DALL\u00b7E-2025-01-02-16.19.07-An-illustration-showing-a-diverse-group-of-people-including-a-teacher-a-parent-and-a-student-sharing-positive-experiences-about-using-AI-tools-for-150x150.webp 150w, https:\/\/audreydelaforge.com\/wp-content\/uploads\/2025\/01\/DALL\u00b7E-2025-01-02-16.19.07-An-illustration-showing-a-diverse-group-of-people-including-a-teacher-a-parent-and-a-student-sharing-positive-experiences-about-using-AI-tools-for-768x768.webp 768w, https:\/\/audreydelaforge.com\/wp-content\/uploads\/2025\/01\/DALL\u00b7E-2025-01-02-16.19.07-An-illustration-showing-a-diverse-group-of-people-including-a-teacher-a-parent-and-a-student-sharing-positive-experiences-about-using-AI-tools-for-600x600.webp 600w, https:\/\/audreydelaforge.com\/wp-content\/uploads\/2025\/01\/DALL\u00b7E-2025-01-02-16.19.07-An-illustration-showing-a-diverse-group-of-people-including-a-teacher-a-parent-and-a-student-sharing-positive-experiences-about-using-AI-tools-for-100x100.webp 100w\" sizes=\"auto, (max-width: 1024px) 100vw, 1024px\" \/><\/figure>\n<\/div>\n\n\n<hr class=\"wp-block-separator has-alpha-channel-opacity\"\/>\n\n\n\n<h3 class=\"wp-block-heading\"><strong>L\u2019IA, un levier mais pas une solution unique<\/strong><\/h3>\n\n\n\n<p>Si l\u2019intelligence artificielle offre des opportunit\u00e9s incroyables, elle n\u2019est pas exempte de limites :<\/p>\n\n\n\n<ul class=\"wp-block-list\">\n<li><strong>Manque de personnalisation fine<\/strong> : Certains outils g\u00e9n\u00e8rent des r\u00e9ponses standardis\u00e9es qui ne prennent pas en compte toutes les nuances des besoins de chaque \u00e9l\u00e8ve.<\/li>\n\n\n\n<li><strong>Risque de d\u00e9pendance<\/strong> : Les \u00e9l\u00e8ves peuvent devenir trop d\u00e9pendants des technologies, oubliant de d\u00e9velopper des strat\u00e9gies cognitives fondamentales.<\/li>\n\n\n\n<li><strong>Probl\u00e8mes d\u2019accessibilit\u00e9 financi\u00e8re<\/strong> : Toutes les familles ou \u00e9coles n\u2019ont pas les moyens d\u2019investir dans ces outils.<\/li>\n<\/ul>\n\n\n\n<p>Il est crucial de compl\u00e9ter l\u2019utilisation des outils d\u2019IA par un accompagnement humain : enseignants, parents et orthop\u00e9dagogues doivent rester au c\u0153ur du soutien \u00e9ducatif.<\/p>\n\n\n\n<h3 class=\"wp-block-heading\"><\/h3>\n\n\n\n<hr class=\"wp-block-separator has-alpha-channel-opacity\"\/>\n\n\n\n<h3 class=\"wp-block-heading\"><strong>L\u2019IA, une alli\u00e9e pour une \u00e9ducation inclusive l\u2019IA<\/strong><\/h3>\n\n\n\n<p>L\u2019intelligence artificielle ouvre des perspectives in\u00e9dites pour accompagner les \u00e9l\u00e8ves dyslexiques avec des solutions personnalis\u00e9es et adapt\u00e9es. Bien qu\u2019elle ne puisse jamais remplacer la pr\u00e9sence humaine, elle se r\u00e9v\u00e8le \u00eatre un outil pr\u00e9cieux pour les enseignants et les parents qui souhaitent soutenir leurs enfants avec bienveillance et efficacit\u00e9. Gr\u00e2ce \u00e0 ces outils, les \u00e9l\u00e8ves peuvent apprendre \u00e0 leur rythme, renforcer leur confiance en eux et d\u00e9couvrir de nouvelles fa\u00e7ons d\u2019apprendre, adapt\u00e9es \u00e0 leurs besoins uniques.<\/p>\n\n\n\n<p>\ud83d\udcac <strong>Exprimez-vous<\/strong> : Avez-vous d\u00e9j\u00e0 int\u00e9gr\u00e9 l\u2019IA dans vos pratiques \u00e9ducatives ou dans l\u2019accompagnement de votre enfant ? Partagez vos r\u00e9ussites et vos id\u00e9es !<\/p>\n\n\n\n<p>Avec des technologies innovantes et une approche centr\u00e9e sur l\u2019inclusion, chaque \u00e9l\u00e8ve peut d\u00e9passer ses obstacles et r\u00e9v\u00e9ler tout son potentiel. L\u2019avenir de l\u2019\u00e9ducation commence aujourd\u2019hui, et il est plus inclusif que jamais. \ud83c\udf1f<\/p>\n\n\n\n<p>Pour aller plus loin : <a href=\"https:\/\/audreydelaforge.com\/index.php\/2025\/01\/02\/les-limites-de-lia-dans-le-soutien-aux-troubles-dapprentissage-une-analyse-critique\/\">https:\/\/audreydelaforge.com\/index.php\/2025\/01\/02\/les-limites-de-lia-dans-le-soutien-aux-troubles-dapprentissage-une-analyse-critique\/<\/a><\/p>\n\n\n\n<p>Guide pour les parents : <a href=\"https:\/\/audreydelaforge.com\/index.php\/2025\/01\/02\/ressource-parentale-aider-un-enfant-dyslexique-avec-lia\/\">https:\/\/audreydelaforge.com\/index.php\/2025\/01\/02\/ressource-parentale-aider-un-enfant-dyslexique-avec-lia\/<\/a><\/p>\n\n\n<div class=\"wp-block-image\">\n<figure class=\"aligncenter size-full\"><img loading=\"lazy\" decoding=\"async\" width=\"490\" height=\"315\" src=\"https:\/\/audreydelaforge.com\/wp-content\/uploads\/2025\/01\/Screenshot-2025-01-02-16.20.33.png\" alt=\"\" class=\"wp-image-1200\" srcset=\"https:\/\/audreydelaforge.com\/wp-content\/uploads\/2025\/01\/Screenshot-2025-01-02-16.20.33.png 490w, https:\/\/audreydelaforge.com\/wp-content\/uploads\/2025\/01\/Screenshot-2025-01-02-16.20.33-300x193.png 300w\" sizes=\"auto, (max-width: 490px) 100vw, 490px\" \/><\/figure>\n<\/div>","protected":false},"excerpt":{"rendered":"<p>Imaginez un \u00e9l\u00e8ve dyslexique, frustr\u00e9 par sa difficult\u00e9 \u00e0 suivre le rythme de ses camarades en classe. Maintenant, visualisez ce m\u00eame \u00e9l\u00e8ve \u00e9quip\u00e9 d\u2019un outil d\u2019intelligence artificielle (IA) qui lit les textes \u00e0 voix haute, propose des exercices adapt\u00e9s et l\u2019accompagne \u00e0 chaque \u00e9tape de son apprentissage. Cette r\u00e9alit\u00e9 n\u2019est plus un r\u00eave : c\u2019est&hellip;&nbsp;<a href=\"https:\/\/audreydelaforge.com\/index.php\/2025\/01\/02\/soutenir-un-eleve-dyslexique-avec-lia-une-revolution-pour-lapprentissage\/\" rel=\"bookmark\">Lire la suite &raquo;<span class=\"screen-reader-text\">Soutenir un \u00e9l\u00e8ve dyslexique avec l\u2019IA : Une r\u00e9volution pour l\u2019apprentissage<\/span><\/a><\/p>\n","protected":false},"author":1,"featured_media":1198,"comment_status":"closed","ping_status":"open","sticky":false,"template":"","format":"standard","meta":{"om_disable_all_campaigns":false,"neve_meta_sidebar":"","neve_meta_container":"","neve_meta_enable_content_width":"","neve_meta_content_width":0,"neve_meta_title_alignment":"","neve_meta_author_avatar":"","neve_post_elements_order":"","neve_meta_disable_header":"","neve_meta_disable_footer":"","neve_meta_disable_title":"","footnotes":""},"categories":[19],"tags":[],"class_list":["post-1197","post","type-post","status-publish","format-standard","has-post-thumbnail","hentry","category-orthopedagogie"],"yoast_head":"<!-- This site is optimized with the Yoast SEO plugin v27.5 - https:\/\/yoast.com\/product\/yoast-seo-wordpress\/ -->\n<title>Soutenir un \u00e9l\u00e8ve dyslexique avec l\u2019IA : Une r\u00e9volution pour l\u2019apprentissage ~ Audrey Delaforge, Orthop\u00e9dagogue<\/title>\n<meta name=\"robots\" content=\"index, follow, max-snippet:-1, max-image-preview:large, max-video-preview:-1\" \/>\n<link rel=\"canonical\" href=\"https:\/\/audreydelaforge.com\/index.php\/2025\/01\/02\/soutenir-un-eleve-dyslexique-avec-lia-une-revolution-pour-lapprentissage\/\" \/>\n<meta property=\"og:locale\" content=\"fr_FR\" \/>\n<meta property=\"og:type\" content=\"article\" \/>\n<meta property=\"og:title\" content=\"Soutenir un \u00e9l\u00e8ve dyslexique avec l\u2019IA : Une r\u00e9volution pour l\u2019apprentissage ~ Audrey Delaforge, Orthop\u00e9dagogue\" \/>\n<meta property=\"og:description\" content=\"Imaginez un \u00e9l\u00e8ve dyslexique, frustr\u00e9 par sa difficult\u00e9 \u00e0 suivre le rythme de ses camarades en classe. Maintenant, visualisez ce m\u00eame \u00e9l\u00e8ve \u00e9quip\u00e9 d\u2019un outil d\u2019intelligence artificielle (IA) qui lit les textes \u00e0 voix haute, propose des exercices adapt\u00e9s et l\u2019accompagne \u00e0 chaque \u00e9tape de son apprentissage. Cette r\u00e9alit\u00e9 n\u2019est plus un r\u00eave : c\u2019est&hellip;&nbsp;Lire la suite &raquo;Soutenir un \u00e9l\u00e8ve dyslexique avec l\u2019IA : Une r\u00e9volution pour l\u2019apprentissage\" \/>\n<meta property=\"og:url\" content=\"https:\/\/audreydelaforge.com\/index.php\/2025\/01\/02\/soutenir-un-eleve-dyslexique-avec-lia-une-revolution-pour-lapprentissage\/\" \/>\n<meta property=\"og:site_name\" content=\"Audrey Delaforge, Orthop\u00e9dagogue\" \/>\n<meta property=\"article:publisher\" content=\"https:\/\/www.facebook.com\/audreycateldelaforge\" \/>\n<meta property=\"article:published_time\" content=\"2025-01-02T16:20:49+00:00\" \/>\n<meta property=\"article:modified_time\" content=\"2025-01-02T16:20:51+00:00\" \/>\n<meta property=\"og:image\" content=\"https:\/\/audreydelaforge.com\/wp-content\/uploads\/2025\/01\/DALL\u00b7E-2025-01-02-16.17.36-An-educational-illustration-depicting-a-young-dyslexic-student-working-confidently-at-a-desk-with-the-assistance-of-a-tablet-showing-an-AI-powered-rea.webp\" \/>\n\t<meta property=\"og:image:width\" content=\"1024\" \/>\n\t<meta property=\"og:image:height\" content=\"1024\" \/>\n\t<meta property=\"og:image:type\" content=\"image\/webp\" \/>\n<meta name=\"author\" content=\"audrey.catel.delaforge@gmail.com\" \/>\n<meta name=\"twitter:card\" content=\"summary_large_image\" \/>\n<meta name=\"twitter:label1\" content=\"\u00c9crit par\" \/>\n\t<meta name=\"twitter:data1\" content=\"audrey.catel.delaforge@gmail.com\" \/>\n\t<meta name=\"twitter:label2\" content=\"Dur\u00e9e de lecture estim\u00e9e\" \/>\n\t<meta name=\"twitter:data2\" content=\"5 minutes\" \/>\n<script type=\"application\/ld+json\" class=\"yoast-schema-graph\">{\"@context\":\"https:\\\/\\\/schema.org\",\"@graph\":[{\"@type\":\"Article\",\"@id\":\"https:\\\/\\\/audreydelaforge.com\\\/index.php\\\/2025\\\/01\\\/02\\\/soutenir-un-eleve-dyslexique-avec-lia-une-revolution-pour-lapprentissage\\\/#article\",\"isPartOf\":{\"@id\":\"https:\\\/\\\/audreydelaforge.com\\\/index.php\\\/2025\\\/01\\\/02\\\/soutenir-un-eleve-dyslexique-avec-lia-une-revolution-pour-lapprentissage\\\/\"},\"author\":{\"name\":\"audrey.catel.delaforge@gmail.com\",\"@id\":\"https:\\\/\\\/audreydelaforge.com\\\/#\\\/schema\\\/person\\\/b44bccc3f328e9802afbab74bb74495d\"},\"headline\":\"Soutenir un \u00e9l\u00e8ve dyslexique avec l\u2019IA : Une r\u00e9volution pour l\u2019apprentissage\",\"datePublished\":\"2025-01-02T16:20:49+00:00\",\"dateModified\":\"2025-01-02T16:20:51+00:00\",\"mainEntityOfPage\":{\"@id\":\"https:\\\/\\\/audreydelaforge.com\\\/index.php\\\/2025\\\/01\\\/02\\\/soutenir-un-eleve-dyslexique-avec-lia-une-revolution-pour-lapprentissage\\\/\"},\"wordCount\":1051,\"publisher\":{\"@id\":\"https:\\\/\\\/audreydelaforge.com\\\/#organization\"},\"image\":{\"@id\":\"https:\\\/\\\/audreydelaforge.com\\\/index.php\\\/2025\\\/01\\\/02\\\/soutenir-un-eleve-dyslexique-avec-lia-une-revolution-pour-lapprentissage\\\/#primaryimage\"},\"thumbnailUrl\":\"https:\\\/\\\/audreydelaforge.com\\\/wp-content\\\/uploads\\\/2025\\\/01\\\/DALL\u00b7E-2025-01-02-16.17.36-An-educational-illustration-depicting-a-young-dyslexic-student-working-confidently-at-a-desk-with-the-assistance-of-a-tablet-showing-an-AI-powered-rea.webp\",\"articleSection\":[\"Orthop\u00e9dagogie\"],\"inLanguage\":\"fr-FR\"},{\"@type\":\"WebPage\",\"@id\":\"https:\\\/\\\/audreydelaforge.com\\\/index.php\\\/2025\\\/01\\\/02\\\/soutenir-un-eleve-dyslexique-avec-lia-une-revolution-pour-lapprentissage\\\/\",\"url\":\"https:\\\/\\\/audreydelaforge.com\\\/index.php\\\/2025\\\/01\\\/02\\\/soutenir-un-eleve-dyslexique-avec-lia-une-revolution-pour-lapprentissage\\\/\",\"name\":\"Soutenir un \u00e9l\u00e8ve dyslexique avec l\u2019IA : Une r\u00e9volution pour l\u2019apprentissage ~ Audrey Delaforge, Orthop\u00e9dagogue\",\"isPartOf\":{\"@id\":\"https:\\\/\\\/audreydelaforge.com\\\/#website\"},\"primaryImageOfPage\":{\"@id\":\"https:\\\/\\\/audreydelaforge.com\\\/index.php\\\/2025\\\/01\\\/02\\\/soutenir-un-eleve-dyslexique-avec-lia-une-revolution-pour-lapprentissage\\\/#primaryimage\"},\"image\":{\"@id\":\"https:\\\/\\\/audreydelaforge.com\\\/index.php\\\/2025\\\/01\\\/02\\\/soutenir-un-eleve-dyslexique-avec-lia-une-revolution-pour-lapprentissage\\\/#primaryimage\"},\"thumbnailUrl\":\"https:\\\/\\\/audreydelaforge.com\\\/wp-content\\\/uploads\\\/2025\\\/01\\\/DALL\u00b7E-2025-01-02-16.17.36-An-educational-illustration-depicting-a-young-dyslexic-student-working-confidently-at-a-desk-with-the-assistance-of-a-tablet-showing-an-AI-powered-rea.webp\",\"datePublished\":\"2025-01-02T16:20:49+00:00\",\"dateModified\":\"2025-01-02T16:20:51+00:00\",\"breadcrumb\":{\"@id\":\"https:\\\/\\\/audreydelaforge.com\\\/index.php\\\/2025\\\/01\\\/02\\\/soutenir-un-eleve-dyslexique-avec-lia-une-revolution-pour-lapprentissage\\\/#breadcrumb\"},\"inLanguage\":\"fr-FR\",\"potentialAction\":[{\"@type\":\"ReadAction\",\"target\":[\"https:\\\/\\\/audreydelaforge.com\\\/index.php\\\/2025\\\/01\\\/02\\\/soutenir-un-eleve-dyslexique-avec-lia-une-revolution-pour-lapprentissage\\\/\"]}]},{\"@type\":\"ImageObject\",\"inLanguage\":\"fr-FR\",\"@id\":\"https:\\\/\\\/audreydelaforge.com\\\/index.php\\\/2025\\\/01\\\/02\\\/soutenir-un-eleve-dyslexique-avec-lia-une-revolution-pour-lapprentissage\\\/#primaryimage\",\"url\":\"https:\\\/\\\/audreydelaforge.com\\\/wp-content\\\/uploads\\\/2025\\\/01\\\/DALL\u00b7E-2025-01-02-16.17.36-An-educational-illustration-depicting-a-young-dyslexic-student-working-confidently-at-a-desk-with-the-assistance-of-a-tablet-showing-an-AI-powered-rea.webp\",\"contentUrl\":\"https:\\\/\\\/audreydelaforge.com\\\/wp-content\\\/uploads\\\/2025\\\/01\\\/DALL\u00b7E-2025-01-02-16.17.36-An-educational-illustration-depicting-a-young-dyslexic-student-working-confidently-at-a-desk-with-the-assistance-of-a-tablet-showing-an-AI-powered-rea.webp\",\"width\":1024,\"height\":1024},{\"@type\":\"BreadcrumbList\",\"@id\":\"https:\\\/\\\/audreydelaforge.com\\\/index.php\\\/2025\\\/01\\\/02\\\/soutenir-un-eleve-dyslexique-avec-lia-une-revolution-pour-lapprentissage\\\/#breadcrumb\",\"itemListElement\":[{\"@type\":\"ListItem\",\"position\":1,\"name\":\"Accueil\",\"item\":\"https:\\\/\\\/audreydelaforge.com\\\/\"},{\"@type\":\"ListItem\",\"position\":2,\"name\":\"Soutenir un \u00e9l\u00e8ve dyslexique avec l\u2019IA : Une r\u00e9volution pour l\u2019apprentissage\"}]},{\"@type\":\"WebSite\",\"@id\":\"https:\\\/\\\/audreydelaforge.com\\\/#website\",\"url\":\"https:\\\/\\\/audreydelaforge.com\\\/\",\"name\":\"Audrey Delaforge, Orthop\u00e9dagogue\",\"description\":\"L&#039;apprenant au centre du savoir\",\"publisher\":{\"@id\":\"https:\\\/\\\/audreydelaforge.com\\\/#organization\"},\"potentialAction\":[{\"@type\":\"SearchAction\",\"target\":{\"@type\":\"EntryPoint\",\"urlTemplate\":\"https:\\\/\\\/audreydelaforge.com\\\/?s={search_term_string}\"},\"query-input\":{\"@type\":\"PropertyValueSpecification\",\"valueRequired\":true,\"valueName\":\"search_term_string\"}}],\"inLanguage\":\"fr-FR\"},{\"@type\":\"Organization\",\"@id\":\"https:\\\/\\\/audreydelaforge.com\\\/#organization\",\"name\":\"Audrey Delaforge, Orthop\u00e9dagogue\",\"url\":\"https:\\\/\\\/audreydelaforge.com\\\/\",\"logo\":{\"@type\":\"ImageObject\",\"inLanguage\":\"fr-FR\",\"@id\":\"https:\\\/\\\/audreydelaforge.com\\\/#\\\/schema\\\/logo\\\/image\\\/\",\"url\":\"https:\\\/\\\/audreydelaforge.com\\\/wp-content\\\/uploads\\\/2022\\\/06\\\/Logo-orange-noir-avec-Audrey-1.png\",\"contentUrl\":\"https:\\\/\\\/audreydelaforge.com\\\/wp-content\\\/uploads\\\/2022\\\/06\\\/Logo-orange-noir-avec-Audrey-1.png\",\"width\":500,\"height\":500,\"caption\":\"Audrey Delaforge, Orthop\u00e9dagogue\"},\"image\":{\"@id\":\"https:\\\/\\\/audreydelaforge.com\\\/#\\\/schema\\\/logo\\\/image\\\/\"},\"sameAs\":[\"https:\\\/\\\/www.facebook.com\\\/audreycateldelaforge\",\"https:\\\/\\\/www.linkedin.com\\\/in\\\/audrey-catel-delaforge\",\"https:\\\/\\\/www.instagram.com\\\/audrey_delaforge\\\/\"]},{\"@type\":\"Person\",\"@id\":\"https:\\\/\\\/audreydelaforge.com\\\/#\\\/schema\\\/person\\\/b44bccc3f328e9802afbab74bb74495d\",\"name\":\"audrey.catel.delaforge@gmail.com\",\"image\":{\"@type\":\"ImageObject\",\"inLanguage\":\"fr-FR\",\"@id\":\"https:\\\/\\\/secure.gravatar.com\\\/avatar\\\/6d2d46023ee8ab957213dcdb0ea8dc964f367c205b281a7f789f0eb314dfafbf?s=96&d=mm&r=g\",\"url\":\"https:\\\/\\\/secure.gravatar.com\\\/avatar\\\/6d2d46023ee8ab957213dcdb0ea8dc964f367c205b281a7f789f0eb314dfafbf?s=96&d=mm&r=g\",\"contentUrl\":\"https:\\\/\\\/secure.gravatar.com\\\/avatar\\\/6d2d46023ee8ab957213dcdb0ea8dc964f367c205b281a7f789f0eb314dfafbf?s=96&d=mm&r=g\",\"caption\":\"audrey.catel.delaforge@gmail.com\"},\"sameAs\":[\"http:\\\/\\\/audreydelaforge.com\"],\"url\":\"https:\\\/\\\/audreydelaforge.com\\\/index.php\\\/author\\\/audrey-catel-delaforgegmail-com\\\/\"}]}<\/script>\n<!-- \/ Yoast SEO plugin. -->","yoast_head_json":{"title":"Soutenir un \u00e9l\u00e8ve dyslexique avec l\u2019IA : Une r\u00e9volution pour l\u2019apprentissage ~ Audrey Delaforge, Orthop\u00e9dagogue","robots":{"index":"index","follow":"follow","max-snippet":"max-snippet:-1","max-image-preview":"max-image-preview:large","max-video-preview":"max-video-preview:-1"},"canonical":"https:\/\/audreydelaforge.com\/index.php\/2025\/01\/02\/soutenir-un-eleve-dyslexique-avec-lia-une-revolution-pour-lapprentissage\/","og_locale":"fr_FR","og_type":"article","og_title":"Soutenir un \u00e9l\u00e8ve dyslexique avec l\u2019IA : Une r\u00e9volution pour l\u2019apprentissage ~ Audrey Delaforge, Orthop\u00e9dagogue","og_description":"Imaginez un \u00e9l\u00e8ve dyslexique, frustr\u00e9 par sa difficult\u00e9 \u00e0 suivre le rythme de ses camarades en classe. Maintenant, visualisez ce m\u00eame \u00e9l\u00e8ve \u00e9quip\u00e9 d\u2019un outil d\u2019intelligence artificielle (IA) qui lit les textes \u00e0 voix haute, propose des exercices adapt\u00e9s et l\u2019accompagne \u00e0 chaque \u00e9tape de son apprentissage. Cette r\u00e9alit\u00e9 n\u2019est plus un r\u00eave : c\u2019est&hellip;&nbsp;Lire la suite &raquo;Soutenir un \u00e9l\u00e8ve dyslexique avec l\u2019IA : Une r\u00e9volution pour l\u2019apprentissage","og_url":"https:\/\/audreydelaforge.com\/index.php\/2025\/01\/02\/soutenir-un-eleve-dyslexique-avec-lia-une-revolution-pour-lapprentissage\/","og_site_name":"Audrey Delaforge, Orthop\u00e9dagogue","article_publisher":"https:\/\/www.facebook.com\/audreycateldelaforge","article_published_time":"2025-01-02T16:20:49+00:00","article_modified_time":"2025-01-02T16:20:51+00:00","og_image":[{"width":1024,"height":1024,"url":"https:\/\/audreydelaforge.com\/wp-content\/uploads\/2025\/01\/DALL\u00b7E-2025-01-02-16.17.36-An-educational-illustration-depicting-a-young-dyslexic-student-working-confidently-at-a-desk-with-the-assistance-of-a-tablet-showing-an-AI-powered-rea.webp","type":"image\/webp"}],"author":"audrey.catel.delaforge@gmail.com","twitter_card":"summary_large_image","twitter_misc":{"\u00c9crit par":"audrey.catel.delaforge@gmail.com","Dur\u00e9e de lecture estim\u00e9e":"5 minutes"},"schema":{"@context":"https:\/\/schema.org","@graph":[{"@type":"Article","@id":"https:\/\/audreydelaforge.com\/index.php\/2025\/01\/02\/soutenir-un-eleve-dyslexique-avec-lia-une-revolution-pour-lapprentissage\/#article","isPartOf":{"@id":"https:\/\/audreydelaforge.com\/index.php\/2025\/01\/02\/soutenir-un-eleve-dyslexique-avec-lia-une-revolution-pour-lapprentissage\/"},"author":{"name":"audrey.catel.delaforge@gmail.com","@id":"https:\/\/audreydelaforge.com\/#\/schema\/person\/b44bccc3f328e9802afbab74bb74495d"},"headline":"Soutenir un \u00e9l\u00e8ve dyslexique avec l\u2019IA : Une r\u00e9volution pour l\u2019apprentissage","datePublished":"2025-01-02T16:20:49+00:00","dateModified":"2025-01-02T16:20:51+00:00","mainEntityOfPage":{"@id":"https:\/\/audreydelaforge.com\/index.php\/2025\/01\/02\/soutenir-un-eleve-dyslexique-avec-lia-une-revolution-pour-lapprentissage\/"},"wordCount":1051,"publisher":{"@id":"https:\/\/audreydelaforge.com\/#organization"},"image":{"@id":"https:\/\/audreydelaforge.com\/index.php\/2025\/01\/02\/soutenir-un-eleve-dyslexique-avec-lia-une-revolution-pour-lapprentissage\/#primaryimage"},"thumbnailUrl":"https:\/\/audreydelaforge.com\/wp-content\/uploads\/2025\/01\/DALL\u00b7E-2025-01-02-16.17.36-An-educational-illustration-depicting-a-young-dyslexic-student-working-confidently-at-a-desk-with-the-assistance-of-a-tablet-showing-an-AI-powered-rea.webp","articleSection":["Orthop\u00e9dagogie"],"inLanguage":"fr-FR"},{"@type":"WebPage","@id":"https:\/\/audreydelaforge.com\/index.php\/2025\/01\/02\/soutenir-un-eleve-dyslexique-avec-lia-une-revolution-pour-lapprentissage\/","url":"https:\/\/audreydelaforge.com\/index.php\/2025\/01\/02\/soutenir-un-eleve-dyslexique-avec-lia-une-revolution-pour-lapprentissage\/","name":"Soutenir un \u00e9l\u00e8ve dyslexique avec l\u2019IA : Une r\u00e9volution pour l\u2019apprentissage ~ Audrey Delaforge, Orthop\u00e9dagogue","isPartOf":{"@id":"https:\/\/audreydelaforge.com\/#website"},"primaryImageOfPage":{"@id":"https:\/\/audreydelaforge.com\/index.php\/2025\/01\/02\/soutenir-un-eleve-dyslexique-avec-lia-une-revolution-pour-lapprentissage\/#primaryimage"},"image":{"@id":"https:\/\/audreydelaforge.com\/index.php\/2025\/01\/02\/soutenir-un-eleve-dyslexique-avec-lia-une-revolution-pour-lapprentissage\/#primaryimage"},"thumbnailUrl":"https:\/\/audreydelaforge.com\/wp-content\/uploads\/2025\/01\/DALL\u00b7E-2025-01-02-16.17.36-An-educational-illustration-depicting-a-young-dyslexic-student-working-confidently-at-a-desk-with-the-assistance-of-a-tablet-showing-an-AI-powered-rea.webp","datePublished":"2025-01-02T16:20:49+00:00","dateModified":"2025-01-02T16:20:51+00:00","breadcrumb":{"@id":"https:\/\/audreydelaforge.com\/index.php\/2025\/01\/02\/soutenir-un-eleve-dyslexique-avec-lia-une-revolution-pour-lapprentissage\/#breadcrumb"},"inLanguage":"fr-FR","potentialAction":[{"@type":"ReadAction","target":["https:\/\/audreydelaforge.com\/index.php\/2025\/01\/02\/soutenir-un-eleve-dyslexique-avec-lia-une-revolution-pour-lapprentissage\/"]}]},{"@type":"ImageObject","inLanguage":"fr-FR","@id":"https:\/\/audreydelaforge.com\/index.php\/2025\/01\/02\/soutenir-un-eleve-dyslexique-avec-lia-une-revolution-pour-lapprentissage\/#primaryimage","url":"https:\/\/audreydelaforge.com\/wp-content\/uploads\/2025\/01\/DALL\u00b7E-2025-01-02-16.17.36-An-educational-illustration-depicting-a-young-dyslexic-student-working-confidently-at-a-desk-with-the-assistance-of-a-tablet-showing-an-AI-powered-rea.webp","contentUrl":"https:\/\/audreydelaforge.com\/wp-content\/uploads\/2025\/01\/DALL\u00b7E-2025-01-02-16.17.36-An-educational-illustration-depicting-a-young-dyslexic-student-working-confidently-at-a-desk-with-the-assistance-of-a-tablet-showing-an-AI-powered-rea.webp","width":1024,"height":1024},{"@type":"BreadcrumbList","@id":"https:\/\/audreydelaforge.com\/index.php\/2025\/01\/02\/soutenir-un-eleve-dyslexique-avec-lia-une-revolution-pour-lapprentissage\/#breadcrumb","itemListElement":[{"@type":"ListItem","position":1,"name":"Accueil","item":"https:\/\/audreydelaforge.com\/"},{"@type":"ListItem","position":2,"name":"Soutenir un \u00e9l\u00e8ve dyslexique avec l\u2019IA : Une r\u00e9volution pour l\u2019apprentissage"}]},{"@type":"WebSite","@id":"https:\/\/audreydelaforge.com\/#website","url":"https:\/\/audreydelaforge.com\/","name":"Audrey Delaforge, Orthop\u00e9dagogue","description":"L&#039;apprenant au centre du savoir","publisher":{"@id":"https:\/\/audreydelaforge.com\/#organization"},"potentialAction":[{"@type":"SearchAction","target":{"@type":"EntryPoint","urlTemplate":"https:\/\/audreydelaforge.com\/?s={search_term_string}"},"query-input":{"@type":"PropertyValueSpecification","valueRequired":true,"valueName":"search_term_string"}}],"inLanguage":"fr-FR"},{"@type":"Organization","@id":"https:\/\/audreydelaforge.com\/#organization","name":"Audrey Delaforge, Orthop\u00e9dagogue","url":"https:\/\/audreydelaforge.com\/","logo":{"@type":"ImageObject","inLanguage":"fr-FR","@id":"https:\/\/audreydelaforge.com\/#\/schema\/logo\/image\/","url":"https:\/\/audreydelaforge.com\/wp-content\/uploads\/2022\/06\/Logo-orange-noir-avec-Audrey-1.png","contentUrl":"https:\/\/audreydelaforge.com\/wp-content\/uploads\/2022\/06\/Logo-orange-noir-avec-Audrey-1.png","width":500,"height":500,"caption":"Audrey Delaforge, Orthop\u00e9dagogue"},"image":{"@id":"https:\/\/audreydelaforge.com\/#\/schema\/logo\/image\/"},"sameAs":["https:\/\/www.facebook.com\/audreycateldelaforge","https:\/\/www.linkedin.com\/in\/audrey-catel-delaforge","https:\/\/www.instagram.com\/audrey_delaforge\/"]},{"@type":"Person","@id":"https:\/\/audreydelaforge.com\/#\/schema\/person\/b44bccc3f328e9802afbab74bb74495d","name":"audrey.catel.delaforge@gmail.com","image":{"@type":"ImageObject","inLanguage":"fr-FR","@id":"https:\/\/secure.gravatar.com\/avatar\/6d2d46023ee8ab957213dcdb0ea8dc964f367c205b281a7f789f0eb314dfafbf?s=96&d=mm&r=g","url":"https:\/\/secure.gravatar.com\/avatar\/6d2d46023ee8ab957213dcdb0ea8dc964f367c205b281a7f789f0eb314dfafbf?s=96&d=mm&r=g","contentUrl":"https:\/\/secure.gravatar.com\/avatar\/6d2d46023ee8ab957213dcdb0ea8dc964f367c205b281a7f789f0eb314dfafbf?s=96&d=mm&r=g","caption":"audrey.catel.delaforge@gmail.com"},"sameAs":["http:\/\/audreydelaforge.com"],"url":"https:\/\/audreydelaforge.com\/index.php\/author\/audrey-catel-delaforgegmail-com\/"}]}},"_links":{"self":[{"href":"https:\/\/audreydelaforge.com\/index.php\/wp-json\/wp\/v2\/posts\/1197","targetHints":{"allow":["GET"]}}],"collection":[{"href":"https:\/\/audreydelaforge.com\/index.php\/wp-json\/wp\/v2\/posts"}],"about":[{"href":"https:\/\/audreydelaforge.com\/index.php\/wp-json\/wp\/v2\/types\/post"}],"author":[{"embeddable":true,"href":"https:\/\/audreydelaforge.com\/index.php\/wp-json\/wp\/v2\/users\/1"}],"replies":[{"embeddable":true,"href":"https:\/\/audreydelaforge.com\/index.php\/wp-json\/wp\/v2\/comments?post=1197"}],"version-history":[{"count":0,"href":"https:\/\/audreydelaforge.com\/index.php\/wp-json\/wp\/v2\/posts\/1197\/revisions"}],"wp:featuredmedia":[{"embeddable":true,"href":"https:\/\/audreydelaforge.com\/index.php\/wp-json\/wp\/v2\/media\/1198"}],"wp:attachment":[{"href":"https:\/\/audreydelaforge.com\/index.php\/wp-json\/wp\/v2\/media?parent=1197"}],"wp:term":[{"taxonomy":"category","embeddable":true,"href":"https:\/\/audreydelaforge.com\/index.php\/wp-json\/wp\/v2\/categories?post=1197"},{"taxonomy":"post_tag","embeddable":true,"href":"https:\/\/audreydelaforge.com\/index.php\/wp-json\/wp\/v2\/tags?post=1197"}],"curies":[{"name":"wp","href":"https:\/\/api.w.org\/{rel}","templated":true}]}}