{"id":1221,"date":"2025-01-11T09:30:41","date_gmt":"2025-01-11T09:30:41","guid":{"rendered":"https:\/\/audreydelaforge.com\/?p=1221"},"modified":"2025-01-11T09:30:44","modified_gmt":"2025-01-11T09:30:44","slug":"comment-fonctionne-la-memoire","status":"publish","type":"post","link":"https:\/\/audreydelaforge.com\/index.php\/2025\/01\/11\/comment-fonctionne-la-memoire\/","title":{"rendered":"Comment fonctionne la m\u00e9moire"},"content":{"rendered":"\n<p id=\"bh-jQ7J8h74Us_bzezc9R42e\">La m\u00e9moire est un processus complexe qui permet d&rsquo;enregistrer, de conserver et de restituer des informations issues d&rsquo;exp\u00e9riences et d&rsquo;\u00e9v\u00e9nements divers. Ce document explore les m\u00e9canismes sous-jacents de la m\u00e9moire, les r\u00e9seaux neuronaux impliqu\u00e9s et l&rsquo;importance de cette compr\u00e9hension pour traiter certains troubles mn\u00e9siques.<\/p>\n\n\n\n<figure class=\"wp-block-image size-large\"><img loading=\"lazy\" decoding=\"async\" width=\"1024\" height=\"586\" src=\"https:\/\/audreydelaforge.com\/wp-content\/uploads\/2025\/01\/Comment-fonctionne-la-memoire-visual-selection-1024x586.png\" alt=\"\" class=\"wp-image-1222\" srcset=\"https:\/\/audreydelaforge.com\/wp-content\/uploads\/2025\/01\/Comment-fonctionne-la-memoire-visual-selection-1024x586.png 1024w, https:\/\/audreydelaforge.com\/wp-content\/uploads\/2025\/01\/Comment-fonctionne-la-memoire-visual-selection-300x172.png 300w, https:\/\/audreydelaforge.com\/wp-content\/uploads\/2025\/01\/Comment-fonctionne-la-memoire-visual-selection-768x439.png 768w, https:\/\/audreydelaforge.com\/wp-content\/uploads\/2025\/01\/Comment-fonctionne-la-memoire-visual-selection-600x343.png 600w, https:\/\/audreydelaforge.com\/wp-content\/uploads\/2025\/01\/Comment-fonctionne-la-memoire-visual-selection.png 1066w\" sizes=\"auto, (max-width: 1024px) 100vw, 1024px\" \/><\/figure>\n\n\n\n<h1 class=\"wp-block-heading\" id=\"bh-R17TBHX-_GXJUkcYDaS-2\">Les m\u00e9canismes de la m\u00e9moire<\/h1>\n\n\n\n<p id=\"bh-AhZfB3sP7UOttk9AdkPk6\">La m\u00e9moire se divise g\u00e9n\u00e9ralement en trois \u00e9tapes principales : l&rsquo;encodage, le stockage et la r\u00e9cup\u00e9ration.<\/p>\n\n\n\n<ol id=\"bh-wPo14wfdJLOg1TA7LGW2l\" class=\"wp-block-list\">\n<li><strong>Encodage<\/strong> : C&rsquo;est le processus par lequel les informations sont transform\u00e9es en une forme qui peut \u00eatre stock\u00e9e dans le cerveau. Cela peut impliquer la r\u00e9p\u00e9tition, l&rsquo;association ou la visualisation des informations.<\/li>\n<\/ol>\n\n\n\n<ol start=\"2\" id=\"bh-gAyv_-gXSBWqzQuSolN1P\" class=\"wp-block-list\">\n<li><strong>Stockage<\/strong> : Une fois encod\u00e9es, les informations sont conserv\u00e9es dans diff\u00e9rentes r\u00e9gions du cerveau. La m\u00e9moire \u00e0 court terme et la m\u00e9moire \u00e0 long terme sont deux types de stockage. La m\u00e9moire \u00e0 court terme retient des informations pendant une p\u00e9riode limit\u00e9e, tandis que la m\u00e9moire \u00e0 long terme peut conserver des informations pendant des ann\u00e9es, voire toute une vie.<\/li>\n<\/ol>\n\n\n\n<ol start=\"3\" id=\"bh-RNAIm8Anak1XeR7zMN5Cw\" class=\"wp-block-list\">\n<li><strong>R\u00e9cup\u00e9ration<\/strong> : C&rsquo;est le processus par lequel les informations stock\u00e9es sont rappel\u00e9es. Cela peut se faire de mani\u00e8re consciente, comme lorsque l&rsquo;on se souvient d&rsquo;un fait, ou de mani\u00e8re inconsciente, comme lorsqu&rsquo;une odeur \u00e9voque un souvenir.<\/li>\n<\/ol>\n\n\n\n<figure class=\"wp-block-image size-full\"><img loading=\"lazy\" decoding=\"async\" width=\"655\" height=\"528\" src=\"https:\/\/audreydelaforge.com\/wp-content\/uploads\/2025\/01\/Comment-fonctionne-la-memoire-visual-selection-1.png\" alt=\"\" class=\"wp-image-1223\" srcset=\"https:\/\/audreydelaforge.com\/wp-content\/uploads\/2025\/01\/Comment-fonctionne-la-memoire-visual-selection-1.png 655w, https:\/\/audreydelaforge.com\/wp-content\/uploads\/2025\/01\/Comment-fonctionne-la-memoire-visual-selection-1-300x242.png 300w, https:\/\/audreydelaforge.com\/wp-content\/uploads\/2025\/01\/Comment-fonctionne-la-memoire-visual-selection-1-600x484.png 600w\" sizes=\"auto, (max-width: 655px) 100vw, 655px\" \/><\/figure>\n\n\n\n<h1 class=\"wp-block-heading\" id=\"bh-wKDrIJWNVqA-kJYULIjpk\">Les r\u00e9seaux neuronaux impliqu\u00e9s<\/h1>\n\n\n\n<p id=\"bh-1-H15sXWm5nSzdClw5jsz\">Diff\u00e9rents r\u00e9seaux neuronaux sont activ\u00e9s selon le type de m\u00e9moire en jeu. Par exemple, l&rsquo;hippocampe joue un r\u00f4le crucial dans la formation de nouveaux souvenirs, tandis que le cortex c\u00e9r\u00e9bral est impliqu\u00e9 dans le stockage \u00e0 long terme. D&rsquo;autres structures, comme l&rsquo;amygdale, sont essentielles pour la m\u00e9moire \u00e9motionnelle.<\/p>\n\n\n\n<p>Les r\u00e9seaux neuronaux impliqu\u00e9s dans la m\u00e9moire sont complexes et interconnect\u00e9s, chacun jouant un r\u00f4le sp\u00e9cifique dans le processus mn\u00e9sique. Voici un d\u00e9veloppement de cette id\u00e9e :<\/p>\n\n\n\n<h2 class=\"wp-block-heading\">L&rsquo;hippocampe : le centre de formation des souvenirs<\/h2>\n\n\n\n<p>L&rsquo;hippocampe est une structure cl\u00e9 dans la formation de nouveaux souvenirs, en particulier pour la m\u00e9moire \u00e9pisodique et autobiographique[2]. Il joue un r\u00f4le crucial dans :<\/p>\n\n\n\n<ul class=\"wp-block-list\">\n<li>La d\u00e9tection de la nouveaut\u00e9 d&rsquo;un \u00e9v\u00e9nement ou d&rsquo;un stimulus<\/li>\n\n\n\n<li>La consolidation des souvenirs \u00e0 court terme en souvenirs \u00e0 long terme<\/li>\n\n\n\n<li>La formation de la m\u00e9moire spatiale<\/li>\n<\/ul>\n\n\n\n<p>L&rsquo;hippocampe travaille en \u00e9troite collaboration avec d&rsquo;autres structures du lobe temporal m\u00e9dian pour former la m\u00e9moire d\u00e9clarative, qui inclut les souvenirs verbalisables[2].<\/p>\n\n\n\n<h2 class=\"wp-block-heading\">Le cortex c\u00e9r\u00e9bral : le stockage \u00e0 long terme<\/h2>\n\n\n\n<p>Apr\u00e8s la consolidation initiale par l&rsquo;hippocampe, les souvenirs sont progressivement transf\u00e9r\u00e9s et stock\u00e9s dans diff\u00e9rentes r\u00e9gions du cortex c\u00e9r\u00e9bral pour un stockage \u00e0 long terme. Ce processus, appel\u00e9 consolidation syst\u00e9mique, permet de pr\u00e9server les souvenirs sur de longues p\u00e9riodes[6].<\/p>\n\n\n\n<h2 class=\"wp-block-heading\">L&rsquo;amygdale : le si\u00e8ge de la m\u00e9moire \u00e9motionnelle<\/h2>\n\n\n\n<p>L&rsquo;amygdale joue un r\u00f4le crucial dans la formation et le stockage des souvenirs \u00e9motionnels[3]. Elle est particuli\u00e8rement impliqu\u00e9e dans :<\/p>\n\n\n\n<ul class=\"wp-block-list\">\n<li>L&rsquo;encodage des souvenirs associ\u00e9s \u00e0 la peur<\/li>\n\n\n\n<li>La r\u00e9gulation des \u00e9motions fortes (peur, agressivit\u00e9, anxi\u00e9t\u00e9, plaisir)<\/li>\n\n\n\n<li>L&rsquo;augmentation de la m\u00e9morabilit\u00e9 des \u00e9v\u00e9nements \u00e9motionnellement charg\u00e9s<\/li>\n<\/ul>\n\n\n\n<p>L&rsquo;amygdale travaille en synergie avec l&rsquo;hippocampe pour renforcer les souvenirs \u00e9motionnels, les rendant plus vivaces et durables[3].<\/p>\n\n\n\n<h2 class=\"wp-block-heading\">Autres structures impliqu\u00e9es<\/h2>\n\n\n\n<ul class=\"wp-block-list\">\n<li>La m\u00e9moire de travail : implique principalement le cortex pr\u00e9frontal<\/li>\n\n\n\n<li>La m\u00e9moire proc\u00e9durale : fait appel aux ganglions de la base et au cervelet<\/li>\n\n\n\n<li>La m\u00e9moire s\u00e9mantique : utilise largement le cortex temporal<\/li>\n<\/ul>\n\n\n\n<p>Ces diff\u00e9rents syst\u00e8mes de m\u00e9moire, bien que distincts, interagissent constamment pour former notre exp\u00e9rience mn\u00e9sique globale<\/p>\n\n\n\n<figure class=\"wp-block-image size-full\"><img loading=\"lazy\" decoding=\"async\" width=\"745\" height=\"755\" src=\"https:\/\/audreydelaforge.com\/wp-content\/uploads\/2025\/01\/Comment-fonctionne-la-memoire-visual-selection-4.png\" alt=\"\" class=\"wp-image-1226\" srcset=\"https:\/\/audreydelaforge.com\/wp-content\/uploads\/2025\/01\/Comment-fonctionne-la-memoire-visual-selection-4.png 745w, https:\/\/audreydelaforge.com\/wp-content\/uploads\/2025\/01\/Comment-fonctionne-la-memoire-visual-selection-4-296x300.png 296w, https:\/\/audreydelaforge.com\/wp-content\/uploads\/2025\/01\/Comment-fonctionne-la-memoire-visual-selection-4-600x608.png 600w, https:\/\/audreydelaforge.com\/wp-content\/uploads\/2025\/01\/Comment-fonctionne-la-memoire-visual-selection-4-100x100.png 100w\" sizes=\"auto, (max-width: 745px) 100vw, 745px\" \/><\/figure>\n\n\n\n<h1 class=\"wp-block-heading\" id=\"bh-WKocNX0mH8KB-eUOXu02p\">Importance de la compr\u00e9hension des troubles mn\u00e9siques<\/h1>\n\n\n\n<p id=\"bh-Ipbyo0t5Br_4WP9yoC9pC\">Une meilleure connaissance des processus de la m\u00e9moire permet d&rsquo;am\u00e9liorer la compr\u00e9hension des troubles mn\u00e9siques, tels que l&rsquo;amn\u00e9sie ou la maladie d&rsquo;Alzheimer. Cela ouvre la voie \u00e0 des interventions cibl\u00e9es pour aider les patients et leurs familles \u00e0 g\u00e9rer ces conditions. Des approches th\u00e9rapeutiques peuvent inclure des exercices de m\u00e9moire, des techniques de r\u00e9miniscence et des strat\u00e9gies de soutien cognitif.<\/p>\n\n\n\n<p><\/p>\n\n\n\n<p id=\"bh-lpkQighnys7Zx_e5Yzc13\">En conclusion, la m\u00e9moire est un domaine fascinant qui m\u00e9rite une attention particuli\u00e8re. En approfondissant notre compr\u00e9hension des m\u00e9canismes et des r\u00e9seaux neuronaux impliqu\u00e9s, nous pouvons non seulement mieux appr\u00e9hender les troubles mn\u00e9siques, mais aussi d\u00e9velopper des interventions plus efficaces pour ceux qui en souffrent.<\/p>\n\n\n\n<h2 class=\"wp-block-heading\">L&rsquo;importance de la recherche continue<\/h2>\n\n\n\n<p>La recherche sur la m\u00e9moire continue d&rsquo;\u00e9voluer rapidement, offrant de nouvelles perspectives sur le fonctionnement du cerveau humain. Cette progression constante est cruciale pour plusieurs raisons :<\/p>\n\n\n\n<ul class=\"wp-block-list\">\n<li>Am\u00e9lioration des traitements : Une meilleure compr\u00e9hension des m\u00e9canismes de la m\u00e9moire permet de d\u00e9velopper des traitements plus cibl\u00e9s et efficaces pour les troubles mn\u00e9siques, tels que la maladie d&rsquo;Alzheimer ou l&rsquo;amn\u00e9sie.<\/li>\n\n\n\n<li>Pr\u00e9vention des troubles cognitifs : Les connaissances acquises peuvent aider \u00e0 identifier les facteurs de risque et \u00e0 mettre en place des strat\u00e9gies de pr\u00e9vention pour maintenir une bonne sant\u00e9 cognitive tout au long de la vie.<\/li>\n\n\n\n<li>Applications pratiques : Les d\u00e9couvertes dans ce domaine peuvent avoir des implications dans divers secteurs, comme l&rsquo;\u00e9ducation, o\u00f9 elles peuvent influencer les m\u00e9thodes d&rsquo;apprentissage et d&rsquo;enseignement.<\/li>\n<\/ul>\n\n\n\n<h2 class=\"wp-block-heading\">Les d\u00e9fis et les perspectives futures<\/h2>\n\n\n\n<p>Malgr\u00e9 les progr\u00e8s significatifs, de nombreux d\u00e9fis persistent dans l&rsquo;\u00e9tude de la m\u00e9moire :<\/p>\n\n\n\n<ul class=\"wp-block-list\">\n<li>Complexit\u00e9 du cerveau : La nature intriqu\u00e9e des r\u00e9seaux neuronaux rend difficile l&rsquo;isolement et l&rsquo;\u00e9tude des processus mn\u00e9siques sp\u00e9cifiques.<\/li>\n\n\n\n<li>Variabilit\u00e9 individuelle : Les diff\u00e9rences individuelles dans la formation et le rappel des souvenirs compliquent la g\u00e9n\u00e9ralisation des r\u00e9sultats de recherche.<\/li>\n\n\n\n<li>\u00c9thique de la recherche : L&rsquo;\u00e9tude de la m\u00e9moire soul\u00e8ve des questions \u00e9thiques, notamment concernant la manipulation potentielle des souvenirs.<\/li>\n<\/ul>\n\n\n\n<h2 class=\"wp-block-heading\">Vers une approche holistique<\/h2>\n\n\n\n<p>L&rsquo;avenir de la recherche sur la m\u00e9moire r\u00e9side probablement dans une approche plus holistique, int\u00e9grant :<\/p>\n\n\n\n<ul class=\"wp-block-list\">\n<li>L&rsquo;interaction entre la m\u00e9moire et d&rsquo;autres fonctions cognitives (attention, \u00e9motion, langage)<\/li>\n\n\n\n<li>L&rsquo;influence des facteurs environnementaux et du mode de vie sur la sant\u00e9 mn\u00e9sique<\/li>\n\n\n\n<li>Le r\u00f4le de la plasticit\u00e9 c\u00e9r\u00e9brale dans la formation et la r\u00e9cup\u00e9ration des souvenirs<\/li>\n<\/ul>\n\n\n\n<p id=\"bh-lpkQighnys7Zx_e5Yzc13\">En conclusion, l&rsquo;\u00e9tude de la m\u00e9moire reste un domaine dynamique et prometteur. Les avanc\u00e9es dans ce domaine ont le potentiel non seulement d&rsquo;am\u00e9liorer notre compr\u00e9hension fondamentale du cerveau humain, mais aussi d&rsquo;avoir un impact significatif sur la qualit\u00e9 de vie de millions de personnes affect\u00e9es par des troubles de la m\u00e9moire. En continuant \u00e0 explorer les myst\u00e8res de la m\u00e9moire, nous ouvrons la voie \u00e0 des innovations qui pourraient transformer notre approche de la sant\u00e9 cognitive et du bien-\u00eatre mental.<\/p>\n\n\n\n<figure class=\"wp-block-image size-full\"><img loading=\"lazy\" decoding=\"async\" width=\"918\" height=\"1008\" src=\"https:\/\/audreydelaforge.com\/wp-content\/uploads\/2025\/01\/Comment-fonctionne-la-memoire-visual-selection-5.png\" alt=\"\" class=\"wp-image-1227\" srcset=\"https:\/\/audreydelaforge.com\/wp-content\/uploads\/2025\/01\/Comment-fonctionne-la-memoire-visual-selection-5.png 918w, https:\/\/audreydelaforge.com\/wp-content\/uploads\/2025\/01\/Comment-fonctionne-la-memoire-visual-selection-5-273x300.png 273w, https:\/\/audreydelaforge.com\/wp-content\/uploads\/2025\/01\/Comment-fonctionne-la-memoire-visual-selection-5-768x843.png 768w, https:\/\/audreydelaforge.com\/wp-content\/uploads\/2025\/01\/Comment-fonctionne-la-memoire-visual-selection-5-600x659.png 600w\" sizes=\"auto, (max-width: 918px) 100vw, 918px\" \/><\/figure>\n","protected":false},"excerpt":{"rendered":"<p>La m\u00e9moire est un processus complexe qui permet d&rsquo;enregistrer, de conserver et de restituer des informations issues d&rsquo;exp\u00e9riences et d&rsquo;\u00e9v\u00e9nements divers. Ce document explore les m\u00e9canismes sous-jacents de la m\u00e9moire, les r\u00e9seaux neuronaux impliqu\u00e9s et l&rsquo;importance de cette compr\u00e9hension pour traiter certains troubles mn\u00e9siques. Les m\u00e9canismes de la m\u00e9moire La m\u00e9moire se divise g\u00e9n\u00e9ralement en&hellip;&nbsp;<a href=\"https:\/\/audreydelaforge.com\/index.php\/2025\/01\/11\/comment-fonctionne-la-memoire\/\" rel=\"bookmark\">Lire la suite &raquo;<span class=\"screen-reader-text\">Comment fonctionne la m\u00e9moire<\/span><\/a><\/p>\n","protected":false},"author":1,"featured_media":1226,"comment_status":"closed","ping_status":"open","sticky":false,"template":"","format":"standard","meta":{"om_disable_all_campaigns":false,"neve_meta_sidebar":"","neve_meta_container":"","neve_meta_enable_content_width":"","neve_meta_content_width":0,"neve_meta_title_alignment":"","neve_meta_author_avatar":"","neve_post_elements_order":"","neve_meta_disable_header":"","neve_meta_disable_footer":"","neve_meta_disable_title":"","footnotes":""},"categories":[19],"tags":[],"class_list":["post-1221","post","type-post","status-publish","format-standard","has-post-thumbnail","hentry","category-orthopedagogie"],"yoast_head":"<!-- This site is optimized with the Yoast SEO plugin v27.5 - https:\/\/yoast.com\/product\/yoast-seo-wordpress\/ -->\n<title>Comment fonctionne la m\u00e9moire ~ Audrey Delaforge, Orthop\u00e9dagogue<\/title>\n<meta name=\"robots\" content=\"index, follow, max-snippet:-1, max-image-preview:large, max-video-preview:-1\" \/>\n<link rel=\"canonical\" href=\"https:\/\/audreydelaforge.com\/index.php\/2025\/01\/11\/comment-fonctionne-la-memoire\/\" \/>\n<meta property=\"og:locale\" content=\"fr_FR\" \/>\n<meta property=\"og:type\" content=\"article\" \/>\n<meta property=\"og:title\" content=\"Comment fonctionne la m\u00e9moire ~ Audrey Delaforge, Orthop\u00e9dagogue\" \/>\n<meta property=\"og:description\" content=\"La m\u00e9moire est un processus complexe qui permet d&rsquo;enregistrer, de conserver et de restituer des informations issues d&rsquo;exp\u00e9riences et d&rsquo;\u00e9v\u00e9nements divers. Ce document explore les m\u00e9canismes sous-jacents de la m\u00e9moire, les r\u00e9seaux neuronaux impliqu\u00e9s et l&rsquo;importance de cette compr\u00e9hension pour traiter certains troubles mn\u00e9siques. Les m\u00e9canismes de la m\u00e9moire La m\u00e9moire se divise g\u00e9n\u00e9ralement en&hellip;&nbsp;Lire la suite &raquo;Comment fonctionne la m\u00e9moire\" \/>\n<meta property=\"og:url\" content=\"https:\/\/audreydelaforge.com\/index.php\/2025\/01\/11\/comment-fonctionne-la-memoire\/\" \/>\n<meta property=\"og:site_name\" content=\"Audrey Delaforge, Orthop\u00e9dagogue\" \/>\n<meta property=\"article:publisher\" content=\"https:\/\/www.facebook.com\/audreycateldelaforge\" \/>\n<meta property=\"article:published_time\" content=\"2025-01-11T09:30:41+00:00\" \/>\n<meta property=\"article:modified_time\" content=\"2025-01-11T09:30:44+00:00\" \/>\n<meta property=\"og:image\" content=\"https:\/\/audreydelaforge.com\/wp-content\/uploads\/2025\/01\/Comment-fonctionne-la-memoire-visual-selection-4.png\" \/>\n\t<meta property=\"og:image:width\" content=\"745\" \/>\n\t<meta property=\"og:image:height\" content=\"755\" \/>\n\t<meta property=\"og:image:type\" content=\"image\/png\" \/>\n<meta name=\"author\" content=\"audrey.catel.delaforge@gmail.com\" \/>\n<meta name=\"twitter:card\" content=\"summary_large_image\" \/>\n<meta name=\"twitter:label1\" content=\"\u00c9crit par\" \/>\n\t<meta name=\"twitter:data1\" content=\"audrey.catel.delaforge@gmail.com\" \/>\n\t<meta name=\"twitter:label2\" content=\"Dur\u00e9e de lecture estim\u00e9e\" \/>\n\t<meta name=\"twitter:data2\" content=\"6 minutes\" \/>\n<script type=\"application\/ld+json\" class=\"yoast-schema-graph\">{\"@context\":\"https:\\\/\\\/schema.org\",\"@graph\":[{\"@type\":\"Article\",\"@id\":\"https:\\\/\\\/audreydelaforge.com\\\/index.php\\\/2025\\\/01\\\/11\\\/comment-fonctionne-la-memoire\\\/#article\",\"isPartOf\":{\"@id\":\"https:\\\/\\\/audreydelaforge.com\\\/index.php\\\/2025\\\/01\\\/11\\\/comment-fonctionne-la-memoire\\\/\"},\"author\":{\"name\":\"audrey.catel.delaforge@gmail.com\",\"@id\":\"https:\\\/\\\/audreydelaforge.com\\\/#\\\/schema\\\/person\\\/b44bccc3f328e9802afbab74bb74495d\"},\"headline\":\"Comment fonctionne la m\u00e9moire\",\"datePublished\":\"2025-01-11T09:30:41+00:00\",\"dateModified\":\"2025-01-11T09:30:44+00:00\",\"mainEntityOfPage\":{\"@id\":\"https:\\\/\\\/audreydelaforge.com\\\/index.php\\\/2025\\\/01\\\/11\\\/comment-fonctionne-la-memoire\\\/\"},\"wordCount\":1167,\"publisher\":{\"@id\":\"https:\\\/\\\/audreydelaforge.com\\\/#organization\"},\"image\":{\"@id\":\"https:\\\/\\\/audreydelaforge.com\\\/index.php\\\/2025\\\/01\\\/11\\\/comment-fonctionne-la-memoire\\\/#primaryimage\"},\"thumbnailUrl\":\"https:\\\/\\\/audreydelaforge.com\\\/wp-content\\\/uploads\\\/2025\\\/01\\\/Comment-fonctionne-la-memoire-visual-selection-4.png\",\"articleSection\":[\"Orthop\u00e9dagogie\"],\"inLanguage\":\"fr-FR\"},{\"@type\":\"WebPage\",\"@id\":\"https:\\\/\\\/audreydelaforge.com\\\/index.php\\\/2025\\\/01\\\/11\\\/comment-fonctionne-la-memoire\\\/\",\"url\":\"https:\\\/\\\/audreydelaforge.com\\\/index.php\\\/2025\\\/01\\\/11\\\/comment-fonctionne-la-memoire\\\/\",\"name\":\"Comment fonctionne la m\u00e9moire ~ Audrey Delaforge, Orthop\u00e9dagogue\",\"isPartOf\":{\"@id\":\"https:\\\/\\\/audreydelaforge.com\\\/#website\"},\"primaryImageOfPage\":{\"@id\":\"https:\\\/\\\/audreydelaforge.com\\\/index.php\\\/2025\\\/01\\\/11\\\/comment-fonctionne-la-memoire\\\/#primaryimage\"},\"image\":{\"@id\":\"https:\\\/\\\/audreydelaforge.com\\\/index.php\\\/2025\\\/01\\\/11\\\/comment-fonctionne-la-memoire\\\/#primaryimage\"},\"thumbnailUrl\":\"https:\\\/\\\/audreydelaforge.com\\\/wp-content\\\/uploads\\\/2025\\\/01\\\/Comment-fonctionne-la-memoire-visual-selection-4.png\",\"datePublished\":\"2025-01-11T09:30:41+00:00\",\"dateModified\":\"2025-01-11T09:30:44+00:00\",\"breadcrumb\":{\"@id\":\"https:\\\/\\\/audreydelaforge.com\\\/index.php\\\/2025\\\/01\\\/11\\\/comment-fonctionne-la-memoire\\\/#breadcrumb\"},\"inLanguage\":\"fr-FR\",\"potentialAction\":[{\"@type\":\"ReadAction\",\"target\":[\"https:\\\/\\\/audreydelaforge.com\\\/index.php\\\/2025\\\/01\\\/11\\\/comment-fonctionne-la-memoire\\\/\"]}]},{\"@type\":\"ImageObject\",\"inLanguage\":\"fr-FR\",\"@id\":\"https:\\\/\\\/audreydelaforge.com\\\/index.php\\\/2025\\\/01\\\/11\\\/comment-fonctionne-la-memoire\\\/#primaryimage\",\"url\":\"https:\\\/\\\/audreydelaforge.com\\\/wp-content\\\/uploads\\\/2025\\\/01\\\/Comment-fonctionne-la-memoire-visual-selection-4.png\",\"contentUrl\":\"https:\\\/\\\/audreydelaforge.com\\\/wp-content\\\/uploads\\\/2025\\\/01\\\/Comment-fonctionne-la-memoire-visual-selection-4.png\",\"width\":745,\"height\":755},{\"@type\":\"BreadcrumbList\",\"@id\":\"https:\\\/\\\/audreydelaforge.com\\\/index.php\\\/2025\\\/01\\\/11\\\/comment-fonctionne-la-memoire\\\/#breadcrumb\",\"itemListElement\":[{\"@type\":\"ListItem\",\"position\":1,\"name\":\"Accueil\",\"item\":\"https:\\\/\\\/audreydelaforge.com\\\/\"},{\"@type\":\"ListItem\",\"position\":2,\"name\":\"Comment fonctionne la m\u00e9moire\"}]},{\"@type\":\"WebSite\",\"@id\":\"https:\\\/\\\/audreydelaforge.com\\\/#website\",\"url\":\"https:\\\/\\\/audreydelaforge.com\\\/\",\"name\":\"Audrey Delaforge, Orthop\u00e9dagogue\",\"description\":\"L&#039;apprenant au centre du savoir\",\"publisher\":{\"@id\":\"https:\\\/\\\/audreydelaforge.com\\\/#organization\"},\"potentialAction\":[{\"@type\":\"SearchAction\",\"target\":{\"@type\":\"EntryPoint\",\"urlTemplate\":\"https:\\\/\\\/audreydelaforge.com\\\/?s={search_term_string}\"},\"query-input\":{\"@type\":\"PropertyValueSpecification\",\"valueRequired\":true,\"valueName\":\"search_term_string\"}}],\"inLanguage\":\"fr-FR\"},{\"@type\":\"Organization\",\"@id\":\"https:\\\/\\\/audreydelaforge.com\\\/#organization\",\"name\":\"Audrey Delaforge, Orthop\u00e9dagogue\",\"url\":\"https:\\\/\\\/audreydelaforge.com\\\/\",\"logo\":{\"@type\":\"ImageObject\",\"inLanguage\":\"fr-FR\",\"@id\":\"https:\\\/\\\/audreydelaforge.com\\\/#\\\/schema\\\/logo\\\/image\\\/\",\"url\":\"https:\\\/\\\/audreydelaforge.com\\\/wp-content\\\/uploads\\\/2022\\\/06\\\/Logo-orange-noir-avec-Audrey-1.png\",\"contentUrl\":\"https:\\\/\\\/audreydelaforge.com\\\/wp-content\\\/uploads\\\/2022\\\/06\\\/Logo-orange-noir-avec-Audrey-1.png\",\"width\":500,\"height\":500,\"caption\":\"Audrey Delaforge, Orthop\u00e9dagogue\"},\"image\":{\"@id\":\"https:\\\/\\\/audreydelaforge.com\\\/#\\\/schema\\\/logo\\\/image\\\/\"},\"sameAs\":[\"https:\\\/\\\/www.facebook.com\\\/audreycateldelaforge\",\"https:\\\/\\\/www.linkedin.com\\\/in\\\/audrey-catel-delaforge\",\"https:\\\/\\\/www.instagram.com\\\/audrey_delaforge\\\/\"]},{\"@type\":\"Person\",\"@id\":\"https:\\\/\\\/audreydelaforge.com\\\/#\\\/schema\\\/person\\\/b44bccc3f328e9802afbab74bb74495d\",\"name\":\"audrey.catel.delaforge@gmail.com\",\"image\":{\"@type\":\"ImageObject\",\"inLanguage\":\"fr-FR\",\"@id\":\"https:\\\/\\\/secure.gravatar.com\\\/avatar\\\/6d2d46023ee8ab957213dcdb0ea8dc964f367c205b281a7f789f0eb314dfafbf?s=96&d=mm&r=g\",\"url\":\"https:\\\/\\\/secure.gravatar.com\\\/avatar\\\/6d2d46023ee8ab957213dcdb0ea8dc964f367c205b281a7f789f0eb314dfafbf?s=96&d=mm&r=g\",\"contentUrl\":\"https:\\\/\\\/secure.gravatar.com\\\/avatar\\\/6d2d46023ee8ab957213dcdb0ea8dc964f367c205b281a7f789f0eb314dfafbf?s=96&d=mm&r=g\",\"caption\":\"audrey.catel.delaforge@gmail.com\"},\"sameAs\":[\"http:\\\/\\\/audreydelaforge.com\"],\"url\":\"https:\\\/\\\/audreydelaforge.com\\\/index.php\\\/author\\\/audrey-catel-delaforgegmail-com\\\/\"}]}<\/script>\n<!-- \/ Yoast SEO plugin. -->","yoast_head_json":{"title":"Comment fonctionne la m\u00e9moire ~ Audrey Delaforge, Orthop\u00e9dagogue","robots":{"index":"index","follow":"follow","max-snippet":"max-snippet:-1","max-image-preview":"max-image-preview:large","max-video-preview":"max-video-preview:-1"},"canonical":"https:\/\/audreydelaforge.com\/index.php\/2025\/01\/11\/comment-fonctionne-la-memoire\/","og_locale":"fr_FR","og_type":"article","og_title":"Comment fonctionne la m\u00e9moire ~ Audrey Delaforge, Orthop\u00e9dagogue","og_description":"La m\u00e9moire est un processus complexe qui permet d&rsquo;enregistrer, de conserver et de restituer des informations issues d&rsquo;exp\u00e9riences et d&rsquo;\u00e9v\u00e9nements divers. Ce document explore les m\u00e9canismes sous-jacents de la m\u00e9moire, les r\u00e9seaux neuronaux impliqu\u00e9s et l&rsquo;importance de cette compr\u00e9hension pour traiter certains troubles mn\u00e9siques. Les m\u00e9canismes de la m\u00e9moire La m\u00e9moire se divise g\u00e9n\u00e9ralement en&hellip;&nbsp;Lire la suite &raquo;Comment fonctionne la m\u00e9moire","og_url":"https:\/\/audreydelaforge.com\/index.php\/2025\/01\/11\/comment-fonctionne-la-memoire\/","og_site_name":"Audrey Delaforge, Orthop\u00e9dagogue","article_publisher":"https:\/\/www.facebook.com\/audreycateldelaforge","article_published_time":"2025-01-11T09:30:41+00:00","article_modified_time":"2025-01-11T09:30:44+00:00","og_image":[{"width":745,"height":755,"url":"https:\/\/audreydelaforge.com\/wp-content\/uploads\/2025\/01\/Comment-fonctionne-la-memoire-visual-selection-4.png","type":"image\/png"}],"author":"audrey.catel.delaforge@gmail.com","twitter_card":"summary_large_image","twitter_misc":{"\u00c9crit par":"audrey.catel.delaforge@gmail.com","Dur\u00e9e de lecture estim\u00e9e":"6 minutes"},"schema":{"@context":"https:\/\/schema.org","@graph":[{"@type":"Article","@id":"https:\/\/audreydelaforge.com\/index.php\/2025\/01\/11\/comment-fonctionne-la-memoire\/#article","isPartOf":{"@id":"https:\/\/audreydelaforge.com\/index.php\/2025\/01\/11\/comment-fonctionne-la-memoire\/"},"author":{"name":"audrey.catel.delaforge@gmail.com","@id":"https:\/\/audreydelaforge.com\/#\/schema\/person\/b44bccc3f328e9802afbab74bb74495d"},"headline":"Comment fonctionne la m\u00e9moire","datePublished":"2025-01-11T09:30:41+00:00","dateModified":"2025-01-11T09:30:44+00:00","mainEntityOfPage":{"@id":"https:\/\/audreydelaforge.com\/index.php\/2025\/01\/11\/comment-fonctionne-la-memoire\/"},"wordCount":1167,"publisher":{"@id":"https:\/\/audreydelaforge.com\/#organization"},"image":{"@id":"https:\/\/audreydelaforge.com\/index.php\/2025\/01\/11\/comment-fonctionne-la-memoire\/#primaryimage"},"thumbnailUrl":"https:\/\/audreydelaforge.com\/wp-content\/uploads\/2025\/01\/Comment-fonctionne-la-memoire-visual-selection-4.png","articleSection":["Orthop\u00e9dagogie"],"inLanguage":"fr-FR"},{"@type":"WebPage","@id":"https:\/\/audreydelaforge.com\/index.php\/2025\/01\/11\/comment-fonctionne-la-memoire\/","url":"https:\/\/audreydelaforge.com\/index.php\/2025\/01\/11\/comment-fonctionne-la-memoire\/","name":"Comment fonctionne la m\u00e9moire ~ Audrey Delaforge, Orthop\u00e9dagogue","isPartOf":{"@id":"https:\/\/audreydelaforge.com\/#website"},"primaryImageOfPage":{"@id":"https:\/\/audreydelaforge.com\/index.php\/2025\/01\/11\/comment-fonctionne-la-memoire\/#primaryimage"},"image":{"@id":"https:\/\/audreydelaforge.com\/index.php\/2025\/01\/11\/comment-fonctionne-la-memoire\/#primaryimage"},"thumbnailUrl":"https:\/\/audreydelaforge.com\/wp-content\/uploads\/2025\/01\/Comment-fonctionne-la-memoire-visual-selection-4.png","datePublished":"2025-01-11T09:30:41+00:00","dateModified":"2025-01-11T09:30:44+00:00","breadcrumb":{"@id":"https:\/\/audreydelaforge.com\/index.php\/2025\/01\/11\/comment-fonctionne-la-memoire\/#breadcrumb"},"inLanguage":"fr-FR","potentialAction":[{"@type":"ReadAction","target":["https:\/\/audreydelaforge.com\/index.php\/2025\/01\/11\/comment-fonctionne-la-memoire\/"]}]},{"@type":"ImageObject","inLanguage":"fr-FR","@id":"https:\/\/audreydelaforge.com\/index.php\/2025\/01\/11\/comment-fonctionne-la-memoire\/#primaryimage","url":"https:\/\/audreydelaforge.com\/wp-content\/uploads\/2025\/01\/Comment-fonctionne-la-memoire-visual-selection-4.png","contentUrl":"https:\/\/audreydelaforge.com\/wp-content\/uploads\/2025\/01\/Comment-fonctionne-la-memoire-visual-selection-4.png","width":745,"height":755},{"@type":"BreadcrumbList","@id":"https:\/\/audreydelaforge.com\/index.php\/2025\/01\/11\/comment-fonctionne-la-memoire\/#breadcrumb","itemListElement":[{"@type":"ListItem","position":1,"name":"Accueil","item":"https:\/\/audreydelaforge.com\/"},{"@type":"ListItem","position":2,"name":"Comment fonctionne la m\u00e9moire"}]},{"@type":"WebSite","@id":"https:\/\/audreydelaforge.com\/#website","url":"https:\/\/audreydelaforge.com\/","name":"Audrey Delaforge, Orthop\u00e9dagogue","description":"L&#039;apprenant au centre du savoir","publisher":{"@id":"https:\/\/audreydelaforge.com\/#organization"},"potentialAction":[{"@type":"SearchAction","target":{"@type":"EntryPoint","urlTemplate":"https:\/\/audreydelaforge.com\/?s={search_term_string}"},"query-input":{"@type":"PropertyValueSpecification","valueRequired":true,"valueName":"search_term_string"}}],"inLanguage":"fr-FR"},{"@type":"Organization","@id":"https:\/\/audreydelaforge.com\/#organization","name":"Audrey Delaforge, Orthop\u00e9dagogue","url":"https:\/\/audreydelaforge.com\/","logo":{"@type":"ImageObject","inLanguage":"fr-FR","@id":"https:\/\/audreydelaforge.com\/#\/schema\/logo\/image\/","url":"https:\/\/audreydelaforge.com\/wp-content\/uploads\/2022\/06\/Logo-orange-noir-avec-Audrey-1.png","contentUrl":"https:\/\/audreydelaforge.com\/wp-content\/uploads\/2022\/06\/Logo-orange-noir-avec-Audrey-1.png","width":500,"height":500,"caption":"Audrey Delaforge, Orthop\u00e9dagogue"},"image":{"@id":"https:\/\/audreydelaforge.com\/#\/schema\/logo\/image\/"},"sameAs":["https:\/\/www.facebook.com\/audreycateldelaforge","https:\/\/www.linkedin.com\/in\/audrey-catel-delaforge","https:\/\/www.instagram.com\/audrey_delaforge\/"]},{"@type":"Person","@id":"https:\/\/audreydelaforge.com\/#\/schema\/person\/b44bccc3f328e9802afbab74bb74495d","name":"audrey.catel.delaforge@gmail.com","image":{"@type":"ImageObject","inLanguage":"fr-FR","@id":"https:\/\/secure.gravatar.com\/avatar\/6d2d46023ee8ab957213dcdb0ea8dc964f367c205b281a7f789f0eb314dfafbf?s=96&d=mm&r=g","url":"https:\/\/secure.gravatar.com\/avatar\/6d2d46023ee8ab957213dcdb0ea8dc964f367c205b281a7f789f0eb314dfafbf?s=96&d=mm&r=g","contentUrl":"https:\/\/secure.gravatar.com\/avatar\/6d2d46023ee8ab957213dcdb0ea8dc964f367c205b281a7f789f0eb314dfafbf?s=96&d=mm&r=g","caption":"audrey.catel.delaforge@gmail.com"},"sameAs":["http:\/\/audreydelaforge.com"],"url":"https:\/\/audreydelaforge.com\/index.php\/author\/audrey-catel-delaforgegmail-com\/"}]}},"_links":{"self":[{"href":"https:\/\/audreydelaforge.com\/index.php\/wp-json\/wp\/v2\/posts\/1221","targetHints":{"allow":["GET"]}}],"collection":[{"href":"https:\/\/audreydelaforge.com\/index.php\/wp-json\/wp\/v2\/posts"}],"about":[{"href":"https:\/\/audreydelaforge.com\/index.php\/wp-json\/wp\/v2\/types\/post"}],"author":[{"embeddable":true,"href":"https:\/\/audreydelaforge.com\/index.php\/wp-json\/wp\/v2\/users\/1"}],"replies":[{"embeddable":true,"href":"https:\/\/audreydelaforge.com\/index.php\/wp-json\/wp\/v2\/comments?post=1221"}],"version-history":[{"count":0,"href":"https:\/\/audreydelaforge.com\/index.php\/wp-json\/wp\/v2\/posts\/1221\/revisions"}],"wp:featuredmedia":[{"embeddable":true,"href":"https:\/\/audreydelaforge.com\/index.php\/wp-json\/wp\/v2\/media\/1226"}],"wp:attachment":[{"href":"https:\/\/audreydelaforge.com\/index.php\/wp-json\/wp\/v2\/media?parent=1221"}],"wp:term":[{"taxonomy":"category","embeddable":true,"href":"https:\/\/audreydelaforge.com\/index.php\/wp-json\/wp\/v2\/categories?post=1221"},{"taxonomy":"post_tag","embeddable":true,"href":"https:\/\/audreydelaforge.com\/index.php\/wp-json\/wp\/v2\/tags?post=1221"}],"curies":[{"name":"wp","href":"https:\/\/api.w.org\/{rel}","templated":true}]}}