{"id":1230,"date":"2025-01-22T11:19:11","date_gmt":"2025-01-22T11:19:11","guid":{"rendered":"https:\/\/audreydelaforge.com\/?p=1230"},"modified":"2025-01-22T11:27:43","modified_gmt":"2025-01-22T11:27:43","slug":"la-metacognition-un-outil-puissant-pour-lapprentissage","status":"publish","type":"post","link":"https:\/\/audreydelaforge.com\/index.php\/2025\/01\/22\/la-metacognition-un-outil-puissant-pour-lapprentissage\/","title":{"rendered":"La M\u00e9tacognition : Un Outil Puissant pour l&rsquo;Apprentissage"},"content":{"rendered":"\n<h3 class=\"wp-block-heading\">La m\u00e9tacognition est un concept cl\u00e9 dans le domaine de l&rsquo;\u00e9ducation et de l&rsquo;apprentissage. Elle se r\u00e9f\u00e8re \u00e0 la capacit\u00e9 d&rsquo;un individu \u00e0 r\u00e9fl\u00e9chir sur ses propres processus de pens\u00e9e et d&rsquo;apprentissage. En d&rsquo;autres termes, c&rsquo;est l&rsquo;art de \u00ab\u00a0penser sur sa pens\u00e9e\u00a0\u00bb. Pour les parents et les professionnels de l&rsquo;\u00e9ducation, comprendre et cultiver la m\u00e9tacognition peut grandement am\u00e9liorer les r\u00e9sultats d&rsquo;apprentissage des enfants.<\/h3>\n\n\n<div class=\"wp-block-image\">\n<figure class=\"aligncenter size-full is-resized\"><img loading=\"lazy\" decoding=\"async\" width=\"1024\" height=\"1024\" src=\"https:\/\/audreydelaforge.com\/wp-content\/uploads\/2025\/01\/DALL\u00b7E-2025-01-22-12.08.30-A-vibrant-illustration-of-a-child-or-teenager-sitting-at-a-desk-with-an-open-book.-Above-their-head-is-a-thought-bubble-containing-symbols-like-a-glow.webp\" alt=\"\" class=\"wp-image-1231\" style=\"width:1170px;height:auto\" srcset=\"https:\/\/audreydelaforge.com\/wp-content\/uploads\/2025\/01\/DALL\u00b7E-2025-01-22-12.08.30-A-vibrant-illustration-of-a-child-or-teenager-sitting-at-a-desk-with-an-open-book.-Above-their-head-is-a-thought-bubble-containing-symbols-like-a-glow.webp 1024w, https:\/\/audreydelaforge.com\/wp-content\/uploads\/2025\/01\/DALL\u00b7E-2025-01-22-12.08.30-A-vibrant-illustration-of-a-child-or-teenager-sitting-at-a-desk-with-an-open-book.-Above-their-head-is-a-thought-bubble-containing-symbols-like-a-glow-300x300.webp 300w, https:\/\/audreydelaforge.com\/wp-content\/uploads\/2025\/01\/DALL\u00b7E-2025-01-22-12.08.30-A-vibrant-illustration-of-a-child-or-teenager-sitting-at-a-desk-with-an-open-book.-Above-their-head-is-a-thought-bubble-containing-symbols-like-a-glow-150x150.webp 150w, https:\/\/audreydelaforge.com\/wp-content\/uploads\/2025\/01\/DALL\u00b7E-2025-01-22-12.08.30-A-vibrant-illustration-of-a-child-or-teenager-sitting-at-a-desk-with-an-open-book.-Above-their-head-is-a-thought-bubble-containing-symbols-like-a-glow-768x768.webp 768w, https:\/\/audreydelaforge.com\/wp-content\/uploads\/2025\/01\/DALL\u00b7E-2025-01-22-12.08.30-A-vibrant-illustration-of-a-child-or-teenager-sitting-at-a-desk-with-an-open-book.-Above-their-head-is-a-thought-bubble-containing-symbols-like-a-glow-600x600.webp 600w, https:\/\/audreydelaforge.com\/wp-content\/uploads\/2025\/01\/DALL\u00b7E-2025-01-22-12.08.30-A-vibrant-illustration-of-a-child-or-teenager-sitting-at-a-desk-with-an-open-book.-Above-their-head-is-a-thought-bubble-containing-symbols-like-a-glow-100x100.webp 100w\" sizes=\"auto, (max-width: 1024px) 100vw, 1024px\" \/><\/figure>\n<\/div>\n\n\n<h4 class=\"wp-block-heading\">Comprendre la M\u00e9tacognition<\/h4>\n\n\n\n<p>La m\u00e9tacognition englobe plusieurs composantes essentielles :<\/p>\n\n\n\n<ol class=\"wp-block-list\">\n<li><strong>Connaissances M\u00e9tacognitives<\/strong> : Ce sont les connaissances qu&rsquo;un individu poss\u00e8de sur ses propres processus cognitifs, ses strat\u00e9gies d&rsquo;apprentissage et les facteurs qui influencent sa cognition.<\/li>\n\n\n\n<li><strong>\u00c9valuations ou Jugements M\u00e9tacognitifs<\/strong> : Il s&rsquo;agit de la capacit\u00e9 \u00e0 \u00e9valuer sa propre compr\u00e9hension et ses performances.<\/li>\n\n\n\n<li><strong>R\u00e9gulation des Activit\u00e9s Cognitives<\/strong> : C&rsquo;est la mise en place de diverses strat\u00e9gies pour contr\u00f4ler et ajuster ses processus d&rsquo;apprentissage.<\/li>\n<\/ol>\n\n\n\n<h4 class=\"wp-block-heading\">L&rsquo;Importance de la M\u00e9tacognition dans l&rsquo;Apprentissage<\/h4>\n\n\n\n<p>La m\u00e9tacognition joue un r\u00f4le crucial dans l&rsquo;apprentissage autor\u00e9gul\u00e9. Un apprenant m\u00e9tacognitif est capable de :<\/p>\n\n\n\n<ul class=\"wp-block-list\">\n<li>S&rsquo;analyser en tant qu&rsquo;apprenant<\/li>\n\n\n\n<li>Prendre conscience de ses fa\u00e7ons d&rsquo;apprendre<\/li>\n\n\n\n<li>Contr\u00f4ler ses processus d&rsquo;apprentissage<\/li>\n<\/ul>\n\n\n\n<p>Ces comp\u00e9tences permettent \u00e0 l&rsquo;apprenant de devenir plus autonome et efficace dans ses \u00e9tudes.<\/p>\n\n\n\n<h4 class=\"wp-block-heading\">La M\u00e9tacognition en Pratique Orthop\u00e9dagogique<\/h4>\n\n\n\n<p>Les orthop\u00e9dagogues peuvent int\u00e9grer la m\u00e9tacognition dans leurs interventions de plusieurs mani\u00e8res :<\/p>\n\n\n\n<ol class=\"wp-block-list\">\n<li><strong>Intervention \u00e0 Toutes les \u00c9tapes de l&rsquo;Apprentissage<\/strong><\/li>\n<\/ol>\n\n\n\n<p>L&rsquo;orthop\u00e9dagogue devrait se pr\u00e9occuper de la m\u00e9tacognition lors de la pr\u00e9paration, de la r\u00e9alisation et de l&rsquo;int\u00e9gration d&rsquo;une t\u00e2che. Un dialogue constant entre l&rsquo;orthop\u00e9dagogue et l&rsquo;\u00e9l\u00e8ve est essentiel pour d\u00e9montrer explicitement le type de r\u00e9flexion n\u00e9cessaire pour accomplir une t\u00e2che avec succ\u00e8s.<\/p>\n\n\n\n<ol start=\"2\" class=\"wp-block-list\">\n<li><strong>Mod\u00e9lisation des Strat\u00e9gies<\/strong><\/li>\n<\/ol>\n\n\n\n<p>Les orthop\u00e9dagogues peuvent mod\u00e9liser les strat\u00e9gies de lecture en utilisant la technique de \u00ab\u00a0pens\u00e9e \u00e0 voix haute\u00a0\u00bb. Cette approche permet aux \u00e9l\u00e8ves de voir comment un expert r\u00e9fl\u00e9chit et r\u00e9sout des probl\u00e8mes.<\/p>\n\n\n\n<ol start=\"3\" class=\"wp-block-list\">\n<li><strong>Utilisation de M\u00e9taphores<\/strong><\/li>\n<\/ol>\n\n\n\n<p>L&#8217;emploi de m\u00e9taphores (personnages ou objets) peut aider \u00e0 donner du sens aux op\u00e9rations mentales \u00e0 effectuer. Cette technique rend les concepts abstraits plus concrets et compr\u00e9hensibles pour les apprenants.<\/p>\n\n\n\n<ol start=\"4\" class=\"wp-block-list\">\n<li><strong>Entretiens M\u00e9tagraphiques<\/strong><\/li>\n<\/ol>\n\n\n\n<p>En \u00e9criture, l&rsquo;entretien m\u00e9tagraphique est un outil pr\u00e9cieux. L&rsquo;orthop\u00e9dagogue demande \u00e0 l&rsquo;\u00e9l\u00e8ve de commenter certaines graphies qu&rsquo;il a choisies dans son texte, encourageant ainsi la r\u00e9flexion sur ses choix orthographiques.<\/p>\n\n\n\n<ol start=\"5\" class=\"wp-block-list\">\n<li><strong>Progression des Activit\u00e9s de R\u00e9\u00e9ducation<\/strong><\/li>\n<\/ol>\n\n\n\n<p>L&rsquo;orthop\u00e9dagogue doit planifier des micro-objectifs et des t\u00e2ches adapt\u00e9es \u00e0 l&rsquo;\u00e9l\u00e8ve, en identifiant les connaissances d\u00e9claratives, proc\u00e9durales et conditionnelles essentielles \u00e0 la ma\u00eetrise d&rsquo;une cible.<\/p>\n\n\n<div class=\"wp-block-image\">\n<figure class=\"aligncenter size-large\"><img loading=\"lazy\" decoding=\"async\" width=\"1024\" height=\"669\" src=\"https:\/\/audreydelaforge.com\/wp-content\/uploads\/2025\/01\/La-Metacognition-en-Pratique-Orthopedagogique-visual-selection-1024x669.png\" alt=\"\" class=\"wp-image-1232\" srcset=\"https:\/\/audreydelaforge.com\/wp-content\/uploads\/2025\/01\/La-Metacognition-en-Pratique-Orthopedagogique-visual-selection-1024x669.png 1024w, https:\/\/audreydelaforge.com\/wp-content\/uploads\/2025\/01\/La-Metacognition-en-Pratique-Orthopedagogique-visual-selection-300x196.png 300w, https:\/\/audreydelaforge.com\/wp-content\/uploads\/2025\/01\/La-Metacognition-en-Pratique-Orthopedagogique-visual-selection-768x502.png 768w, https:\/\/audreydelaforge.com\/wp-content\/uploads\/2025\/01\/La-Metacognition-en-Pratique-Orthopedagogique-visual-selection-600x392.png 600w, https:\/\/audreydelaforge.com\/wp-content\/uploads\/2025\/01\/La-Metacognition-en-Pratique-Orthopedagogique-visual-selection.png 1083w\" sizes=\"auto, (max-width: 1024px) 100vw, 1024px\" \/><\/figure>\n<\/div>\n\n\n<h4 class=\"wp-block-heading\">Strat\u00e9gies pour Favoriser la M\u00e9tacognition<\/h4>\n\n\n\n<p>Voici quelques strat\u00e9gies concr\u00e8tes que les orthop\u00e9dagogues et les parents peuvent utiliser pour d\u00e9velopper la m\u00e9tacognition :<\/p>\n\n\n\n<ol class=\"wp-block-list\">\n<li><strong>Contr\u00f4ler la Complexit\u00e9 des T\u00e2ches<\/strong> : Commencer par des t\u00e2ches simples et augmenter progressivement la difficult\u00e9.<\/li>\n\n\n\n<li><strong>Utiliser un Langage de Gestion des Habilet\u00e9s M\u00e9tacognitives<\/strong> : Encourager l&rsquo;\u00e9l\u00e8ve \u00e0 verbaliser ses processus de pens\u00e9e.<\/li>\n\n\n\n<li><strong>Viser l&rsquo;Automatisation<\/strong> : Un certain niveau de ma\u00eetrise est n\u00e9cessaire pour lib\u00e9rer de l&rsquo;\u00e9nergie cognitive pour la m\u00e9tacognition.<\/li>\n\n\n\n<li><strong>Baser les Interventions sur l&rsquo;Enseignement Explicite et Strat\u00e9gique<\/strong> : Chaque s\u00e9ance de r\u00e9\u00e9ducation devrait suivre les principes de l&rsquo;enseignement strat\u00e9gique.<\/li>\n\n\n\n<li><strong>Encourager l&rsquo;Auto-Questionnement<\/strong> : Apprendre aux \u00e9l\u00e8ves \u00e0 se poser des questions sur leur propre apprentissage.<\/li>\n<\/ol>\n\n\n\n<h4 class=\"wp-block-heading\">La M\u00e9tacognition et la Compr\u00e9hension en Lecture<\/h4>\n\n\n\n<p>La m\u00e9tacognition est particuli\u00e8rement importante pour la compr\u00e9hension en lecture. Les recherches montrent qu&rsquo;un enseignement explicite des strat\u00e9gies m\u00e9tacognitives am\u00e9liore consid\u00e9rablement la compr\u00e9hension de texte des \u00e9l\u00e8ves et permet l&rsquo;enrichissement du vocabulaire pour exprimer sa pens\u00e9e.<\/p>\n\n\n\n<p>Pour les \u00e9l\u00e8ves du deuxi\u00e8me cycle du primaire \u00e9prouvant des difficult\u00e9s de compr\u00e9hension en lecture, les orthop\u00e9dagogues peuvent :<\/p>\n\n\n\n<ol class=\"wp-block-list\">\n<li>Mod\u00e9liser les strat\u00e9gies de lecture en \u00ab\u00a0pensant \u00e0 voix haute\u00a0\u00bb<\/li>\n\n\n\n<li>Encourager les \u00e9l\u00e8ves \u00e0 verbaliser leurs processus de pens\u00e9e pendant la lecture<\/li>\n\n\n\n<li>Utiliser des outils visuels pour repr\u00e9senter les strat\u00e9gies de compr\u00e9hension<\/li>\n\n\n\n<li>Pratiquer la pr\u00e9diction et la v\u00e9rification pendant la lecture<\/li>\n\n\n\n<li>Enseigner explicitement comment faire des connexions avec les connaissances ant\u00e9rieures<\/li>\n<\/ol>\n\n\n<div class=\"wp-block-image\">\n<figure class=\"aligncenter size-large\"><img loading=\"lazy\" decoding=\"async\" width=\"1024\" height=\"508\" src=\"https:\/\/audreydelaforge.com\/wp-content\/uploads\/2025\/01\/La-Metacognition-en-Pratique-Orthopedagogique-visual-selection-1-1024x508.png\" alt=\"\" class=\"wp-image-1233\" srcset=\"https:\/\/audreydelaforge.com\/wp-content\/uploads\/2025\/01\/La-Metacognition-en-Pratique-Orthopedagogique-visual-selection-1-1024x508.png 1024w, https:\/\/audreydelaforge.com\/wp-content\/uploads\/2025\/01\/La-Metacognition-en-Pratique-Orthopedagogique-visual-selection-1-300x149.png 300w, https:\/\/audreydelaforge.com\/wp-content\/uploads\/2025\/01\/La-Metacognition-en-Pratique-Orthopedagogique-visual-selection-1-768x381.png 768w, https:\/\/audreydelaforge.com\/wp-content\/uploads\/2025\/01\/La-Metacognition-en-Pratique-Orthopedagogique-visual-selection-1-600x297.png 600w, https:\/\/audreydelaforge.com\/wp-content\/uploads\/2025\/01\/La-Metacognition-en-Pratique-Orthopedagogique-visual-selection-1.png 1305w\" sizes=\"auto, (max-width: 1024px) 100vw, 1024px\" \/><\/figure>\n<\/div>\n\n\n<p>La m\u00e9tacognition est un outil puissant pour am\u00e9liorer l&rsquo;apprentissage. En tant qu&rsquo;orthop\u00e9dagogues et parents, notre r\u00f4le est de guider les apprenants vers une meilleure conscience de leurs processus de pens\u00e9e et d&rsquo;apprentissage. En int\u00e9grant des strat\u00e9gies m\u00e9tacognitives dans nos interventions et nos interactions quotidiennes, nous pouvons aider les apprenants \u00e0 devenir plus autonomes, plus efficaces et plus confiants dans leur parcours \u00e9ducatif.<\/p>\n\n\n\n<p>La m\u00e9tacognition n&rsquo;est pas seulement un concept th\u00e9orique, c&rsquo;est une comp\u00e9tence pratique qui peut \u00eatre d\u00e9velopp\u00e9e et renforc\u00e9e au fil du temps. En encourageant la r\u00e9flexion, l&rsquo;auto-\u00e9valuation et l&rsquo;autor\u00e9gulation, nous donnons aux apprenants les outils dont ils ont besoin pour r\u00e9ussir non seulement \u00e0 l&rsquo;\u00e9cole, mais aussi dans la vie.<\/p>\n\n\n\n<p>Rappelons-nous que chaque apprenant est unique, avec ses propres forces et d\u00e9fis. La m\u00e9tacognition nous offre un cadre flexible pour adapter notre approche \u00e0 chaque individu, en les aidant \u00e0 comprendre comment ils apprennent le mieux et comment ils peuvent optimiser leur propre apprentissage.<\/p>\n\n\n\n<p>En fin de compte, la m\u00e9tacognition est bien plus qu&rsquo;une simple technique d&rsquo;apprentissage &#8211; c&rsquo;est une fa\u00e7on de penser qui peut transformer la fa\u00e7on dont nous abordons l&rsquo;\u00e9ducation et le d\u00e9veloppement personnel. En cultivant ces comp\u00e9tences chez nos apprenants, nous les pr\u00e9parons non seulement pour le succ\u00e8s acad\u00e9mique, mais aussi pour une vie d&rsquo;apprentissage continu et d&rsquo;adaptation dans un monde en constante \u00e9volution.<\/p>\n\n\n\n<p>Pour aller plus loin :<\/p>\n\n\n\n<ul class=\"wp-block-list\">\n<li><a href=\"https:\/\/audreydelaforge.com\/index.php\/2025\/01\/11\/comment-fonctionne-la-memoire\/\">Comment fonctionne la m\u00e9moire ?<\/a><\/li>\n\n\n\n<li><a href=\"https:\/\/audreydelaforge.com\/index.php\/2024\/12\/29\/la-gestion-des-apprentissages-a-la-maison-conseils-et-strategies-pour-reussir\/\">La gestion des apprentissages \u00e0 la maison<\/a><\/li>\n<\/ul>\n\n\n<div class=\"wp-block-image\">\n<figure class=\"aligncenter size-full\"><img loading=\"lazy\" decoding=\"async\" width=\"1024\" height=\"1024\" src=\"https:\/\/audreydelaforge.com\/wp-content\/uploads\/2025\/01\/DALL\u00b7E-2025-01-22-12.17.00-A-playful-and-cartoonish-illustration-of-a-brain-with-a-cheerful-and-fun-expression.-The-brain-has-arms-and-legs-is-holding-a-pencil-in-one-hand-and-.webp\" alt=\"\" class=\"wp-image-1234\" srcset=\"https:\/\/audreydelaforge.com\/wp-content\/uploads\/2025\/01\/DALL\u00b7E-2025-01-22-12.17.00-A-playful-and-cartoonish-illustration-of-a-brain-with-a-cheerful-and-fun-expression.-The-brain-has-arms-and-legs-is-holding-a-pencil-in-one-hand-and-.webp 1024w, https:\/\/audreydelaforge.com\/wp-content\/uploads\/2025\/01\/DALL\u00b7E-2025-01-22-12.17.00-A-playful-and-cartoonish-illustration-of-a-brain-with-a-cheerful-and-fun-expression.-The-brain-has-arms-and-legs-is-holding-a-pencil-in-one-hand-and--300x300.webp 300w, https:\/\/audreydelaforge.com\/wp-content\/uploads\/2025\/01\/DALL\u00b7E-2025-01-22-12.17.00-A-playful-and-cartoonish-illustration-of-a-brain-with-a-cheerful-and-fun-expression.-The-brain-has-arms-and-legs-is-holding-a-pencil-in-one-hand-and--150x150.webp 150w, https:\/\/audreydelaforge.com\/wp-content\/uploads\/2025\/01\/DALL\u00b7E-2025-01-22-12.17.00-A-playful-and-cartoonish-illustration-of-a-brain-with-a-cheerful-and-fun-expression.-The-brain-has-arms-and-legs-is-holding-a-pencil-in-one-hand-and--768x768.webp 768w, https:\/\/audreydelaforge.com\/wp-content\/uploads\/2025\/01\/DALL\u00b7E-2025-01-22-12.17.00-A-playful-and-cartoonish-illustration-of-a-brain-with-a-cheerful-and-fun-expression.-The-brain-has-arms-and-legs-is-holding-a-pencil-in-one-hand-and--600x600.webp 600w, https:\/\/audreydelaforge.com\/wp-content\/uploads\/2025\/01\/DALL\u00b7E-2025-01-22-12.17.00-A-playful-and-cartoonish-illustration-of-a-brain-with-a-cheerful-and-fun-expression.-The-brain-has-arms-and-legs-is-holding-a-pencil-in-one-hand-and--100x100.webp 100w\" sizes=\"auto, (max-width: 1024px) 100vw, 1024px\" \/><\/figure>\n<\/div>","protected":false},"excerpt":{"rendered":"<p>La m\u00e9tacognition est un concept cl\u00e9 dans le domaine de l&rsquo;\u00e9ducation et de l&rsquo;apprentissage. Elle se r\u00e9f\u00e8re \u00e0 la capacit\u00e9 d&rsquo;un individu \u00e0 r\u00e9fl\u00e9chir sur ses propres processus de pens\u00e9e et d&rsquo;apprentissage. En d&rsquo;autres termes, c&rsquo;est l&rsquo;art de \u00ab\u00a0penser sur sa pens\u00e9e\u00a0\u00bb. Pour les parents et les professionnels de l&rsquo;\u00e9ducation, comprendre et cultiver la m\u00e9tacognition&hellip;&nbsp;<a href=\"https:\/\/audreydelaforge.com\/index.php\/2025\/01\/22\/la-metacognition-un-outil-puissant-pour-lapprentissage\/\" rel=\"bookmark\">Lire la suite &raquo;<span class=\"screen-reader-text\">La M\u00e9tacognition : Un Outil Puissant pour l&rsquo;Apprentissage<\/span><\/a><\/p>\n","protected":false},"author":1,"featured_media":1231,"comment_status":"closed","ping_status":"open","sticky":false,"template":"","format":"standard","meta":{"om_disable_all_campaigns":false,"neve_meta_sidebar":"","neve_meta_container":"","neve_meta_enable_content_width":"","neve_meta_content_width":0,"neve_meta_title_alignment":"","neve_meta_author_avatar":"","neve_post_elements_order":"","neve_meta_disable_header":"","neve_meta_disable_footer":"","neve_meta_disable_title":"","footnotes":""},"categories":[19,1],"tags":[],"class_list":["post-1230","post","type-post","status-publish","format-standard","has-post-thumbnail","hentry","category-orthopedagogie","category-uncategorized"],"yoast_head":"<!-- This site is optimized with the Yoast SEO plugin v27.5 - https:\/\/yoast.com\/product\/yoast-seo-wordpress\/ -->\n<title>La M\u00e9tacognition : Un Outil Puissant pour l&#039;Apprentissage ~ Audrey Delaforge, Orthop\u00e9dagogue<\/title>\n<meta name=\"robots\" content=\"index, follow, max-snippet:-1, max-image-preview:large, max-video-preview:-1\" \/>\n<link rel=\"canonical\" href=\"https:\/\/audreydelaforge.com\/index.php\/2025\/01\/22\/la-metacognition-un-outil-puissant-pour-lapprentissage\/\" \/>\n<meta property=\"og:locale\" content=\"fr_FR\" \/>\n<meta property=\"og:type\" content=\"article\" \/>\n<meta property=\"og:title\" content=\"La M\u00e9tacognition : Un Outil Puissant pour l&#039;Apprentissage ~ Audrey Delaforge, Orthop\u00e9dagogue\" \/>\n<meta property=\"og:description\" content=\"La m\u00e9tacognition est un concept cl\u00e9 dans le domaine de l&rsquo;\u00e9ducation et de l&rsquo;apprentissage. Elle se r\u00e9f\u00e8re \u00e0 la capacit\u00e9 d&rsquo;un individu \u00e0 r\u00e9fl\u00e9chir sur ses propres processus de pens\u00e9e et d&rsquo;apprentissage. En d&rsquo;autres termes, c&rsquo;est l&rsquo;art de \u00ab\u00a0penser sur sa pens\u00e9e\u00a0\u00bb. Pour les parents et les professionnels de l&rsquo;\u00e9ducation, comprendre et cultiver la m\u00e9tacognition&hellip;&nbsp;Lire la suite &raquo;La M\u00e9tacognition : Un Outil Puissant pour l&rsquo;Apprentissage\" \/>\n<meta property=\"og:url\" content=\"https:\/\/audreydelaforge.com\/index.php\/2025\/01\/22\/la-metacognition-un-outil-puissant-pour-lapprentissage\/\" \/>\n<meta property=\"og:site_name\" content=\"Audrey Delaforge, Orthop\u00e9dagogue\" \/>\n<meta property=\"article:publisher\" content=\"https:\/\/www.facebook.com\/audreycateldelaforge\" \/>\n<meta property=\"article:published_time\" content=\"2025-01-22T11:19:11+00:00\" \/>\n<meta property=\"article:modified_time\" content=\"2025-01-22T11:27:43+00:00\" \/>\n<meta property=\"og:image\" content=\"https:\/\/audreydelaforge.com\/wp-content\/uploads\/2025\/01\/DALL\u00b7E-2025-01-22-12.08.30-A-vibrant-illustration-of-a-child-or-teenager-sitting-at-a-desk-with-an-open-book.-Above-their-head-is-a-thought-bubble-containing-symbols-like-a-glow.webp\" \/>\n\t<meta property=\"og:image:width\" content=\"1024\" \/>\n\t<meta property=\"og:image:height\" content=\"1024\" \/>\n\t<meta property=\"og:image:type\" content=\"image\/webp\" \/>\n<meta name=\"author\" content=\"audrey.catel.delaforge@gmail.com\" \/>\n<meta name=\"twitter:card\" content=\"summary_large_image\" \/>\n<meta name=\"twitter:label1\" content=\"\u00c9crit par\" \/>\n\t<meta name=\"twitter:data1\" content=\"audrey.catel.delaforge@gmail.com\" \/>\n\t<meta name=\"twitter:label2\" content=\"Dur\u00e9e de lecture estim\u00e9e\" \/>\n\t<meta name=\"twitter:data2\" content=\"5 minutes\" \/>\n<script type=\"application\/ld+json\" class=\"yoast-schema-graph\">{\"@context\":\"https:\\\/\\\/schema.org\",\"@graph\":[{\"@type\":\"Article\",\"@id\":\"https:\\\/\\\/audreydelaforge.com\\\/index.php\\\/2025\\\/01\\\/22\\\/la-metacognition-un-outil-puissant-pour-lapprentissage\\\/#article\",\"isPartOf\":{\"@id\":\"https:\\\/\\\/audreydelaforge.com\\\/index.php\\\/2025\\\/01\\\/22\\\/la-metacognition-un-outil-puissant-pour-lapprentissage\\\/\"},\"author\":{\"name\":\"audrey.catel.delaforge@gmail.com\",\"@id\":\"https:\\\/\\\/audreydelaforge.com\\\/#\\\/schema\\\/person\\\/b44bccc3f328e9802afbab74bb74495d\"},\"headline\":\"La M\u00e9tacognition : Un Outil Puissant pour l&rsquo;Apprentissage\",\"datePublished\":\"2025-01-22T11:19:11+00:00\",\"dateModified\":\"2025-01-22T11:27:43+00:00\",\"mainEntityOfPage\":{\"@id\":\"https:\\\/\\\/audreydelaforge.com\\\/index.php\\\/2025\\\/01\\\/22\\\/la-metacognition-un-outil-puissant-pour-lapprentissage\\\/\"},\"wordCount\":1030,\"publisher\":{\"@id\":\"https:\\\/\\\/audreydelaforge.com\\\/#organization\"},\"image\":{\"@id\":\"https:\\\/\\\/audreydelaforge.com\\\/index.php\\\/2025\\\/01\\\/22\\\/la-metacognition-un-outil-puissant-pour-lapprentissage\\\/#primaryimage\"},\"thumbnailUrl\":\"https:\\\/\\\/audreydelaforge.com\\\/wp-content\\\/uploads\\\/2025\\\/01\\\/DALL\u00b7E-2025-01-22-12.08.30-A-vibrant-illustration-of-a-child-or-teenager-sitting-at-a-desk-with-an-open-book.-Above-their-head-is-a-thought-bubble-containing-symbols-like-a-glow.webp\",\"articleSection\":[\"Orthop\u00e9dagogie\",\"Uncategorized\"],\"inLanguage\":\"fr-FR\"},{\"@type\":\"WebPage\",\"@id\":\"https:\\\/\\\/audreydelaforge.com\\\/index.php\\\/2025\\\/01\\\/22\\\/la-metacognition-un-outil-puissant-pour-lapprentissage\\\/\",\"url\":\"https:\\\/\\\/audreydelaforge.com\\\/index.php\\\/2025\\\/01\\\/22\\\/la-metacognition-un-outil-puissant-pour-lapprentissage\\\/\",\"name\":\"La M\u00e9tacognition : Un Outil Puissant pour l'Apprentissage ~ Audrey Delaforge, Orthop\u00e9dagogue\",\"isPartOf\":{\"@id\":\"https:\\\/\\\/audreydelaforge.com\\\/#website\"},\"primaryImageOfPage\":{\"@id\":\"https:\\\/\\\/audreydelaforge.com\\\/index.php\\\/2025\\\/01\\\/22\\\/la-metacognition-un-outil-puissant-pour-lapprentissage\\\/#primaryimage\"},\"image\":{\"@id\":\"https:\\\/\\\/audreydelaforge.com\\\/index.php\\\/2025\\\/01\\\/22\\\/la-metacognition-un-outil-puissant-pour-lapprentissage\\\/#primaryimage\"},\"thumbnailUrl\":\"https:\\\/\\\/audreydelaforge.com\\\/wp-content\\\/uploads\\\/2025\\\/01\\\/DALL\u00b7E-2025-01-22-12.08.30-A-vibrant-illustration-of-a-child-or-teenager-sitting-at-a-desk-with-an-open-book.-Above-their-head-is-a-thought-bubble-containing-symbols-like-a-glow.webp\",\"datePublished\":\"2025-01-22T11:19:11+00:00\",\"dateModified\":\"2025-01-22T11:27:43+00:00\",\"breadcrumb\":{\"@id\":\"https:\\\/\\\/audreydelaforge.com\\\/index.php\\\/2025\\\/01\\\/22\\\/la-metacognition-un-outil-puissant-pour-lapprentissage\\\/#breadcrumb\"},\"inLanguage\":\"fr-FR\",\"potentialAction\":[{\"@type\":\"ReadAction\",\"target\":[\"https:\\\/\\\/audreydelaforge.com\\\/index.php\\\/2025\\\/01\\\/22\\\/la-metacognition-un-outil-puissant-pour-lapprentissage\\\/\"]}]},{\"@type\":\"ImageObject\",\"inLanguage\":\"fr-FR\",\"@id\":\"https:\\\/\\\/audreydelaforge.com\\\/index.php\\\/2025\\\/01\\\/22\\\/la-metacognition-un-outil-puissant-pour-lapprentissage\\\/#primaryimage\",\"url\":\"https:\\\/\\\/audreydelaforge.com\\\/wp-content\\\/uploads\\\/2025\\\/01\\\/DALL\u00b7E-2025-01-22-12.08.30-A-vibrant-illustration-of-a-child-or-teenager-sitting-at-a-desk-with-an-open-book.-Above-their-head-is-a-thought-bubble-containing-symbols-like-a-glow.webp\",\"contentUrl\":\"https:\\\/\\\/audreydelaforge.com\\\/wp-content\\\/uploads\\\/2025\\\/01\\\/DALL\u00b7E-2025-01-22-12.08.30-A-vibrant-illustration-of-a-child-or-teenager-sitting-at-a-desk-with-an-open-book.-Above-their-head-is-a-thought-bubble-containing-symbols-like-a-glow.webp\",\"width\":1024,\"height\":1024},{\"@type\":\"BreadcrumbList\",\"@id\":\"https:\\\/\\\/audreydelaforge.com\\\/index.php\\\/2025\\\/01\\\/22\\\/la-metacognition-un-outil-puissant-pour-lapprentissage\\\/#breadcrumb\",\"itemListElement\":[{\"@type\":\"ListItem\",\"position\":1,\"name\":\"Accueil\",\"item\":\"https:\\\/\\\/audreydelaforge.com\\\/\"},{\"@type\":\"ListItem\",\"position\":2,\"name\":\"La M\u00e9tacognition : Un Outil Puissant pour l&rsquo;Apprentissage\"}]},{\"@type\":\"WebSite\",\"@id\":\"https:\\\/\\\/audreydelaforge.com\\\/#website\",\"url\":\"https:\\\/\\\/audreydelaforge.com\\\/\",\"name\":\"Audrey Delaforge, Orthop\u00e9dagogue\",\"description\":\"L&#039;apprenant au centre du savoir\",\"publisher\":{\"@id\":\"https:\\\/\\\/audreydelaforge.com\\\/#organization\"},\"potentialAction\":[{\"@type\":\"SearchAction\",\"target\":{\"@type\":\"EntryPoint\",\"urlTemplate\":\"https:\\\/\\\/audreydelaforge.com\\\/?s={search_term_string}\"},\"query-input\":{\"@type\":\"PropertyValueSpecification\",\"valueRequired\":true,\"valueName\":\"search_term_string\"}}],\"inLanguage\":\"fr-FR\"},{\"@type\":\"Organization\",\"@id\":\"https:\\\/\\\/audreydelaforge.com\\\/#organization\",\"name\":\"Audrey Delaforge, Orthop\u00e9dagogue\",\"url\":\"https:\\\/\\\/audreydelaforge.com\\\/\",\"logo\":{\"@type\":\"ImageObject\",\"inLanguage\":\"fr-FR\",\"@id\":\"https:\\\/\\\/audreydelaforge.com\\\/#\\\/schema\\\/logo\\\/image\\\/\",\"url\":\"https:\\\/\\\/audreydelaforge.com\\\/wp-content\\\/uploads\\\/2022\\\/06\\\/Logo-orange-noir-avec-Audrey-1.png\",\"contentUrl\":\"https:\\\/\\\/audreydelaforge.com\\\/wp-content\\\/uploads\\\/2022\\\/06\\\/Logo-orange-noir-avec-Audrey-1.png\",\"width\":500,\"height\":500,\"caption\":\"Audrey Delaforge, Orthop\u00e9dagogue\"},\"image\":{\"@id\":\"https:\\\/\\\/audreydelaforge.com\\\/#\\\/schema\\\/logo\\\/image\\\/\"},\"sameAs\":[\"https:\\\/\\\/www.facebook.com\\\/audreycateldelaforge\",\"https:\\\/\\\/www.linkedin.com\\\/in\\\/audrey-catel-delaforge\",\"https:\\\/\\\/www.instagram.com\\\/audrey_delaforge\\\/\"]},{\"@type\":\"Person\",\"@id\":\"https:\\\/\\\/audreydelaforge.com\\\/#\\\/schema\\\/person\\\/b44bccc3f328e9802afbab74bb74495d\",\"name\":\"audrey.catel.delaforge@gmail.com\",\"image\":{\"@type\":\"ImageObject\",\"inLanguage\":\"fr-FR\",\"@id\":\"https:\\\/\\\/secure.gravatar.com\\\/avatar\\\/6d2d46023ee8ab957213dcdb0ea8dc964f367c205b281a7f789f0eb314dfafbf?s=96&d=mm&r=g\",\"url\":\"https:\\\/\\\/secure.gravatar.com\\\/avatar\\\/6d2d46023ee8ab957213dcdb0ea8dc964f367c205b281a7f789f0eb314dfafbf?s=96&d=mm&r=g\",\"contentUrl\":\"https:\\\/\\\/secure.gravatar.com\\\/avatar\\\/6d2d46023ee8ab957213dcdb0ea8dc964f367c205b281a7f789f0eb314dfafbf?s=96&d=mm&r=g\",\"caption\":\"audrey.catel.delaforge@gmail.com\"},\"sameAs\":[\"http:\\\/\\\/audreydelaforge.com\"],\"url\":\"https:\\\/\\\/audreydelaforge.com\\\/index.php\\\/author\\\/audrey-catel-delaforgegmail-com\\\/\"}]}<\/script>\n<!-- \/ Yoast SEO plugin. -->","yoast_head_json":{"title":"La M\u00e9tacognition : Un Outil Puissant pour l'Apprentissage ~ Audrey Delaforge, Orthop\u00e9dagogue","robots":{"index":"index","follow":"follow","max-snippet":"max-snippet:-1","max-image-preview":"max-image-preview:large","max-video-preview":"max-video-preview:-1"},"canonical":"https:\/\/audreydelaforge.com\/index.php\/2025\/01\/22\/la-metacognition-un-outil-puissant-pour-lapprentissage\/","og_locale":"fr_FR","og_type":"article","og_title":"La M\u00e9tacognition : Un Outil Puissant pour l'Apprentissage ~ Audrey Delaforge, Orthop\u00e9dagogue","og_description":"La m\u00e9tacognition est un concept cl\u00e9 dans le domaine de l&rsquo;\u00e9ducation et de l&rsquo;apprentissage. Elle se r\u00e9f\u00e8re \u00e0 la capacit\u00e9 d&rsquo;un individu \u00e0 r\u00e9fl\u00e9chir sur ses propres processus de pens\u00e9e et d&rsquo;apprentissage. En d&rsquo;autres termes, c&rsquo;est l&rsquo;art de \u00ab\u00a0penser sur sa pens\u00e9e\u00a0\u00bb. Pour les parents et les professionnels de l&rsquo;\u00e9ducation, comprendre et cultiver la m\u00e9tacognition&hellip;&nbsp;Lire la suite &raquo;La M\u00e9tacognition : Un Outil Puissant pour l&rsquo;Apprentissage","og_url":"https:\/\/audreydelaforge.com\/index.php\/2025\/01\/22\/la-metacognition-un-outil-puissant-pour-lapprentissage\/","og_site_name":"Audrey Delaforge, Orthop\u00e9dagogue","article_publisher":"https:\/\/www.facebook.com\/audreycateldelaforge","article_published_time":"2025-01-22T11:19:11+00:00","article_modified_time":"2025-01-22T11:27:43+00:00","og_image":[{"width":1024,"height":1024,"url":"https:\/\/audreydelaforge.com\/wp-content\/uploads\/2025\/01\/DALL\u00b7E-2025-01-22-12.08.30-A-vibrant-illustration-of-a-child-or-teenager-sitting-at-a-desk-with-an-open-book.-Above-their-head-is-a-thought-bubble-containing-symbols-like-a-glow.webp","type":"image\/webp"}],"author":"audrey.catel.delaforge@gmail.com","twitter_card":"summary_large_image","twitter_misc":{"\u00c9crit par":"audrey.catel.delaforge@gmail.com","Dur\u00e9e de lecture estim\u00e9e":"5 minutes"},"schema":{"@context":"https:\/\/schema.org","@graph":[{"@type":"Article","@id":"https:\/\/audreydelaforge.com\/index.php\/2025\/01\/22\/la-metacognition-un-outil-puissant-pour-lapprentissage\/#article","isPartOf":{"@id":"https:\/\/audreydelaforge.com\/index.php\/2025\/01\/22\/la-metacognition-un-outil-puissant-pour-lapprentissage\/"},"author":{"name":"audrey.catel.delaforge@gmail.com","@id":"https:\/\/audreydelaforge.com\/#\/schema\/person\/b44bccc3f328e9802afbab74bb74495d"},"headline":"La M\u00e9tacognition : Un Outil Puissant pour l&rsquo;Apprentissage","datePublished":"2025-01-22T11:19:11+00:00","dateModified":"2025-01-22T11:27:43+00:00","mainEntityOfPage":{"@id":"https:\/\/audreydelaforge.com\/index.php\/2025\/01\/22\/la-metacognition-un-outil-puissant-pour-lapprentissage\/"},"wordCount":1030,"publisher":{"@id":"https:\/\/audreydelaforge.com\/#organization"},"image":{"@id":"https:\/\/audreydelaforge.com\/index.php\/2025\/01\/22\/la-metacognition-un-outil-puissant-pour-lapprentissage\/#primaryimage"},"thumbnailUrl":"https:\/\/audreydelaforge.com\/wp-content\/uploads\/2025\/01\/DALL\u00b7E-2025-01-22-12.08.30-A-vibrant-illustration-of-a-child-or-teenager-sitting-at-a-desk-with-an-open-book.-Above-their-head-is-a-thought-bubble-containing-symbols-like-a-glow.webp","articleSection":["Orthop\u00e9dagogie","Uncategorized"],"inLanguage":"fr-FR"},{"@type":"WebPage","@id":"https:\/\/audreydelaforge.com\/index.php\/2025\/01\/22\/la-metacognition-un-outil-puissant-pour-lapprentissage\/","url":"https:\/\/audreydelaforge.com\/index.php\/2025\/01\/22\/la-metacognition-un-outil-puissant-pour-lapprentissage\/","name":"La M\u00e9tacognition : Un Outil Puissant pour l'Apprentissage ~ Audrey Delaforge, Orthop\u00e9dagogue","isPartOf":{"@id":"https:\/\/audreydelaforge.com\/#website"},"primaryImageOfPage":{"@id":"https:\/\/audreydelaforge.com\/index.php\/2025\/01\/22\/la-metacognition-un-outil-puissant-pour-lapprentissage\/#primaryimage"},"image":{"@id":"https:\/\/audreydelaforge.com\/index.php\/2025\/01\/22\/la-metacognition-un-outil-puissant-pour-lapprentissage\/#primaryimage"},"thumbnailUrl":"https:\/\/audreydelaforge.com\/wp-content\/uploads\/2025\/01\/DALL\u00b7E-2025-01-22-12.08.30-A-vibrant-illustration-of-a-child-or-teenager-sitting-at-a-desk-with-an-open-book.-Above-their-head-is-a-thought-bubble-containing-symbols-like-a-glow.webp","datePublished":"2025-01-22T11:19:11+00:00","dateModified":"2025-01-22T11:27:43+00:00","breadcrumb":{"@id":"https:\/\/audreydelaforge.com\/index.php\/2025\/01\/22\/la-metacognition-un-outil-puissant-pour-lapprentissage\/#breadcrumb"},"inLanguage":"fr-FR","potentialAction":[{"@type":"ReadAction","target":["https:\/\/audreydelaforge.com\/index.php\/2025\/01\/22\/la-metacognition-un-outil-puissant-pour-lapprentissage\/"]}]},{"@type":"ImageObject","inLanguage":"fr-FR","@id":"https:\/\/audreydelaforge.com\/index.php\/2025\/01\/22\/la-metacognition-un-outil-puissant-pour-lapprentissage\/#primaryimage","url":"https:\/\/audreydelaforge.com\/wp-content\/uploads\/2025\/01\/DALL\u00b7E-2025-01-22-12.08.30-A-vibrant-illustration-of-a-child-or-teenager-sitting-at-a-desk-with-an-open-book.-Above-their-head-is-a-thought-bubble-containing-symbols-like-a-glow.webp","contentUrl":"https:\/\/audreydelaforge.com\/wp-content\/uploads\/2025\/01\/DALL\u00b7E-2025-01-22-12.08.30-A-vibrant-illustration-of-a-child-or-teenager-sitting-at-a-desk-with-an-open-book.-Above-their-head-is-a-thought-bubble-containing-symbols-like-a-glow.webp","width":1024,"height":1024},{"@type":"BreadcrumbList","@id":"https:\/\/audreydelaforge.com\/index.php\/2025\/01\/22\/la-metacognition-un-outil-puissant-pour-lapprentissage\/#breadcrumb","itemListElement":[{"@type":"ListItem","position":1,"name":"Accueil","item":"https:\/\/audreydelaforge.com\/"},{"@type":"ListItem","position":2,"name":"La M\u00e9tacognition : Un Outil Puissant pour l&rsquo;Apprentissage"}]},{"@type":"WebSite","@id":"https:\/\/audreydelaforge.com\/#website","url":"https:\/\/audreydelaforge.com\/","name":"Audrey Delaforge, Orthop\u00e9dagogue","description":"L&#039;apprenant au centre du savoir","publisher":{"@id":"https:\/\/audreydelaforge.com\/#organization"},"potentialAction":[{"@type":"SearchAction","target":{"@type":"EntryPoint","urlTemplate":"https:\/\/audreydelaforge.com\/?s={search_term_string}"},"query-input":{"@type":"PropertyValueSpecification","valueRequired":true,"valueName":"search_term_string"}}],"inLanguage":"fr-FR"},{"@type":"Organization","@id":"https:\/\/audreydelaforge.com\/#organization","name":"Audrey Delaforge, Orthop\u00e9dagogue","url":"https:\/\/audreydelaforge.com\/","logo":{"@type":"ImageObject","inLanguage":"fr-FR","@id":"https:\/\/audreydelaforge.com\/#\/schema\/logo\/image\/","url":"https:\/\/audreydelaforge.com\/wp-content\/uploads\/2022\/06\/Logo-orange-noir-avec-Audrey-1.png","contentUrl":"https:\/\/audreydelaforge.com\/wp-content\/uploads\/2022\/06\/Logo-orange-noir-avec-Audrey-1.png","width":500,"height":500,"caption":"Audrey Delaforge, Orthop\u00e9dagogue"},"image":{"@id":"https:\/\/audreydelaforge.com\/#\/schema\/logo\/image\/"},"sameAs":["https:\/\/www.facebook.com\/audreycateldelaforge","https:\/\/www.linkedin.com\/in\/audrey-catel-delaforge","https:\/\/www.instagram.com\/audrey_delaforge\/"]},{"@type":"Person","@id":"https:\/\/audreydelaforge.com\/#\/schema\/person\/b44bccc3f328e9802afbab74bb74495d","name":"audrey.catel.delaforge@gmail.com","image":{"@type":"ImageObject","inLanguage":"fr-FR","@id":"https:\/\/secure.gravatar.com\/avatar\/6d2d46023ee8ab957213dcdb0ea8dc964f367c205b281a7f789f0eb314dfafbf?s=96&d=mm&r=g","url":"https:\/\/secure.gravatar.com\/avatar\/6d2d46023ee8ab957213dcdb0ea8dc964f367c205b281a7f789f0eb314dfafbf?s=96&d=mm&r=g","contentUrl":"https:\/\/secure.gravatar.com\/avatar\/6d2d46023ee8ab957213dcdb0ea8dc964f367c205b281a7f789f0eb314dfafbf?s=96&d=mm&r=g","caption":"audrey.catel.delaforge@gmail.com"},"sameAs":["http:\/\/audreydelaforge.com"],"url":"https:\/\/audreydelaforge.com\/index.php\/author\/audrey-catel-delaforgegmail-com\/"}]}},"_links":{"self":[{"href":"https:\/\/audreydelaforge.com\/index.php\/wp-json\/wp\/v2\/posts\/1230","targetHints":{"allow":["GET"]}}],"collection":[{"href":"https:\/\/audreydelaforge.com\/index.php\/wp-json\/wp\/v2\/posts"}],"about":[{"href":"https:\/\/audreydelaforge.com\/index.php\/wp-json\/wp\/v2\/types\/post"}],"author":[{"embeddable":true,"href":"https:\/\/audreydelaforge.com\/index.php\/wp-json\/wp\/v2\/users\/1"}],"replies":[{"embeddable":true,"href":"https:\/\/audreydelaforge.com\/index.php\/wp-json\/wp\/v2\/comments?post=1230"}],"version-history":[{"count":0,"href":"https:\/\/audreydelaforge.com\/index.php\/wp-json\/wp\/v2\/posts\/1230\/revisions"}],"wp:featuredmedia":[{"embeddable":true,"href":"https:\/\/audreydelaforge.com\/index.php\/wp-json\/wp\/v2\/media\/1231"}],"wp:attachment":[{"href":"https:\/\/audreydelaforge.com\/index.php\/wp-json\/wp\/v2\/media?parent=1230"}],"wp:term":[{"taxonomy":"category","embeddable":true,"href":"https:\/\/audreydelaforge.com\/index.php\/wp-json\/wp\/v2\/categories?post=1230"},{"taxonomy":"post_tag","embeddable":true,"href":"https:\/\/audreydelaforge.com\/index.php\/wp-json\/wp\/v2\/tags?post=1230"}],"curies":[{"name":"wp","href":"https:\/\/api.w.org\/{rel}","templated":true}]}}