{"id":1247,"date":"2025-02-13T08:35:14","date_gmt":"2025-02-13T08:35:14","guid":{"rendered":"https:\/\/audreydelaforge.com\/?p=1247"},"modified":"2025-02-13T08:35:15","modified_gmt":"2025-02-13T08:35:15","slug":"apprendre-en-bougeant-le-mouvement-au-service-de-leducation","status":"publish","type":"post","link":"https:\/\/audreydelaforge.com\/index.php\/2025\/02\/13\/apprendre-en-bougeant-le-mouvement-au-service-de-leducation\/","title":{"rendered":"Apprendre en bougeant : le mouvement au service de l&rsquo;\u00e9ducation"},"content":{"rendered":"\n<h3 class=\"wp-block-heading\">Un jour, en observant mes \u00e9l\u00e8ves, j&rsquo;ai remarqu\u00e9 que certains semblaient s&rsquo;\u00e9teindre progressivement, luttant contre l&rsquo;ennui et la d\u00e9motivation. Je me suis alors demand\u00e9 : et si le probl\u00e8me venait de notre approche statique de l&rsquo;enseignement ? Et si le mouvement \u00e9tait la cl\u00e9 pour raviver leur enthousiasme et am\u00e9liorer leur apprentissage ?<\/h3>\n\n\n\n<h3 class=\"wp-block-heading\">Les bienfaits du mouvement sur l&rsquo;apprentissage<\/h3>\n\n\n\n<p>Les neurosciences ont largement \u00e9tudi\u00e9 l&rsquo;impact de l&rsquo;activit\u00e9 physique sur le cerveau. Il est d\u00e9sormais prouv\u00e9 que bouger pr\u00e9sente plusieurs avantages pour les apprenants :<\/p>\n\n\n\n<ul class=\"wp-block-list\">\n<li><strong>Stimulation de la m\u00e9moire<\/strong> : L&rsquo;exercice physique favorise la production de prot\u00e9ines qui soutiennent la sant\u00e9 des neurones et facilitent la plasticit\u00e9 synaptique, essentielle pour l&rsquo;apprentissage et la m\u00e9moire.<\/li>\n\n\n\n<li><strong>Am\u00e9lioration de la concentration<\/strong> : L&rsquo;activit\u00e9 physique augmente le flux sanguin vers le cerveau, fournissant plus d&rsquo;oxyg\u00e8ne et de nutriments, ce qui am\u00e9liore la vigilance et la concentration.<\/li>\n\n\n\n<li><strong>R\u00e9duction du stress<\/strong> : Le mouvement lib\u00e8re des endorphines, hormones du bien-\u00eatre, qui aident \u00e0 diminuer l&rsquo;anxi\u00e9t\u00e9 et le stress, cr\u00e9ant un environnement mental propice \u00e0 l&rsquo;apprentissage.<\/li>\n<\/ul>\n\n\n<div class=\"wp-block-image\">\n<figure class=\"aligncenter size-full is-resized\"><img loading=\"lazy\" decoding=\"async\" width=\"918\" height=\"578\" src=\"https:\/\/audreydelaforge.com\/wp-content\/uploads\/2025\/02\/Pourquoi-le-mouvement-est-il-si-efficace-_-visual-selection-2.png\" alt=\"\" class=\"wp-image-1251\" style=\"width:446px;height:auto\" srcset=\"https:\/\/audreydelaforge.com\/wp-content\/uploads\/2025\/02\/Pourquoi-le-mouvement-est-il-si-efficace-_-visual-selection-2.png 918w, https:\/\/audreydelaforge.com\/wp-content\/uploads\/2025\/02\/Pourquoi-le-mouvement-est-il-si-efficace-_-visual-selection-2-300x189.png 300w, https:\/\/audreydelaforge.com\/wp-content\/uploads\/2025\/02\/Pourquoi-le-mouvement-est-il-si-efficace-_-visual-selection-2-768x484.png 768w, https:\/\/audreydelaforge.com\/wp-content\/uploads\/2025\/02\/Pourquoi-le-mouvement-est-il-si-efficace-_-visual-selection-2-600x378.png 600w\" sizes=\"auto, (max-width: 918px) 100vw, 918px\" \/><\/figure>\n<\/div>\n\n\n<h3 class=\"wp-block-heading\">Int\u00e9grer le mouvement dans les pratiques p\u00e9dagogiques<\/h3>\n\n\n\n<p>Incorporer le mouvement dans l&rsquo;\u00e9ducation ne signifie pas simplement ajouter des pauses actives, mais repenser la mani\u00e8re dont nous enseignons. Voici quelques strat\u00e9gies pour y parvenir :<\/p>\n\n\n\n<ol class=\"wp-block-list\">\n<li><strong>Apprentissage en plein air<\/strong> : Organiser des sessions de lecture ou de math\u00e9matiques en ext\u00e9rieur. Par exemple, une s\u00e9ance de lecture en for\u00eat peut non seulement rendre l&rsquo;activit\u00e9 plus agr\u00e9able, mais aussi am\u00e9liorer la compr\u00e9hension et la r\u00e9tention des informations.<\/li>\n\n\n\n<li><strong>Jeux de r\u00f4le et simulations<\/strong> : Encourager les \u00e9l\u00e8ves \u00e0 participer \u00e0 des jeux de r\u00f4le ou \u00e0 des simulations qui n\u00e9cessitent des mouvements physiques, aidant \u00e0 ancrer les concepts appris.<\/li>\n\n\n\n<li><strong>Stations d&rsquo;apprentissage actives<\/strong> : Cr\u00e9er des stations dans la classe o\u00f9 les \u00e9l\u00e8ves peuvent se d\u00e9placer pour accomplir diff\u00e9rentes t\u00e2ches, int\u00e9grant ainsi le mouvement dans le processus d&rsquo;apprentissage.<\/li>\n<\/ol>\n\n\n<div class=\"wp-block-image\">\n<figure class=\"aligncenter size-large is-resized\"><img loading=\"lazy\" decoding=\"async\" width=\"1024\" height=\"559\" src=\"https:\/\/audreydelaforge.com\/wp-content\/uploads\/2025\/02\/Pourquoi-le-mouvement-est-il-si-efficace-_-visual-selection-1-1024x559.png\" alt=\"\" class=\"wp-image-1250\" style=\"width:434px;height:auto\" srcset=\"https:\/\/audreydelaforge.com\/wp-content\/uploads\/2025\/02\/Pourquoi-le-mouvement-est-il-si-efficace-_-visual-selection-1-1024x559.png 1024w, https:\/\/audreydelaforge.com\/wp-content\/uploads\/2025\/02\/Pourquoi-le-mouvement-est-il-si-efficace-_-visual-selection-1-300x164.png 300w, https:\/\/audreydelaforge.com\/wp-content\/uploads\/2025\/02\/Pourquoi-le-mouvement-est-il-si-efficace-_-visual-selection-1-768x419.png 768w, https:\/\/audreydelaforge.com\/wp-content\/uploads\/2025\/02\/Pourquoi-le-mouvement-est-il-si-efficace-_-visual-selection-1-600x328.png 600w, https:\/\/audreydelaforge.com\/wp-content\/uploads\/2025\/02\/Pourquoi-le-mouvement-est-il-si-efficace-_-visual-selection-1.png 1185w\" sizes=\"auto, (max-width: 1024px) 100vw, 1024px\" \/><\/figure>\n<\/div>\n\n\n<h3 class=\"wp-block-heading\">T\u00e9moignage : la lecture en plein air pour les \u00e9l\u00e8ves DYS<\/h3>\n\n\n\n<p>Une orthop\u00e9dagogue a exp\u00e9riment\u00e9 la lecture en plein air avec ses \u00e9l\u00e8ves pr\u00e9sentant des troubles DYS. Les r\u00e9sultats ont \u00e9t\u00e9 impressionnants :<\/p>\n\n\n\n<ul class=\"wp-block-list\">\n<li><strong>Diminution de l&rsquo;anxi\u00e9t\u00e9<\/strong> : L&rsquo;environnement naturel a aid\u00e9 les \u00e9l\u00e8ves \u00e0 se sentir plus d\u00e9tendus, r\u00e9duisant leur anxi\u00e9t\u00e9 li\u00e9e \u00e0 la lecture.<\/li>\n\n\n\n<li><strong>Am\u00e9lioration de la compr\u00e9hension<\/strong> : Le cadre apaisant a permis aux \u00e9l\u00e8ves de mieux se concentrer, am\u00e9liorant ainsi leur compr\u00e9hension des textes.<\/li>\n\n\n\n<li><strong>Augmentation de la motivation<\/strong> : Le changement d&rsquo;environnement a raviv\u00e9 l&rsquo;int\u00e9r\u00eat des \u00e9l\u00e8ves pour la lecture, les rendant plus enthousiastes \u00e0 l&rsquo;id\u00e9e d&rsquo;apprendre.<\/li>\n<\/ul>\n\n\n<div class=\"wp-block-image\">\n<figure class=\"aligncenter size-full is-resized\"><img loading=\"lazy\" decoding=\"async\" width=\"1024\" height=\"1024\" src=\"https:\/\/audreydelaforge.com\/wp-content\/uploads\/2025\/02\/DALL\u00b7E-2025-02-13-08.11.56-An-outdoor-learning-scene-where-a-teacher-and-a-small-group-of-children-are-engaged-in-an-educational-activity-in-a-forest.-The-teacher-is-holding-a-b.webp\" alt=\"\" class=\"wp-image-1249\" style=\"width:216px;height:auto\" srcset=\"https:\/\/audreydelaforge.com\/wp-content\/uploads\/2025\/02\/DALL\u00b7E-2025-02-13-08.11.56-An-outdoor-learning-scene-where-a-teacher-and-a-small-group-of-children-are-engaged-in-an-educational-activity-in-a-forest.-The-teacher-is-holding-a-b.webp 1024w, https:\/\/audreydelaforge.com\/wp-content\/uploads\/2025\/02\/DALL\u00b7E-2025-02-13-08.11.56-An-outdoor-learning-scene-where-a-teacher-and-a-small-group-of-children-are-engaged-in-an-educational-activity-in-a-forest.-The-teacher-is-holding-a-b-300x300.webp 300w, https:\/\/audreydelaforge.com\/wp-content\/uploads\/2025\/02\/DALL\u00b7E-2025-02-13-08.11.56-An-outdoor-learning-scene-where-a-teacher-and-a-small-group-of-children-are-engaged-in-an-educational-activity-in-a-forest.-The-teacher-is-holding-a-b-150x150.webp 150w, https:\/\/audreydelaforge.com\/wp-content\/uploads\/2025\/02\/DALL\u00b7E-2025-02-13-08.11.56-An-outdoor-learning-scene-where-a-teacher-and-a-small-group-of-children-are-engaged-in-an-educational-activity-in-a-forest.-The-teacher-is-holding-a-b-768x768.webp 768w, https:\/\/audreydelaforge.com\/wp-content\/uploads\/2025\/02\/DALL\u00b7E-2025-02-13-08.11.56-An-outdoor-learning-scene-where-a-teacher-and-a-small-group-of-children-are-engaged-in-an-educational-activity-in-a-forest.-The-teacher-is-holding-a-b-600x600.webp 600w, https:\/\/audreydelaforge.com\/wp-content\/uploads\/2025\/02\/DALL\u00b7E-2025-02-13-08.11.56-An-outdoor-learning-scene-where-a-teacher-and-a-small-group-of-children-are-engaged-in-an-educational-activity-in-a-forest.-The-teacher-is-holding-a-b-100x100.webp 100w\" sizes=\"auto, (max-width: 1024px) 100vw, 1024px\" \/><\/figure>\n<\/div>\n\n\n<h3 class=\"wp-block-heading\">Pourquoi le mouvement est-il si efficace ?<\/h3>\n\n\n\n<p>Le mouvement influence positivement le cerveau de plusieurs mani\u00e8res :<\/p>\n\n\n\n<ul class=\"wp-block-list\">\n<li><strong>Lib\u00e9ration de neurotransmetteurs<\/strong> : L&rsquo;activit\u00e9 physique stimule la production de dopamine et de noradr\u00e9naline, qui jouent un r\u00f4le crucial dans l&rsquo;attention et la motivation.<\/li>\n\n\n\n<li><strong>Oxyg\u00e9nation accrue<\/strong> : Bouger augmente le flux sanguin vers le cerveau, am\u00e9liorant l&rsquo;oxyg\u00e9nation et favorisant ainsi la m\u00e9moire et la cognition.<\/li>\n\n\n\n<li><strong>R\u00e9duction du cortisol<\/strong> : L&rsquo;exercice r\u00e9duit les niveaux de cortisol, l&rsquo;hormone du stress, cr\u00e9ant un \u00e9tat mental plus propice \u00e0 l&rsquo;apprentissage.<\/li>\n<\/ul>\n\n\n<div class=\"wp-block-image\">\n<figure class=\"aligncenter size-large is-resized\"><img loading=\"lazy\" decoding=\"async\" width=\"1024\" height=\"809\" src=\"https:\/\/audreydelaforge.com\/wp-content\/uploads\/2025\/02\/Pourquoi-le-mouvement-est-il-si-efficace-_-visual-selection-1024x809.png\" alt=\"\" class=\"wp-image-1248\" style=\"width:548px;height:auto\" srcset=\"https:\/\/audreydelaforge.com\/wp-content\/uploads\/2025\/02\/Pourquoi-le-mouvement-est-il-si-efficace-_-visual-selection-1024x809.png 1024w, https:\/\/audreydelaforge.com\/wp-content\/uploads\/2025\/02\/Pourquoi-le-mouvement-est-il-si-efficace-_-visual-selection-300x237.png 300w, https:\/\/audreydelaforge.com\/wp-content\/uploads\/2025\/02\/Pourquoi-le-mouvement-est-il-si-efficace-_-visual-selection-768x607.png 768w, https:\/\/audreydelaforge.com\/wp-content\/uploads\/2025\/02\/Pourquoi-le-mouvement-est-il-si-efficace-_-visual-selection-600x474.png 600w, https:\/\/audreydelaforge.com\/wp-content\/uploads\/2025\/02\/Pourquoi-le-mouvement-est-il-si-efficace-_-visual-selection.png 1038w\" sizes=\"auto, (max-width: 1024px) 100vw, 1024px\" \/><\/figure>\n<\/div>\n\n\n<h3 class=\"wp-block-heading\">Conseils pratiques pour int\u00e9grer le mouvement<\/h3>\n\n\n\n<p>Pour les enseignants et les parents souhaitant incorporer le mouvement dans les activit\u00e9s d&rsquo;apprentissage, voici quelques suggestions :<\/p>\n\n\n\n<ul class=\"wp-block-list\">\n<li><strong>Lecture en marchant<\/strong> : Encourager les \u00e9l\u00e8ves \u00e0 lire \u00e0 voix haute tout en se d\u00e9pla\u00e7ant peut aider \u00e0 am\u00e9liorer la fluidit\u00e9 de la lecture et la concentration.<\/li>\n\n\n\n<li><strong>Jeux de piste math\u00e9matiques<\/strong> : Cr\u00e9er des chasses au tr\u00e9sor ou des jeux de piste qui int\u00e8grent des probl\u00e8mes math\u00e9matiques \u00e0 r\u00e9soudre \u00e0 chaque \u00e9tape.<\/li>\n\n\n\n<li><strong>Dict\u00e9es actives<\/strong> : Placer des mots ou des phrases autour de la salle de classe ou de la maison, et demander aux \u00e9l\u00e8ves de se d\u00e9placer pour les trouver avant de les \u00e9crire.<\/li>\n<\/ul>\n\n\n\n<h3 class=\"wp-block-heading\">Liens avec des articles pr\u00e9c\u00e9dents<\/h3>\n\n\n\n<p>Pour approfondir le sujet, vous pouvez consulter ces articles sur mon blog :<\/p>\n\n\n\n<ul class=\"wp-block-list\">\n<li><strong><a href=\"https:\/\/audreydelaforge.com\/index.php\/2023\/02\/14\/la-creativite-au-service-de-la-reussite-de-tous-les-apprenants\/\">La cr\u00e9ativit\u00e9 au service de la r\u00e9ussite de tous les apprenants<\/a><\/strong> : Cet article explore comment des approches cr\u00e9atives, y compris l&rsquo;int\u00e9gration du mouvement, peuvent am\u00e9liorer l&rsquo;apprentissage.<\/li>\n\n\n\n<li><strong><a href=\"https:\/\/audreydelaforge.com\/index.php\/2023\/03\/07\/la-carte-mentale-un-outil-a-la-mode-ou-un-outil-reellement-efficace\/\">La carte mentale : un outil \u00e0 la mode ou un outil r\u00e9ellement efficace ?<\/a><\/strong> : D\u00e9couvrez comment les cartes mentales, souvent cr\u00e9\u00e9es de mani\u00e8re dynamique, peuvent faciliter la compr\u00e9hension et la m\u00e9morisation.<\/li>\n\n\n\n<li><strong><a href=\"https:\/\/audreydelaforge.com\/index.php\/2023\/01\/29\/un-poste-de-travail-range-et-organise-pour-travailler-efficacement\/\">Un poste de travail rang\u00e9 et organis\u00e9 pour travailler efficacement<\/a><\/strong> : Un environnement organis\u00e9 peut compl\u00e9ter les bienfaits du mouvement en r\u00e9duisant le stress et en am\u00e9liorant la concentration.<\/li>\n<\/ul>\n\n\n\n<p>Int\u00e9grer le mouvement dans l&rsquo;apprentissage offre une approche dynamique et efficace pour am\u00e9liorer la motivation, la concentration et la r\u00e9ussite des \u00e9l\u00e8ves. En repensant nos m\u00e9thodes p\u00e9dagogiques pour inclure davantage d&rsquo;activit\u00e9s physiques, nous pouvons cr\u00e9er un environnement<\/p>\n\n\n<div class=\"wp-block-image\">\n<figure class=\"aligncenter size-full is-resized\"><img loading=\"lazy\" decoding=\"async\" width=\"1024\" height=\"1024\" src=\"https:\/\/audreydelaforge.com\/wp-content\/uploads\/2025\/02\/DALL\u00b7E-2025-02-13-09.33.13-A-dynamic-classroom-where-students-are-actively-engaged-in-learning-through-movement.-The-scene-includes-students-participating-in-various-activities-.webp\" alt=\"\" class=\"wp-image-1252\" style=\"width:293px;height:auto\" srcset=\"https:\/\/audreydelaforge.com\/wp-content\/uploads\/2025\/02\/DALL\u00b7E-2025-02-13-09.33.13-A-dynamic-classroom-where-students-are-actively-engaged-in-learning-through-movement.-The-scene-includes-students-participating-in-various-activities-.webp 1024w, https:\/\/audreydelaforge.com\/wp-content\/uploads\/2025\/02\/DALL\u00b7E-2025-02-13-09.33.13-A-dynamic-classroom-where-students-are-actively-engaged-in-learning-through-movement.-The-scene-includes-students-participating-in-various-activities--300x300.webp 300w, https:\/\/audreydelaforge.com\/wp-content\/uploads\/2025\/02\/DALL\u00b7E-2025-02-13-09.33.13-A-dynamic-classroom-where-students-are-actively-engaged-in-learning-through-movement.-The-scene-includes-students-participating-in-various-activities--150x150.webp 150w, https:\/\/audreydelaforge.com\/wp-content\/uploads\/2025\/02\/DALL\u00b7E-2025-02-13-09.33.13-A-dynamic-classroom-where-students-are-actively-engaged-in-learning-through-movement.-The-scene-includes-students-participating-in-various-activities--768x768.webp 768w, https:\/\/audreydelaforge.com\/wp-content\/uploads\/2025\/02\/DALL\u00b7E-2025-02-13-09.33.13-A-dynamic-classroom-where-students-are-actively-engaged-in-learning-through-movement.-The-scene-includes-students-participating-in-various-activities--600x600.webp 600w, https:\/\/audreydelaforge.com\/wp-content\/uploads\/2025\/02\/DALL\u00b7E-2025-02-13-09.33.13-A-dynamic-classroom-where-students-are-actively-engaged-in-learning-through-movement.-The-scene-includes-students-participating-in-various-activities--100x100.webp 100w\" sizes=\"auto, (max-width: 1024px) 100vw, 1024px\" \/><\/figure>\n<\/div>","protected":false},"excerpt":{"rendered":"<p>Un jour, en observant mes \u00e9l\u00e8ves, j&rsquo;ai remarqu\u00e9 que certains semblaient s&rsquo;\u00e9teindre progressivement, luttant contre l&rsquo;ennui et la d\u00e9motivation. Je me suis alors demand\u00e9 : et si le probl\u00e8me venait de notre approche statique de l&rsquo;enseignement ? Et si le mouvement \u00e9tait la cl\u00e9 pour raviver leur enthousiasme et am\u00e9liorer leur apprentissage ? Les bienfaits&hellip;&nbsp;<a href=\"https:\/\/audreydelaforge.com\/index.php\/2025\/02\/13\/apprendre-en-bougeant-le-mouvement-au-service-de-leducation\/\" rel=\"bookmark\">Lire la suite &raquo;<span class=\"screen-reader-text\">Apprendre en bougeant : le mouvement au service de l&rsquo;\u00e9ducation<\/span><\/a><\/p>\n","protected":false},"author":1,"featured_media":1249,"comment_status":"closed","ping_status":"open","sticky":false,"template":"","format":"standard","meta":{"om_disable_all_campaigns":false,"neve_meta_sidebar":"","neve_meta_container":"","neve_meta_enable_content_width":"","neve_meta_content_width":0,"neve_meta_title_alignment":"","neve_meta_author_avatar":"","neve_post_elements_order":"","neve_meta_disable_header":"","neve_meta_disable_footer":"","neve_meta_disable_title":"","footnotes":""},"categories":[19],"tags":[],"class_list":["post-1247","post","type-post","status-publish","format-standard","has-post-thumbnail","hentry","category-orthopedagogie"],"yoast_head":"<!-- This site is optimized with the Yoast SEO plugin v27.5 - https:\/\/yoast.com\/product\/yoast-seo-wordpress\/ -->\n<title>Apprendre en bougeant : le mouvement au service de l&#039;\u00e9ducation ~ Audrey Delaforge, Orthop\u00e9dagogue<\/title>\n<meta name=\"robots\" content=\"index, follow, max-snippet:-1, max-image-preview:large, max-video-preview:-1\" \/>\n<link rel=\"canonical\" href=\"https:\/\/audreydelaforge.com\/index.php\/2025\/02\/13\/apprendre-en-bougeant-le-mouvement-au-service-de-leducation\/\" \/>\n<meta property=\"og:locale\" content=\"fr_FR\" \/>\n<meta property=\"og:type\" content=\"article\" \/>\n<meta property=\"og:title\" content=\"Apprendre en bougeant : le mouvement au service de l&#039;\u00e9ducation ~ Audrey Delaforge, Orthop\u00e9dagogue\" \/>\n<meta property=\"og:description\" content=\"Un jour, en observant mes \u00e9l\u00e8ves, j&rsquo;ai remarqu\u00e9 que certains semblaient s&rsquo;\u00e9teindre progressivement, luttant contre l&rsquo;ennui et la d\u00e9motivation. Je me suis alors demand\u00e9 : et si le probl\u00e8me venait de notre approche statique de l&rsquo;enseignement ? Et si le mouvement \u00e9tait la cl\u00e9 pour raviver leur enthousiasme et am\u00e9liorer leur apprentissage ? Les bienfaits&hellip;&nbsp;Lire la suite &raquo;Apprendre en bougeant : le mouvement au service de l&rsquo;\u00e9ducation\" \/>\n<meta property=\"og:url\" content=\"https:\/\/audreydelaforge.com\/index.php\/2025\/02\/13\/apprendre-en-bougeant-le-mouvement-au-service-de-leducation\/\" \/>\n<meta property=\"og:site_name\" content=\"Audrey Delaforge, Orthop\u00e9dagogue\" \/>\n<meta property=\"article:publisher\" content=\"https:\/\/www.facebook.com\/audreycateldelaforge\" \/>\n<meta property=\"article:published_time\" content=\"2025-02-13T08:35:14+00:00\" \/>\n<meta property=\"article:modified_time\" content=\"2025-02-13T08:35:15+00:00\" \/>\n<meta property=\"og:image\" content=\"https:\/\/audreydelaforge.com\/wp-content\/uploads\/2025\/02\/DALL\u00b7E-2025-02-13-08.11.56-An-outdoor-learning-scene-where-a-teacher-and-a-small-group-of-children-are-engaged-in-an-educational-activity-in-a-forest.-The-teacher-is-holding-a-b.webp\" \/>\n\t<meta property=\"og:image:width\" content=\"1024\" \/>\n\t<meta property=\"og:image:height\" content=\"1024\" \/>\n\t<meta property=\"og:image:type\" content=\"image\/webp\" \/>\n<meta name=\"author\" content=\"audrey.catel.delaforge@gmail.com\" \/>\n<meta name=\"twitter:card\" content=\"summary_large_image\" \/>\n<meta name=\"twitter:label1\" content=\"\u00c9crit par\" \/>\n\t<meta name=\"twitter:data1\" content=\"audrey.catel.delaforge@gmail.com\" \/>\n\t<meta name=\"twitter:label2\" content=\"Dur\u00e9e de lecture estim\u00e9e\" \/>\n\t<meta name=\"twitter:data2\" content=\"4 minutes\" \/>\n<script type=\"application\/ld+json\" class=\"yoast-schema-graph\">{\"@context\":\"https:\\\/\\\/schema.org\",\"@graph\":[{\"@type\":\"Article\",\"@id\":\"https:\\\/\\\/audreydelaforge.com\\\/index.php\\\/2025\\\/02\\\/13\\\/apprendre-en-bougeant-le-mouvement-au-service-de-leducation\\\/#article\",\"isPartOf\":{\"@id\":\"https:\\\/\\\/audreydelaforge.com\\\/index.php\\\/2025\\\/02\\\/13\\\/apprendre-en-bougeant-le-mouvement-au-service-de-leducation\\\/\"},\"author\":{\"name\":\"audrey.catel.delaforge@gmail.com\",\"@id\":\"https:\\\/\\\/audreydelaforge.com\\\/#\\\/schema\\\/person\\\/b44bccc3f328e9802afbab74bb74495d\"},\"headline\":\"Apprendre en bougeant : le mouvement au service de l&rsquo;\u00e9ducation\",\"datePublished\":\"2025-02-13T08:35:14+00:00\",\"dateModified\":\"2025-02-13T08:35:15+00:00\",\"mainEntityOfPage\":{\"@id\":\"https:\\\/\\\/audreydelaforge.com\\\/index.php\\\/2025\\\/02\\\/13\\\/apprendre-en-bougeant-le-mouvement-au-service-de-leducation\\\/\"},\"wordCount\":847,\"publisher\":{\"@id\":\"https:\\\/\\\/audreydelaforge.com\\\/#organization\"},\"image\":{\"@id\":\"https:\\\/\\\/audreydelaforge.com\\\/index.php\\\/2025\\\/02\\\/13\\\/apprendre-en-bougeant-le-mouvement-au-service-de-leducation\\\/#primaryimage\"},\"thumbnailUrl\":\"https:\\\/\\\/audreydelaforge.com\\\/wp-content\\\/uploads\\\/2025\\\/02\\\/DALL\u00b7E-2025-02-13-08.11.56-An-outdoor-learning-scene-where-a-teacher-and-a-small-group-of-children-are-engaged-in-an-educational-activity-in-a-forest.-The-teacher-is-holding-a-b.webp\",\"articleSection\":[\"Orthop\u00e9dagogie\"],\"inLanguage\":\"fr-FR\"},{\"@type\":\"WebPage\",\"@id\":\"https:\\\/\\\/audreydelaforge.com\\\/index.php\\\/2025\\\/02\\\/13\\\/apprendre-en-bougeant-le-mouvement-au-service-de-leducation\\\/\",\"url\":\"https:\\\/\\\/audreydelaforge.com\\\/index.php\\\/2025\\\/02\\\/13\\\/apprendre-en-bougeant-le-mouvement-au-service-de-leducation\\\/\",\"name\":\"Apprendre en bougeant : le mouvement au service de l'\u00e9ducation ~ Audrey Delaforge, Orthop\u00e9dagogue\",\"isPartOf\":{\"@id\":\"https:\\\/\\\/audreydelaforge.com\\\/#website\"},\"primaryImageOfPage\":{\"@id\":\"https:\\\/\\\/audreydelaforge.com\\\/index.php\\\/2025\\\/02\\\/13\\\/apprendre-en-bougeant-le-mouvement-au-service-de-leducation\\\/#primaryimage\"},\"image\":{\"@id\":\"https:\\\/\\\/audreydelaforge.com\\\/index.php\\\/2025\\\/02\\\/13\\\/apprendre-en-bougeant-le-mouvement-au-service-de-leducation\\\/#primaryimage\"},\"thumbnailUrl\":\"https:\\\/\\\/audreydelaforge.com\\\/wp-content\\\/uploads\\\/2025\\\/02\\\/DALL\u00b7E-2025-02-13-08.11.56-An-outdoor-learning-scene-where-a-teacher-and-a-small-group-of-children-are-engaged-in-an-educational-activity-in-a-forest.-The-teacher-is-holding-a-b.webp\",\"datePublished\":\"2025-02-13T08:35:14+00:00\",\"dateModified\":\"2025-02-13T08:35:15+00:00\",\"breadcrumb\":{\"@id\":\"https:\\\/\\\/audreydelaforge.com\\\/index.php\\\/2025\\\/02\\\/13\\\/apprendre-en-bougeant-le-mouvement-au-service-de-leducation\\\/#breadcrumb\"},\"inLanguage\":\"fr-FR\",\"potentialAction\":[{\"@type\":\"ReadAction\",\"target\":[\"https:\\\/\\\/audreydelaforge.com\\\/index.php\\\/2025\\\/02\\\/13\\\/apprendre-en-bougeant-le-mouvement-au-service-de-leducation\\\/\"]}]},{\"@type\":\"ImageObject\",\"inLanguage\":\"fr-FR\",\"@id\":\"https:\\\/\\\/audreydelaforge.com\\\/index.php\\\/2025\\\/02\\\/13\\\/apprendre-en-bougeant-le-mouvement-au-service-de-leducation\\\/#primaryimage\",\"url\":\"https:\\\/\\\/audreydelaforge.com\\\/wp-content\\\/uploads\\\/2025\\\/02\\\/DALL\u00b7E-2025-02-13-08.11.56-An-outdoor-learning-scene-where-a-teacher-and-a-small-group-of-children-are-engaged-in-an-educational-activity-in-a-forest.-The-teacher-is-holding-a-b.webp\",\"contentUrl\":\"https:\\\/\\\/audreydelaforge.com\\\/wp-content\\\/uploads\\\/2025\\\/02\\\/DALL\u00b7E-2025-02-13-08.11.56-An-outdoor-learning-scene-where-a-teacher-and-a-small-group-of-children-are-engaged-in-an-educational-activity-in-a-forest.-The-teacher-is-holding-a-b.webp\",\"width\":1024,\"height\":1024},{\"@type\":\"BreadcrumbList\",\"@id\":\"https:\\\/\\\/audreydelaforge.com\\\/index.php\\\/2025\\\/02\\\/13\\\/apprendre-en-bougeant-le-mouvement-au-service-de-leducation\\\/#breadcrumb\",\"itemListElement\":[{\"@type\":\"ListItem\",\"position\":1,\"name\":\"Accueil\",\"item\":\"https:\\\/\\\/audreydelaforge.com\\\/\"},{\"@type\":\"ListItem\",\"position\":2,\"name\":\"Apprendre en bougeant : le mouvement au service de l&rsquo;\u00e9ducation\"}]},{\"@type\":\"WebSite\",\"@id\":\"https:\\\/\\\/audreydelaforge.com\\\/#website\",\"url\":\"https:\\\/\\\/audreydelaforge.com\\\/\",\"name\":\"Audrey Delaforge, Orthop\u00e9dagogue\",\"description\":\"L&#039;apprenant au centre du savoir\",\"publisher\":{\"@id\":\"https:\\\/\\\/audreydelaforge.com\\\/#organization\"},\"potentialAction\":[{\"@type\":\"SearchAction\",\"target\":{\"@type\":\"EntryPoint\",\"urlTemplate\":\"https:\\\/\\\/audreydelaforge.com\\\/?s={search_term_string}\"},\"query-input\":{\"@type\":\"PropertyValueSpecification\",\"valueRequired\":true,\"valueName\":\"search_term_string\"}}],\"inLanguage\":\"fr-FR\"},{\"@type\":\"Organization\",\"@id\":\"https:\\\/\\\/audreydelaforge.com\\\/#organization\",\"name\":\"Audrey Delaforge, Orthop\u00e9dagogue\",\"url\":\"https:\\\/\\\/audreydelaforge.com\\\/\",\"logo\":{\"@type\":\"ImageObject\",\"inLanguage\":\"fr-FR\",\"@id\":\"https:\\\/\\\/audreydelaforge.com\\\/#\\\/schema\\\/logo\\\/image\\\/\",\"url\":\"https:\\\/\\\/audreydelaforge.com\\\/wp-content\\\/uploads\\\/2022\\\/06\\\/Logo-orange-noir-avec-Audrey-1.png\",\"contentUrl\":\"https:\\\/\\\/audreydelaforge.com\\\/wp-content\\\/uploads\\\/2022\\\/06\\\/Logo-orange-noir-avec-Audrey-1.png\",\"width\":500,\"height\":500,\"caption\":\"Audrey Delaforge, Orthop\u00e9dagogue\"},\"image\":{\"@id\":\"https:\\\/\\\/audreydelaforge.com\\\/#\\\/schema\\\/logo\\\/image\\\/\"},\"sameAs\":[\"https:\\\/\\\/www.facebook.com\\\/audreycateldelaforge\",\"https:\\\/\\\/www.linkedin.com\\\/in\\\/audrey-catel-delaforge\",\"https:\\\/\\\/www.instagram.com\\\/audrey_delaforge\\\/\"]},{\"@type\":\"Person\",\"@id\":\"https:\\\/\\\/audreydelaforge.com\\\/#\\\/schema\\\/person\\\/b44bccc3f328e9802afbab74bb74495d\",\"name\":\"audrey.catel.delaforge@gmail.com\",\"image\":{\"@type\":\"ImageObject\",\"inLanguage\":\"fr-FR\",\"@id\":\"https:\\\/\\\/secure.gravatar.com\\\/avatar\\\/6d2d46023ee8ab957213dcdb0ea8dc964f367c205b281a7f789f0eb314dfafbf?s=96&d=mm&r=g\",\"url\":\"https:\\\/\\\/secure.gravatar.com\\\/avatar\\\/6d2d46023ee8ab957213dcdb0ea8dc964f367c205b281a7f789f0eb314dfafbf?s=96&d=mm&r=g\",\"contentUrl\":\"https:\\\/\\\/secure.gravatar.com\\\/avatar\\\/6d2d46023ee8ab957213dcdb0ea8dc964f367c205b281a7f789f0eb314dfafbf?s=96&d=mm&r=g\",\"caption\":\"audrey.catel.delaforge@gmail.com\"},\"sameAs\":[\"http:\\\/\\\/audreydelaforge.com\"],\"url\":\"https:\\\/\\\/audreydelaforge.com\\\/index.php\\\/author\\\/audrey-catel-delaforgegmail-com\\\/\"}]}<\/script>\n<!-- \/ Yoast SEO plugin. -->","yoast_head_json":{"title":"Apprendre en bougeant : le mouvement au service de l'\u00e9ducation ~ Audrey Delaforge, Orthop\u00e9dagogue","robots":{"index":"index","follow":"follow","max-snippet":"max-snippet:-1","max-image-preview":"max-image-preview:large","max-video-preview":"max-video-preview:-1"},"canonical":"https:\/\/audreydelaforge.com\/index.php\/2025\/02\/13\/apprendre-en-bougeant-le-mouvement-au-service-de-leducation\/","og_locale":"fr_FR","og_type":"article","og_title":"Apprendre en bougeant : le mouvement au service de l'\u00e9ducation ~ Audrey Delaforge, Orthop\u00e9dagogue","og_description":"Un jour, en observant mes \u00e9l\u00e8ves, j&rsquo;ai remarqu\u00e9 que certains semblaient s&rsquo;\u00e9teindre progressivement, luttant contre l&rsquo;ennui et la d\u00e9motivation. Je me suis alors demand\u00e9 : et si le probl\u00e8me venait de notre approche statique de l&rsquo;enseignement ? Et si le mouvement \u00e9tait la cl\u00e9 pour raviver leur enthousiasme et am\u00e9liorer leur apprentissage ? Les bienfaits&hellip;&nbsp;Lire la suite &raquo;Apprendre en bougeant : le mouvement au service de l&rsquo;\u00e9ducation","og_url":"https:\/\/audreydelaforge.com\/index.php\/2025\/02\/13\/apprendre-en-bougeant-le-mouvement-au-service-de-leducation\/","og_site_name":"Audrey Delaforge, Orthop\u00e9dagogue","article_publisher":"https:\/\/www.facebook.com\/audreycateldelaforge","article_published_time":"2025-02-13T08:35:14+00:00","article_modified_time":"2025-02-13T08:35:15+00:00","og_image":[{"width":1024,"height":1024,"url":"https:\/\/audreydelaforge.com\/wp-content\/uploads\/2025\/02\/DALL\u00b7E-2025-02-13-08.11.56-An-outdoor-learning-scene-where-a-teacher-and-a-small-group-of-children-are-engaged-in-an-educational-activity-in-a-forest.-The-teacher-is-holding-a-b.webp","type":"image\/webp"}],"author":"audrey.catel.delaforge@gmail.com","twitter_card":"summary_large_image","twitter_misc":{"\u00c9crit par":"audrey.catel.delaforge@gmail.com","Dur\u00e9e de lecture estim\u00e9e":"4 minutes"},"schema":{"@context":"https:\/\/schema.org","@graph":[{"@type":"Article","@id":"https:\/\/audreydelaforge.com\/index.php\/2025\/02\/13\/apprendre-en-bougeant-le-mouvement-au-service-de-leducation\/#article","isPartOf":{"@id":"https:\/\/audreydelaforge.com\/index.php\/2025\/02\/13\/apprendre-en-bougeant-le-mouvement-au-service-de-leducation\/"},"author":{"name":"audrey.catel.delaforge@gmail.com","@id":"https:\/\/audreydelaforge.com\/#\/schema\/person\/b44bccc3f328e9802afbab74bb74495d"},"headline":"Apprendre en bougeant : le mouvement au service de l&rsquo;\u00e9ducation","datePublished":"2025-02-13T08:35:14+00:00","dateModified":"2025-02-13T08:35:15+00:00","mainEntityOfPage":{"@id":"https:\/\/audreydelaforge.com\/index.php\/2025\/02\/13\/apprendre-en-bougeant-le-mouvement-au-service-de-leducation\/"},"wordCount":847,"publisher":{"@id":"https:\/\/audreydelaforge.com\/#organization"},"image":{"@id":"https:\/\/audreydelaforge.com\/index.php\/2025\/02\/13\/apprendre-en-bougeant-le-mouvement-au-service-de-leducation\/#primaryimage"},"thumbnailUrl":"https:\/\/audreydelaforge.com\/wp-content\/uploads\/2025\/02\/DALL\u00b7E-2025-02-13-08.11.56-An-outdoor-learning-scene-where-a-teacher-and-a-small-group-of-children-are-engaged-in-an-educational-activity-in-a-forest.-The-teacher-is-holding-a-b.webp","articleSection":["Orthop\u00e9dagogie"],"inLanguage":"fr-FR"},{"@type":"WebPage","@id":"https:\/\/audreydelaforge.com\/index.php\/2025\/02\/13\/apprendre-en-bougeant-le-mouvement-au-service-de-leducation\/","url":"https:\/\/audreydelaforge.com\/index.php\/2025\/02\/13\/apprendre-en-bougeant-le-mouvement-au-service-de-leducation\/","name":"Apprendre en bougeant : le mouvement au service de l'\u00e9ducation ~ Audrey Delaforge, Orthop\u00e9dagogue","isPartOf":{"@id":"https:\/\/audreydelaforge.com\/#website"},"primaryImageOfPage":{"@id":"https:\/\/audreydelaforge.com\/index.php\/2025\/02\/13\/apprendre-en-bougeant-le-mouvement-au-service-de-leducation\/#primaryimage"},"image":{"@id":"https:\/\/audreydelaforge.com\/index.php\/2025\/02\/13\/apprendre-en-bougeant-le-mouvement-au-service-de-leducation\/#primaryimage"},"thumbnailUrl":"https:\/\/audreydelaforge.com\/wp-content\/uploads\/2025\/02\/DALL\u00b7E-2025-02-13-08.11.56-An-outdoor-learning-scene-where-a-teacher-and-a-small-group-of-children-are-engaged-in-an-educational-activity-in-a-forest.-The-teacher-is-holding-a-b.webp","datePublished":"2025-02-13T08:35:14+00:00","dateModified":"2025-02-13T08:35:15+00:00","breadcrumb":{"@id":"https:\/\/audreydelaforge.com\/index.php\/2025\/02\/13\/apprendre-en-bougeant-le-mouvement-au-service-de-leducation\/#breadcrumb"},"inLanguage":"fr-FR","potentialAction":[{"@type":"ReadAction","target":["https:\/\/audreydelaforge.com\/index.php\/2025\/02\/13\/apprendre-en-bougeant-le-mouvement-au-service-de-leducation\/"]}]},{"@type":"ImageObject","inLanguage":"fr-FR","@id":"https:\/\/audreydelaforge.com\/index.php\/2025\/02\/13\/apprendre-en-bougeant-le-mouvement-au-service-de-leducation\/#primaryimage","url":"https:\/\/audreydelaforge.com\/wp-content\/uploads\/2025\/02\/DALL\u00b7E-2025-02-13-08.11.56-An-outdoor-learning-scene-where-a-teacher-and-a-small-group-of-children-are-engaged-in-an-educational-activity-in-a-forest.-The-teacher-is-holding-a-b.webp","contentUrl":"https:\/\/audreydelaforge.com\/wp-content\/uploads\/2025\/02\/DALL\u00b7E-2025-02-13-08.11.56-An-outdoor-learning-scene-where-a-teacher-and-a-small-group-of-children-are-engaged-in-an-educational-activity-in-a-forest.-The-teacher-is-holding-a-b.webp","width":1024,"height":1024},{"@type":"BreadcrumbList","@id":"https:\/\/audreydelaforge.com\/index.php\/2025\/02\/13\/apprendre-en-bougeant-le-mouvement-au-service-de-leducation\/#breadcrumb","itemListElement":[{"@type":"ListItem","position":1,"name":"Accueil","item":"https:\/\/audreydelaforge.com\/"},{"@type":"ListItem","position":2,"name":"Apprendre en bougeant : le mouvement au service de l&rsquo;\u00e9ducation"}]},{"@type":"WebSite","@id":"https:\/\/audreydelaforge.com\/#website","url":"https:\/\/audreydelaforge.com\/","name":"Audrey Delaforge, Orthop\u00e9dagogue","description":"L&#039;apprenant au centre du savoir","publisher":{"@id":"https:\/\/audreydelaforge.com\/#organization"},"potentialAction":[{"@type":"SearchAction","target":{"@type":"EntryPoint","urlTemplate":"https:\/\/audreydelaforge.com\/?s={search_term_string}"},"query-input":{"@type":"PropertyValueSpecification","valueRequired":true,"valueName":"search_term_string"}}],"inLanguage":"fr-FR"},{"@type":"Organization","@id":"https:\/\/audreydelaforge.com\/#organization","name":"Audrey Delaforge, Orthop\u00e9dagogue","url":"https:\/\/audreydelaforge.com\/","logo":{"@type":"ImageObject","inLanguage":"fr-FR","@id":"https:\/\/audreydelaforge.com\/#\/schema\/logo\/image\/","url":"https:\/\/audreydelaforge.com\/wp-content\/uploads\/2022\/06\/Logo-orange-noir-avec-Audrey-1.png","contentUrl":"https:\/\/audreydelaforge.com\/wp-content\/uploads\/2022\/06\/Logo-orange-noir-avec-Audrey-1.png","width":500,"height":500,"caption":"Audrey Delaforge, Orthop\u00e9dagogue"},"image":{"@id":"https:\/\/audreydelaforge.com\/#\/schema\/logo\/image\/"},"sameAs":["https:\/\/www.facebook.com\/audreycateldelaforge","https:\/\/www.linkedin.com\/in\/audrey-catel-delaforge","https:\/\/www.instagram.com\/audrey_delaforge\/"]},{"@type":"Person","@id":"https:\/\/audreydelaforge.com\/#\/schema\/person\/b44bccc3f328e9802afbab74bb74495d","name":"audrey.catel.delaforge@gmail.com","image":{"@type":"ImageObject","inLanguage":"fr-FR","@id":"https:\/\/secure.gravatar.com\/avatar\/6d2d46023ee8ab957213dcdb0ea8dc964f367c205b281a7f789f0eb314dfafbf?s=96&d=mm&r=g","url":"https:\/\/secure.gravatar.com\/avatar\/6d2d46023ee8ab957213dcdb0ea8dc964f367c205b281a7f789f0eb314dfafbf?s=96&d=mm&r=g","contentUrl":"https:\/\/secure.gravatar.com\/avatar\/6d2d46023ee8ab957213dcdb0ea8dc964f367c205b281a7f789f0eb314dfafbf?s=96&d=mm&r=g","caption":"audrey.catel.delaforge@gmail.com"},"sameAs":["http:\/\/audreydelaforge.com"],"url":"https:\/\/audreydelaforge.com\/index.php\/author\/audrey-catel-delaforgegmail-com\/"}]}},"_links":{"self":[{"href":"https:\/\/audreydelaforge.com\/index.php\/wp-json\/wp\/v2\/posts\/1247","targetHints":{"allow":["GET"]}}],"collection":[{"href":"https:\/\/audreydelaforge.com\/index.php\/wp-json\/wp\/v2\/posts"}],"about":[{"href":"https:\/\/audreydelaforge.com\/index.php\/wp-json\/wp\/v2\/types\/post"}],"author":[{"embeddable":true,"href":"https:\/\/audreydelaforge.com\/index.php\/wp-json\/wp\/v2\/users\/1"}],"replies":[{"embeddable":true,"href":"https:\/\/audreydelaforge.com\/index.php\/wp-json\/wp\/v2\/comments?post=1247"}],"version-history":[{"count":0,"href":"https:\/\/audreydelaforge.com\/index.php\/wp-json\/wp\/v2\/posts\/1247\/revisions"}],"wp:featuredmedia":[{"embeddable":true,"href":"https:\/\/audreydelaforge.com\/index.php\/wp-json\/wp\/v2\/media\/1249"}],"wp:attachment":[{"href":"https:\/\/audreydelaforge.com\/index.php\/wp-json\/wp\/v2\/media?parent=1247"}],"wp:term":[{"taxonomy":"category","embeddable":true,"href":"https:\/\/audreydelaforge.com\/index.php\/wp-json\/wp\/v2\/categories?post=1247"},{"taxonomy":"post_tag","embeddable":true,"href":"https:\/\/audreydelaforge.com\/index.php\/wp-json\/wp\/v2\/tags?post=1247"}],"curies":[{"name":"wp","href":"https:\/\/api.w.org\/{rel}","templated":true}]}}