{"id":1254,"date":"2025-02-14T08:34:41","date_gmt":"2025-02-14T08:34:41","guid":{"rendered":"https:\/\/audreydelaforge.com\/?p=1254"},"modified":"2025-02-14T08:34:43","modified_gmt":"2025-02-14T08:34:43","slug":"accessibilite-et-compensation-en-orthopedagogie-une-approche-complete-pour-une-ecole-inclusive","status":"publish","type":"post","link":"https:\/\/audreydelaforge.com\/index.php\/2025\/02\/14\/accessibilite-et-compensation-en-orthopedagogie-une-approche-complete-pour-une-ecole-inclusive\/","title":{"rendered":"Accessibilit\u00e9 et Compensation en Orthop\u00e9dagogie : Une Approche Compl\u00e8te pour une \u00c9cole Inclusive"},"content":{"rendered":"\n<h2 class=\"wp-block-heading\"><strong>Introduction : Pourquoi distinguer accessibilit\u00e9 et compensation en \u00e9ducation ?<\/strong><\/h2>\n\n\n\n<p>L\u2019inclusion scolaire est un enjeu majeur pour les enseignants, orthop\u00e9dagogues et parents d\u2019enfants \u00e0 besoins sp\u00e9cifiques. Mais dans cette qu\u00eate d\u2019\u00e9quit\u00e9, il est crucial de comprendre la diff\u00e9rence entre <strong>accessibilit\u00e9<\/strong> et <strong>compensation<\/strong>.<\/p>\n\n\n\n<p>\ud83d\udccc <strong>L\u2019accessibilit\u00e9<\/strong> consiste \u00e0 adapter l\u2019environnement et les m\u00e9thodes p\u00e9dagogiques pour tous les \u00e9l\u00e8ves, sans distinction.<\/p>\n\n\n\n<p>\ud83d\udccc <strong>La compensation<\/strong>, en revanche, est une aide individualis\u00e9e visant \u00e0 r\u00e9duire un obstacle pr\u00e9cis auquel un \u00e9l\u00e8ve fait face.<\/p>\n\n\n\n<p>Bien que ces concepts soient compl\u00e9mentaires, ils ne doivent pas \u00eatre confondus, car une <strong>surcompensation peut freiner l\u2019autonomie<\/strong> d\u2019un apprenant. Cet article propose une analyse approfondie avec des <strong>exemples concrets<\/strong> et des <strong>outils pratiques<\/strong> pour mieux comprendre comment les appliquer en classe.<\/p>\n\n\n<div class=\"wp-block-image\">\n<figure class=\"aligncenter size-full is-resized\"><img loading=\"lazy\" decoding=\"async\" width=\"1024\" height=\"1024\" src=\"https:\/\/audreydelaforge.com\/wp-content\/uploads\/2025\/02\/DALL\u00b7E-2025-02-14-09.21.16-An-illustration-representing-inclusive-education-accessibility-and-learning-support.-The-image-should-depict-a-diverse-classroom-with-students-of-va.webp\" alt=\"\" class=\"wp-image-1255\" style=\"width:290px;height:auto\" srcset=\"https:\/\/audreydelaforge.com\/wp-content\/uploads\/2025\/02\/DALL\u00b7E-2025-02-14-09.21.16-An-illustration-representing-inclusive-education-accessibility-and-learning-support.-The-image-should-depict-a-diverse-classroom-with-students-of-va.webp 1024w, https:\/\/audreydelaforge.com\/wp-content\/uploads\/2025\/02\/DALL\u00b7E-2025-02-14-09.21.16-An-illustration-representing-inclusive-education-accessibility-and-learning-support.-The-image-should-depict-a-diverse-classroom-with-students-of-va-300x300.webp 300w, https:\/\/audreydelaforge.com\/wp-content\/uploads\/2025\/02\/DALL\u00b7E-2025-02-14-09.21.16-An-illustration-representing-inclusive-education-accessibility-and-learning-support.-The-image-should-depict-a-diverse-classroom-with-students-of-va-150x150.webp 150w, https:\/\/audreydelaforge.com\/wp-content\/uploads\/2025\/02\/DALL\u00b7E-2025-02-14-09.21.16-An-illustration-representing-inclusive-education-accessibility-and-learning-support.-The-image-should-depict-a-diverse-classroom-with-students-of-va-768x768.webp 768w, https:\/\/audreydelaforge.com\/wp-content\/uploads\/2025\/02\/DALL\u00b7E-2025-02-14-09.21.16-An-illustration-representing-inclusive-education-accessibility-and-learning-support.-The-image-should-depict-a-diverse-classroom-with-students-of-va-600x600.webp 600w, https:\/\/audreydelaforge.com\/wp-content\/uploads\/2025\/02\/DALL\u00b7E-2025-02-14-09.21.16-An-illustration-representing-inclusive-education-accessibility-and-learning-support.-The-image-should-depict-a-diverse-classroom-with-students-of-va-100x100.webp 100w\" sizes=\"auto, (max-width: 1024px) 100vw, 1024px\" \/><\/figure>\n<\/div>\n\n\n<hr class=\"wp-block-separator has-alpha-channel-opacity\"\/>\n\n\n\n<h2 class=\"wp-block-heading\"><strong>1. L\u2019Accessibilit\u00e9 : Rendre l\u2019Apprentissage Universellement Accessible<\/strong><\/h2>\n\n\n\n<p>L\u2019accessibilit\u00e9 vise \u00e0 <strong>anticiper et \u00e9liminer les obstacles<\/strong> d\u00e8s la conception des environnements d\u2019apprentissage. Cette approche b\u00e9n\u00e9ficie <strong>\u00e0 tous les \u00e9l\u00e8ves<\/strong>, qu\u2019ils aient ou non des besoins sp\u00e9cifiques.<\/p>\n\n\n\n<h3 class=\"wp-block-heading\"><strong>Exemples concrets d\u2019accessibilit\u00e9 en classe<\/strong><\/h3>\n\n\n\n<figure class=\"wp-block-table\"><table class=\"has-fixed-layout\"><thead><tr><th>Type d\u2019accessibilit\u00e9<\/th><th>Exemples concrets<\/th><\/tr><\/thead><tbody><tr><td><strong>Accessibilit\u00e9 visuelle<\/strong><\/td><td>Utilisation de polices adapt\u00e9es comme Arial ou OpenDyslexic, contraste \u00e9lev\u00e9, double interligne<\/td><\/tr><tr><td><strong>Accessibilit\u00e9 auditive<\/strong><\/td><td>Sous-titres pour les vid\u00e9os \u00e9ducatives, microphone pour l\u2019enseignant<\/td><\/tr><tr><td><strong>Accessibilit\u00e9 num\u00e9rique<\/strong><\/td><td>Tableaux interactifs, liseuses vocales, logiciels d\u2019aide \u00e0 l\u2019\u00e9criture comme Antidote<\/td><\/tr><tr><td><strong>Am\u00e9nagement de l\u2019espace<\/strong><\/td><td>Espaces calmes, lumi\u00e8re naturelle, r\u00e9duction du bruit ambiant<\/td><\/tr><tr><td><strong>Adaptation p\u00e9dagogique<\/strong><\/td><td>Supports multimodaux (texte, audio, vid\u00e9o), reformulation des consignes<\/td><\/tr><\/tbody><\/table><\/figure>\n\n\n\n<p>\ud83d\udd39 <strong>Exemple : L\u2019accessibilit\u00e9 gr\u00e2ce aux cartes mentales<\/strong><br>Dans une classe de coll\u00e8ge, un professeur utilise des <strong>cartes mentales<\/strong> pour structurer les le\u00e7ons. Cet outil aide tous les \u00e9l\u00e8ves \u00e0 mieux organiser leurs id\u00e9es et profite particuli\u00e8rement aux \u00e9l\u00e8ves <strong>dyslexiques<\/strong> ou ayant des troubles de l\u2019attention.<\/p>\n\n\n\n<p>\ud83d\udca1 <strong>Pour approfondir<\/strong> : <a href=\"https:\/\/audreydelaforge.com\/index.php\/2023\/03\/07\/la-carte-mentale-un-outil-a-la-mode-ou-un-outil-reellement-efficace\/\">La carte mentale : un outil \u00e0 la mode ou un outil r\u00e9ellement efficace ?<\/a><\/p>\n\n\n\n<hr class=\"wp-block-separator has-alpha-channel-opacity\"\/>\n\n\n\n<h2 class=\"wp-block-heading\"><strong>2. La Compensation : Une Aide Cibl\u00e9e pour R\u00e9duire un Handicap Sp\u00e9cifique<\/strong><\/h2>\n\n\n\n<p>Quand l\u2019accessibilit\u00e9 ne suffit pas \u00e0 gommer les obstacles, des <strong>outils de compensation<\/strong> doivent \u00eatre mis en place. Ces mesures sont <strong>individualis\u00e9es<\/strong> et adapt\u00e9es aux besoins de chaque \u00e9l\u00e8ve.<\/p>\n\n\n\n<h3 class=\"wp-block-heading\"><strong>Exemples de compensation en fonction des besoins sp\u00e9cifiques<\/strong><\/h3>\n\n\n\n<figure class=\"wp-block-table\"><table class=\"has-fixed-layout\"><thead><tr><th>Type de trouble<\/th><th>Compensation possible<\/th><\/tr><\/thead><tbody><tr><td><strong>Dyslexie<\/strong><\/td><td>Lecture audio, police OpenDyslexic, logiciels de synth\u00e8se vocale<\/td><\/tr><tr><td><strong>Dysgraphie<\/strong><\/td><td>Clavier, dict\u00e9e vocale, logiciel comme Dragon NaturallySpeaking<\/td><\/tr><tr><td><strong>Dyscalculie<\/strong><\/td><td>Calculatrice adapt\u00e9e, manipulation d\u2019objets concrets<\/td><\/tr><tr><td><strong>TDAH<\/strong><\/td><td>Timer visuel, \u00e9couteurs anti-bruit, consignes courtes et claires<\/td><\/tr><tr><td><strong>Handicap moteur<\/strong><\/td><td>Clavier ergonomique, logiciel de reconnaissance vocale<\/td><\/tr><\/tbody><\/table><\/figure>\n\n\n\n<p>\ud83d\udd39 <strong>Exemple : Un \u00e9l\u00e8ve dyspraxique et l\u2019utilisation d\u2019un ordinateur<\/strong><br>Lisa, 14 ans, souffre de <strong>dyspraxie<\/strong> et a du mal \u00e0 \u00e9crire \u00e0 la main. Gr\u00e2ce \u00e0 un <strong>ordinateur avec pr\u00e9diction de mots<\/strong>, elle peut taper ses cours plus rapidement et \u00e9viter la fatigue cognitive. Cela lui permet de mieux suivre en classe et d\u2019am\u00e9liorer ses r\u00e9sultats scolaires.<\/p>\n\n\n<div class=\"wp-block-image\">\n<figure class=\"aligncenter size-full is-resized\"><img loading=\"lazy\" decoding=\"async\" width=\"1024\" height=\"1024\" src=\"https:\/\/audreydelaforge.com\/wp-content\/uploads\/2025\/02\/DALL\u00b7E-2025-02-14-09.30.40-A-14-year-old-girl-named-Lisa-with-dyspraxia-is-using-a-laptop-with-word-prediction-software-in-a-classroom-setting.-She-has-a-focused-expression-whil.webp\" alt=\"\" class=\"wp-image-1256\" style=\"width:268px;height:auto\" srcset=\"https:\/\/audreydelaforge.com\/wp-content\/uploads\/2025\/02\/DALL\u00b7E-2025-02-14-09.30.40-A-14-year-old-girl-named-Lisa-with-dyspraxia-is-using-a-laptop-with-word-prediction-software-in-a-classroom-setting.-She-has-a-focused-expression-whil.webp 1024w, https:\/\/audreydelaforge.com\/wp-content\/uploads\/2025\/02\/DALL\u00b7E-2025-02-14-09.30.40-A-14-year-old-girl-named-Lisa-with-dyspraxia-is-using-a-laptop-with-word-prediction-software-in-a-classroom-setting.-She-has-a-focused-expression-whil-300x300.webp 300w, https:\/\/audreydelaforge.com\/wp-content\/uploads\/2025\/02\/DALL\u00b7E-2025-02-14-09.30.40-A-14-year-old-girl-named-Lisa-with-dyspraxia-is-using-a-laptop-with-word-prediction-software-in-a-classroom-setting.-She-has-a-focused-expression-whil-150x150.webp 150w, https:\/\/audreydelaforge.com\/wp-content\/uploads\/2025\/02\/DALL\u00b7E-2025-02-14-09.30.40-A-14-year-old-girl-named-Lisa-with-dyspraxia-is-using-a-laptop-with-word-prediction-software-in-a-classroom-setting.-She-has-a-focused-expression-whil-768x768.webp 768w, https:\/\/audreydelaforge.com\/wp-content\/uploads\/2025\/02\/DALL\u00b7E-2025-02-14-09.30.40-A-14-year-old-girl-named-Lisa-with-dyspraxia-is-using-a-laptop-with-word-prediction-software-in-a-classroom-setting.-She-has-a-focused-expression-whil-600x600.webp 600w, https:\/\/audreydelaforge.com\/wp-content\/uploads\/2025\/02\/DALL\u00b7E-2025-02-14-09.30.40-A-14-year-old-girl-named-Lisa-with-dyspraxia-is-using-a-laptop-with-word-prediction-software-in-a-classroom-setting.-She-has-a-focused-expression-whil-100x100.webp 100w\" sizes=\"auto, (max-width: 1024px) 100vw, 1024px\" \/><\/figure>\n<\/div>\n\n\n<p>\ud83d\udca1 <strong>Pour en savoir plus<\/strong> : <a href=\"https:\/\/audreydelaforge.com\/index.php\/2025\/01\/02\/soutenir-un-eleve-dyslexique-avec-lia-une-revolution-pour-lapprentissage\/\">Soutenir un \u00e9l\u00e8ve dyslexique avec l&rsquo;IA : Une r\u00e9volution pour l&rsquo;apprentissage<\/a><\/p>\n\n\n\n<hr class=\"wp-block-separator has-alpha-channel-opacity\"\/>\n\n\n\n<h2 class=\"wp-block-heading\"><strong>3. Trouver l\u2019\u00c9quilibre Entre Accessibilit\u00e9 et Compensation<\/strong><\/h2>\n\n\n\n<p>Il est essentiel de <strong>ne pas tout miser sur la compensation<\/strong> au d\u00e9triment de l\u2019accessibilit\u00e9. Une aide excessive peut limiter les progr\u00e8s de l\u2019\u00e9l\u00e8ve et r\u00e9duire son autonomie.<\/p>\n\n\n\n<h3 class=\"wp-block-heading\"><strong> Comment \u00e9viter une surcompensation ?<\/strong><\/h3>\n\n\n\n<p>\u2705 <strong>\u00c9valuer r\u00e9guli\u00e8rement les besoins de l\u2019\u00e9l\u00e8ve<\/strong> : Un dispositif peut \u00eatre temporaire et doit \u00e9voluer avec le temps.<br>\u2705 <strong>Former les enseignants \u00e0 l\u2019accessibilit\u00e9<\/strong> : Mieux vaut pr\u00e9venir que compenser.<br>\u2705 <strong>Favoriser l\u2019autonomie<\/strong> : Utiliser des outils accessibles \u00e0 tous pour \u00e9viter la stigmatisation.<\/p>\n\n\n\n<hr class=\"wp-block-separator has-alpha-channel-opacity\"\/>\n\n\n\n<h2 class=\"wp-block-heading\"><strong>4. Vers une \u00c9ducation Inclusive : Quels D\u00e9fis pour Demain ?<\/strong><\/h2>\n\n\n\n<p>L\u2019enjeu majeur de l\u2019\u00e9ducation inclusive est d\u2019<strong>int\u00e9grer pleinement l\u2019accessibilit\u00e9 dans les pratiques p\u00e9dagogiques<\/strong> afin de limiter le recours aux compensations individuelles.<\/p>\n\n\n\n<h3 class=\"wp-block-heading\"><strong>Actions concr\u00e8tes \u00e0 mettre en place<\/strong><\/h3>\n\n\n\n<p>\ud83d\udc69\u200d\ud83c\udfeb <strong>Former tous les enseignants aux besoins \u00e9ducatifs particuliers<\/strong><br>\ud83c\udfeb <strong>Investir dans du mat\u00e9riel accessible d\u00e8s la maternelle<\/strong><br>\ud83d\udcca <strong>\u00c9valuer r\u00e9guli\u00e8rement l\u2019impact des mesures mises en place<\/strong><\/p>\n\n\n<div class=\"wp-block-image\">\n<figure class=\"aligncenter size-full is-resized\"><img loading=\"lazy\" decoding=\"async\" width=\"738\" height=\"558\" src=\"https:\/\/audreydelaforge.com\/wp-content\/uploads\/2025\/02\/Actions-concretes-a-mettre-en-place-visual-selection.png\" alt=\"\" class=\"wp-image-1257\" style=\"width:349px;height:auto\" srcset=\"https:\/\/audreydelaforge.com\/wp-content\/uploads\/2025\/02\/Actions-concretes-a-mettre-en-place-visual-selection.png 738w, https:\/\/audreydelaforge.com\/wp-content\/uploads\/2025\/02\/Actions-concretes-a-mettre-en-place-visual-selection-300x227.png 300w, https:\/\/audreydelaforge.com\/wp-content\/uploads\/2025\/02\/Actions-concretes-a-mettre-en-place-visual-selection-600x454.png 600w\" sizes=\"auto, (max-width: 738px) 100vw, 738px\" \/><\/figure>\n<\/div>\n\n\n<p>\ud83d\udd39 <strong>Exemple : Une \u00e9cole qui repense l\u2019accessibilit\u00e9<\/strong><br>Dans un coll\u00e8ge exp\u00e9rimental, toutes les classes sont \u00e9quip\u00e9es de <strong>tableaux interactifs<\/strong>, et chaque \u00e9l\u00e8ve dispose d\u2019un <strong>plan de travail personnalis\u00e9<\/strong> en fonction de ses besoins. R\u00e9sultat : <strong>moins de demandes de compensation<\/strong> et une meilleure int\u00e9gration des \u00e9l\u00e8ves avec troubles d\u2019apprentissage.<\/p>\n\n\n\n<p>\ud83d\udca1 <strong>\u00c0 lire \u00e9galement<\/strong> : <a href=\"https:\/\/audreydelaforge.com\/index.php\/2025\/01\/02\/temoignages-compiles-histoires-de-reussite-grace-a-lia\/\">Quand l\u2019intelligence artificielle transforme l\u2019\u00e9ducation sp\u00e9cialis\u00e9e<\/a><\/p>\n\n\n\n<hr class=\"wp-block-separator has-alpha-channel-opacity\"\/>\n\n\n\n<h2 class=\"wp-block-heading\"><strong> Vers une \u00c9cole Vraiment Inclusive<\/strong><\/h2>\n\n\n\n<p>L\u2019<strong>accessibilit\u00e9<\/strong> et la <strong>compensation<\/strong> sont deux leviers essentiels pour une \u00e9cole inclusive, mais ils doivent \u00eatre utilis\u00e9s de mani\u00e8re compl\u00e9mentaire.<\/p>\n\n\n\n<p>\ud83d\udccc <strong>Prioriser l\u2019accessibilit\u00e9<\/strong> pour \u00e9viter l\u2019exclusion d\u00e8s le d\u00e9part.<br>\ud83d\udccc <strong>Utiliser la compensation intelligemment<\/strong> pour r\u00e9pondre aux besoins sp\u00e9cifiques sans freiner l\u2019autonomie.<\/p>\n\n\n\n<p>\ud83c\udf1f <strong>L\u2019objectif final ? Une \u00e9cole o\u00f9 chaque \u00e9l\u00e8ve peut apprendre \u00e0 son rythme, sans obstacles.<\/strong><\/p>\n\n\n\n<hr class=\"wp-block-separator has-alpha-channel-opacity\"\/>\n\n\n\n<p>\ud83c\udfaf <strong>Vous souhaitez approfondir le sujet ?<\/strong><br>\ud83d\udccc Consultez d&rsquo;autres articles sur l\u2019\u00e9ducation inclusive sur <a href=\"https:\/\/audreydelaforge.com\/index.php\/blog\/\">www.audreydelaforge.com<\/a> et la <a href=\"https:\/\/www.tiktok.com\/@audreyorthopedagogue02\/video\/7471185658128715030\">vid\u00e9o<\/a><\/p>\n\n\n\n<p>\ud83d\udd0d <strong>Avez-vous des exp\u00e9riences \u00e0 partager sur l\u2019accessibilit\u00e9 et la compensation en classe ?<\/strong> Partagez-les en commentaire ! \ud83d\ude0a<\/p>\n","protected":false},"excerpt":{"rendered":"<p>Introduction : Pourquoi distinguer accessibilit\u00e9 et compensation en \u00e9ducation ? L\u2019inclusion scolaire est un enjeu majeur pour les enseignants, orthop\u00e9dagogues et parents d\u2019enfants \u00e0 besoins sp\u00e9cifiques. Mais dans cette qu\u00eate d\u2019\u00e9quit\u00e9, il est crucial de comprendre la diff\u00e9rence entre accessibilit\u00e9 et compensation. \ud83d\udccc L\u2019accessibilit\u00e9 consiste \u00e0 adapter l\u2019environnement et les m\u00e9thodes p\u00e9dagogiques pour tous les&hellip;&nbsp;<a href=\"https:\/\/audreydelaforge.com\/index.php\/2025\/02\/14\/accessibilite-et-compensation-en-orthopedagogie-une-approche-complete-pour-une-ecole-inclusive\/\" rel=\"bookmark\">Lire la suite &raquo;<span class=\"screen-reader-text\">Accessibilit\u00e9 et Compensation en Orthop\u00e9dagogie : Une Approche Compl\u00e8te pour une \u00c9cole Inclusive<\/span><\/a><\/p>\n","protected":false},"author":1,"featured_media":1257,"comment_status":"closed","ping_status":"open","sticky":false,"template":"","format":"standard","meta":{"om_disable_all_campaigns":false,"neve_meta_sidebar":"","neve_meta_container":"","neve_meta_enable_content_width":"","neve_meta_content_width":0,"neve_meta_title_alignment":"","neve_meta_author_avatar":"","neve_post_elements_order":"","neve_meta_disable_header":"","neve_meta_disable_footer":"","neve_meta_disable_title":"","footnotes":""},"categories":[19],"tags":[],"class_list":["post-1254","post","type-post","status-publish","format-standard","has-post-thumbnail","hentry","category-orthopedagogie"],"yoast_head":"<!-- This site is optimized with the Yoast SEO plugin v27.5 - https:\/\/yoast.com\/product\/yoast-seo-wordpress\/ -->\n<title>Accessibilit\u00e9 et Compensation en Orthop\u00e9dagogie : Une Approche Compl\u00e8te pour une \u00c9cole Inclusive ~ Audrey Delaforge, Orthop\u00e9dagogue<\/title>\n<meta name=\"robots\" content=\"index, follow, max-snippet:-1, max-image-preview:large, max-video-preview:-1\" \/>\n<link rel=\"canonical\" href=\"https:\/\/audreydelaforge.com\/index.php\/2025\/02\/14\/accessibilite-et-compensation-en-orthopedagogie-une-approche-complete-pour-une-ecole-inclusive\/\" \/>\n<meta property=\"og:locale\" content=\"fr_FR\" \/>\n<meta property=\"og:type\" content=\"article\" \/>\n<meta property=\"og:title\" content=\"Accessibilit\u00e9 et Compensation en Orthop\u00e9dagogie : Une Approche Compl\u00e8te pour une \u00c9cole Inclusive ~ Audrey Delaforge, Orthop\u00e9dagogue\" \/>\n<meta property=\"og:description\" content=\"Introduction : Pourquoi distinguer accessibilit\u00e9 et compensation en \u00e9ducation ? L\u2019inclusion scolaire est un enjeu majeur pour les enseignants, orthop\u00e9dagogues et parents d\u2019enfants \u00e0 besoins sp\u00e9cifiques. Mais dans cette qu\u00eate d\u2019\u00e9quit\u00e9, il est crucial de comprendre la diff\u00e9rence entre accessibilit\u00e9 et compensation. \ud83d\udccc L\u2019accessibilit\u00e9 consiste \u00e0 adapter l\u2019environnement et les m\u00e9thodes p\u00e9dagogiques pour tous les&hellip;&nbsp;Lire la suite &raquo;Accessibilit\u00e9 et Compensation en Orthop\u00e9dagogie : Une Approche Compl\u00e8te pour une \u00c9cole Inclusive\" \/>\n<meta property=\"og:url\" content=\"https:\/\/audreydelaforge.com\/index.php\/2025\/02\/14\/accessibilite-et-compensation-en-orthopedagogie-une-approche-complete-pour-une-ecole-inclusive\/\" \/>\n<meta property=\"og:site_name\" content=\"Audrey Delaforge, Orthop\u00e9dagogue\" \/>\n<meta property=\"article:publisher\" content=\"https:\/\/www.facebook.com\/audreycateldelaforge\" \/>\n<meta property=\"article:published_time\" content=\"2025-02-14T08:34:41+00:00\" \/>\n<meta property=\"article:modified_time\" content=\"2025-02-14T08:34:43+00:00\" \/>\n<meta property=\"og:image\" content=\"https:\/\/audreydelaforge.com\/wp-content\/uploads\/2025\/02\/Actions-concretes-a-mettre-en-place-visual-selection.png\" \/>\n\t<meta property=\"og:image:width\" content=\"738\" \/>\n\t<meta property=\"og:image:height\" content=\"558\" \/>\n\t<meta property=\"og:image:type\" content=\"image\/png\" \/>\n<meta name=\"author\" content=\"audrey.catel.delaforge@gmail.com\" \/>\n<meta name=\"twitter:card\" content=\"summary_large_image\" \/>\n<meta name=\"twitter:label1\" content=\"\u00c9crit par\" \/>\n\t<meta name=\"twitter:data1\" content=\"audrey.catel.delaforge@gmail.com\" \/>\n\t<meta name=\"twitter:label2\" content=\"Dur\u00e9e de lecture estim\u00e9e\" \/>\n\t<meta name=\"twitter:data2\" content=\"4 minutes\" \/>\n<script type=\"application\/ld+json\" class=\"yoast-schema-graph\">{\"@context\":\"https:\\\/\\\/schema.org\",\"@graph\":[{\"@type\":\"Article\",\"@id\":\"https:\\\/\\\/audreydelaforge.com\\\/index.php\\\/2025\\\/02\\\/14\\\/accessibilite-et-compensation-en-orthopedagogie-une-approche-complete-pour-une-ecole-inclusive\\\/#article\",\"isPartOf\":{\"@id\":\"https:\\\/\\\/audreydelaforge.com\\\/index.php\\\/2025\\\/02\\\/14\\\/accessibilite-et-compensation-en-orthopedagogie-une-approche-complete-pour-une-ecole-inclusive\\\/\"},\"author\":{\"name\":\"audrey.catel.delaforge@gmail.com\",\"@id\":\"https:\\\/\\\/audreydelaforge.com\\\/#\\\/schema\\\/person\\\/b44bccc3f328e9802afbab74bb74495d\"},\"headline\":\"Accessibilit\u00e9 et Compensation en Orthop\u00e9dagogie : Une Approche Compl\u00e8te pour une \u00c9cole Inclusive\",\"datePublished\":\"2025-02-14T08:34:41+00:00\",\"dateModified\":\"2025-02-14T08:34:43+00:00\",\"mainEntityOfPage\":{\"@id\":\"https:\\\/\\\/audreydelaforge.com\\\/index.php\\\/2025\\\/02\\\/14\\\/accessibilite-et-compensation-en-orthopedagogie-une-approche-complete-pour-une-ecole-inclusive\\\/\"},\"wordCount\":851,\"publisher\":{\"@id\":\"https:\\\/\\\/audreydelaforge.com\\\/#organization\"},\"image\":{\"@id\":\"https:\\\/\\\/audreydelaforge.com\\\/index.php\\\/2025\\\/02\\\/14\\\/accessibilite-et-compensation-en-orthopedagogie-une-approche-complete-pour-une-ecole-inclusive\\\/#primaryimage\"},\"thumbnailUrl\":\"https:\\\/\\\/audreydelaforge.com\\\/wp-content\\\/uploads\\\/2025\\\/02\\\/Actions-concretes-a-mettre-en-place-visual-selection.png\",\"articleSection\":[\"Orthop\u00e9dagogie\"],\"inLanguage\":\"fr-FR\"},{\"@type\":\"WebPage\",\"@id\":\"https:\\\/\\\/audreydelaforge.com\\\/index.php\\\/2025\\\/02\\\/14\\\/accessibilite-et-compensation-en-orthopedagogie-une-approche-complete-pour-une-ecole-inclusive\\\/\",\"url\":\"https:\\\/\\\/audreydelaforge.com\\\/index.php\\\/2025\\\/02\\\/14\\\/accessibilite-et-compensation-en-orthopedagogie-une-approche-complete-pour-une-ecole-inclusive\\\/\",\"name\":\"Accessibilit\u00e9 et Compensation en Orthop\u00e9dagogie : Une Approche Compl\u00e8te pour une \u00c9cole Inclusive ~ Audrey Delaforge, Orthop\u00e9dagogue\",\"isPartOf\":{\"@id\":\"https:\\\/\\\/audreydelaforge.com\\\/#website\"},\"primaryImageOfPage\":{\"@id\":\"https:\\\/\\\/audreydelaforge.com\\\/index.php\\\/2025\\\/02\\\/14\\\/accessibilite-et-compensation-en-orthopedagogie-une-approche-complete-pour-une-ecole-inclusive\\\/#primaryimage\"},\"image\":{\"@id\":\"https:\\\/\\\/audreydelaforge.com\\\/index.php\\\/2025\\\/02\\\/14\\\/accessibilite-et-compensation-en-orthopedagogie-une-approche-complete-pour-une-ecole-inclusive\\\/#primaryimage\"},\"thumbnailUrl\":\"https:\\\/\\\/audreydelaforge.com\\\/wp-content\\\/uploads\\\/2025\\\/02\\\/Actions-concretes-a-mettre-en-place-visual-selection.png\",\"datePublished\":\"2025-02-14T08:34:41+00:00\",\"dateModified\":\"2025-02-14T08:34:43+00:00\",\"breadcrumb\":{\"@id\":\"https:\\\/\\\/audreydelaforge.com\\\/index.php\\\/2025\\\/02\\\/14\\\/accessibilite-et-compensation-en-orthopedagogie-une-approche-complete-pour-une-ecole-inclusive\\\/#breadcrumb\"},\"inLanguage\":\"fr-FR\",\"potentialAction\":[{\"@type\":\"ReadAction\",\"target\":[\"https:\\\/\\\/audreydelaforge.com\\\/index.php\\\/2025\\\/02\\\/14\\\/accessibilite-et-compensation-en-orthopedagogie-une-approche-complete-pour-une-ecole-inclusive\\\/\"]}]},{\"@type\":\"ImageObject\",\"inLanguage\":\"fr-FR\",\"@id\":\"https:\\\/\\\/audreydelaforge.com\\\/index.php\\\/2025\\\/02\\\/14\\\/accessibilite-et-compensation-en-orthopedagogie-une-approche-complete-pour-une-ecole-inclusive\\\/#primaryimage\",\"url\":\"https:\\\/\\\/audreydelaforge.com\\\/wp-content\\\/uploads\\\/2025\\\/02\\\/Actions-concretes-a-mettre-en-place-visual-selection.png\",\"contentUrl\":\"https:\\\/\\\/audreydelaforge.com\\\/wp-content\\\/uploads\\\/2025\\\/02\\\/Actions-concretes-a-mettre-en-place-visual-selection.png\",\"width\":738,\"height\":558},{\"@type\":\"BreadcrumbList\",\"@id\":\"https:\\\/\\\/audreydelaforge.com\\\/index.php\\\/2025\\\/02\\\/14\\\/accessibilite-et-compensation-en-orthopedagogie-une-approche-complete-pour-une-ecole-inclusive\\\/#breadcrumb\",\"itemListElement\":[{\"@type\":\"ListItem\",\"position\":1,\"name\":\"Accueil\",\"item\":\"https:\\\/\\\/audreydelaforge.com\\\/\"},{\"@type\":\"ListItem\",\"position\":2,\"name\":\"Accessibilit\u00e9 et Compensation en Orthop\u00e9dagogie : Une Approche Compl\u00e8te pour une \u00c9cole Inclusive\"}]},{\"@type\":\"WebSite\",\"@id\":\"https:\\\/\\\/audreydelaforge.com\\\/#website\",\"url\":\"https:\\\/\\\/audreydelaforge.com\\\/\",\"name\":\"Audrey Delaforge, Orthop\u00e9dagogue\",\"description\":\"L&#039;apprenant au centre du savoir\",\"publisher\":{\"@id\":\"https:\\\/\\\/audreydelaforge.com\\\/#organization\"},\"potentialAction\":[{\"@type\":\"SearchAction\",\"target\":{\"@type\":\"EntryPoint\",\"urlTemplate\":\"https:\\\/\\\/audreydelaforge.com\\\/?s={search_term_string}\"},\"query-input\":{\"@type\":\"PropertyValueSpecification\",\"valueRequired\":true,\"valueName\":\"search_term_string\"}}],\"inLanguage\":\"fr-FR\"},{\"@type\":\"Organization\",\"@id\":\"https:\\\/\\\/audreydelaforge.com\\\/#organization\",\"name\":\"Audrey Delaforge, Orthop\u00e9dagogue\",\"url\":\"https:\\\/\\\/audreydelaforge.com\\\/\",\"logo\":{\"@type\":\"ImageObject\",\"inLanguage\":\"fr-FR\",\"@id\":\"https:\\\/\\\/audreydelaforge.com\\\/#\\\/schema\\\/logo\\\/image\\\/\",\"url\":\"https:\\\/\\\/audreydelaforge.com\\\/wp-content\\\/uploads\\\/2022\\\/06\\\/Logo-orange-noir-avec-Audrey-1.png\",\"contentUrl\":\"https:\\\/\\\/audreydelaforge.com\\\/wp-content\\\/uploads\\\/2022\\\/06\\\/Logo-orange-noir-avec-Audrey-1.png\",\"width\":500,\"height\":500,\"caption\":\"Audrey Delaforge, Orthop\u00e9dagogue\"},\"image\":{\"@id\":\"https:\\\/\\\/audreydelaforge.com\\\/#\\\/schema\\\/logo\\\/image\\\/\"},\"sameAs\":[\"https:\\\/\\\/www.facebook.com\\\/audreycateldelaforge\",\"https:\\\/\\\/www.linkedin.com\\\/in\\\/audrey-catel-delaforge\",\"https:\\\/\\\/www.instagram.com\\\/audrey_delaforge\\\/\"]},{\"@type\":\"Person\",\"@id\":\"https:\\\/\\\/audreydelaforge.com\\\/#\\\/schema\\\/person\\\/b44bccc3f328e9802afbab74bb74495d\",\"name\":\"audrey.catel.delaforge@gmail.com\",\"image\":{\"@type\":\"ImageObject\",\"inLanguage\":\"fr-FR\",\"@id\":\"https:\\\/\\\/secure.gravatar.com\\\/avatar\\\/6d2d46023ee8ab957213dcdb0ea8dc964f367c205b281a7f789f0eb314dfafbf?s=96&d=mm&r=g\",\"url\":\"https:\\\/\\\/secure.gravatar.com\\\/avatar\\\/6d2d46023ee8ab957213dcdb0ea8dc964f367c205b281a7f789f0eb314dfafbf?s=96&d=mm&r=g\",\"contentUrl\":\"https:\\\/\\\/secure.gravatar.com\\\/avatar\\\/6d2d46023ee8ab957213dcdb0ea8dc964f367c205b281a7f789f0eb314dfafbf?s=96&d=mm&r=g\",\"caption\":\"audrey.catel.delaforge@gmail.com\"},\"sameAs\":[\"http:\\\/\\\/audreydelaforge.com\"],\"url\":\"https:\\\/\\\/audreydelaforge.com\\\/index.php\\\/author\\\/audrey-catel-delaforgegmail-com\\\/\"}]}<\/script>\n<!-- \/ Yoast SEO plugin. -->","yoast_head_json":{"title":"Accessibilit\u00e9 et Compensation en Orthop\u00e9dagogie : Une Approche Compl\u00e8te pour une \u00c9cole Inclusive ~ Audrey Delaforge, Orthop\u00e9dagogue","robots":{"index":"index","follow":"follow","max-snippet":"max-snippet:-1","max-image-preview":"max-image-preview:large","max-video-preview":"max-video-preview:-1"},"canonical":"https:\/\/audreydelaforge.com\/index.php\/2025\/02\/14\/accessibilite-et-compensation-en-orthopedagogie-une-approche-complete-pour-une-ecole-inclusive\/","og_locale":"fr_FR","og_type":"article","og_title":"Accessibilit\u00e9 et Compensation en Orthop\u00e9dagogie : Une Approche Compl\u00e8te pour une \u00c9cole Inclusive ~ Audrey Delaforge, Orthop\u00e9dagogue","og_description":"Introduction : Pourquoi distinguer accessibilit\u00e9 et compensation en \u00e9ducation ? L\u2019inclusion scolaire est un enjeu majeur pour les enseignants, orthop\u00e9dagogues et parents d\u2019enfants \u00e0 besoins sp\u00e9cifiques. Mais dans cette qu\u00eate d\u2019\u00e9quit\u00e9, il est crucial de comprendre la diff\u00e9rence entre accessibilit\u00e9 et compensation. \ud83d\udccc L\u2019accessibilit\u00e9 consiste \u00e0 adapter l\u2019environnement et les m\u00e9thodes p\u00e9dagogiques pour tous les&hellip;&nbsp;Lire la suite &raquo;Accessibilit\u00e9 et Compensation en Orthop\u00e9dagogie : Une Approche Compl\u00e8te pour une \u00c9cole Inclusive","og_url":"https:\/\/audreydelaforge.com\/index.php\/2025\/02\/14\/accessibilite-et-compensation-en-orthopedagogie-une-approche-complete-pour-une-ecole-inclusive\/","og_site_name":"Audrey Delaforge, Orthop\u00e9dagogue","article_publisher":"https:\/\/www.facebook.com\/audreycateldelaforge","article_published_time":"2025-02-14T08:34:41+00:00","article_modified_time":"2025-02-14T08:34:43+00:00","og_image":[{"width":738,"height":558,"url":"https:\/\/audreydelaforge.com\/wp-content\/uploads\/2025\/02\/Actions-concretes-a-mettre-en-place-visual-selection.png","type":"image\/png"}],"author":"audrey.catel.delaforge@gmail.com","twitter_card":"summary_large_image","twitter_misc":{"\u00c9crit par":"audrey.catel.delaforge@gmail.com","Dur\u00e9e de lecture estim\u00e9e":"4 minutes"},"schema":{"@context":"https:\/\/schema.org","@graph":[{"@type":"Article","@id":"https:\/\/audreydelaforge.com\/index.php\/2025\/02\/14\/accessibilite-et-compensation-en-orthopedagogie-une-approche-complete-pour-une-ecole-inclusive\/#article","isPartOf":{"@id":"https:\/\/audreydelaforge.com\/index.php\/2025\/02\/14\/accessibilite-et-compensation-en-orthopedagogie-une-approche-complete-pour-une-ecole-inclusive\/"},"author":{"name":"audrey.catel.delaforge@gmail.com","@id":"https:\/\/audreydelaforge.com\/#\/schema\/person\/b44bccc3f328e9802afbab74bb74495d"},"headline":"Accessibilit\u00e9 et Compensation en Orthop\u00e9dagogie : Une Approche Compl\u00e8te pour une \u00c9cole Inclusive","datePublished":"2025-02-14T08:34:41+00:00","dateModified":"2025-02-14T08:34:43+00:00","mainEntityOfPage":{"@id":"https:\/\/audreydelaforge.com\/index.php\/2025\/02\/14\/accessibilite-et-compensation-en-orthopedagogie-une-approche-complete-pour-une-ecole-inclusive\/"},"wordCount":851,"publisher":{"@id":"https:\/\/audreydelaforge.com\/#organization"},"image":{"@id":"https:\/\/audreydelaforge.com\/index.php\/2025\/02\/14\/accessibilite-et-compensation-en-orthopedagogie-une-approche-complete-pour-une-ecole-inclusive\/#primaryimage"},"thumbnailUrl":"https:\/\/audreydelaforge.com\/wp-content\/uploads\/2025\/02\/Actions-concretes-a-mettre-en-place-visual-selection.png","articleSection":["Orthop\u00e9dagogie"],"inLanguage":"fr-FR"},{"@type":"WebPage","@id":"https:\/\/audreydelaforge.com\/index.php\/2025\/02\/14\/accessibilite-et-compensation-en-orthopedagogie-une-approche-complete-pour-une-ecole-inclusive\/","url":"https:\/\/audreydelaforge.com\/index.php\/2025\/02\/14\/accessibilite-et-compensation-en-orthopedagogie-une-approche-complete-pour-une-ecole-inclusive\/","name":"Accessibilit\u00e9 et Compensation en Orthop\u00e9dagogie : Une Approche Compl\u00e8te pour une \u00c9cole Inclusive ~ Audrey Delaforge, Orthop\u00e9dagogue","isPartOf":{"@id":"https:\/\/audreydelaforge.com\/#website"},"primaryImageOfPage":{"@id":"https:\/\/audreydelaforge.com\/index.php\/2025\/02\/14\/accessibilite-et-compensation-en-orthopedagogie-une-approche-complete-pour-une-ecole-inclusive\/#primaryimage"},"image":{"@id":"https:\/\/audreydelaforge.com\/index.php\/2025\/02\/14\/accessibilite-et-compensation-en-orthopedagogie-une-approche-complete-pour-une-ecole-inclusive\/#primaryimage"},"thumbnailUrl":"https:\/\/audreydelaforge.com\/wp-content\/uploads\/2025\/02\/Actions-concretes-a-mettre-en-place-visual-selection.png","datePublished":"2025-02-14T08:34:41+00:00","dateModified":"2025-02-14T08:34:43+00:00","breadcrumb":{"@id":"https:\/\/audreydelaforge.com\/index.php\/2025\/02\/14\/accessibilite-et-compensation-en-orthopedagogie-une-approche-complete-pour-une-ecole-inclusive\/#breadcrumb"},"inLanguage":"fr-FR","potentialAction":[{"@type":"ReadAction","target":["https:\/\/audreydelaforge.com\/index.php\/2025\/02\/14\/accessibilite-et-compensation-en-orthopedagogie-une-approche-complete-pour-une-ecole-inclusive\/"]}]},{"@type":"ImageObject","inLanguage":"fr-FR","@id":"https:\/\/audreydelaforge.com\/index.php\/2025\/02\/14\/accessibilite-et-compensation-en-orthopedagogie-une-approche-complete-pour-une-ecole-inclusive\/#primaryimage","url":"https:\/\/audreydelaforge.com\/wp-content\/uploads\/2025\/02\/Actions-concretes-a-mettre-en-place-visual-selection.png","contentUrl":"https:\/\/audreydelaforge.com\/wp-content\/uploads\/2025\/02\/Actions-concretes-a-mettre-en-place-visual-selection.png","width":738,"height":558},{"@type":"BreadcrumbList","@id":"https:\/\/audreydelaforge.com\/index.php\/2025\/02\/14\/accessibilite-et-compensation-en-orthopedagogie-une-approche-complete-pour-une-ecole-inclusive\/#breadcrumb","itemListElement":[{"@type":"ListItem","position":1,"name":"Accueil","item":"https:\/\/audreydelaforge.com\/"},{"@type":"ListItem","position":2,"name":"Accessibilit\u00e9 et Compensation en Orthop\u00e9dagogie : Une Approche Compl\u00e8te pour une \u00c9cole Inclusive"}]},{"@type":"WebSite","@id":"https:\/\/audreydelaforge.com\/#website","url":"https:\/\/audreydelaforge.com\/","name":"Audrey Delaforge, Orthop\u00e9dagogue","description":"L&#039;apprenant au centre du savoir","publisher":{"@id":"https:\/\/audreydelaforge.com\/#organization"},"potentialAction":[{"@type":"SearchAction","target":{"@type":"EntryPoint","urlTemplate":"https:\/\/audreydelaforge.com\/?s={search_term_string}"},"query-input":{"@type":"PropertyValueSpecification","valueRequired":true,"valueName":"search_term_string"}}],"inLanguage":"fr-FR"},{"@type":"Organization","@id":"https:\/\/audreydelaforge.com\/#organization","name":"Audrey Delaforge, Orthop\u00e9dagogue","url":"https:\/\/audreydelaforge.com\/","logo":{"@type":"ImageObject","inLanguage":"fr-FR","@id":"https:\/\/audreydelaforge.com\/#\/schema\/logo\/image\/","url":"https:\/\/audreydelaforge.com\/wp-content\/uploads\/2022\/06\/Logo-orange-noir-avec-Audrey-1.png","contentUrl":"https:\/\/audreydelaforge.com\/wp-content\/uploads\/2022\/06\/Logo-orange-noir-avec-Audrey-1.png","width":500,"height":500,"caption":"Audrey Delaforge, Orthop\u00e9dagogue"},"image":{"@id":"https:\/\/audreydelaforge.com\/#\/schema\/logo\/image\/"},"sameAs":["https:\/\/www.facebook.com\/audreycateldelaforge","https:\/\/www.linkedin.com\/in\/audrey-catel-delaforge","https:\/\/www.instagram.com\/audrey_delaforge\/"]},{"@type":"Person","@id":"https:\/\/audreydelaforge.com\/#\/schema\/person\/b44bccc3f328e9802afbab74bb74495d","name":"audrey.catel.delaforge@gmail.com","image":{"@type":"ImageObject","inLanguage":"fr-FR","@id":"https:\/\/secure.gravatar.com\/avatar\/6d2d46023ee8ab957213dcdb0ea8dc964f367c205b281a7f789f0eb314dfafbf?s=96&d=mm&r=g","url":"https:\/\/secure.gravatar.com\/avatar\/6d2d46023ee8ab957213dcdb0ea8dc964f367c205b281a7f789f0eb314dfafbf?s=96&d=mm&r=g","contentUrl":"https:\/\/secure.gravatar.com\/avatar\/6d2d46023ee8ab957213dcdb0ea8dc964f367c205b281a7f789f0eb314dfafbf?s=96&d=mm&r=g","caption":"audrey.catel.delaforge@gmail.com"},"sameAs":["http:\/\/audreydelaforge.com"],"url":"https:\/\/audreydelaforge.com\/index.php\/author\/audrey-catel-delaforgegmail-com\/"}]}},"_links":{"self":[{"href":"https:\/\/audreydelaforge.com\/index.php\/wp-json\/wp\/v2\/posts\/1254","targetHints":{"allow":["GET"]}}],"collection":[{"href":"https:\/\/audreydelaforge.com\/index.php\/wp-json\/wp\/v2\/posts"}],"about":[{"href":"https:\/\/audreydelaforge.com\/index.php\/wp-json\/wp\/v2\/types\/post"}],"author":[{"embeddable":true,"href":"https:\/\/audreydelaforge.com\/index.php\/wp-json\/wp\/v2\/users\/1"}],"replies":[{"embeddable":true,"href":"https:\/\/audreydelaforge.com\/index.php\/wp-json\/wp\/v2\/comments?post=1254"}],"version-history":[{"count":0,"href":"https:\/\/audreydelaforge.com\/index.php\/wp-json\/wp\/v2\/posts\/1254\/revisions"}],"wp:featuredmedia":[{"embeddable":true,"href":"https:\/\/audreydelaforge.com\/index.php\/wp-json\/wp\/v2\/media\/1257"}],"wp:attachment":[{"href":"https:\/\/audreydelaforge.com\/index.php\/wp-json\/wp\/v2\/media?parent=1254"}],"wp:term":[{"taxonomy":"category","embeddable":true,"href":"https:\/\/audreydelaforge.com\/index.php\/wp-json\/wp\/v2\/categories?post=1254"},{"taxonomy":"post_tag","embeddable":true,"href":"https:\/\/audreydelaforge.com\/index.php\/wp-json\/wp\/v2\/tags?post=1254"}],"curies":[{"name":"wp","href":"https:\/\/api.w.org\/{rel}","templated":true}]}}