{"id":1322,"date":"2025-03-22T06:26:05","date_gmt":"2025-03-22T06:26:05","guid":{"rendered":"https:\/\/audreydelaforge.com\/?p=1322"},"modified":"2025-03-22T06:26:06","modified_gmt":"2025-03-22T06:26:06","slug":"le-plan-daccompagnement-personnalise-pap-comprendre-mettre-en-place-et-faire-valoir-ses-droits","status":"publish","type":"post","link":"https:\/\/audreydelaforge.com\/index.php\/2025\/03\/22\/le-plan-daccompagnement-personnalise-pap-comprendre-mettre-en-place-et-faire-valoir-ses-droits\/","title":{"rendered":"Le Plan d\u2019Accompagnement Personnalis\u00e9 (PAP) : Comprendre, Mettre en Place et Faire Valoir ses Droits"},"content":{"rendered":"<div class=\"wp-block-image\">\n<figure class=\"aligncenter size-full\"><img loading=\"lazy\" decoding=\"async\" width=\"1024\" height=\"1024\" src=\"https:\/\/audreydelaforge.com\/wp-content\/uploads\/2025\/03\/DALL\u00b7E-2025-03-22-07.23.12-A-classroom-scene-where-a-teacher-is-assisting-a-young-student-with-a-personalized-learning-plan.-The-student-who-appears-to-have-learning-difficulti.webp\" alt=\"\" class=\"wp-image-1324\" srcset=\"https:\/\/audreydelaforge.com\/wp-content\/uploads\/2025\/03\/DALL\u00b7E-2025-03-22-07.23.12-A-classroom-scene-where-a-teacher-is-assisting-a-young-student-with-a-personalized-learning-plan.-The-student-who-appears-to-have-learning-difficulti.webp 1024w, https:\/\/audreydelaforge.com\/wp-content\/uploads\/2025\/03\/DALL\u00b7E-2025-03-22-07.23.12-A-classroom-scene-where-a-teacher-is-assisting-a-young-student-with-a-personalized-learning-plan.-The-student-who-appears-to-have-learning-difficulti-300x300.webp 300w, https:\/\/audreydelaforge.com\/wp-content\/uploads\/2025\/03\/DALL\u00b7E-2025-03-22-07.23.12-A-classroom-scene-where-a-teacher-is-assisting-a-young-student-with-a-personalized-learning-plan.-The-student-who-appears-to-have-learning-difficulti-150x150.webp 150w, https:\/\/audreydelaforge.com\/wp-content\/uploads\/2025\/03\/DALL\u00b7E-2025-03-22-07.23.12-A-classroom-scene-where-a-teacher-is-assisting-a-young-student-with-a-personalized-learning-plan.-The-student-who-appears-to-have-learning-difficulti-768x768.webp 768w, https:\/\/audreydelaforge.com\/wp-content\/uploads\/2025\/03\/DALL\u00b7E-2025-03-22-07.23.12-A-classroom-scene-where-a-teacher-is-assisting-a-young-student-with-a-personalized-learning-plan.-The-student-who-appears-to-have-learning-difficulti-600x600.webp 600w, https:\/\/audreydelaforge.com\/wp-content\/uploads\/2025\/03\/DALL\u00b7E-2025-03-22-07.23.12-A-classroom-scene-where-a-teacher-is-assisting-a-young-student-with-a-personalized-learning-plan.-The-student-who-appears-to-have-learning-difficulti-100x100.webp 100w\" sizes=\"auto, (max-width: 1024px) 100vw, 1024px\" \/><\/figure>\n<\/div>\n\n\n<p>Lorsqu\u2019un enfant rencontre des difficult\u00e9s scolaires persistantes li\u00e9es \u00e0 des troubles des apprentissages (dyslexie, dysorthographie, dyscalculie, etc.), il est essentiel de mettre en place un cadre structur\u00e9 pour l\u2019aider \u00e0 progresser sereinement. Le Plan d\u2019Accompagnement Personnalis\u00e9 (PAP) est un dispositif cl\u00e9 qui permet d\u2019adapter l\u2019environnement scolaire aux besoins sp\u00e9cifiques de l\u2019\u00e9l\u00e8ve. Comment fonctionne-t-il ? Comment le mettre en place ? Et comment s\u2019assurer que les droits de l\u2019enfant sont respect\u00e9s ? D\u00e9cryptage.<\/p>\n\n\n\n<h2 class=\"wp-block-heading\"><strong>Qu\u2019est-ce qu\u2019un Plan d\u2019Accompagnement Personnalis\u00e9 (PAP) ?<\/strong><\/h2>\n\n\n\n<p>Le PAP est un dispositif mis en place par l\u2019\u00c9ducation nationale pour accompagner les \u00e9l\u00e8ves souffrant de troubles des apprentissages. Contrairement au Plan Personnalis\u00e9 de Scolarisation (PPS) qui rel\u00e8ve de la MDPH (Maison D\u00e9partementale des Personnes Handicap\u00e9es), le PAP ne n\u00e9cessite pas de reconnaissance de handicap. Il vise \u00e0 adapter les pratiques p\u00e9dagogiques en classe pour faciliter l\u2019apprentissage de l\u2019\u00e9l\u00e8ve tout en maintenant les exigences du programme scolaire.<\/p>\n\n\n\n<h3 class=\"wp-block-heading\"><strong>Quels \u00e9l\u00e8ves sont concern\u00e9s ?<\/strong><\/h3>\n\n\n\n<p>Le PAP s\u2019adresse aux \u00e9l\u00e8ves ayant des troubles sp\u00e9cifiques du langage et des apprentissages (TSLA), tels que :<\/p>\n\n\n\n<ul class=\"wp-block-list\">\n<li>La dyslexie et la dysorthographie<\/li>\n\n\n\n<li>La dyscalculie<\/li>\n\n\n\n<li>La dyspraxie<\/li>\n\n\n\n<li>Le trouble de l\u2019attention avec ou sans hyperactivit\u00e9 (TDAH)<\/li>\n<\/ul>\n\n\n\n<h2 class=\"wp-block-heading\"><strong>Quels sont les avantages du PAP ?<\/strong><\/h2>\n\n\n\n<p>Le PAP est une solution flexible et rapide \u00e0 mettre en \u0153uvre pour aider un \u00e9l\u00e8ve \u00e0 surmonter ses difficult\u00e9s scolaires. Parmi ses principaux avantages :<\/p>\n\n\n\n<ul class=\"wp-block-list\">\n<li>Il permet une adaptation p\u00e9dagogique sans n\u00e9cessiter une reconnaissance administrative de handicap.<\/li>\n\n\n\n<li>Il est r\u00e9\u00e9valu\u00e9 chaque ann\u00e9e, offrant ainsi un suivi personnalis\u00e9 et ajustable.<\/li>\n\n\n\n<li>Il encourage la communication entre parents, enseignants et professionnels de sant\u00e9 pour assurer un meilleur accompagnement.<\/li>\n\n\n\n<li>Il peut \u00eatre une \u00e9tape pr\u00e9alable avant une demande aupr\u00e8s de la MDPH si les difficult\u00e9s persistent et n\u00e9cessitent des am\u00e9nagements plus importants.<\/li>\n\n\n\n<li>Il \u00e9vite un processus administratif long et parfois complexe avant d\u2019obtenir une reconnaissance officielle de handicap.<\/li>\n<\/ul>\n\n\n\n<p>En effet, si malgr\u00e9 les am\u00e9nagements du PAP, les troubles de l\u2019\u00e9l\u00e8ve entravent toujours fortement sa scolarit\u00e9, une demande de Plan Personnalis\u00e9 de Scolarisation (PPS) aupr\u00e8s de la MDPH peut \u00eatre envisag\u00e9e. Le PAP permet ainsi de documenter l\u2019\u00e9volution des besoins de l\u2019enfant et de justifier une demande de reconnaissance de handicap si n\u00e9cessaire.<\/p>\n\n\n\n<figure class=\"wp-block-image size-large\"><img loading=\"lazy\" decoding=\"async\" width=\"1024\" height=\"736\" src=\"https:\/\/audreydelaforge.com\/wp-content\/uploads\/2025\/03\/Actions-concretes-a-mettre-en-place-visual-selection-1024x736.png\" alt=\"\" class=\"wp-image-1323\" srcset=\"https:\/\/audreydelaforge.com\/wp-content\/uploads\/2025\/03\/Actions-concretes-a-mettre-en-place-visual-selection-1024x736.png 1024w, https:\/\/audreydelaforge.com\/wp-content\/uploads\/2025\/03\/Actions-concretes-a-mettre-en-place-visual-selection-300x216.png 300w, https:\/\/audreydelaforge.com\/wp-content\/uploads\/2025\/03\/Actions-concretes-a-mettre-en-place-visual-selection-768x552.png 768w, https:\/\/audreydelaforge.com\/wp-content\/uploads\/2025\/03\/Actions-concretes-a-mettre-en-place-visual-selection-600x431.png 600w, https:\/\/audreydelaforge.com\/wp-content\/uploads\/2025\/03\/Actions-concretes-a-mettre-en-place-visual-selection.png 1145w\" sizes=\"auto, (max-width: 1024px) 100vw, 1024px\" \/><\/figure>\n\n\n\n<h2 class=\"wp-block-heading\"><strong>Comment mettre en place un PAP ?<\/strong><\/h2>\n\n\n\n<h3 class=\"wp-block-heading\"><strong>1. La demande et l\u2019\u00e9valuation<\/strong><\/h3>\n\n\n\n<p>La mise en place d\u2019un PAP peut \u00eatre initi\u00e9e par les parents ou les enseignants. Un professionnel de sant\u00e9 (m\u00e9decin scolaire, m\u00e9decin traitant, neuropsychologue, orthophoniste) doit \u00e9tablir un diagnostic attestant des troubles de l\u2019\u00e9l\u00e8ve. Une fois ce document obtenu, il est transmis \u00e0 l\u2019\u00e9tablissement scolaire pour d\u00e9clencher l\u2019\u00e9valuation des besoins de l\u2019enfant.<\/p>\n\n\n\n<h3 class=\"wp-block-heading\"><strong>2. L\u2019\u00e9laboration du PAP<\/strong><\/h3>\n\n\n\n<p>Apr\u00e8s l\u2019\u00e9valuation, une r\u00e9union d\u2019\u00e9quipe \u00e9ducative est organis\u00e9e sous la direction du chef d\u2019\u00e9tablissement. Les enseignants, les parents et \u00e9ventuellement un sp\u00e9cialiste (orthophoniste, psychomotricien) \u00e9changent pour d\u00e9finir les am\u00e9nagements p\u00e9dagogiques adapt\u00e9s. Ceux-ci peuvent inclure :<\/p>\n\n\n\n<ul class=\"wp-block-list\">\n<li>Un allongement du temps pour les \u00e9valuations<\/li>\n\n\n\n<li>L\u2019utilisation d\u2019outils num\u00e9riques<\/li>\n\n\n\n<li>Une adaptation des supports de cours (police sp\u00e9cifique, couleurs, interlignes plus larges)<\/li>\n\n\n\n<li>Une simplification des consignes<\/li>\n\n\n\n<li>La mise en place d\u2019un tuteur ou d\u2019un accompagnant \u00e9ducatif<\/li>\n\n\n\n<li>Un acc\u00e8s facilit\u00e9 aux salles de classe en cas de troubles moteurs<\/li>\n<\/ul>\n\n\n\n<h3 class=\"wp-block-heading\"><strong>3. Le suivi et l\u2019ajustement<\/strong><\/h3>\n\n\n\n<p>Le PAP est un document \u00e9volutif. Il doit \u00eatre r\u00e9\u00e9valu\u00e9 chaque ann\u00e9e pour s\u2019assurer qu\u2019il reste pertinent. Des ajustements peuvent \u00eatre apport\u00e9s en fonction des progr\u00e8s de l\u2019\u00e9l\u00e8ve ou de nouvelles recommandations m\u00e9dicales.<\/p>\n\n\n\n<h2 class=\"wp-block-heading\"><strong>Faire valoir ses droits et assurer l\u2019application du PAP<\/strong><\/h2>\n\n\n\n<p>Il arrive que la mise en place d\u2019un PAP rencontre des obstacles, notamment un manque d\u2019information ou de sensibilisation au sein des \u00e9tablissements scolaires. Voici quelques conseils pour garantir son application efficace :<\/p>\n\n\n\n<h3 class=\"wp-block-heading\"><strong>1. Dialoguer avec l\u2019\u00e9quipe p\u00e9dagogique<\/strong><\/h3>\n\n\n\n<p>Maintenir un dialogue r\u00e9gulier avec les enseignants permet de s\u2019assurer que les adaptations pr\u00e9vues sont bien mises en \u0153uvre. Ne pas h\u00e9siter \u00e0 demander des r\u00e9unions de suivi.<\/p>\n\n\n\n<h3 class=\"wp-block-heading\"><strong>2. Conna\u00eetre les textes officiels<\/strong><\/h3>\n\n\n\n<p>Le PAP est encadr\u00e9 par des textes l\u00e9gislatifs (circulaires, loi sur l\u2019\u00e9cole inclusive). Se renseigner sur ces textes permet aux parents de mieux d\u00e9fendre les droits de leur enfant.<\/p>\n\n\n\n<h3 class=\"wp-block-heading\"><strong>3. Faire appel \u00e0 un m\u00e9diateur<\/strong><\/h3>\n\n\n\n<p>En cas de difficult\u00e9s persistantes, il est possible de contacter l\u2019Inspection acad\u00e9mique ou le r\u00e9f\u00e9rent handicap de l\u2019\u00e9tablissement pour faire valoir les droits de l\u2019\u00e9l\u00e8ve.<\/p>\n\n\n<div class=\"wp-block-image\">\n<figure class=\"aligncenter size-full\"><img loading=\"lazy\" decoding=\"async\" width=\"1024\" height=\"1024\" src=\"https:\/\/audreydelaforge.com\/wp-content\/uploads\/2025\/03\/DALL\u00b7E-2025-03-22-07.25.24-A-realistic-style-illustration-of-a-male-teacher-assisting-a-young-girl-with-learning-difficulties-in-a-classroom.-The-teacher-is-providing-personaliz.webp\" alt=\"\" class=\"wp-image-1325\" srcset=\"https:\/\/audreydelaforge.com\/wp-content\/uploads\/2025\/03\/DALL\u00b7E-2025-03-22-07.25.24-A-realistic-style-illustration-of-a-male-teacher-assisting-a-young-girl-with-learning-difficulties-in-a-classroom.-The-teacher-is-providing-personaliz.webp 1024w, https:\/\/audreydelaforge.com\/wp-content\/uploads\/2025\/03\/DALL\u00b7E-2025-03-22-07.25.24-A-realistic-style-illustration-of-a-male-teacher-assisting-a-young-girl-with-learning-difficulties-in-a-classroom.-The-teacher-is-providing-personaliz-300x300.webp 300w, https:\/\/audreydelaforge.com\/wp-content\/uploads\/2025\/03\/DALL\u00b7E-2025-03-22-07.25.24-A-realistic-style-illustration-of-a-male-teacher-assisting-a-young-girl-with-learning-difficulties-in-a-classroom.-The-teacher-is-providing-personaliz-150x150.webp 150w, https:\/\/audreydelaforge.com\/wp-content\/uploads\/2025\/03\/DALL\u00b7E-2025-03-22-07.25.24-A-realistic-style-illustration-of-a-male-teacher-assisting-a-young-girl-with-learning-difficulties-in-a-classroom.-The-teacher-is-providing-personaliz-768x768.webp 768w, https:\/\/audreydelaforge.com\/wp-content\/uploads\/2025\/03\/DALL\u00b7E-2025-03-22-07.25.24-A-realistic-style-illustration-of-a-male-teacher-assisting-a-young-girl-with-learning-difficulties-in-a-classroom.-The-teacher-is-providing-personaliz-600x600.webp 600w, https:\/\/audreydelaforge.com\/wp-content\/uploads\/2025\/03\/DALL\u00b7E-2025-03-22-07.25.24-A-realistic-style-illustration-of-a-male-teacher-assisting-a-young-girl-with-learning-difficulties-in-a-classroom.-The-teacher-is-providing-personaliz-100x100.webp 100w\" sizes=\"auto, (max-width: 1024px) 100vw, 1024px\" \/><\/figure>\n<\/div>\n\n\n<p>Le PAP est donc un outil essentiel pour accompagner les \u00e9l\u00e8ves pr\u00e9sentant des troubles des apprentissages. En comprenant son fonctionnement, en suivant les \u00e9tapes de sa mise en place et en restant vigilant quant \u00e0 son application, les parents et les enseignants peuvent assurer \u00e0 l\u2019\u00e9l\u00e8ve un cadre scolaire adapt\u00e9 et bienveillant. De plus, il constitue une premi\u00e8re \u00e9tape avant d\u2019\u00e9ventuellement entamer une demande aupr\u00e8s de la MDPH si les difficult\u00e9s de l\u2019enfant n\u00e9cessitent un accompagnement plus pouss\u00e9.<\/p>\n\n\n\n<p>Les orthop\u00e9dagogues jouent \u00e9galement un r\u00f4le cl\u00e9 dans cet accompagnement en proposant des strat\u00e9gies d\u2019apprentissage adapt\u00e9es et en travaillant en compl\u00e9mentarit\u00e9 avec les enseignants et les familles. Ils peuvent \u00e9galement aider \u00e0 la mise en place de techniques de compensation et d\u2019outils adapt\u00e9s pour am\u00e9liorer la r\u00e9ussite scolaire de l\u2019\u00e9l\u00e8ve.<\/p>\n\n\n\n<p>Si vous souhaitez approfondir la question, n\u2019h\u00e9sitez pas \u00e0 consulter d\u2019autres ressources sur l\u2019accompagnement scolaire et les droits des \u00e9l\u00e8ves en difficult\u00e9.<\/p>\n\n\n\n<p>Avez-vous mis en place un PAP pour votre enfant, pour un de vos \u00e9l\u00e8ves ? Partagez votre exp\u00e9rience en commentaire !<\/p>\n","protected":false},"excerpt":{"rendered":"<p>Lorsqu\u2019un enfant rencontre des difficult\u00e9s scolaires persistantes li\u00e9es \u00e0 des troubles des apprentissages (dyslexie, dysorthographie, dyscalculie, etc.), il est essentiel de mettre en place un cadre structur\u00e9 pour l\u2019aider \u00e0 progresser sereinement. Le Plan d\u2019Accompagnement Personnalis\u00e9 (PAP) est un dispositif cl\u00e9 qui permet d\u2019adapter l\u2019environnement scolaire aux besoins sp\u00e9cifiques de l\u2019\u00e9l\u00e8ve. Comment fonctionne-t-il ? Comment&hellip;&nbsp;<a href=\"https:\/\/audreydelaforge.com\/index.php\/2025\/03\/22\/le-plan-daccompagnement-personnalise-pap-comprendre-mettre-en-place-et-faire-valoir-ses-droits\/\" rel=\"bookmark\">Lire la suite &raquo;<span class=\"screen-reader-text\">Le Plan d\u2019Accompagnement Personnalis\u00e9 (PAP) : Comprendre, Mettre en Place et Faire Valoir ses Droits<\/span><\/a><\/p>\n","protected":false},"author":1,"featured_media":1324,"comment_status":"closed","ping_status":"open","sticky":false,"template":"","format":"standard","meta":{"om_disable_all_campaigns":false,"neve_meta_sidebar":"","neve_meta_container":"","neve_meta_enable_content_width":"","neve_meta_content_width":0,"neve_meta_title_alignment":"","neve_meta_author_avatar":"","neve_post_elements_order":"","neve_meta_disable_header":"","neve_meta_disable_footer":"","neve_meta_disable_title":"","footnotes":""},"categories":[25],"tags":[],"class_list":["post-1322","post","type-post","status-publish","format-standard","has-post-thumbnail","hentry","category-dispositifs"],"yoast_head":"<!-- This site is optimized with the Yoast SEO plugin v27.5 - https:\/\/yoast.com\/product\/yoast-seo-wordpress\/ -->\n<title>Le Plan d\u2019Accompagnement Personnalis\u00e9 (PAP) : Comprendre, Mettre en Place et Faire Valoir ses Droits ~ Audrey Delaforge, Orthop\u00e9dagogue<\/title>\n<meta name=\"robots\" content=\"index, follow, max-snippet:-1, max-image-preview:large, max-video-preview:-1\" \/>\n<link rel=\"canonical\" href=\"https:\/\/audreydelaforge.com\/index.php\/2025\/03\/22\/le-plan-daccompagnement-personnalise-pap-comprendre-mettre-en-place-et-faire-valoir-ses-droits\/\" \/>\n<meta property=\"og:locale\" content=\"fr_FR\" \/>\n<meta property=\"og:type\" content=\"article\" \/>\n<meta property=\"og:title\" content=\"Le Plan d\u2019Accompagnement Personnalis\u00e9 (PAP) : Comprendre, Mettre en Place et Faire Valoir ses Droits ~ Audrey Delaforge, Orthop\u00e9dagogue\" \/>\n<meta property=\"og:description\" content=\"Lorsqu\u2019un enfant rencontre des difficult\u00e9s scolaires persistantes li\u00e9es \u00e0 des troubles des apprentissages (dyslexie, dysorthographie, dyscalculie, etc.), il est essentiel de mettre en place un cadre structur\u00e9 pour l\u2019aider \u00e0 progresser sereinement. Le Plan d\u2019Accompagnement Personnalis\u00e9 (PAP) est un dispositif cl\u00e9 qui permet d\u2019adapter l\u2019environnement scolaire aux besoins sp\u00e9cifiques de l\u2019\u00e9l\u00e8ve. Comment fonctionne-t-il ? Comment&hellip;&nbsp;Lire la suite &raquo;Le Plan d\u2019Accompagnement Personnalis\u00e9 (PAP) : Comprendre, Mettre en Place et Faire Valoir ses Droits\" \/>\n<meta property=\"og:url\" content=\"https:\/\/audreydelaforge.com\/index.php\/2025\/03\/22\/le-plan-daccompagnement-personnalise-pap-comprendre-mettre-en-place-et-faire-valoir-ses-droits\/\" \/>\n<meta property=\"og:site_name\" content=\"Audrey Delaforge, Orthop\u00e9dagogue\" \/>\n<meta property=\"article:publisher\" content=\"https:\/\/www.facebook.com\/audreycateldelaforge\" \/>\n<meta property=\"article:published_time\" content=\"2025-03-22T06:26:05+00:00\" \/>\n<meta property=\"article:modified_time\" content=\"2025-03-22T06:26:06+00:00\" \/>\n<meta property=\"og:image\" content=\"https:\/\/audreydelaforge.com\/wp-content\/uploads\/2025\/03\/DALL\u00b7E-2025-03-22-07.23.12-A-classroom-scene-where-a-teacher-is-assisting-a-young-student-with-a-personalized-learning-plan.-The-student-who-appears-to-have-learning-difficulti.webp\" \/>\n\t<meta property=\"og:image:width\" content=\"1024\" \/>\n\t<meta property=\"og:image:height\" content=\"1024\" \/>\n\t<meta property=\"og:image:type\" content=\"image\/webp\" \/>\n<meta name=\"author\" content=\"audrey.catel.delaforge@gmail.com\" \/>\n<meta name=\"twitter:card\" content=\"summary_large_image\" \/>\n<meta name=\"twitter:label1\" content=\"\u00c9crit par\" \/>\n\t<meta name=\"twitter:data1\" content=\"audrey.catel.delaforge@gmail.com\" \/>\n\t<meta name=\"twitter:label2\" content=\"Dur\u00e9e de lecture estim\u00e9e\" \/>\n\t<meta name=\"twitter:data2\" content=\"5 minutes\" \/>\n<script type=\"application\/ld+json\" class=\"yoast-schema-graph\">{\"@context\":\"https:\\\/\\\/schema.org\",\"@graph\":[{\"@type\":\"Article\",\"@id\":\"https:\\\/\\\/audreydelaforge.com\\\/index.php\\\/2025\\\/03\\\/22\\\/le-plan-daccompagnement-personnalise-pap-comprendre-mettre-en-place-et-faire-valoir-ses-droits\\\/#article\",\"isPartOf\":{\"@id\":\"https:\\\/\\\/audreydelaforge.com\\\/index.php\\\/2025\\\/03\\\/22\\\/le-plan-daccompagnement-personnalise-pap-comprendre-mettre-en-place-et-faire-valoir-ses-droits\\\/\"},\"author\":{\"name\":\"audrey.catel.delaforge@gmail.com\",\"@id\":\"https:\\\/\\\/audreydelaforge.com\\\/#\\\/schema\\\/person\\\/b44bccc3f328e9802afbab74bb74495d\"},\"headline\":\"Le Plan d\u2019Accompagnement Personnalis\u00e9 (PAP) : Comprendre, Mettre en Place et Faire Valoir ses Droits\",\"datePublished\":\"2025-03-22T06:26:05+00:00\",\"dateModified\":\"2025-03-22T06:26:06+00:00\",\"mainEntityOfPage\":{\"@id\":\"https:\\\/\\\/audreydelaforge.com\\\/index.php\\\/2025\\\/03\\\/22\\\/le-plan-daccompagnement-personnalise-pap-comprendre-mettre-en-place-et-faire-valoir-ses-droits\\\/\"},\"wordCount\":983,\"publisher\":{\"@id\":\"https:\\\/\\\/audreydelaforge.com\\\/#organization\"},\"image\":{\"@id\":\"https:\\\/\\\/audreydelaforge.com\\\/index.php\\\/2025\\\/03\\\/22\\\/le-plan-daccompagnement-personnalise-pap-comprendre-mettre-en-place-et-faire-valoir-ses-droits\\\/#primaryimage\"},\"thumbnailUrl\":\"https:\\\/\\\/audreydelaforge.com\\\/wp-content\\\/uploads\\\/2025\\\/03\\\/DALL\u00b7E-2025-03-22-07.23.12-A-classroom-scene-where-a-teacher-is-assisting-a-young-student-with-a-personalized-learning-plan.-The-student-who-appears-to-have-learning-difficulti.webp\",\"articleSection\":[\"Dispositifs\"],\"inLanguage\":\"fr-FR\"},{\"@type\":\"WebPage\",\"@id\":\"https:\\\/\\\/audreydelaforge.com\\\/index.php\\\/2025\\\/03\\\/22\\\/le-plan-daccompagnement-personnalise-pap-comprendre-mettre-en-place-et-faire-valoir-ses-droits\\\/\",\"url\":\"https:\\\/\\\/audreydelaforge.com\\\/index.php\\\/2025\\\/03\\\/22\\\/le-plan-daccompagnement-personnalise-pap-comprendre-mettre-en-place-et-faire-valoir-ses-droits\\\/\",\"name\":\"Le Plan d\u2019Accompagnement Personnalis\u00e9 (PAP) : Comprendre, Mettre en Place et Faire Valoir ses Droits ~ Audrey Delaforge, Orthop\u00e9dagogue\",\"isPartOf\":{\"@id\":\"https:\\\/\\\/audreydelaforge.com\\\/#website\"},\"primaryImageOfPage\":{\"@id\":\"https:\\\/\\\/audreydelaforge.com\\\/index.php\\\/2025\\\/03\\\/22\\\/le-plan-daccompagnement-personnalise-pap-comprendre-mettre-en-place-et-faire-valoir-ses-droits\\\/#primaryimage\"},\"image\":{\"@id\":\"https:\\\/\\\/audreydelaforge.com\\\/index.php\\\/2025\\\/03\\\/22\\\/le-plan-daccompagnement-personnalise-pap-comprendre-mettre-en-place-et-faire-valoir-ses-droits\\\/#primaryimage\"},\"thumbnailUrl\":\"https:\\\/\\\/audreydelaforge.com\\\/wp-content\\\/uploads\\\/2025\\\/03\\\/DALL\u00b7E-2025-03-22-07.23.12-A-classroom-scene-where-a-teacher-is-assisting-a-young-student-with-a-personalized-learning-plan.-The-student-who-appears-to-have-learning-difficulti.webp\",\"datePublished\":\"2025-03-22T06:26:05+00:00\",\"dateModified\":\"2025-03-22T06:26:06+00:00\",\"breadcrumb\":{\"@id\":\"https:\\\/\\\/audreydelaforge.com\\\/index.php\\\/2025\\\/03\\\/22\\\/le-plan-daccompagnement-personnalise-pap-comprendre-mettre-en-place-et-faire-valoir-ses-droits\\\/#breadcrumb\"},\"inLanguage\":\"fr-FR\",\"potentialAction\":[{\"@type\":\"ReadAction\",\"target\":[\"https:\\\/\\\/audreydelaforge.com\\\/index.php\\\/2025\\\/03\\\/22\\\/le-plan-daccompagnement-personnalise-pap-comprendre-mettre-en-place-et-faire-valoir-ses-droits\\\/\"]}]},{\"@type\":\"ImageObject\",\"inLanguage\":\"fr-FR\",\"@id\":\"https:\\\/\\\/audreydelaforge.com\\\/index.php\\\/2025\\\/03\\\/22\\\/le-plan-daccompagnement-personnalise-pap-comprendre-mettre-en-place-et-faire-valoir-ses-droits\\\/#primaryimage\",\"url\":\"https:\\\/\\\/audreydelaforge.com\\\/wp-content\\\/uploads\\\/2025\\\/03\\\/DALL\u00b7E-2025-03-22-07.23.12-A-classroom-scene-where-a-teacher-is-assisting-a-young-student-with-a-personalized-learning-plan.-The-student-who-appears-to-have-learning-difficulti.webp\",\"contentUrl\":\"https:\\\/\\\/audreydelaforge.com\\\/wp-content\\\/uploads\\\/2025\\\/03\\\/DALL\u00b7E-2025-03-22-07.23.12-A-classroom-scene-where-a-teacher-is-assisting-a-young-student-with-a-personalized-learning-plan.-The-student-who-appears-to-have-learning-difficulti.webp\",\"width\":1024,\"height\":1024},{\"@type\":\"BreadcrumbList\",\"@id\":\"https:\\\/\\\/audreydelaforge.com\\\/index.php\\\/2025\\\/03\\\/22\\\/le-plan-daccompagnement-personnalise-pap-comprendre-mettre-en-place-et-faire-valoir-ses-droits\\\/#breadcrumb\",\"itemListElement\":[{\"@type\":\"ListItem\",\"position\":1,\"name\":\"Accueil\",\"item\":\"https:\\\/\\\/audreydelaforge.com\\\/\"},{\"@type\":\"ListItem\",\"position\":2,\"name\":\"Le Plan d\u2019Accompagnement Personnalis\u00e9 (PAP) : Comprendre, Mettre en Place et Faire Valoir ses Droits\"}]},{\"@type\":\"WebSite\",\"@id\":\"https:\\\/\\\/audreydelaforge.com\\\/#website\",\"url\":\"https:\\\/\\\/audreydelaforge.com\\\/\",\"name\":\"Audrey Delaforge, Orthop\u00e9dagogue\",\"description\":\"L&#039;apprenant au centre du savoir\",\"publisher\":{\"@id\":\"https:\\\/\\\/audreydelaforge.com\\\/#organization\"},\"potentialAction\":[{\"@type\":\"SearchAction\",\"target\":{\"@type\":\"EntryPoint\",\"urlTemplate\":\"https:\\\/\\\/audreydelaforge.com\\\/?s={search_term_string}\"},\"query-input\":{\"@type\":\"PropertyValueSpecification\",\"valueRequired\":true,\"valueName\":\"search_term_string\"}}],\"inLanguage\":\"fr-FR\"},{\"@type\":\"Organization\",\"@id\":\"https:\\\/\\\/audreydelaforge.com\\\/#organization\",\"name\":\"Audrey Delaforge, Orthop\u00e9dagogue\",\"url\":\"https:\\\/\\\/audreydelaforge.com\\\/\",\"logo\":{\"@type\":\"ImageObject\",\"inLanguage\":\"fr-FR\",\"@id\":\"https:\\\/\\\/audreydelaforge.com\\\/#\\\/schema\\\/logo\\\/image\\\/\",\"url\":\"https:\\\/\\\/audreydelaforge.com\\\/wp-content\\\/uploads\\\/2022\\\/06\\\/Logo-orange-noir-avec-Audrey-1.png\",\"contentUrl\":\"https:\\\/\\\/audreydelaforge.com\\\/wp-content\\\/uploads\\\/2022\\\/06\\\/Logo-orange-noir-avec-Audrey-1.png\",\"width\":500,\"height\":500,\"caption\":\"Audrey Delaforge, Orthop\u00e9dagogue\"},\"image\":{\"@id\":\"https:\\\/\\\/audreydelaforge.com\\\/#\\\/schema\\\/logo\\\/image\\\/\"},\"sameAs\":[\"https:\\\/\\\/www.facebook.com\\\/audreycateldelaforge\",\"https:\\\/\\\/www.linkedin.com\\\/in\\\/audrey-catel-delaforge\",\"https:\\\/\\\/www.instagram.com\\\/audrey_delaforge\\\/\"]},{\"@type\":\"Person\",\"@id\":\"https:\\\/\\\/audreydelaforge.com\\\/#\\\/schema\\\/person\\\/b44bccc3f328e9802afbab74bb74495d\",\"name\":\"audrey.catel.delaforge@gmail.com\",\"image\":{\"@type\":\"ImageObject\",\"inLanguage\":\"fr-FR\",\"@id\":\"https:\\\/\\\/secure.gravatar.com\\\/avatar\\\/6d2d46023ee8ab957213dcdb0ea8dc964f367c205b281a7f789f0eb314dfafbf?s=96&d=mm&r=g\",\"url\":\"https:\\\/\\\/secure.gravatar.com\\\/avatar\\\/6d2d46023ee8ab957213dcdb0ea8dc964f367c205b281a7f789f0eb314dfafbf?s=96&d=mm&r=g\",\"contentUrl\":\"https:\\\/\\\/secure.gravatar.com\\\/avatar\\\/6d2d46023ee8ab957213dcdb0ea8dc964f367c205b281a7f789f0eb314dfafbf?s=96&d=mm&r=g\",\"caption\":\"audrey.catel.delaforge@gmail.com\"},\"sameAs\":[\"http:\\\/\\\/audreydelaforge.com\"],\"url\":\"https:\\\/\\\/audreydelaforge.com\\\/index.php\\\/author\\\/audrey-catel-delaforgegmail-com\\\/\"}]}<\/script>\n<!-- \/ Yoast SEO plugin. -->","yoast_head_json":{"title":"Le Plan d\u2019Accompagnement Personnalis\u00e9 (PAP) : Comprendre, Mettre en Place et Faire Valoir ses Droits ~ Audrey Delaforge, Orthop\u00e9dagogue","robots":{"index":"index","follow":"follow","max-snippet":"max-snippet:-1","max-image-preview":"max-image-preview:large","max-video-preview":"max-video-preview:-1"},"canonical":"https:\/\/audreydelaforge.com\/index.php\/2025\/03\/22\/le-plan-daccompagnement-personnalise-pap-comprendre-mettre-en-place-et-faire-valoir-ses-droits\/","og_locale":"fr_FR","og_type":"article","og_title":"Le Plan d\u2019Accompagnement Personnalis\u00e9 (PAP) : Comprendre, Mettre en Place et Faire Valoir ses Droits ~ Audrey Delaforge, Orthop\u00e9dagogue","og_description":"Lorsqu\u2019un enfant rencontre des difficult\u00e9s scolaires persistantes li\u00e9es \u00e0 des troubles des apprentissages (dyslexie, dysorthographie, dyscalculie, etc.), il est essentiel de mettre en place un cadre structur\u00e9 pour l\u2019aider \u00e0 progresser sereinement. Le Plan d\u2019Accompagnement Personnalis\u00e9 (PAP) est un dispositif cl\u00e9 qui permet d\u2019adapter l\u2019environnement scolaire aux besoins sp\u00e9cifiques de l\u2019\u00e9l\u00e8ve. Comment fonctionne-t-il ? Comment&hellip;&nbsp;Lire la suite &raquo;Le Plan d\u2019Accompagnement Personnalis\u00e9 (PAP) : Comprendre, Mettre en Place et Faire Valoir ses Droits","og_url":"https:\/\/audreydelaforge.com\/index.php\/2025\/03\/22\/le-plan-daccompagnement-personnalise-pap-comprendre-mettre-en-place-et-faire-valoir-ses-droits\/","og_site_name":"Audrey Delaforge, Orthop\u00e9dagogue","article_publisher":"https:\/\/www.facebook.com\/audreycateldelaforge","article_published_time":"2025-03-22T06:26:05+00:00","article_modified_time":"2025-03-22T06:26:06+00:00","og_image":[{"width":1024,"height":1024,"url":"https:\/\/audreydelaforge.com\/wp-content\/uploads\/2025\/03\/DALL\u00b7E-2025-03-22-07.23.12-A-classroom-scene-where-a-teacher-is-assisting-a-young-student-with-a-personalized-learning-plan.-The-student-who-appears-to-have-learning-difficulti.webp","type":"image\/webp"}],"author":"audrey.catel.delaforge@gmail.com","twitter_card":"summary_large_image","twitter_misc":{"\u00c9crit par":"audrey.catel.delaforge@gmail.com","Dur\u00e9e de lecture estim\u00e9e":"5 minutes"},"schema":{"@context":"https:\/\/schema.org","@graph":[{"@type":"Article","@id":"https:\/\/audreydelaforge.com\/index.php\/2025\/03\/22\/le-plan-daccompagnement-personnalise-pap-comprendre-mettre-en-place-et-faire-valoir-ses-droits\/#article","isPartOf":{"@id":"https:\/\/audreydelaforge.com\/index.php\/2025\/03\/22\/le-plan-daccompagnement-personnalise-pap-comprendre-mettre-en-place-et-faire-valoir-ses-droits\/"},"author":{"name":"audrey.catel.delaforge@gmail.com","@id":"https:\/\/audreydelaforge.com\/#\/schema\/person\/b44bccc3f328e9802afbab74bb74495d"},"headline":"Le Plan d\u2019Accompagnement Personnalis\u00e9 (PAP) : Comprendre, Mettre en Place et Faire Valoir ses Droits","datePublished":"2025-03-22T06:26:05+00:00","dateModified":"2025-03-22T06:26:06+00:00","mainEntityOfPage":{"@id":"https:\/\/audreydelaforge.com\/index.php\/2025\/03\/22\/le-plan-daccompagnement-personnalise-pap-comprendre-mettre-en-place-et-faire-valoir-ses-droits\/"},"wordCount":983,"publisher":{"@id":"https:\/\/audreydelaforge.com\/#organization"},"image":{"@id":"https:\/\/audreydelaforge.com\/index.php\/2025\/03\/22\/le-plan-daccompagnement-personnalise-pap-comprendre-mettre-en-place-et-faire-valoir-ses-droits\/#primaryimage"},"thumbnailUrl":"https:\/\/audreydelaforge.com\/wp-content\/uploads\/2025\/03\/DALL\u00b7E-2025-03-22-07.23.12-A-classroom-scene-where-a-teacher-is-assisting-a-young-student-with-a-personalized-learning-plan.-The-student-who-appears-to-have-learning-difficulti.webp","articleSection":["Dispositifs"],"inLanguage":"fr-FR"},{"@type":"WebPage","@id":"https:\/\/audreydelaforge.com\/index.php\/2025\/03\/22\/le-plan-daccompagnement-personnalise-pap-comprendre-mettre-en-place-et-faire-valoir-ses-droits\/","url":"https:\/\/audreydelaforge.com\/index.php\/2025\/03\/22\/le-plan-daccompagnement-personnalise-pap-comprendre-mettre-en-place-et-faire-valoir-ses-droits\/","name":"Le Plan d\u2019Accompagnement Personnalis\u00e9 (PAP) : Comprendre, Mettre en Place et Faire Valoir ses Droits ~ Audrey Delaforge, Orthop\u00e9dagogue","isPartOf":{"@id":"https:\/\/audreydelaforge.com\/#website"},"primaryImageOfPage":{"@id":"https:\/\/audreydelaforge.com\/index.php\/2025\/03\/22\/le-plan-daccompagnement-personnalise-pap-comprendre-mettre-en-place-et-faire-valoir-ses-droits\/#primaryimage"},"image":{"@id":"https:\/\/audreydelaforge.com\/index.php\/2025\/03\/22\/le-plan-daccompagnement-personnalise-pap-comprendre-mettre-en-place-et-faire-valoir-ses-droits\/#primaryimage"},"thumbnailUrl":"https:\/\/audreydelaforge.com\/wp-content\/uploads\/2025\/03\/DALL\u00b7E-2025-03-22-07.23.12-A-classroom-scene-where-a-teacher-is-assisting-a-young-student-with-a-personalized-learning-plan.-The-student-who-appears-to-have-learning-difficulti.webp","datePublished":"2025-03-22T06:26:05+00:00","dateModified":"2025-03-22T06:26:06+00:00","breadcrumb":{"@id":"https:\/\/audreydelaforge.com\/index.php\/2025\/03\/22\/le-plan-daccompagnement-personnalise-pap-comprendre-mettre-en-place-et-faire-valoir-ses-droits\/#breadcrumb"},"inLanguage":"fr-FR","potentialAction":[{"@type":"ReadAction","target":["https:\/\/audreydelaforge.com\/index.php\/2025\/03\/22\/le-plan-daccompagnement-personnalise-pap-comprendre-mettre-en-place-et-faire-valoir-ses-droits\/"]}]},{"@type":"ImageObject","inLanguage":"fr-FR","@id":"https:\/\/audreydelaforge.com\/index.php\/2025\/03\/22\/le-plan-daccompagnement-personnalise-pap-comprendre-mettre-en-place-et-faire-valoir-ses-droits\/#primaryimage","url":"https:\/\/audreydelaforge.com\/wp-content\/uploads\/2025\/03\/DALL\u00b7E-2025-03-22-07.23.12-A-classroom-scene-where-a-teacher-is-assisting-a-young-student-with-a-personalized-learning-plan.-The-student-who-appears-to-have-learning-difficulti.webp","contentUrl":"https:\/\/audreydelaforge.com\/wp-content\/uploads\/2025\/03\/DALL\u00b7E-2025-03-22-07.23.12-A-classroom-scene-where-a-teacher-is-assisting-a-young-student-with-a-personalized-learning-plan.-The-student-who-appears-to-have-learning-difficulti.webp","width":1024,"height":1024},{"@type":"BreadcrumbList","@id":"https:\/\/audreydelaforge.com\/index.php\/2025\/03\/22\/le-plan-daccompagnement-personnalise-pap-comprendre-mettre-en-place-et-faire-valoir-ses-droits\/#breadcrumb","itemListElement":[{"@type":"ListItem","position":1,"name":"Accueil","item":"https:\/\/audreydelaforge.com\/"},{"@type":"ListItem","position":2,"name":"Le Plan d\u2019Accompagnement Personnalis\u00e9 (PAP) : Comprendre, Mettre en Place et Faire Valoir ses Droits"}]},{"@type":"WebSite","@id":"https:\/\/audreydelaforge.com\/#website","url":"https:\/\/audreydelaforge.com\/","name":"Audrey Delaforge, Orthop\u00e9dagogue","description":"L&#039;apprenant au centre du savoir","publisher":{"@id":"https:\/\/audreydelaforge.com\/#organization"},"potentialAction":[{"@type":"SearchAction","target":{"@type":"EntryPoint","urlTemplate":"https:\/\/audreydelaforge.com\/?s={search_term_string}"},"query-input":{"@type":"PropertyValueSpecification","valueRequired":true,"valueName":"search_term_string"}}],"inLanguage":"fr-FR"},{"@type":"Organization","@id":"https:\/\/audreydelaforge.com\/#organization","name":"Audrey Delaforge, Orthop\u00e9dagogue","url":"https:\/\/audreydelaforge.com\/","logo":{"@type":"ImageObject","inLanguage":"fr-FR","@id":"https:\/\/audreydelaforge.com\/#\/schema\/logo\/image\/","url":"https:\/\/audreydelaforge.com\/wp-content\/uploads\/2022\/06\/Logo-orange-noir-avec-Audrey-1.png","contentUrl":"https:\/\/audreydelaforge.com\/wp-content\/uploads\/2022\/06\/Logo-orange-noir-avec-Audrey-1.png","width":500,"height":500,"caption":"Audrey Delaforge, Orthop\u00e9dagogue"},"image":{"@id":"https:\/\/audreydelaforge.com\/#\/schema\/logo\/image\/"},"sameAs":["https:\/\/www.facebook.com\/audreycateldelaforge","https:\/\/www.linkedin.com\/in\/audrey-catel-delaforge","https:\/\/www.instagram.com\/audrey_delaforge\/"]},{"@type":"Person","@id":"https:\/\/audreydelaforge.com\/#\/schema\/person\/b44bccc3f328e9802afbab74bb74495d","name":"audrey.catel.delaforge@gmail.com","image":{"@type":"ImageObject","inLanguage":"fr-FR","@id":"https:\/\/secure.gravatar.com\/avatar\/6d2d46023ee8ab957213dcdb0ea8dc964f367c205b281a7f789f0eb314dfafbf?s=96&d=mm&r=g","url":"https:\/\/secure.gravatar.com\/avatar\/6d2d46023ee8ab957213dcdb0ea8dc964f367c205b281a7f789f0eb314dfafbf?s=96&d=mm&r=g","contentUrl":"https:\/\/secure.gravatar.com\/avatar\/6d2d46023ee8ab957213dcdb0ea8dc964f367c205b281a7f789f0eb314dfafbf?s=96&d=mm&r=g","caption":"audrey.catel.delaforge@gmail.com"},"sameAs":["http:\/\/audreydelaforge.com"],"url":"https:\/\/audreydelaforge.com\/index.php\/author\/audrey-catel-delaforgegmail-com\/"}]}},"_links":{"self":[{"href":"https:\/\/audreydelaforge.com\/index.php\/wp-json\/wp\/v2\/posts\/1322","targetHints":{"allow":["GET"]}}],"collection":[{"href":"https:\/\/audreydelaforge.com\/index.php\/wp-json\/wp\/v2\/posts"}],"about":[{"href":"https:\/\/audreydelaforge.com\/index.php\/wp-json\/wp\/v2\/types\/post"}],"author":[{"embeddable":true,"href":"https:\/\/audreydelaforge.com\/index.php\/wp-json\/wp\/v2\/users\/1"}],"replies":[{"embeddable":true,"href":"https:\/\/audreydelaforge.com\/index.php\/wp-json\/wp\/v2\/comments?post=1322"}],"version-history":[{"count":0,"href":"https:\/\/audreydelaforge.com\/index.php\/wp-json\/wp\/v2\/posts\/1322\/revisions"}],"wp:featuredmedia":[{"embeddable":true,"href":"https:\/\/audreydelaforge.com\/index.php\/wp-json\/wp\/v2\/media\/1324"}],"wp:attachment":[{"href":"https:\/\/audreydelaforge.com\/index.php\/wp-json\/wp\/v2\/media?parent=1322"}],"wp:term":[{"taxonomy":"category","embeddable":true,"href":"https:\/\/audreydelaforge.com\/index.php\/wp-json\/wp\/v2\/categories?post=1322"},{"taxonomy":"post_tag","embeddable":true,"href":"https:\/\/audreydelaforge.com\/index.php\/wp-json\/wp\/v2\/tags?post=1322"}],"curies":[{"name":"wp","href":"https:\/\/api.w.org\/{rel}","templated":true}]}}