{"id":1331,"date":"2025-03-29T06:45:54","date_gmt":"2025-03-29T06:45:54","guid":{"rendered":"https:\/\/audreydelaforge.com\/?p=1331"},"modified":"2025-03-29T06:48:18","modified_gmt":"2025-03-29T06:48:18","slug":"il-ne-sagit-pas-de-choisir-pourquoi-orthophonistes-et-orthopedagogues-doivent-travailler-ensemble","status":"publish","type":"post","link":"https:\/\/audreydelaforge.com\/index.php\/2025\/03\/29\/il-ne-sagit-pas-de-choisir-pourquoi-orthophonistes-et-orthopedagogues-doivent-travailler-ensemble\/","title":{"rendered":"Il ne s\u2019agit pas de choisir : pourquoi orthophonistes et orthop\u00e9dagogues doivent travailler ensemble"},"content":{"rendered":"\n<h2 class=\"wp-block-heading\">\u00ab Mon enfant a des difficult\u00e9s \u00e0 l\u2019\u00e9cole. Est-ce que je dois voir un orthophoniste ou un orthop\u00e9dagogue ? \u00bb Voil\u00e0 une question que j\u2019entends presque chaque semaine, que ce soit dans mon cabinet ou lors de rencontres avec des enseignants et des familles.<\/h2>\n\n\n\n<p>Cette confusion est compr\u00e9hensible : les deux professionnels interviennent souvent aupr\u00e8s des m\u00eames enfants, ceux qui pr\u00e9sentent des <strong>troubles d\u2019apprentissage<\/strong> ou des <strong>difficult\u00e9s scolaires persistantes<\/strong>. Pourtant, leurs approches, leurs outils et leurs objectifs sont distincts \u2014 et surtout, <strong>hautement compl\u00e9mentaires<\/strong>.<\/p>\n\n\n\n<p>Dans cet article, je vous propose de mieux comprendre les <strong>diff\u00e9rences entre orthop\u00e9dagogue et orthophoniste<\/strong>, leurs r\u00f4les respectifs, et surtout, pourquoi leur <strong>collaboration interprofessionnelle<\/strong> est non seulement souhaitable, mais essentielle. En croisant leurs expertises, on offre aux enfants (et parfois aux adultes) un <strong>accompagnement global, coh\u00e9rent et bienveillant<\/strong>.<\/p>\n\n\n<div class=\"wp-block-image\">\n<figure class=\"aligncenter size-full is-resized\"><img loading=\"lazy\" decoding=\"async\" width=\"1024\" height=\"1024\" src=\"https:\/\/audreydelaforge.com\/wp-content\/uploads\/2025\/03\/ChatGPT-Image-29-mars-2025-07_41_38.png\" alt=\"\" class=\"wp-image-1332\" style=\"width:1119px;height:auto\" srcset=\"https:\/\/audreydelaforge.com\/wp-content\/uploads\/2025\/03\/ChatGPT-Image-29-mars-2025-07_41_38.png 1024w, https:\/\/audreydelaforge.com\/wp-content\/uploads\/2025\/03\/ChatGPT-Image-29-mars-2025-07_41_38-300x300.png 300w, https:\/\/audreydelaforge.com\/wp-content\/uploads\/2025\/03\/ChatGPT-Image-29-mars-2025-07_41_38-150x150.png 150w, https:\/\/audreydelaforge.com\/wp-content\/uploads\/2025\/03\/ChatGPT-Image-29-mars-2025-07_41_38-768x768.png 768w, https:\/\/audreydelaforge.com\/wp-content\/uploads\/2025\/03\/ChatGPT-Image-29-mars-2025-07_41_38-600x600.png 600w, https:\/\/audreydelaforge.com\/wp-content\/uploads\/2025\/03\/ChatGPT-Image-29-mars-2025-07_41_38-100x100.png 100w\" sizes=\"auto, (max-width: 1024px) 100vw, 1024px\" \/><\/figure>\n<\/div>\n\n\n<hr class=\"wp-block-separator has-alpha-channel-opacity\"\/>\n\n\n\n<h2 class=\"wp-block-heading\">Orthop\u00e9dagogue et orthophoniste : deux m\u00e9tiers diff\u00e9rents<\/h2>\n\n\n\n<h3 class=\"wp-block-heading\">Deux expertises, deux formations<\/h3>\n\n\n\n<p>L\u2019<strong>orthop\u00e9dagogue<\/strong> est un sp\u00e9cialiste de la <strong>p\u00e9dagogie adapt\u00e9e<\/strong>, form\u00e9 pour intervenir aupr\u00e8s d\u2019\u00e9l\u00e8ves qui rencontrent des difficult\u00e9s en lecture, \u00e9criture, math\u00e9matiques, attention, ou organisation. Il agit sans poser de diagnostic, mais en mettant en place des <strong>strat\u00e9gies p\u00e9dagogiques<\/strong> personnalis\u00e9es pour soutenir les apprentissages et aider \u00e0 retrouver confiance.<\/p>\n\n\n\n<p>L\u2019<strong>orthophoniste<\/strong>, quant \u00e0 lui, est un professionnel de sant\u00e9 param\u00e9dical, sp\u00e9cialis\u00e9 dans les <strong>troubles du langage oral et \u00e9crit<\/strong>, de la communication, de la voix ou encore de la d\u00e9glutition. Il est habilit\u00e9 \u00e0 <strong>\u00e9valuer, diagnostiquer et traiter<\/strong> des troubles sp\u00e9cifiques comme la dyslexie, la dysphasie ou le trouble du langage oral.<\/p>\n\n\n\n<h3 class=\"wp-block-heading\">Exemple concret : L\u00e9o et ses difficult\u00e9s de lecture<\/h3>\n\n\n\n<p>Prenons l\u2019exemple de L\u00e9o, 8 ans. Il a du mal \u00e0 d\u00e9coder les mots, lit lentement, confond les sons, et \u00e9vite les lectures \u00e0 voix haute.<\/p>\n\n\n\n<ul class=\"wp-block-list\">\n<li>L\u2019<strong>orthophoniste<\/strong> va \u00e9valuer la pr\u00e9sence d\u2019un trouble du langage \u00e9crit (comme une dyslexie), poser un <strong>diagnostic<\/strong>, et mettre en place un <strong>plan de r\u00e9\u00e9ducation cibl\u00e9<\/strong>, centr\u00e9 sur les m\u00e9canismes du langage.<\/li>\n\n\n\n<li>L\u2019<strong>orthop\u00e9dagogue<\/strong>, de son c\u00f4t\u00e9, peut intervenir en amont ou en parall\u00e8le, en proposant \u00e0 L\u00e9o des <strong>outils concrets<\/strong> pour faciliter la lecture, d\u00e9velopper des <strong>strat\u00e9gies d&rsquo;adaptation et de compensation<\/strong>, et soutenir la <strong>motivation<\/strong> dans le cadre scolaire.<\/li>\n<\/ul>\n\n\n\n<hr class=\"wp-block-separator has-alpha-channel-opacity\"\/>\n\n\n\n<h2 class=\"wp-block-heading\">Des comp\u00e9tences compl\u00e9mentaires pour un accompagnement global<\/h2>\n\n\n\n<h3 class=\"wp-block-heading\">Un travail d\u2019\u00e9quipe au service de l\u2019enfant<\/h3>\n\n\n\n<p>Dans de nombreux cas, les enfants suivis par un orthophoniste b\u00e9n\u00e9ficient aussi d\u2019un suivi orthop\u00e9dagogique \u2014 et inversement. Pourquoi ? Parce que <strong>l\u2019un agit sur les m\u00e9canismes, l\u2019autre sur les apprentissages<\/strong>.<\/p>\n\n\n\n<ul class=\"wp-block-list\">\n<li>L\u2019orthop\u00e9dagogue soutient les <strong>comp\u00e9tences scolaires<\/strong> : il adapte les t\u00e2ches, propose des <strong>m\u00e9thodes d\u2019\u00e9tude<\/strong>, renforce la m\u00e9moire de travail, ou accompagne la compr\u00e9hension de consignes.<\/li>\n\n\n\n<li>L\u2019orthophoniste travaille sur les <strong>pr\u00e9requis linguistiques et cognitifs<\/strong> indispensables aux apprentissages : conscience phonologique, fluidit\u00e9 verbale, articulation, compr\u00e9hension orale ou \u00e9crite.<\/li>\n<\/ul>\n\n\n\n<h3 class=\"wp-block-heading\">Dans le contexte des TND (troubles neurod\u00e9veloppementaux)<\/h3>\n\n\n\n<p>Chez les enfants pr\u00e9sentant des <strong>troubles neurod\u00e9veloppementaux<\/strong> comme le TDAH, les troubles DYS ou les troubles du spectre de l\u2019autisme, cette <strong>approche combin\u00e9e<\/strong> est particuli\u00e8rement b\u00e9n\u00e9fique.<\/p>\n\n\n\n<p>Par exemple :<\/p>\n\n\n\n<ul class=\"wp-block-list\">\n<li>L\u2019orthophoniste intervient pour am\u00e9liorer la structuration du langage.<\/li>\n\n\n\n<li>L\u2019orthop\u00e9dagogue propose un <strong>plan de rem\u00e9diation p\u00e9dagogique<\/strong> pour rendre accessibles les contenus scolaires, en collaboration avec l\u2019\u00e9cole.<\/li>\n<\/ul>\n\n\n\n<hr class=\"wp-block-separator has-alpha-channel-opacity\"\/>\n\n\n\n<h2 class=\"wp-block-heading\">Pourquoi il ne faut pas choisir, mais collaborer<\/h2>\n\n\n\n<h3 class=\"wp-block-heading\">L\u2019orthop\u00e9dagogue, un premier rep\u00e8re<\/h3>\n\n\n\n<p>L\u2019orthop\u00e9dagogue joue souvent un <strong>r\u00f4le de premi\u00e8re ligne<\/strong>. Il peut \u00eatre sollicit\u00e9 sans prescription m\u00e9dicale et offre une premi\u00e8re <strong>analyse fonctionnelle des difficult\u00e9s<\/strong>. Cela permet parfois d\u2019\u00e9viter des retards d\u2019intervention et d\u2019orienter rapidement vers les professionnels ad\u00e9quats, comme l\u2019orthophoniste.<\/p>\n\n\n\n<h3 class=\"wp-block-heading\">L\u2019orthophoniste, expert du diagnostic et de la r\u00e9\u00e9ducation<\/h3>\n\n\n\n<p>Gr\u00e2ce \u00e0 une \u00e9valuation norm\u00e9e, l\u2019orthophoniste peut <strong>identifier avec pr\u00e9cision<\/strong> la nature du trouble, ce qui permet de cibler l\u2019intervention et de poser des <strong>am\u00e9nagements scolaires<\/strong> pertinents.<\/p>\n\n\n\n<h3 class=\"wp-block-heading\">R\u00e9sultats d\u2019une collaboration efficace<\/h3>\n\n\n\n<p>Lorsqu\u2019un enfant b\u00e9n\u00e9ficie de cette <strong>double prise en charge<\/strong>, les progr\u00e8s sont souvent plus rapides, mieux int\u00e9gr\u00e9s et plus durables. Les <strong>effets de synergie<\/strong> sont nombreux : ce que l\u2019un travaille en r\u00e9\u00e9ducation, l\u2019autre le consolide dans le cadre scolaire.<\/p>\n\n\n\n<hr class=\"wp-block-separator has-alpha-channel-opacity\"\/>\n\n\n\n<h2 class=\"wp-block-heading\">Le regard crois\u00e9 : un levier puissant pour les familles et les \u00e9coles<\/h2>\n\n\n\n<h3 class=\"wp-block-heading\">Pour les parents : clart\u00e9 et coh\u00e9rence<\/h3>\n\n\n\n<p>Lorsqu\u2019<strong>orthop\u00e9dagogues et orthophonistes<\/strong> \u00e9changent, partagent leurs observations et construisent ensemble une d\u00e9marche, les parents y trouvent :<\/p>\n\n\n\n<ul class=\"wp-block-list\">\n<li>Une <strong>meilleure compr\u00e9hension du parcours<\/strong> de leur enfant.<\/li>\n\n\n\n<li>Une <strong>coh\u00e9rence dans les interventions<\/strong>.<\/li>\n\n\n\n<li>Une r\u00e9duction du stress et de la culpabilit\u00e9.<\/li>\n<\/ul>\n\n\n\n<h3 class=\"wp-block-heading\">Pour les enseignants : des alli\u00e9s pr\u00e9cieux<\/h3>\n\n\n\n<p>Les enseignants ne sont pas seuls ! En collaborant avec des orthop\u00e9dagogues, ils peuvent b\u00e9n\u00e9ficier :<\/p>\n\n\n\n<ul class=\"wp-block-list\">\n<li>D\u2019outils concrets pour la <strong>diff\u00e9renciation p\u00e9dagogique<\/strong>.<\/li>\n\n\n\n<li>D\u2019\u00e9clairages sur les <strong>fonctionnements cognitifs<\/strong> des \u00e9l\u00e8ves.<\/li>\n\n\n\n<li>De recommandations pour <strong>adapter leur enseignement<\/strong> de mani\u00e8re inclusive.<\/li>\n<\/ul>\n\n\n\n<h3 class=\"wp-block-heading\">Pour les enfants : confiance retrouv\u00e9e<\/h3>\n\n\n\n<p>L\u2019enfant qui sent que les adultes autour de lui <strong>communiquent, coop\u00e8rent et le comprennent<\/strong> est un enfant qui retrouve confiance, motivation et sentiment de comp\u00e9tence. Il n\u2019est plus seul face \u00e0 ses difficult\u00e9s.<\/p>\n\n\n<div class=\"wp-block-image\">\n<figure class=\"aligncenter size-full\"><img loading=\"lazy\" decoding=\"async\" width=\"1024\" height=\"1024\" src=\"https:\/\/audreydelaforge.com\/wp-content\/uploads\/2025\/03\/ChatGPT-Image-29-mars-2025-07_44_57.png\" alt=\"\" class=\"wp-image-1333\" srcset=\"https:\/\/audreydelaforge.com\/wp-content\/uploads\/2025\/03\/ChatGPT-Image-29-mars-2025-07_44_57.png 1024w, https:\/\/audreydelaforge.com\/wp-content\/uploads\/2025\/03\/ChatGPT-Image-29-mars-2025-07_44_57-300x300.png 300w, https:\/\/audreydelaforge.com\/wp-content\/uploads\/2025\/03\/ChatGPT-Image-29-mars-2025-07_44_57-150x150.png 150w, https:\/\/audreydelaforge.com\/wp-content\/uploads\/2025\/03\/ChatGPT-Image-29-mars-2025-07_44_57-768x768.png 768w, https:\/\/audreydelaforge.com\/wp-content\/uploads\/2025\/03\/ChatGPT-Image-29-mars-2025-07_44_57-600x600.png 600w, https:\/\/audreydelaforge.com\/wp-content\/uploads\/2025\/03\/ChatGPT-Image-29-mars-2025-07_44_57-100x100.png 100w\" sizes=\"auto, (max-width: 1024px) 100vw, 1024px\" \/><\/figure>\n<\/div>\n\n\n<hr class=\"wp-block-separator has-alpha-channel-opacity\"\/>\n\n\n\n<h2 class=\"wp-block-heading\">Conclusion<\/h2>\n\n\n\n<p>Orthop\u00e9dagogue ou orthophoniste ? La bonne r\u00e9ponse, c\u2019est souvent : <strong>les deux !<\/strong><\/p>\n\n\n\n<p>Chaque professionnel a sa place dans l\u2019<strong>accompagnement des enfants<\/strong> pr\u00e9sentant des <strong>troubles des apprentissages<\/strong> ou du langage. En travaillant main dans la main, ils offrent un soutien global, harmonis\u00e9, et bien plus efficace.<\/p>\n\n\n\n<p>Alors, que vous soyez parent, enseignant ou professionnel de l\u2019\u00e9ducation, n\u2019h\u00e9sitez pas \u00e0 <strong>encourager la collaboration interprofessionnelle<\/strong>. C\u2019est ensemble que nous construisons des parcours r\u00e9ussis pour chaque enfant.<\/p>\n\n\n\n<p>\ud83d\udc49 Pour aller plus loin, d\u00e9couvrez ma <strong>fiche pratique sur les r\u00f4les de l\u2019orthop\u00e9dagogue et de l\u2019orthophoniste<\/strong>.<\/p>\n","protected":false},"excerpt":{"rendered":"<p>\u00ab Mon enfant a des difficult\u00e9s \u00e0 l\u2019\u00e9cole. Est-ce que je dois voir un orthophoniste ou un orthop\u00e9dagogue ? \u00bb Voil\u00e0 une question que j\u2019entends presque chaque semaine, que ce soit dans mon cabinet ou lors de rencontres avec des enseignants et des familles. Cette confusion est compr\u00e9hensible : les deux professionnels interviennent souvent aupr\u00e8s&hellip;&nbsp;<a href=\"https:\/\/audreydelaforge.com\/index.php\/2025\/03\/29\/il-ne-sagit-pas-de-choisir-pourquoi-orthophonistes-et-orthopedagogues-doivent-travailler-ensemble\/\" rel=\"bookmark\">Lire la suite &raquo;<span class=\"screen-reader-text\">Il ne s\u2019agit pas de choisir : pourquoi orthophonistes et orthop\u00e9dagogues doivent travailler ensemble<\/span><\/a><\/p>\n","protected":false},"author":1,"featured_media":1333,"comment_status":"closed","ping_status":"open","sticky":false,"template":"","format":"standard","meta":{"om_disable_all_campaigns":false,"neve_meta_sidebar":"","neve_meta_container":"","neve_meta_enable_content_width":"","neve_meta_content_width":0,"neve_meta_title_alignment":"","neve_meta_author_avatar":"","neve_post_elements_order":"","neve_meta_disable_header":"","neve_meta_disable_footer":"","neve_meta_disable_title":"","footnotes":""},"categories":[19],"tags":[],"class_list":["post-1331","post","type-post","status-publish","format-standard","has-post-thumbnail","hentry","category-orthopedagogie"],"yoast_head":"<!-- This site is optimized with the Yoast SEO plugin v27.5 - https:\/\/yoast.com\/product\/yoast-seo-wordpress\/ -->\n<title>Il ne s\u2019agit pas de choisir : pourquoi orthophonistes et orthop\u00e9dagogues doivent travailler ensemble ~ Audrey Delaforge, Orthop\u00e9dagogue<\/title>\n<meta name=\"robots\" content=\"index, follow, max-snippet:-1, max-image-preview:large, max-video-preview:-1\" \/>\n<link rel=\"canonical\" href=\"https:\/\/audreydelaforge.com\/index.php\/2025\/03\/29\/il-ne-sagit-pas-de-choisir-pourquoi-orthophonistes-et-orthopedagogues-doivent-travailler-ensemble\/\" \/>\n<meta property=\"og:locale\" content=\"fr_FR\" \/>\n<meta property=\"og:type\" content=\"article\" \/>\n<meta property=\"og:title\" content=\"Il ne s\u2019agit pas de choisir : pourquoi orthophonistes et orthop\u00e9dagogues doivent travailler ensemble ~ Audrey Delaforge, Orthop\u00e9dagogue\" \/>\n<meta property=\"og:description\" content=\"\u00ab Mon enfant a des difficult\u00e9s \u00e0 l\u2019\u00e9cole. Est-ce que je dois voir un orthophoniste ou un orthop\u00e9dagogue ? \u00bb Voil\u00e0 une question que j\u2019entends presque chaque semaine, que ce soit dans mon cabinet ou lors de rencontres avec des enseignants et des familles. Cette confusion est compr\u00e9hensible : les deux professionnels interviennent souvent aupr\u00e8s&hellip;&nbsp;Lire la suite &raquo;Il ne s\u2019agit pas de choisir : pourquoi orthophonistes et orthop\u00e9dagogues doivent travailler ensemble\" \/>\n<meta property=\"og:url\" content=\"https:\/\/audreydelaforge.com\/index.php\/2025\/03\/29\/il-ne-sagit-pas-de-choisir-pourquoi-orthophonistes-et-orthopedagogues-doivent-travailler-ensemble\/\" \/>\n<meta property=\"og:site_name\" content=\"Audrey Delaforge, Orthop\u00e9dagogue\" \/>\n<meta property=\"article:publisher\" content=\"https:\/\/www.facebook.com\/audreycateldelaforge\" \/>\n<meta property=\"article:published_time\" content=\"2025-03-29T06:45:54+00:00\" \/>\n<meta property=\"article:modified_time\" content=\"2025-03-29T06:48:18+00:00\" \/>\n<meta property=\"og:image\" content=\"https:\/\/audreydelaforge.com\/wp-content\/uploads\/2025\/03\/ChatGPT-Image-29-mars-2025-07_44_57.png\" \/>\n\t<meta property=\"og:image:width\" content=\"1024\" \/>\n\t<meta property=\"og:image:height\" content=\"1024\" \/>\n\t<meta property=\"og:image:type\" content=\"image\/png\" \/>\n<meta name=\"author\" content=\"audrey.catel.delaforge@gmail.com\" \/>\n<meta name=\"twitter:card\" content=\"summary_large_image\" \/>\n<meta name=\"twitter:label1\" content=\"\u00c9crit par\" \/>\n\t<meta name=\"twitter:data1\" content=\"audrey.catel.delaforge@gmail.com\" \/>\n\t<meta name=\"twitter:label2\" content=\"Dur\u00e9e de lecture estim\u00e9e\" \/>\n\t<meta name=\"twitter:data2\" content=\"5 minutes\" \/>\n<script type=\"application\/ld+json\" class=\"yoast-schema-graph\">{\"@context\":\"https:\\\/\\\/schema.org\",\"@graph\":[{\"@type\":\"Article\",\"@id\":\"https:\\\/\\\/audreydelaforge.com\\\/index.php\\\/2025\\\/03\\\/29\\\/il-ne-sagit-pas-de-choisir-pourquoi-orthophonistes-et-orthopedagogues-doivent-travailler-ensemble\\\/#article\",\"isPartOf\":{\"@id\":\"https:\\\/\\\/audreydelaforge.com\\\/index.php\\\/2025\\\/03\\\/29\\\/il-ne-sagit-pas-de-choisir-pourquoi-orthophonistes-et-orthopedagogues-doivent-travailler-ensemble\\\/\"},\"author\":{\"name\":\"audrey.catel.delaforge@gmail.com\",\"@id\":\"https:\\\/\\\/audreydelaforge.com\\\/#\\\/schema\\\/person\\\/b44bccc3f328e9802afbab74bb74495d\"},\"headline\":\"Il ne s\u2019agit pas de choisir : pourquoi orthophonistes et orthop\u00e9dagogues doivent travailler ensemble\",\"datePublished\":\"2025-03-29T06:45:54+00:00\",\"dateModified\":\"2025-03-29T06:48:18+00:00\",\"mainEntityOfPage\":{\"@id\":\"https:\\\/\\\/audreydelaforge.com\\\/index.php\\\/2025\\\/03\\\/29\\\/il-ne-sagit-pas-de-choisir-pourquoi-orthophonistes-et-orthopedagogues-doivent-travailler-ensemble\\\/\"},\"wordCount\":1006,\"publisher\":{\"@id\":\"https:\\\/\\\/audreydelaforge.com\\\/#organization\"},\"image\":{\"@id\":\"https:\\\/\\\/audreydelaforge.com\\\/index.php\\\/2025\\\/03\\\/29\\\/il-ne-sagit-pas-de-choisir-pourquoi-orthophonistes-et-orthopedagogues-doivent-travailler-ensemble\\\/#primaryimage\"},\"thumbnailUrl\":\"https:\\\/\\\/audreydelaforge.com\\\/wp-content\\\/uploads\\\/2025\\\/03\\\/ChatGPT-Image-29-mars-2025-07_44_57.png\",\"articleSection\":[\"Orthop\u00e9dagogie\"],\"inLanguage\":\"fr-FR\"},{\"@type\":\"WebPage\",\"@id\":\"https:\\\/\\\/audreydelaforge.com\\\/index.php\\\/2025\\\/03\\\/29\\\/il-ne-sagit-pas-de-choisir-pourquoi-orthophonistes-et-orthopedagogues-doivent-travailler-ensemble\\\/\",\"url\":\"https:\\\/\\\/audreydelaforge.com\\\/index.php\\\/2025\\\/03\\\/29\\\/il-ne-sagit-pas-de-choisir-pourquoi-orthophonistes-et-orthopedagogues-doivent-travailler-ensemble\\\/\",\"name\":\"Il ne s\u2019agit pas de choisir : pourquoi orthophonistes et orthop\u00e9dagogues doivent travailler ensemble ~ Audrey Delaforge, Orthop\u00e9dagogue\",\"isPartOf\":{\"@id\":\"https:\\\/\\\/audreydelaforge.com\\\/#website\"},\"primaryImageOfPage\":{\"@id\":\"https:\\\/\\\/audreydelaforge.com\\\/index.php\\\/2025\\\/03\\\/29\\\/il-ne-sagit-pas-de-choisir-pourquoi-orthophonistes-et-orthopedagogues-doivent-travailler-ensemble\\\/#primaryimage\"},\"image\":{\"@id\":\"https:\\\/\\\/audreydelaforge.com\\\/index.php\\\/2025\\\/03\\\/29\\\/il-ne-sagit-pas-de-choisir-pourquoi-orthophonistes-et-orthopedagogues-doivent-travailler-ensemble\\\/#primaryimage\"},\"thumbnailUrl\":\"https:\\\/\\\/audreydelaforge.com\\\/wp-content\\\/uploads\\\/2025\\\/03\\\/ChatGPT-Image-29-mars-2025-07_44_57.png\",\"datePublished\":\"2025-03-29T06:45:54+00:00\",\"dateModified\":\"2025-03-29T06:48:18+00:00\",\"breadcrumb\":{\"@id\":\"https:\\\/\\\/audreydelaforge.com\\\/index.php\\\/2025\\\/03\\\/29\\\/il-ne-sagit-pas-de-choisir-pourquoi-orthophonistes-et-orthopedagogues-doivent-travailler-ensemble\\\/#breadcrumb\"},\"inLanguage\":\"fr-FR\",\"potentialAction\":[{\"@type\":\"ReadAction\",\"target\":[\"https:\\\/\\\/audreydelaforge.com\\\/index.php\\\/2025\\\/03\\\/29\\\/il-ne-sagit-pas-de-choisir-pourquoi-orthophonistes-et-orthopedagogues-doivent-travailler-ensemble\\\/\"]}]},{\"@type\":\"ImageObject\",\"inLanguage\":\"fr-FR\",\"@id\":\"https:\\\/\\\/audreydelaforge.com\\\/index.php\\\/2025\\\/03\\\/29\\\/il-ne-sagit-pas-de-choisir-pourquoi-orthophonistes-et-orthopedagogues-doivent-travailler-ensemble\\\/#primaryimage\",\"url\":\"https:\\\/\\\/audreydelaforge.com\\\/wp-content\\\/uploads\\\/2025\\\/03\\\/ChatGPT-Image-29-mars-2025-07_44_57.png\",\"contentUrl\":\"https:\\\/\\\/audreydelaforge.com\\\/wp-content\\\/uploads\\\/2025\\\/03\\\/ChatGPT-Image-29-mars-2025-07_44_57.png\",\"width\":1024,\"height\":1024},{\"@type\":\"BreadcrumbList\",\"@id\":\"https:\\\/\\\/audreydelaforge.com\\\/index.php\\\/2025\\\/03\\\/29\\\/il-ne-sagit-pas-de-choisir-pourquoi-orthophonistes-et-orthopedagogues-doivent-travailler-ensemble\\\/#breadcrumb\",\"itemListElement\":[{\"@type\":\"ListItem\",\"position\":1,\"name\":\"Accueil\",\"item\":\"https:\\\/\\\/audreydelaforge.com\\\/\"},{\"@type\":\"ListItem\",\"position\":2,\"name\":\"Il ne s\u2019agit pas de choisir : pourquoi orthophonistes et orthop\u00e9dagogues doivent travailler ensemble\"}]},{\"@type\":\"WebSite\",\"@id\":\"https:\\\/\\\/audreydelaforge.com\\\/#website\",\"url\":\"https:\\\/\\\/audreydelaforge.com\\\/\",\"name\":\"Audrey Delaforge, Orthop\u00e9dagogue\",\"description\":\"L&#039;apprenant au centre du savoir\",\"publisher\":{\"@id\":\"https:\\\/\\\/audreydelaforge.com\\\/#organization\"},\"potentialAction\":[{\"@type\":\"SearchAction\",\"target\":{\"@type\":\"EntryPoint\",\"urlTemplate\":\"https:\\\/\\\/audreydelaforge.com\\\/?s={search_term_string}\"},\"query-input\":{\"@type\":\"PropertyValueSpecification\",\"valueRequired\":true,\"valueName\":\"search_term_string\"}}],\"inLanguage\":\"fr-FR\"},{\"@type\":\"Organization\",\"@id\":\"https:\\\/\\\/audreydelaforge.com\\\/#organization\",\"name\":\"Audrey Delaforge, Orthop\u00e9dagogue\",\"url\":\"https:\\\/\\\/audreydelaforge.com\\\/\",\"logo\":{\"@type\":\"ImageObject\",\"inLanguage\":\"fr-FR\",\"@id\":\"https:\\\/\\\/audreydelaforge.com\\\/#\\\/schema\\\/logo\\\/image\\\/\",\"url\":\"https:\\\/\\\/audreydelaforge.com\\\/wp-content\\\/uploads\\\/2022\\\/06\\\/Logo-orange-noir-avec-Audrey-1.png\",\"contentUrl\":\"https:\\\/\\\/audreydelaforge.com\\\/wp-content\\\/uploads\\\/2022\\\/06\\\/Logo-orange-noir-avec-Audrey-1.png\",\"width\":500,\"height\":500,\"caption\":\"Audrey Delaforge, Orthop\u00e9dagogue\"},\"image\":{\"@id\":\"https:\\\/\\\/audreydelaforge.com\\\/#\\\/schema\\\/logo\\\/image\\\/\"},\"sameAs\":[\"https:\\\/\\\/www.facebook.com\\\/audreycateldelaforge\",\"https:\\\/\\\/www.linkedin.com\\\/in\\\/audrey-catel-delaforge\",\"https:\\\/\\\/www.instagram.com\\\/audrey_delaforge\\\/\"]},{\"@type\":\"Person\",\"@id\":\"https:\\\/\\\/audreydelaforge.com\\\/#\\\/schema\\\/person\\\/b44bccc3f328e9802afbab74bb74495d\",\"name\":\"audrey.catel.delaforge@gmail.com\",\"image\":{\"@type\":\"ImageObject\",\"inLanguage\":\"fr-FR\",\"@id\":\"https:\\\/\\\/secure.gravatar.com\\\/avatar\\\/6d2d46023ee8ab957213dcdb0ea8dc964f367c205b281a7f789f0eb314dfafbf?s=96&d=mm&r=g\",\"url\":\"https:\\\/\\\/secure.gravatar.com\\\/avatar\\\/6d2d46023ee8ab957213dcdb0ea8dc964f367c205b281a7f789f0eb314dfafbf?s=96&d=mm&r=g\",\"contentUrl\":\"https:\\\/\\\/secure.gravatar.com\\\/avatar\\\/6d2d46023ee8ab957213dcdb0ea8dc964f367c205b281a7f789f0eb314dfafbf?s=96&d=mm&r=g\",\"caption\":\"audrey.catel.delaforge@gmail.com\"},\"sameAs\":[\"http:\\\/\\\/audreydelaforge.com\"],\"url\":\"https:\\\/\\\/audreydelaforge.com\\\/index.php\\\/author\\\/audrey-catel-delaforgegmail-com\\\/\"}]}<\/script>\n<!-- \/ Yoast SEO plugin. -->","yoast_head_json":{"title":"Il ne s\u2019agit pas de choisir : pourquoi orthophonistes et orthop\u00e9dagogues doivent travailler ensemble ~ Audrey Delaforge, Orthop\u00e9dagogue","robots":{"index":"index","follow":"follow","max-snippet":"max-snippet:-1","max-image-preview":"max-image-preview:large","max-video-preview":"max-video-preview:-1"},"canonical":"https:\/\/audreydelaforge.com\/index.php\/2025\/03\/29\/il-ne-sagit-pas-de-choisir-pourquoi-orthophonistes-et-orthopedagogues-doivent-travailler-ensemble\/","og_locale":"fr_FR","og_type":"article","og_title":"Il ne s\u2019agit pas de choisir : pourquoi orthophonistes et orthop\u00e9dagogues doivent travailler ensemble ~ Audrey Delaforge, Orthop\u00e9dagogue","og_description":"\u00ab Mon enfant a des difficult\u00e9s \u00e0 l\u2019\u00e9cole. Est-ce que je dois voir un orthophoniste ou un orthop\u00e9dagogue ? \u00bb Voil\u00e0 une question que j\u2019entends presque chaque semaine, que ce soit dans mon cabinet ou lors de rencontres avec des enseignants et des familles. Cette confusion est compr\u00e9hensible : les deux professionnels interviennent souvent aupr\u00e8s&hellip;&nbsp;Lire la suite &raquo;Il ne s\u2019agit pas de choisir : pourquoi orthophonistes et orthop\u00e9dagogues doivent travailler ensemble","og_url":"https:\/\/audreydelaforge.com\/index.php\/2025\/03\/29\/il-ne-sagit-pas-de-choisir-pourquoi-orthophonistes-et-orthopedagogues-doivent-travailler-ensemble\/","og_site_name":"Audrey Delaforge, Orthop\u00e9dagogue","article_publisher":"https:\/\/www.facebook.com\/audreycateldelaforge","article_published_time":"2025-03-29T06:45:54+00:00","article_modified_time":"2025-03-29T06:48:18+00:00","og_image":[{"width":1024,"height":1024,"url":"https:\/\/audreydelaforge.com\/wp-content\/uploads\/2025\/03\/ChatGPT-Image-29-mars-2025-07_44_57.png","type":"image\/png"}],"author":"audrey.catel.delaforge@gmail.com","twitter_card":"summary_large_image","twitter_misc":{"\u00c9crit par":"audrey.catel.delaforge@gmail.com","Dur\u00e9e de lecture estim\u00e9e":"5 minutes"},"schema":{"@context":"https:\/\/schema.org","@graph":[{"@type":"Article","@id":"https:\/\/audreydelaforge.com\/index.php\/2025\/03\/29\/il-ne-sagit-pas-de-choisir-pourquoi-orthophonistes-et-orthopedagogues-doivent-travailler-ensemble\/#article","isPartOf":{"@id":"https:\/\/audreydelaforge.com\/index.php\/2025\/03\/29\/il-ne-sagit-pas-de-choisir-pourquoi-orthophonistes-et-orthopedagogues-doivent-travailler-ensemble\/"},"author":{"name":"audrey.catel.delaforge@gmail.com","@id":"https:\/\/audreydelaforge.com\/#\/schema\/person\/b44bccc3f328e9802afbab74bb74495d"},"headline":"Il ne s\u2019agit pas de choisir : pourquoi orthophonistes et orthop\u00e9dagogues doivent travailler ensemble","datePublished":"2025-03-29T06:45:54+00:00","dateModified":"2025-03-29T06:48:18+00:00","mainEntityOfPage":{"@id":"https:\/\/audreydelaforge.com\/index.php\/2025\/03\/29\/il-ne-sagit-pas-de-choisir-pourquoi-orthophonistes-et-orthopedagogues-doivent-travailler-ensemble\/"},"wordCount":1006,"publisher":{"@id":"https:\/\/audreydelaforge.com\/#organization"},"image":{"@id":"https:\/\/audreydelaforge.com\/index.php\/2025\/03\/29\/il-ne-sagit-pas-de-choisir-pourquoi-orthophonistes-et-orthopedagogues-doivent-travailler-ensemble\/#primaryimage"},"thumbnailUrl":"https:\/\/audreydelaforge.com\/wp-content\/uploads\/2025\/03\/ChatGPT-Image-29-mars-2025-07_44_57.png","articleSection":["Orthop\u00e9dagogie"],"inLanguage":"fr-FR"},{"@type":"WebPage","@id":"https:\/\/audreydelaforge.com\/index.php\/2025\/03\/29\/il-ne-sagit-pas-de-choisir-pourquoi-orthophonistes-et-orthopedagogues-doivent-travailler-ensemble\/","url":"https:\/\/audreydelaforge.com\/index.php\/2025\/03\/29\/il-ne-sagit-pas-de-choisir-pourquoi-orthophonistes-et-orthopedagogues-doivent-travailler-ensemble\/","name":"Il ne s\u2019agit pas de choisir : pourquoi orthophonistes et orthop\u00e9dagogues doivent travailler ensemble ~ Audrey Delaforge, Orthop\u00e9dagogue","isPartOf":{"@id":"https:\/\/audreydelaforge.com\/#website"},"primaryImageOfPage":{"@id":"https:\/\/audreydelaforge.com\/index.php\/2025\/03\/29\/il-ne-sagit-pas-de-choisir-pourquoi-orthophonistes-et-orthopedagogues-doivent-travailler-ensemble\/#primaryimage"},"image":{"@id":"https:\/\/audreydelaforge.com\/index.php\/2025\/03\/29\/il-ne-sagit-pas-de-choisir-pourquoi-orthophonistes-et-orthopedagogues-doivent-travailler-ensemble\/#primaryimage"},"thumbnailUrl":"https:\/\/audreydelaforge.com\/wp-content\/uploads\/2025\/03\/ChatGPT-Image-29-mars-2025-07_44_57.png","datePublished":"2025-03-29T06:45:54+00:00","dateModified":"2025-03-29T06:48:18+00:00","breadcrumb":{"@id":"https:\/\/audreydelaforge.com\/index.php\/2025\/03\/29\/il-ne-sagit-pas-de-choisir-pourquoi-orthophonistes-et-orthopedagogues-doivent-travailler-ensemble\/#breadcrumb"},"inLanguage":"fr-FR","potentialAction":[{"@type":"ReadAction","target":["https:\/\/audreydelaforge.com\/index.php\/2025\/03\/29\/il-ne-sagit-pas-de-choisir-pourquoi-orthophonistes-et-orthopedagogues-doivent-travailler-ensemble\/"]}]},{"@type":"ImageObject","inLanguage":"fr-FR","@id":"https:\/\/audreydelaforge.com\/index.php\/2025\/03\/29\/il-ne-sagit-pas-de-choisir-pourquoi-orthophonistes-et-orthopedagogues-doivent-travailler-ensemble\/#primaryimage","url":"https:\/\/audreydelaforge.com\/wp-content\/uploads\/2025\/03\/ChatGPT-Image-29-mars-2025-07_44_57.png","contentUrl":"https:\/\/audreydelaforge.com\/wp-content\/uploads\/2025\/03\/ChatGPT-Image-29-mars-2025-07_44_57.png","width":1024,"height":1024},{"@type":"BreadcrumbList","@id":"https:\/\/audreydelaforge.com\/index.php\/2025\/03\/29\/il-ne-sagit-pas-de-choisir-pourquoi-orthophonistes-et-orthopedagogues-doivent-travailler-ensemble\/#breadcrumb","itemListElement":[{"@type":"ListItem","position":1,"name":"Accueil","item":"https:\/\/audreydelaforge.com\/"},{"@type":"ListItem","position":2,"name":"Il ne s\u2019agit pas de choisir : pourquoi orthophonistes et orthop\u00e9dagogues doivent travailler ensemble"}]},{"@type":"WebSite","@id":"https:\/\/audreydelaforge.com\/#website","url":"https:\/\/audreydelaforge.com\/","name":"Audrey Delaforge, Orthop\u00e9dagogue","description":"L&#039;apprenant au centre du savoir","publisher":{"@id":"https:\/\/audreydelaforge.com\/#organization"},"potentialAction":[{"@type":"SearchAction","target":{"@type":"EntryPoint","urlTemplate":"https:\/\/audreydelaforge.com\/?s={search_term_string}"},"query-input":{"@type":"PropertyValueSpecification","valueRequired":true,"valueName":"search_term_string"}}],"inLanguage":"fr-FR"},{"@type":"Organization","@id":"https:\/\/audreydelaforge.com\/#organization","name":"Audrey Delaforge, Orthop\u00e9dagogue","url":"https:\/\/audreydelaforge.com\/","logo":{"@type":"ImageObject","inLanguage":"fr-FR","@id":"https:\/\/audreydelaforge.com\/#\/schema\/logo\/image\/","url":"https:\/\/audreydelaforge.com\/wp-content\/uploads\/2022\/06\/Logo-orange-noir-avec-Audrey-1.png","contentUrl":"https:\/\/audreydelaforge.com\/wp-content\/uploads\/2022\/06\/Logo-orange-noir-avec-Audrey-1.png","width":500,"height":500,"caption":"Audrey Delaforge, Orthop\u00e9dagogue"},"image":{"@id":"https:\/\/audreydelaforge.com\/#\/schema\/logo\/image\/"},"sameAs":["https:\/\/www.facebook.com\/audreycateldelaforge","https:\/\/www.linkedin.com\/in\/audrey-catel-delaforge","https:\/\/www.instagram.com\/audrey_delaforge\/"]},{"@type":"Person","@id":"https:\/\/audreydelaforge.com\/#\/schema\/person\/b44bccc3f328e9802afbab74bb74495d","name":"audrey.catel.delaforge@gmail.com","image":{"@type":"ImageObject","inLanguage":"fr-FR","@id":"https:\/\/secure.gravatar.com\/avatar\/6d2d46023ee8ab957213dcdb0ea8dc964f367c205b281a7f789f0eb314dfafbf?s=96&d=mm&r=g","url":"https:\/\/secure.gravatar.com\/avatar\/6d2d46023ee8ab957213dcdb0ea8dc964f367c205b281a7f789f0eb314dfafbf?s=96&d=mm&r=g","contentUrl":"https:\/\/secure.gravatar.com\/avatar\/6d2d46023ee8ab957213dcdb0ea8dc964f367c205b281a7f789f0eb314dfafbf?s=96&d=mm&r=g","caption":"audrey.catel.delaforge@gmail.com"},"sameAs":["http:\/\/audreydelaforge.com"],"url":"https:\/\/audreydelaforge.com\/index.php\/author\/audrey-catel-delaforgegmail-com\/"}]}},"_links":{"self":[{"href":"https:\/\/audreydelaforge.com\/index.php\/wp-json\/wp\/v2\/posts\/1331","targetHints":{"allow":["GET"]}}],"collection":[{"href":"https:\/\/audreydelaforge.com\/index.php\/wp-json\/wp\/v2\/posts"}],"about":[{"href":"https:\/\/audreydelaforge.com\/index.php\/wp-json\/wp\/v2\/types\/post"}],"author":[{"embeddable":true,"href":"https:\/\/audreydelaforge.com\/index.php\/wp-json\/wp\/v2\/users\/1"}],"replies":[{"embeddable":true,"href":"https:\/\/audreydelaforge.com\/index.php\/wp-json\/wp\/v2\/comments?post=1331"}],"version-history":[{"count":0,"href":"https:\/\/audreydelaforge.com\/index.php\/wp-json\/wp\/v2\/posts\/1331\/revisions"}],"wp:featuredmedia":[{"embeddable":true,"href":"https:\/\/audreydelaforge.com\/index.php\/wp-json\/wp\/v2\/media\/1333"}],"wp:attachment":[{"href":"https:\/\/audreydelaforge.com\/index.php\/wp-json\/wp\/v2\/media?parent=1331"}],"wp:term":[{"taxonomy":"category","embeddable":true,"href":"https:\/\/audreydelaforge.com\/index.php\/wp-json\/wp\/v2\/categories?post=1331"},{"taxonomy":"post_tag","embeddable":true,"href":"https:\/\/audreydelaforge.com\/index.php\/wp-json\/wp\/v2\/tags?post=1331"}],"curies":[{"name":"wp","href":"https:\/\/api.w.org\/{rel}","templated":true}]}}