{"id":1335,"date":"2025-03-29T06:53:23","date_gmt":"2025-03-29T06:53:23","guid":{"rendered":"https:\/\/audreydelaforge.com\/?p=1335"},"modified":"2025-04-05T10:27:02","modified_gmt":"2025-04-05T10:27:02","slug":"orthopedagogue-le-specialiste-des-strategies-dapprentissage","status":"publish","type":"post","link":"https:\/\/audreydelaforge.com\/index.php\/2025\/03\/29\/orthopedagogue-le-specialiste-des-strategies-dapprentissage\/","title":{"rendered":"\ud83e\udde0 ORTHOP\u00c9DAGOGUE : le sp\u00e9cialiste des strat\u00e9gies d\u2019apprentissage"},"content":{"rendered":"\n<p>L\u2019<strong>orthop\u00e9dagogue<\/strong> est un professionnel de l\u2019\u00e9ducation form\u00e9 pour aider les \u00e9l\u00e8ves qui rencontrent des difficult\u00e9s persistantes dans leur parcours scolaire. Il intervient en mettant en place des <strong>strat\u00e9gies p\u00e9dagogiques adapt\u00e9es<\/strong> et en proposant un <strong>accompagnement personnalis\u00e9<\/strong><\/p>\n\n\n<div class=\"wp-block-image\">\n<figure class=\"aligncenter size-full is-resized\"><img loading=\"lazy\" decoding=\"async\" width=\"1024\" height=\"1024\" src=\"https:\/\/audreydelaforge.com\/wp-content\/uploads\/2025\/03\/DALL\u00b7E-2025-03-29-07.51.43-A-realistic-digital-illustration-of-a-warm-and-collaborative-educational-scene.-A-child-sits-at-a-table-between-two-professionals_-an-orthopedagogue-o.webp\" alt=\"\" class=\"wp-image-1336\" style=\"width:1149px;height:auto\" srcset=\"https:\/\/audreydelaforge.com\/wp-content\/uploads\/2025\/03\/DALL\u00b7E-2025-03-29-07.51.43-A-realistic-digital-illustration-of-a-warm-and-collaborative-educational-scene.-A-child-sits-at-a-table-between-two-professionals_-an-orthopedagogue-o.webp 1024w, https:\/\/audreydelaforge.com\/wp-content\/uploads\/2025\/03\/DALL\u00b7E-2025-03-29-07.51.43-A-realistic-digital-illustration-of-a-warm-and-collaborative-educational-scene.-A-child-sits-at-a-table-between-two-professionals_-an-orthopedagogue-o-300x300.webp 300w, https:\/\/audreydelaforge.com\/wp-content\/uploads\/2025\/03\/DALL\u00b7E-2025-03-29-07.51.43-A-realistic-digital-illustration-of-a-warm-and-collaborative-educational-scene.-A-child-sits-at-a-table-between-two-professionals_-an-orthopedagogue-o-150x150.webp 150w, https:\/\/audreydelaforge.com\/wp-content\/uploads\/2025\/03\/DALL\u00b7E-2025-03-29-07.51.43-A-realistic-digital-illustration-of-a-warm-and-collaborative-educational-scene.-A-child-sits-at-a-table-between-two-professionals_-an-orthopedagogue-o-768x768.webp 768w, https:\/\/audreydelaforge.com\/wp-content\/uploads\/2025\/03\/DALL\u00b7E-2025-03-29-07.51.43-A-realistic-digital-illustration-of-a-warm-and-collaborative-educational-scene.-A-child-sits-at-a-table-between-two-professionals_-an-orthopedagogue-o-600x600.webp 600w, https:\/\/audreydelaforge.com\/wp-content\/uploads\/2025\/03\/DALL\u00b7E-2025-03-29-07.51.43-A-realistic-digital-illustration-of-a-warm-and-collaborative-educational-scene.-A-child-sits-at-a-table-between-two-professionals_-an-orthopedagogue-o-100x100.webp 100w\" sizes=\"auto, (max-width: 1024px) 100vw, 1024px\" \/><\/figure>\n<\/div>\n\n\n<h3 class=\"wp-block-heading\">\ud83d\udccc Il intervient notamment en cas de :<\/h3>\n\n\n\n<ul class=\"wp-block-list\">\n<li>Difficult\u00e9s en lecture, \u00e9criture ou math\u00e9matiques<\/li>\n\n\n\n<li>Troubles de l\u2019attention, de la m\u00e9moire ou de l\u2019organisation<\/li>\n\n\n\n<li>Faible motivation ou anxi\u00e9t\u00e9 scolaire<\/li>\n\n\n\n<li>Besoin d\u2019<strong>outils concrets pour apprendre autrement<\/strong><\/li>\n<\/ul>\n\n\n\n<h3 class=\"wp-block-heading\">\ud83d\udd0e Il ne pose pas de diagnostic m\u00e9dical, mais :<\/h3>\n\n\n\n<ul class=\"wp-block-list\">\n<li>Il observe les <strong>fonctionnements cognitifs et scolaires<\/strong><\/li>\n\n\n\n<li>Il propose des <strong>adaptations p\u00e9dagogiques<\/strong><\/li>\n\n\n\n<li>Il collabore avec les parents et les enseignants pour soutenir l\u2019\u00e9l\u00e8ve dans <strong>son environnement scolaire<\/strong><\/li>\n<\/ul>\n\n\n\n<h3 class=\"wp-block-heading\">\ud83d\udccd Acc\u00e8s :<\/h3>\n\n\n\n<p>Pas besoin d\u2019ordonnance m\u00e9dicale. Il peut \u00eatre consult\u00e9 rapidement pour un premier rep\u00e9rage ou en compl\u00e9ment d\u2019un autre suivi.<\/p>\n\n\n\n<hr class=\"wp-block-separator has-alpha-channel-opacity\"\/>\n\n\n\n<h2 class=\"wp-block-heading\">\ud83d\udde3 ORTHOPHONISTE : le professionnel du langage et du diagnostic<\/h2>\n\n\n\n<p>L\u2019<strong>orthophoniste<\/strong> est un professionnel de sant\u00e9 qui \u00e9value, diagnostique et traite les <strong>troubles du langage oral et \u00e9crit<\/strong>. Il intervient aussi en cas de difficult\u00e9s de communication, de voix ou de d\u00e9glutition.<\/p>\n\n\n\n<h3 class=\"wp-block-heading\">\ud83d\udccc Il prend en charge :<\/h3>\n\n\n\n<ul class=\"wp-block-list\">\n<li>Retard de langage, trouble du langage oral (dysphasie)<\/li>\n\n\n\n<li>Dyslexie, dysorthographie, trouble du langage \u00e9crit<\/li>\n\n\n\n<li>B\u00e9gaiement, troubles de la fluence<\/li>\n\n\n\n<li>Troubles associ\u00e9s aux <strong>troubles neurod\u00e9veloppementaux (TND)<\/strong>, comme l\u2019autisme ou le TDAH<\/li>\n<\/ul>\n\n\n\n<h3 class=\"wp-block-heading\">\ud83e\uddea Il r\u00e9alise :<\/h3>\n\n\n\n<ul class=\"wp-block-list\">\n<li>Une <strong>\u00e9valuation standardis\u00e9e<\/strong> \u00e0 l\u2019aide de tests valid\u00e9s<\/li>\n\n\n\n<li>Un <strong>diagnostic clinique<\/strong><\/li>\n\n\n\n<li>Des s\u00e9ances de <strong>r\u00e9\u00e9ducation cibl\u00e9e<\/strong> adapt\u00e9es au trouble<\/li>\n<\/ul>\n\n\n\n<h3 class=\"wp-block-heading\">\ud83d\udccd Acc\u00e8s :<\/h3>\n\n\n\n<p>Sur <strong>prescription m\u00e9dicale<\/strong>, notamment pour que les s\u00e9ances soient prises en charge par l\u2019Assurance Maladie.<\/p>\n\n\n\n<hr class=\"wp-block-separator has-alpha-channel-opacity\"\/>\n\n\n\n<h2 class=\"wp-block-heading\">\ud83e\udd1d Orthop\u00e9dagogue + Orthophoniste = un duo compl\u00e9mentaire<\/h2>\n\n\n\n<p>Loin d\u2019\u00eatre redondantes, les interventions de l\u2019orthop\u00e9dagogue et de l\u2019orthophoniste sont <strong>synergiques<\/strong>. Elles s\u2019enrichissent mutuellement dans une <strong>collaboration interprofessionnelle<\/strong> au service de l\u2019enfant.<\/p>\n\n\n\n<figure class=\"wp-block-table\"><table class=\"has-fixed-layout\"><thead><tr><th>Orthop\u00e9dagogue<\/th><th>Orthophoniste<\/th><\/tr><\/thead><tbody><tr><td>Sp\u00e9cialiste de la p\u00e9dagogie<\/td><td>Sp\u00e9cialiste du langage<\/td><\/tr><tr><td>Analyse les difficult\u00e9s scolaires<\/td><td>Pose un diagnostic m\u00e9dical<\/td><\/tr><tr><td>Propose des <strong>strat\u00e9gies d\u2019apprentissage<\/strong><\/td><td>R\u00e9alise une <strong>r\u00e9\u00e9ducation cibl\u00e9e<\/strong><\/td><\/tr><tr><td>Intervient en classe ou \u00e0 domicile<\/td><td>Intervient en cabinet ou en \u00e9tablissement de sant\u00e9<\/td><\/tr><tr><td>Accessible sans ordonnance<\/td><td>N\u00e9cessite une prescription m\u00e9dicale<\/td><\/tr><\/tbody><\/table><\/figure>\n\n\n\n<hr class=\"wp-block-separator has-alpha-channel-opacity\"\/>\n\n\n\n<h2 class=\"wp-block-heading\">\ud83d\udc66 Exemples de parcours crois\u00e9s<\/h2>\n\n\n\n<ul class=\"wp-block-list\">\n<li><strong>En amont<\/strong> : L\u2019orthop\u00e9dagogue rep\u00e8re des signes pr\u00e9occupants chez un \u00e9l\u00e8ve. Il oriente vers un orthophoniste pour une \u00e9valuation du langage.<\/li>\n\n\n\n<li><strong>En parall\u00e8le<\/strong> : L\u2019orthophoniste travaille la conscience phonologique, tandis que l\u2019orthop\u00e9dagogue soutient la lecture fonctionnelle en classe.<\/li>\n\n\n\n<li><strong>En compl\u00e9ment<\/strong> : L\u2019enfant termine une r\u00e9\u00e9ducation orthophonique, et l\u2019orthop\u00e9dagogue prend le relais pour consolider les acquis avec des <strong>strat\u00e9gies p\u00e9dagogiques durables<\/strong>.<\/li>\n<\/ul>\n\n\n\n<hr class=\"wp-block-separator has-alpha-channel-opacity\"\/>\n\n\n\n<h2 class=\"wp-block-heading\">\ud83c\udf93 Pourquoi encourager la collaboration ?<\/h2>\n\n\n\n<h3 class=\"wp-block-heading\">Pour les familles :<\/h3>\n\n\n\n<ul class=\"wp-block-list\">\n<li>Meilleure compr\u00e9hension du parcours de leur enfant<\/li>\n\n\n\n<li>Accompagnement coh\u00e9rent et centr\u00e9 sur les besoins r\u00e9els<\/li>\n\n\n\n<li>R\u00e9duction du stress li\u00e9 aux d\u00e9marches multiples<\/li>\n<\/ul>\n\n\n\n<h3 class=\"wp-block-heading\">Pour les enseignants :<\/h3>\n\n\n\n<ul class=\"wp-block-list\">\n<li>Recommandations concr\u00e8tes pour adapter leur p\u00e9dagogie<\/li>\n\n\n\n<li>Soutien dans la mise en place d\u2019<strong>am\u00e9nagements scolaires<\/strong><\/li>\n\n\n\n<li>Communication facilit\u00e9e avec les intervenants externes<\/li>\n<\/ul>\n\n\n\n<h3 class=\"wp-block-heading\">Pour l\u2019enfant :<\/h3>\n\n\n\n<ul class=\"wp-block-list\">\n<li>Confiance et motivation retrouv\u00e9es<\/li>\n\n\n\n<li>Accompagnement global et progressif<\/li>\n\n\n\n<li>Valorisation de ses forces et de ses r\u00e9ussites<\/li>\n<\/ul>\n\n\n\n<hr class=\"wp-block-separator has-alpha-channel-opacity\"\/>\n\n\n\n<h2 class=\"wp-block-heading\">\u2705 En r\u00e9sum\u00e9<\/h2>\n\n\n\n<p>\ud83d\udc49 L\u2019<strong>orthop\u00e9dagogue<\/strong> agit sur le <em>comment apprendre<\/em>.<br>\ud83d\udc49 L\u2019<strong>orthophoniste<\/strong> agit sur le <em>langage, la communication et les fonctions sous-jacentes<\/em>.<br>\u2705 <strong>Ensemble, ils forment une \u00e9quipe solide pour accompagner les enfants en difficult\u00e9 scolaire.<\/strong><\/p>\n","protected":false},"excerpt":{"rendered":"<p>L\u2019orthop\u00e9dagogue est un professionnel de l\u2019\u00e9ducation form\u00e9 pour aider les \u00e9l\u00e8ves qui rencontrent des difficult\u00e9s persistantes dans leur parcours scolaire. Il intervient en mettant en place des strat\u00e9gies p\u00e9dagogiques adapt\u00e9es et en proposant un accompagnement personnalis\u00e9 \ud83d\udccc Il intervient notamment en cas de : \ud83d\udd0e Il ne pose pas de diagnostic m\u00e9dical, mais : \ud83d\udccd&hellip;&nbsp;<a href=\"https:\/\/audreydelaforge.com\/index.php\/2025\/03\/29\/orthopedagogue-le-specialiste-des-strategies-dapprentissage\/\" rel=\"bookmark\">Lire la suite &raquo;<span class=\"screen-reader-text\">\ud83e\udde0 ORTHOP\u00c9DAGOGUE : le sp\u00e9cialiste des strat\u00e9gies d\u2019apprentissage<\/span><\/a><\/p>\n","protected":false},"author":1,"featured_media":1336,"comment_status":"closed","ping_status":"open","sticky":false,"template":"","format":"standard","meta":{"om_disable_all_campaigns":false,"neve_meta_sidebar":"","neve_meta_container":"","neve_meta_enable_content_width":"","neve_meta_content_width":0,"neve_meta_title_alignment":"","neve_meta_author_avatar":"","neve_post_elements_order":"","neve_meta_disable_header":"","neve_meta_disable_footer":"","neve_meta_disable_title":"","footnotes":""},"categories":[26],"tags":[],"class_list":["post-1335","post","type-post","status-publish","format-standard","has-post-thumbnail","hentry","category-fiche-pratique"],"yoast_head":"<!-- This site is optimized with the Yoast SEO plugin v27.5 - https:\/\/yoast.com\/product\/yoast-seo-wordpress\/ -->\n<title>\ud83e\udde0 ORTHOP\u00c9DAGOGUE : le sp\u00e9cialiste des strat\u00e9gies d\u2019apprentissage ~ Audrey Delaforge, Orthop\u00e9dagogue<\/title>\n<meta name=\"robots\" content=\"index, follow, max-snippet:-1, max-image-preview:large, max-video-preview:-1\" \/>\n<link rel=\"canonical\" href=\"https:\/\/audreydelaforge.com\/index.php\/2025\/03\/29\/orthopedagogue-le-specialiste-des-strategies-dapprentissage\/\" \/>\n<meta property=\"og:locale\" content=\"fr_FR\" \/>\n<meta property=\"og:type\" content=\"article\" \/>\n<meta property=\"og:title\" content=\"\ud83e\udde0 ORTHOP\u00c9DAGOGUE : le sp\u00e9cialiste des strat\u00e9gies d\u2019apprentissage ~ Audrey Delaforge, Orthop\u00e9dagogue\" \/>\n<meta property=\"og:description\" content=\"L\u2019orthop\u00e9dagogue est un professionnel de l\u2019\u00e9ducation form\u00e9 pour aider les \u00e9l\u00e8ves qui rencontrent des difficult\u00e9s persistantes dans leur parcours scolaire. Il intervient en mettant en place des strat\u00e9gies p\u00e9dagogiques adapt\u00e9es et en proposant un accompagnement personnalis\u00e9 \ud83d\udccc Il intervient notamment en cas de : \ud83d\udd0e Il ne pose pas de diagnostic m\u00e9dical, mais : \ud83d\udccd&hellip;&nbsp;Lire la suite &raquo;\ud83e\udde0 ORTHOP\u00c9DAGOGUE : le sp\u00e9cialiste des strat\u00e9gies d\u2019apprentissage\" \/>\n<meta property=\"og:url\" content=\"https:\/\/audreydelaforge.com\/index.php\/2025\/03\/29\/orthopedagogue-le-specialiste-des-strategies-dapprentissage\/\" \/>\n<meta property=\"og:site_name\" content=\"Audrey Delaforge, Orthop\u00e9dagogue\" \/>\n<meta property=\"article:publisher\" content=\"https:\/\/www.facebook.com\/audreycateldelaforge\" \/>\n<meta property=\"article:published_time\" content=\"2025-03-29T06:53:23+00:00\" \/>\n<meta property=\"article:modified_time\" content=\"2025-04-05T10:27:02+00:00\" \/>\n<meta property=\"og:image\" content=\"https:\/\/audreydelaforge.com\/wp-content\/uploads\/2025\/03\/DALL\u00b7E-2025-03-29-07.51.43-A-realistic-digital-illustration-of-a-warm-and-collaborative-educational-scene.-A-child-sits-at-a-table-between-two-professionals_-an-orthopedagogue-o.webp\" \/>\n\t<meta property=\"og:image:width\" content=\"1024\" \/>\n\t<meta property=\"og:image:height\" content=\"1024\" \/>\n\t<meta property=\"og:image:type\" content=\"image\/webp\" \/>\n<meta name=\"author\" content=\"audrey.catel.delaforge@gmail.com\" \/>\n<meta name=\"twitter:card\" content=\"summary_large_image\" \/>\n<meta name=\"twitter:label1\" content=\"\u00c9crit par\" \/>\n\t<meta name=\"twitter:data1\" content=\"audrey.catel.delaforge@gmail.com\" \/>\n\t<meta name=\"twitter:label2\" content=\"Dur\u00e9e de lecture estim\u00e9e\" \/>\n\t<meta name=\"twitter:data2\" content=\"3 minutes\" \/>\n<script type=\"application\/ld+json\" class=\"yoast-schema-graph\">{\"@context\":\"https:\\\/\\\/schema.org\",\"@graph\":[{\"@type\":\"Article\",\"@id\":\"https:\\\/\\\/audreydelaforge.com\\\/index.php\\\/2025\\\/03\\\/29\\\/orthopedagogue-le-specialiste-des-strategies-dapprentissage\\\/#article\",\"isPartOf\":{\"@id\":\"https:\\\/\\\/audreydelaforge.com\\\/index.php\\\/2025\\\/03\\\/29\\\/orthopedagogue-le-specialiste-des-strategies-dapprentissage\\\/\"},\"author\":{\"name\":\"audrey.catel.delaforge@gmail.com\",\"@id\":\"https:\\\/\\\/audreydelaforge.com\\\/#\\\/schema\\\/person\\\/b44bccc3f328e9802afbab74bb74495d\"},\"headline\":\"\ud83e\udde0 ORTHOP\u00c9DAGOGUE : le sp\u00e9cialiste des strat\u00e9gies d\u2019apprentissage\",\"datePublished\":\"2025-03-29T06:53:23+00:00\",\"dateModified\":\"2025-04-05T10:27:02+00:00\",\"mainEntityOfPage\":{\"@id\":\"https:\\\/\\\/audreydelaforge.com\\\/index.php\\\/2025\\\/03\\\/29\\\/orthopedagogue-le-specialiste-des-strategies-dapprentissage\\\/\"},\"wordCount\":578,\"publisher\":{\"@id\":\"https:\\\/\\\/audreydelaforge.com\\\/#organization\"},\"image\":{\"@id\":\"https:\\\/\\\/audreydelaforge.com\\\/index.php\\\/2025\\\/03\\\/29\\\/orthopedagogue-le-specialiste-des-strategies-dapprentissage\\\/#primaryimage\"},\"thumbnailUrl\":\"https:\\\/\\\/audreydelaforge.com\\\/wp-content\\\/uploads\\\/2025\\\/03\\\/DALL\u00b7E-2025-03-29-07.51.43-A-realistic-digital-illustration-of-a-warm-and-collaborative-educational-scene.-A-child-sits-at-a-table-between-two-professionals_-an-orthopedagogue-o.webp\",\"articleSection\":[\"fiche pratique\"],\"inLanguage\":\"fr-FR\"},{\"@type\":\"WebPage\",\"@id\":\"https:\\\/\\\/audreydelaforge.com\\\/index.php\\\/2025\\\/03\\\/29\\\/orthopedagogue-le-specialiste-des-strategies-dapprentissage\\\/\",\"url\":\"https:\\\/\\\/audreydelaforge.com\\\/index.php\\\/2025\\\/03\\\/29\\\/orthopedagogue-le-specialiste-des-strategies-dapprentissage\\\/\",\"name\":\"\ud83e\udde0 ORTHOP\u00c9DAGOGUE : le sp\u00e9cialiste des strat\u00e9gies d\u2019apprentissage ~ Audrey Delaforge, Orthop\u00e9dagogue\",\"isPartOf\":{\"@id\":\"https:\\\/\\\/audreydelaforge.com\\\/#website\"},\"primaryImageOfPage\":{\"@id\":\"https:\\\/\\\/audreydelaforge.com\\\/index.php\\\/2025\\\/03\\\/29\\\/orthopedagogue-le-specialiste-des-strategies-dapprentissage\\\/#primaryimage\"},\"image\":{\"@id\":\"https:\\\/\\\/audreydelaforge.com\\\/index.php\\\/2025\\\/03\\\/29\\\/orthopedagogue-le-specialiste-des-strategies-dapprentissage\\\/#primaryimage\"},\"thumbnailUrl\":\"https:\\\/\\\/audreydelaforge.com\\\/wp-content\\\/uploads\\\/2025\\\/03\\\/DALL\u00b7E-2025-03-29-07.51.43-A-realistic-digital-illustration-of-a-warm-and-collaborative-educational-scene.-A-child-sits-at-a-table-between-two-professionals_-an-orthopedagogue-o.webp\",\"datePublished\":\"2025-03-29T06:53:23+00:00\",\"dateModified\":\"2025-04-05T10:27:02+00:00\",\"breadcrumb\":{\"@id\":\"https:\\\/\\\/audreydelaforge.com\\\/index.php\\\/2025\\\/03\\\/29\\\/orthopedagogue-le-specialiste-des-strategies-dapprentissage\\\/#breadcrumb\"},\"inLanguage\":\"fr-FR\",\"potentialAction\":[{\"@type\":\"ReadAction\",\"target\":[\"https:\\\/\\\/audreydelaforge.com\\\/index.php\\\/2025\\\/03\\\/29\\\/orthopedagogue-le-specialiste-des-strategies-dapprentissage\\\/\"]}]},{\"@type\":\"ImageObject\",\"inLanguage\":\"fr-FR\",\"@id\":\"https:\\\/\\\/audreydelaforge.com\\\/index.php\\\/2025\\\/03\\\/29\\\/orthopedagogue-le-specialiste-des-strategies-dapprentissage\\\/#primaryimage\",\"url\":\"https:\\\/\\\/audreydelaforge.com\\\/wp-content\\\/uploads\\\/2025\\\/03\\\/DALL\u00b7E-2025-03-29-07.51.43-A-realistic-digital-illustration-of-a-warm-and-collaborative-educational-scene.-A-child-sits-at-a-table-between-two-professionals_-an-orthopedagogue-o.webp\",\"contentUrl\":\"https:\\\/\\\/audreydelaforge.com\\\/wp-content\\\/uploads\\\/2025\\\/03\\\/DALL\u00b7E-2025-03-29-07.51.43-A-realistic-digital-illustration-of-a-warm-and-collaborative-educational-scene.-A-child-sits-at-a-table-between-two-professionals_-an-orthopedagogue-o.webp\",\"width\":1024,\"height\":1024},{\"@type\":\"BreadcrumbList\",\"@id\":\"https:\\\/\\\/audreydelaforge.com\\\/index.php\\\/2025\\\/03\\\/29\\\/orthopedagogue-le-specialiste-des-strategies-dapprentissage\\\/#breadcrumb\",\"itemListElement\":[{\"@type\":\"ListItem\",\"position\":1,\"name\":\"Accueil\",\"item\":\"https:\\\/\\\/audreydelaforge.com\\\/\"},{\"@type\":\"ListItem\",\"position\":2,\"name\":\"\ud83e\udde0 ORTHOP\u00c9DAGOGUE : le sp\u00e9cialiste des strat\u00e9gies d\u2019apprentissage\"}]},{\"@type\":\"WebSite\",\"@id\":\"https:\\\/\\\/audreydelaforge.com\\\/#website\",\"url\":\"https:\\\/\\\/audreydelaforge.com\\\/\",\"name\":\"Audrey Delaforge, Orthop\u00e9dagogue\",\"description\":\"L&#039;apprenant au centre du savoir\",\"publisher\":{\"@id\":\"https:\\\/\\\/audreydelaforge.com\\\/#organization\"},\"potentialAction\":[{\"@type\":\"SearchAction\",\"target\":{\"@type\":\"EntryPoint\",\"urlTemplate\":\"https:\\\/\\\/audreydelaforge.com\\\/?s={search_term_string}\"},\"query-input\":{\"@type\":\"PropertyValueSpecification\",\"valueRequired\":true,\"valueName\":\"search_term_string\"}}],\"inLanguage\":\"fr-FR\"},{\"@type\":\"Organization\",\"@id\":\"https:\\\/\\\/audreydelaforge.com\\\/#organization\",\"name\":\"Audrey Delaforge, Orthop\u00e9dagogue\",\"url\":\"https:\\\/\\\/audreydelaforge.com\\\/\",\"logo\":{\"@type\":\"ImageObject\",\"inLanguage\":\"fr-FR\",\"@id\":\"https:\\\/\\\/audreydelaforge.com\\\/#\\\/schema\\\/logo\\\/image\\\/\",\"url\":\"https:\\\/\\\/audreydelaforge.com\\\/wp-content\\\/uploads\\\/2022\\\/06\\\/Logo-orange-noir-avec-Audrey-1.png\",\"contentUrl\":\"https:\\\/\\\/audreydelaforge.com\\\/wp-content\\\/uploads\\\/2022\\\/06\\\/Logo-orange-noir-avec-Audrey-1.png\",\"width\":500,\"height\":500,\"caption\":\"Audrey Delaforge, Orthop\u00e9dagogue\"},\"image\":{\"@id\":\"https:\\\/\\\/audreydelaforge.com\\\/#\\\/schema\\\/logo\\\/image\\\/\"},\"sameAs\":[\"https:\\\/\\\/www.facebook.com\\\/audreycateldelaforge\",\"https:\\\/\\\/www.linkedin.com\\\/in\\\/audrey-catel-delaforge\",\"https:\\\/\\\/www.instagram.com\\\/audrey_delaforge\\\/\"]},{\"@type\":\"Person\",\"@id\":\"https:\\\/\\\/audreydelaforge.com\\\/#\\\/schema\\\/person\\\/b44bccc3f328e9802afbab74bb74495d\",\"name\":\"audrey.catel.delaforge@gmail.com\",\"image\":{\"@type\":\"ImageObject\",\"inLanguage\":\"fr-FR\",\"@id\":\"https:\\\/\\\/secure.gravatar.com\\\/avatar\\\/6d2d46023ee8ab957213dcdb0ea8dc964f367c205b281a7f789f0eb314dfafbf?s=96&d=mm&r=g\",\"url\":\"https:\\\/\\\/secure.gravatar.com\\\/avatar\\\/6d2d46023ee8ab957213dcdb0ea8dc964f367c205b281a7f789f0eb314dfafbf?s=96&d=mm&r=g\",\"contentUrl\":\"https:\\\/\\\/secure.gravatar.com\\\/avatar\\\/6d2d46023ee8ab957213dcdb0ea8dc964f367c205b281a7f789f0eb314dfafbf?s=96&d=mm&r=g\",\"caption\":\"audrey.catel.delaforge@gmail.com\"},\"sameAs\":[\"http:\\\/\\\/audreydelaforge.com\"],\"url\":\"https:\\\/\\\/audreydelaforge.com\\\/index.php\\\/author\\\/audrey-catel-delaforgegmail-com\\\/\"}]}<\/script>\n<!-- \/ Yoast SEO plugin. -->","yoast_head_json":{"title":"\ud83e\udde0 ORTHOP\u00c9DAGOGUE : le sp\u00e9cialiste des strat\u00e9gies d\u2019apprentissage ~ Audrey Delaforge, Orthop\u00e9dagogue","robots":{"index":"index","follow":"follow","max-snippet":"max-snippet:-1","max-image-preview":"max-image-preview:large","max-video-preview":"max-video-preview:-1"},"canonical":"https:\/\/audreydelaforge.com\/index.php\/2025\/03\/29\/orthopedagogue-le-specialiste-des-strategies-dapprentissage\/","og_locale":"fr_FR","og_type":"article","og_title":"\ud83e\udde0 ORTHOP\u00c9DAGOGUE : le sp\u00e9cialiste des strat\u00e9gies d\u2019apprentissage ~ Audrey Delaforge, Orthop\u00e9dagogue","og_description":"L\u2019orthop\u00e9dagogue est un professionnel de l\u2019\u00e9ducation form\u00e9 pour aider les \u00e9l\u00e8ves qui rencontrent des difficult\u00e9s persistantes dans leur parcours scolaire. Il intervient en mettant en place des strat\u00e9gies p\u00e9dagogiques adapt\u00e9es et en proposant un accompagnement personnalis\u00e9 \ud83d\udccc Il intervient notamment en cas de : \ud83d\udd0e Il ne pose pas de diagnostic m\u00e9dical, mais : \ud83d\udccd&hellip;&nbsp;Lire la suite &raquo;\ud83e\udde0 ORTHOP\u00c9DAGOGUE : le sp\u00e9cialiste des strat\u00e9gies d\u2019apprentissage","og_url":"https:\/\/audreydelaforge.com\/index.php\/2025\/03\/29\/orthopedagogue-le-specialiste-des-strategies-dapprentissage\/","og_site_name":"Audrey Delaforge, Orthop\u00e9dagogue","article_publisher":"https:\/\/www.facebook.com\/audreycateldelaforge","article_published_time":"2025-03-29T06:53:23+00:00","article_modified_time":"2025-04-05T10:27:02+00:00","og_image":[{"width":1024,"height":1024,"url":"https:\/\/audreydelaforge.com\/wp-content\/uploads\/2025\/03\/DALL\u00b7E-2025-03-29-07.51.43-A-realistic-digital-illustration-of-a-warm-and-collaborative-educational-scene.-A-child-sits-at-a-table-between-two-professionals_-an-orthopedagogue-o.webp","type":"image\/webp"}],"author":"audrey.catel.delaforge@gmail.com","twitter_card":"summary_large_image","twitter_misc":{"\u00c9crit par":"audrey.catel.delaforge@gmail.com","Dur\u00e9e de lecture estim\u00e9e":"3 minutes"},"schema":{"@context":"https:\/\/schema.org","@graph":[{"@type":"Article","@id":"https:\/\/audreydelaforge.com\/index.php\/2025\/03\/29\/orthopedagogue-le-specialiste-des-strategies-dapprentissage\/#article","isPartOf":{"@id":"https:\/\/audreydelaforge.com\/index.php\/2025\/03\/29\/orthopedagogue-le-specialiste-des-strategies-dapprentissage\/"},"author":{"name":"audrey.catel.delaforge@gmail.com","@id":"https:\/\/audreydelaforge.com\/#\/schema\/person\/b44bccc3f328e9802afbab74bb74495d"},"headline":"\ud83e\udde0 ORTHOP\u00c9DAGOGUE : le sp\u00e9cialiste des strat\u00e9gies d\u2019apprentissage","datePublished":"2025-03-29T06:53:23+00:00","dateModified":"2025-04-05T10:27:02+00:00","mainEntityOfPage":{"@id":"https:\/\/audreydelaforge.com\/index.php\/2025\/03\/29\/orthopedagogue-le-specialiste-des-strategies-dapprentissage\/"},"wordCount":578,"publisher":{"@id":"https:\/\/audreydelaforge.com\/#organization"},"image":{"@id":"https:\/\/audreydelaforge.com\/index.php\/2025\/03\/29\/orthopedagogue-le-specialiste-des-strategies-dapprentissage\/#primaryimage"},"thumbnailUrl":"https:\/\/audreydelaforge.com\/wp-content\/uploads\/2025\/03\/DALL\u00b7E-2025-03-29-07.51.43-A-realistic-digital-illustration-of-a-warm-and-collaborative-educational-scene.-A-child-sits-at-a-table-between-two-professionals_-an-orthopedagogue-o.webp","articleSection":["fiche pratique"],"inLanguage":"fr-FR"},{"@type":"WebPage","@id":"https:\/\/audreydelaforge.com\/index.php\/2025\/03\/29\/orthopedagogue-le-specialiste-des-strategies-dapprentissage\/","url":"https:\/\/audreydelaforge.com\/index.php\/2025\/03\/29\/orthopedagogue-le-specialiste-des-strategies-dapprentissage\/","name":"\ud83e\udde0 ORTHOP\u00c9DAGOGUE : le sp\u00e9cialiste des strat\u00e9gies d\u2019apprentissage ~ Audrey Delaforge, Orthop\u00e9dagogue","isPartOf":{"@id":"https:\/\/audreydelaforge.com\/#website"},"primaryImageOfPage":{"@id":"https:\/\/audreydelaforge.com\/index.php\/2025\/03\/29\/orthopedagogue-le-specialiste-des-strategies-dapprentissage\/#primaryimage"},"image":{"@id":"https:\/\/audreydelaforge.com\/index.php\/2025\/03\/29\/orthopedagogue-le-specialiste-des-strategies-dapprentissage\/#primaryimage"},"thumbnailUrl":"https:\/\/audreydelaforge.com\/wp-content\/uploads\/2025\/03\/DALL\u00b7E-2025-03-29-07.51.43-A-realistic-digital-illustration-of-a-warm-and-collaborative-educational-scene.-A-child-sits-at-a-table-between-two-professionals_-an-orthopedagogue-o.webp","datePublished":"2025-03-29T06:53:23+00:00","dateModified":"2025-04-05T10:27:02+00:00","breadcrumb":{"@id":"https:\/\/audreydelaforge.com\/index.php\/2025\/03\/29\/orthopedagogue-le-specialiste-des-strategies-dapprentissage\/#breadcrumb"},"inLanguage":"fr-FR","potentialAction":[{"@type":"ReadAction","target":["https:\/\/audreydelaforge.com\/index.php\/2025\/03\/29\/orthopedagogue-le-specialiste-des-strategies-dapprentissage\/"]}]},{"@type":"ImageObject","inLanguage":"fr-FR","@id":"https:\/\/audreydelaforge.com\/index.php\/2025\/03\/29\/orthopedagogue-le-specialiste-des-strategies-dapprentissage\/#primaryimage","url":"https:\/\/audreydelaforge.com\/wp-content\/uploads\/2025\/03\/DALL\u00b7E-2025-03-29-07.51.43-A-realistic-digital-illustration-of-a-warm-and-collaborative-educational-scene.-A-child-sits-at-a-table-between-two-professionals_-an-orthopedagogue-o.webp","contentUrl":"https:\/\/audreydelaforge.com\/wp-content\/uploads\/2025\/03\/DALL\u00b7E-2025-03-29-07.51.43-A-realistic-digital-illustration-of-a-warm-and-collaborative-educational-scene.-A-child-sits-at-a-table-between-two-professionals_-an-orthopedagogue-o.webp","width":1024,"height":1024},{"@type":"BreadcrumbList","@id":"https:\/\/audreydelaforge.com\/index.php\/2025\/03\/29\/orthopedagogue-le-specialiste-des-strategies-dapprentissage\/#breadcrumb","itemListElement":[{"@type":"ListItem","position":1,"name":"Accueil","item":"https:\/\/audreydelaforge.com\/"},{"@type":"ListItem","position":2,"name":"\ud83e\udde0 ORTHOP\u00c9DAGOGUE : le sp\u00e9cialiste des strat\u00e9gies d\u2019apprentissage"}]},{"@type":"WebSite","@id":"https:\/\/audreydelaforge.com\/#website","url":"https:\/\/audreydelaforge.com\/","name":"Audrey Delaforge, Orthop\u00e9dagogue","description":"L&#039;apprenant au centre du savoir","publisher":{"@id":"https:\/\/audreydelaforge.com\/#organization"},"potentialAction":[{"@type":"SearchAction","target":{"@type":"EntryPoint","urlTemplate":"https:\/\/audreydelaforge.com\/?s={search_term_string}"},"query-input":{"@type":"PropertyValueSpecification","valueRequired":true,"valueName":"search_term_string"}}],"inLanguage":"fr-FR"},{"@type":"Organization","@id":"https:\/\/audreydelaforge.com\/#organization","name":"Audrey Delaforge, Orthop\u00e9dagogue","url":"https:\/\/audreydelaforge.com\/","logo":{"@type":"ImageObject","inLanguage":"fr-FR","@id":"https:\/\/audreydelaforge.com\/#\/schema\/logo\/image\/","url":"https:\/\/audreydelaforge.com\/wp-content\/uploads\/2022\/06\/Logo-orange-noir-avec-Audrey-1.png","contentUrl":"https:\/\/audreydelaforge.com\/wp-content\/uploads\/2022\/06\/Logo-orange-noir-avec-Audrey-1.png","width":500,"height":500,"caption":"Audrey Delaforge, Orthop\u00e9dagogue"},"image":{"@id":"https:\/\/audreydelaforge.com\/#\/schema\/logo\/image\/"},"sameAs":["https:\/\/www.facebook.com\/audreycateldelaforge","https:\/\/www.linkedin.com\/in\/audrey-catel-delaforge","https:\/\/www.instagram.com\/audrey_delaforge\/"]},{"@type":"Person","@id":"https:\/\/audreydelaforge.com\/#\/schema\/person\/b44bccc3f328e9802afbab74bb74495d","name":"audrey.catel.delaforge@gmail.com","image":{"@type":"ImageObject","inLanguage":"fr-FR","@id":"https:\/\/secure.gravatar.com\/avatar\/6d2d46023ee8ab957213dcdb0ea8dc964f367c205b281a7f789f0eb314dfafbf?s=96&d=mm&r=g","url":"https:\/\/secure.gravatar.com\/avatar\/6d2d46023ee8ab957213dcdb0ea8dc964f367c205b281a7f789f0eb314dfafbf?s=96&d=mm&r=g","contentUrl":"https:\/\/secure.gravatar.com\/avatar\/6d2d46023ee8ab957213dcdb0ea8dc964f367c205b281a7f789f0eb314dfafbf?s=96&d=mm&r=g","caption":"audrey.catel.delaforge@gmail.com"},"sameAs":["http:\/\/audreydelaforge.com"],"url":"https:\/\/audreydelaforge.com\/index.php\/author\/audrey-catel-delaforgegmail-com\/"}]}},"_links":{"self":[{"href":"https:\/\/audreydelaforge.com\/index.php\/wp-json\/wp\/v2\/posts\/1335","targetHints":{"allow":["GET"]}}],"collection":[{"href":"https:\/\/audreydelaforge.com\/index.php\/wp-json\/wp\/v2\/posts"}],"about":[{"href":"https:\/\/audreydelaforge.com\/index.php\/wp-json\/wp\/v2\/types\/post"}],"author":[{"embeddable":true,"href":"https:\/\/audreydelaforge.com\/index.php\/wp-json\/wp\/v2\/users\/1"}],"replies":[{"embeddable":true,"href":"https:\/\/audreydelaforge.com\/index.php\/wp-json\/wp\/v2\/comments?post=1335"}],"version-history":[{"count":0,"href":"https:\/\/audreydelaforge.com\/index.php\/wp-json\/wp\/v2\/posts\/1335\/revisions"}],"wp:featuredmedia":[{"embeddable":true,"href":"https:\/\/audreydelaforge.com\/index.php\/wp-json\/wp\/v2\/media\/1336"}],"wp:attachment":[{"href":"https:\/\/audreydelaforge.com\/index.php\/wp-json\/wp\/v2\/media?parent=1335"}],"wp:term":[{"taxonomy":"category","embeddable":true,"href":"https:\/\/audreydelaforge.com\/index.php\/wp-json\/wp\/v2\/categories?post=1335"},{"taxonomy":"post_tag","embeddable":true,"href":"https:\/\/audreydelaforge.com\/index.php\/wp-json\/wp\/v2\/tags?post=1335"}],"curies":[{"name":"wp","href":"https:\/\/api.w.org\/{rel}","templated":true}]}}