{"id":1345,"date":"2025-04-12T04:16:56","date_gmt":"2025-04-12T04:16:56","guid":{"rendered":"https:\/\/audreydelaforge.com\/?p=1345"},"modified":"2025-04-12T04:16:57","modified_gmt":"2025-04-12T04:16:57","slug":"tdah-et-apprentissages-7-leviers-concrets-pour-un-accompagnement-efficace-en-orthopedagogie","status":"publish","type":"post","link":"https:\/\/audreydelaforge.com\/index.php\/2025\/04\/12\/tdah-et-apprentissages-7-leviers-concrets-pour-un-accompagnement-efficace-en-orthopedagogie\/","title":{"rendered":"TDAH et apprentissages : 7 leviers concrets pour un accompagnement efficace en orthop\u00e9dagogie"},"content":{"rendered":"<div class=\"wp-block-image\">\n<figure class=\"aligncenter size-full\"><img loading=\"lazy\" decoding=\"async\" width=\"1024\" height=\"1024\" src=\"https:\/\/audreydelaforge.com\/wp-content\/uploads\/2025\/04\/DALL\u00b7E-2025-04-12-06.09.25-A-warm-professional-and-educational-visual-for-a-blog-article-titled-TDAH-et-apprentissages-_-7-leviers-concrets-pour-un-accompagnement-efficace-en-.webp\" alt=\"\" class=\"wp-image-1346\" srcset=\"https:\/\/audreydelaforge.com\/wp-content\/uploads\/2025\/04\/DALL\u00b7E-2025-04-12-06.09.25-A-warm-professional-and-educational-visual-for-a-blog-article-titled-TDAH-et-apprentissages-_-7-leviers-concrets-pour-un-accompagnement-efficace-en-.webp 1024w, https:\/\/audreydelaforge.com\/wp-content\/uploads\/2025\/04\/DALL\u00b7E-2025-04-12-06.09.25-A-warm-professional-and-educational-visual-for-a-blog-article-titled-TDAH-et-apprentissages-_-7-leviers-concrets-pour-un-accompagnement-efficace-en--300x300.webp 300w, https:\/\/audreydelaforge.com\/wp-content\/uploads\/2025\/04\/DALL\u00b7E-2025-04-12-06.09.25-A-warm-professional-and-educational-visual-for-a-blog-article-titled-TDAH-et-apprentissages-_-7-leviers-concrets-pour-un-accompagnement-efficace-en--150x150.webp 150w, https:\/\/audreydelaforge.com\/wp-content\/uploads\/2025\/04\/DALL\u00b7E-2025-04-12-06.09.25-A-warm-professional-and-educational-visual-for-a-blog-article-titled-TDAH-et-apprentissages-_-7-leviers-concrets-pour-un-accompagnement-efficace-en--768x768.webp 768w, https:\/\/audreydelaforge.com\/wp-content\/uploads\/2025\/04\/DALL\u00b7E-2025-04-12-06.09.25-A-warm-professional-and-educational-visual-for-a-blog-article-titled-TDAH-et-apprentissages-_-7-leviers-concrets-pour-un-accompagnement-efficace-en--600x600.webp 600w, https:\/\/audreydelaforge.com\/wp-content\/uploads\/2025\/04\/DALL\u00b7E-2025-04-12-06.09.25-A-warm-professional-and-educational-visual-for-a-blog-article-titled-TDAH-et-apprentissages-_-7-leviers-concrets-pour-un-accompagnement-efficace-en--100x100.webp 100w\" sizes=\"auto, (max-width: 1024px) 100vw, 1024px\" \/><\/figure>\n<\/div>\n\n\n<p><strong>Le trouble d\u00e9ficitaire de l\u2019attention avec ou sans hyperactivit\u00e9 (TDAH)<\/strong> touche de nombreux \u00e9l\u00e8ves et peut profond\u00e9ment impacter leurs apprentissages. Difficult\u00e9s \u00e0 se concentrer, agitation, impulsivit\u00e9\u2026 autant de manifestations qui peuvent rendre le quotidien scolaire complexe, pour eux comme pour les enseignants.<\/p>\n\n\n\n<p>En tant qu\u2019orthop\u00e9dagogue, j\u2019accompagne ces \u00e9l\u00e8ves en leur proposant des strat\u00e9gies concr\u00e8tes, des outils adapt\u00e9s et un cadre bienveillant. Voici <strong>7 leviers essentiels<\/strong> que j\u2019utilise en accompagnement, et que vous pouvez int\u00e9grer d\u00e8s aujourd\u2019hui dans votre pratique p\u00e9dagogique.<\/p>\n\n\n\n<hr class=\"wp-block-separator has-alpha-channel-opacity\"\/>\n\n\n\n<h2 class=\"wp-block-heading\">\ud83c\udfaf Comprendre les d\u00e9fis du TDAH \u00e0 l\u2019\u00e9cole<\/h2>\n\n\n\n<p>Le TDAH ne se r\u00e9sume pas \u00e0 un enfant \u00ab qui bouge tout le temps \u00bb. Il s\u2019agit d\u2019un <strong>trouble neurod\u00e9veloppemental<\/strong> qui affecte plusieurs fonctions ex\u00e9cutives, essentielles pour l\u2019apprentissage :<\/p>\n\n\n\n<ul class=\"wp-block-list\">\n<li><strong>Attention soutenue<\/strong> : difficult\u00e9 \u00e0 maintenir l\u2019attention sur une t\u00e2che longue ou peu stimulante.<\/li>\n\n\n\n<li><strong>M\u00e9moire de travail<\/strong> : oubli rapide des consignes ou des informations \u00e0 court terme.<\/li>\n\n\n\n<li><strong>Inhibition<\/strong> : difficult\u00e9 \u00e0 filtrer les distractions ou \u00e0 freiner une r\u00e9ponse impulsive.<\/li>\n\n\n\n<li><strong>Gestion du temps et de l\u2019organisation<\/strong> : tendance \u00e0 se perdre dans les \u00e9tapes ou \u00e0 mal \u00e9valuer le temps.<\/li>\n<\/ul>\n\n\n\n<p>Ces d\u00e9fis ne sont pas des caprices, mais bien des manifestations neurologiques qu\u2019un accompagnement adapt\u00e9 peut att\u00e9nuer.<\/p>\n\n\n\n<hr class=\"wp-block-separator has-alpha-channel-opacity\"\/>\n\n\n\n<h2 class=\"wp-block-heading\">\ud83e\udde0 7 leviers orthop\u00e9dagogiques pour mieux accompagner un \u00e9l\u00e8ve TDAH<\/h2>\n\n\n\n<h3 class=\"wp-block-heading\">1. <strong>Fractionner les t\u00e2ches<\/strong><\/h3>\n\n\n\n<p>\ud83d\udc49 <em>Pourquoi ?<\/em> Une t\u00e2che complexe devient plus accessible lorsqu&rsquo;elle est d\u00e9compos\u00e9e en \u00e9tapes simples.<br>\ud83d\udee0 <em>Exemple :<\/em> Un exercice de production \u00e9crite devient une s\u00e9rie d&rsquo;\u00e9tapes : trouver l&rsquo;id\u00e9e \u2192 structurer \u2192 r\u00e9diger \u2192 corriger.<br>\ud83d\udccc Astuce : utilisez un <strong>tableau de progression visuel<\/strong> (ex. : check-list \u00e0 cocher).<\/p>\n\n\n\n<hr class=\"wp-block-separator has-alpha-channel-opacity\"\/>\n\n\n\n<h3 class=\"wp-block-heading\">2. <strong>Utiliser des supports visuels et structurants<\/strong><\/h3>\n\n\n\n<p>\ud83d\udc49 Les enfants TDAH b\u00e9n\u00e9ficient d\u2019indices visuels pour anticiper, organiser et m\u00e9moriser.<br>\ud83d\udee0 <em>Exemple :<\/em> emploi du temps imag\u00e9, consignes illustr\u00e9es, pictogrammes de comportements attendus.<br>\ud83d\udccc Outil conseill\u00e9 : <strong>Pictoselector<\/strong>, banque gratuite de pictos.<\/p>\n\n\n\n<hr class=\"wp-block-separator has-alpha-channel-opacity\"\/>\n\n\n\n<h3 class=\"wp-block-heading\">3. <strong>Introduire un minuteur visuel<\/strong><\/h3>\n\n\n\n<p>\ud83d\udc49 Pour aider \u00e0 la gestion du temps et \u00e0 la concentration.<br>\ud83d\udee0 <em>Exemple :<\/em> Utiliser un Time Timer pendant une activit\u00e9 d\u2019\u00e9criture pour d\u00e9limiter 10 min d\u2019effort.<br>\ud83d\udccc Ressource num\u00e9rique : appli <strong>Time Timer<\/strong> (gratuite et intuitive).<\/p>\n\n\n\n<hr class=\"wp-block-separator has-alpha-channel-opacity\"\/>\n\n\n\n<h3 class=\"wp-block-heading\">4. <strong>Cr\u00e9er des routines pr\u00e9visibles<\/strong><\/h3>\n\n\n\n<p>\ud83d\udc49 Les routines diminuent l\u2019anxi\u00e9t\u00e9 et favorisent l\u2019autonomie.<br>\ud83d\udee0 <em>Exemple :<\/em> routine d\u2019accueil le matin (check-in \u00e9motionnel, consigne, organisation du mat\u00e9riel).<br>\ud83d\udccc Bonus : associez une <strong>playlist sonore douce<\/strong> pour marquer les temps de transition.<\/p>\n\n\n\n<hr class=\"wp-block-separator has-alpha-channel-opacity\"\/>\n\n\n\n<h3 class=\"wp-block-heading\">5. <strong>Soutenir l\u2019autor\u00e9gulation \u00e9motionnelle<\/strong><\/h3>\n\n\n\n<p>\ud83d\udc49 Les \u00e9motions influencent l\u2019attention et la disponibilit\u00e9 cognitive.<br>\ud83d\udee0 <em>Exemple :<\/em> Enseigner la m\u00e9thode \u00ab respiration 4-4-4 \u00bb ou utiliser une roue des \u00e9motions.<br>\ud83d\udccc Astuce : int\u00e9grer une <strong>pause r\u00e9gulatrice<\/strong> apr\u00e8s chaque t\u00e2che exigeante.<\/p>\n\n\n\n<hr class=\"wp-block-separator has-alpha-channel-opacity\"\/>\n\n\n\n<h3 class=\"wp-block-heading\">6. <strong>Travailler la m\u00e9tacognition de fa\u00e7on ludique<\/strong><\/h3>\n\n\n\n<p>\ud83d\udc49 Apprendre \u00e0 l\u2019\u00e9l\u00e8ve \u00e0 comprendre comment il apprend.<br>\ud83d\udee0 <em>Exemple :<\/em> Demander : \u00ab Quelle strat\u00e9gie t\u2019a aid\u00e9 cette fois-ci ? \u00bb<br>\ud83d\udccc Outil ludique : cartes \u201ctrucs d\u2019apprentissage\u201d \u00e0 tirer au hasard.<\/p>\n\n\n\n<hr class=\"wp-block-separator has-alpha-channel-opacity\"\/>\n\n\n\n<h3 class=\"wp-block-heading\">7. <strong>Recourir aux outils num\u00e9riques adapt\u00e9s<\/strong><\/h3>\n\n\n\n<p>\ud83d\udc49 Certains \u00e9l\u00e8ves TDAH se concentrent mieux avec des supports num\u00e9riques adapt\u00e9s.<br>\ud83d\udee0 <em>Exemple :<\/em> Text-to-speech pour les consignes longues, dict\u00e9e vocale pour l\u2019\u00e9crit.<br>\ud83d\udccc Outils \u00e0 tester : <strong>ClaroRead<\/strong>, <strong>WordQ<\/strong>, ou les <strong>extensions Chrome IA<\/strong> (comme Speechify).<\/p>\n\n\n\n<hr class=\"wp-block-separator has-alpha-channel-opacity\"\/>\n\n\n<div class=\"wp-block-image\">\n<figure class=\"aligncenter size-large\"><img loading=\"lazy\" decoding=\"async\" width=\"869\" height=\"1024\" src=\"https:\/\/audreydelaforge.com\/wp-content\/uploads\/2025\/04\/Comment-fonctionne-la-memoire-visual-selection-869x1024.png\" alt=\"\" class=\"wp-image-1347\" srcset=\"https:\/\/audreydelaforge.com\/wp-content\/uploads\/2025\/04\/Comment-fonctionne-la-memoire-visual-selection-869x1024.png 869w, https:\/\/audreydelaforge.com\/wp-content\/uploads\/2025\/04\/Comment-fonctionne-la-memoire-visual-selection-254x300.png 254w, https:\/\/audreydelaforge.com\/wp-content\/uploads\/2025\/04\/Comment-fonctionne-la-memoire-visual-selection-768x905.png 768w, https:\/\/audreydelaforge.com\/wp-content\/uploads\/2025\/04\/Comment-fonctionne-la-memoire-visual-selection-600x707.png 600w, https:\/\/audreydelaforge.com\/wp-content\/uploads\/2025\/04\/Comment-fonctionne-la-memoire-visual-selection.png 906w\" sizes=\"auto, (max-width: 869px) 100vw, 869px\" \/><\/figure>\n<\/div>\n\n\n<h2 class=\"wp-block-heading\">\ud83e\udd1d Co-construire avec les enseignants et les parents<\/h2>\n\n\n\n<p>L\u2019orthop\u00e9dagogie ne fonctionne pas en silo. <strong>La collaboration avec les enseignants, les parents et les autres professionnels<\/strong> est essentielle pour offrir une continuit\u00e9 \u00e9ducative. Un \u00e9l\u00e8ve TDAH progressera mieux si les strat\u00e9gies sont coh\u00e9rentes entre les diff\u00e9rents milieux de vie.<\/p>\n\n\n\n<p>\ud83d\udcdd <em>Exemple :<\/em> un plan d\u2019intervention partag\u00e9 avec des objectifs clairs, des r\u00f4les d\u00e9finis, et un suivi r\u00e9gulier.<\/p>\n\n\n\n<hr class=\"wp-block-separator has-alpha-channel-opacity\"\/>\n\n\n\n<h2 class=\"wp-block-heading\">\ud83c\udf81 Conclusion : un accompagnement global, progressif et bienveillant<\/h2>\n\n\n\n<p>L\u2019accompagnement orthop\u00e9dagogique d\u2019un \u00e9l\u00e8ve TDAH ne repose pas sur une m\u00e9thode miracle, mais sur <strong>une alliance de petits leviers bien pens\u00e9s, personnalis\u00e9s et coh\u00e9rents<\/strong>. Chaque pas compte, chaque strat\u00e9gie test\u00e9e est une opportunit\u00e9 de mieux comprendre le fonctionnement unique de l\u2019\u00e9l\u00e8ve.<\/p>\n\n\n\n<p>\ud83d\udc49 <strong>Tu veux aller plus loin ?<\/strong><br>\ud83d\udce9 Abonne-toi \u00e0 ma <a class=\"\">newsletter<\/a> pour recevoir des outils exclusifs, fiches pratiques et conseils p\u00e9dagogiques chaque semaine.<\/p>\n\n\n<div class=\"wp-block-image\">\n<figure class=\"aligncenter size-full\"><img loading=\"lazy\" decoding=\"async\" width=\"1024\" height=\"1024\" src=\"https:\/\/audreydelaforge.com\/wp-content\/uploads\/2025\/04\/DALL\u00b7E-2025-04-12-06.15.58-A-realistic-and-heartwarming-educational-illustration-for-a-French-speaking-audience.-The-image-shows-a-calm-natural-environment-with-a-path-made-of-.webp\" alt=\"\" class=\"wp-image-1348\" srcset=\"https:\/\/audreydelaforge.com\/wp-content\/uploads\/2025\/04\/DALL\u00b7E-2025-04-12-06.15.58-A-realistic-and-heartwarming-educational-illustration-for-a-French-speaking-audience.-The-image-shows-a-calm-natural-environment-with-a-path-made-of-.webp 1024w, https:\/\/audreydelaforge.com\/wp-content\/uploads\/2025\/04\/DALL\u00b7E-2025-04-12-06.15.58-A-realistic-and-heartwarming-educational-illustration-for-a-French-speaking-audience.-The-image-shows-a-calm-natural-environment-with-a-path-made-of--300x300.webp 300w, https:\/\/audreydelaforge.com\/wp-content\/uploads\/2025\/04\/DALL\u00b7E-2025-04-12-06.15.58-A-realistic-and-heartwarming-educational-illustration-for-a-French-speaking-audience.-The-image-shows-a-calm-natural-environment-with-a-path-made-of--150x150.webp 150w, https:\/\/audreydelaforge.com\/wp-content\/uploads\/2025\/04\/DALL\u00b7E-2025-04-12-06.15.58-A-realistic-and-heartwarming-educational-illustration-for-a-French-speaking-audience.-The-image-shows-a-calm-natural-environment-with-a-path-made-of--768x768.webp 768w, https:\/\/audreydelaforge.com\/wp-content\/uploads\/2025\/04\/DALL\u00b7E-2025-04-12-06.15.58-A-realistic-and-heartwarming-educational-illustration-for-a-French-speaking-audience.-The-image-shows-a-calm-natural-environment-with-a-path-made-of--600x600.webp 600w, https:\/\/audreydelaforge.com\/wp-content\/uploads\/2025\/04\/DALL\u00b7E-2025-04-12-06.15.58-A-realistic-and-heartwarming-educational-illustration-for-a-French-speaking-audience.-The-image-shows-a-calm-natural-environment-with-a-path-made-of--100x100.webp 100w\" sizes=\"auto, (max-width: 1024px) 100vw, 1024px\" \/><\/figure>\n<\/div>","protected":false},"excerpt":{"rendered":"<p>Le trouble d\u00e9ficitaire de l\u2019attention avec ou sans hyperactivit\u00e9 (TDAH) touche de nombreux \u00e9l\u00e8ves et peut profond\u00e9ment impacter leurs apprentissages. Difficult\u00e9s \u00e0 se concentrer, agitation, impulsivit\u00e9\u2026 autant de manifestations qui peuvent rendre le quotidien scolaire complexe, pour eux comme pour les enseignants. En tant qu\u2019orthop\u00e9dagogue, j\u2019accompagne ces \u00e9l\u00e8ves en leur proposant des strat\u00e9gies concr\u00e8tes, des&hellip;&nbsp;<a href=\"https:\/\/audreydelaforge.com\/index.php\/2025\/04\/12\/tdah-et-apprentissages-7-leviers-concrets-pour-un-accompagnement-efficace-en-orthopedagogie\/\" rel=\"bookmark\">Lire la suite &raquo;<span class=\"screen-reader-text\">TDAH et apprentissages : 7 leviers concrets pour un accompagnement efficace en orthop\u00e9dagogie<\/span><\/a><\/p>\n","protected":false},"author":1,"featured_media":1348,"comment_status":"closed","ping_status":"open","sticky":false,"template":"","format":"standard","meta":{"om_disable_all_campaigns":false,"neve_meta_sidebar":"","neve_meta_container":"","neve_meta_enable_content_width":"","neve_meta_content_width":0,"neve_meta_title_alignment":"","neve_meta_author_avatar":"","neve_post_elements_order":"","neve_meta_disable_header":"","neve_meta_disable_footer":"","neve_meta_disable_title":"","footnotes":""},"categories":[19],"tags":[],"class_list":["post-1345","post","type-post","status-publish","format-standard","has-post-thumbnail","hentry","category-orthopedagogie"],"yoast_head":"<!-- This site is optimized with the Yoast SEO plugin v27.5 - https:\/\/yoast.com\/product\/yoast-seo-wordpress\/ -->\n<title>TDAH et apprentissages : 7 leviers concrets pour un accompagnement efficace en orthop\u00e9dagogie ~ Audrey Delaforge, Orthop\u00e9dagogue<\/title>\n<meta name=\"robots\" content=\"index, follow, max-snippet:-1, max-image-preview:large, max-video-preview:-1\" \/>\n<link rel=\"canonical\" href=\"https:\/\/audreydelaforge.com\/index.php\/2025\/04\/12\/tdah-et-apprentissages-7-leviers-concrets-pour-un-accompagnement-efficace-en-orthopedagogie\/\" \/>\n<meta property=\"og:locale\" content=\"fr_FR\" \/>\n<meta property=\"og:type\" content=\"article\" \/>\n<meta property=\"og:title\" content=\"TDAH et apprentissages : 7 leviers concrets pour un accompagnement efficace en orthop\u00e9dagogie ~ Audrey Delaforge, Orthop\u00e9dagogue\" \/>\n<meta property=\"og:description\" content=\"Le trouble d\u00e9ficitaire de l\u2019attention avec ou sans hyperactivit\u00e9 (TDAH) touche de nombreux \u00e9l\u00e8ves et peut profond\u00e9ment impacter leurs apprentissages. Difficult\u00e9s \u00e0 se concentrer, agitation, impulsivit\u00e9\u2026 autant de manifestations qui peuvent rendre le quotidien scolaire complexe, pour eux comme pour les enseignants. En tant qu\u2019orthop\u00e9dagogue, j\u2019accompagne ces \u00e9l\u00e8ves en leur proposant des strat\u00e9gies concr\u00e8tes, des&hellip;&nbsp;Lire la suite &raquo;TDAH et apprentissages : 7 leviers concrets pour un accompagnement efficace en orthop\u00e9dagogie\" \/>\n<meta property=\"og:url\" content=\"https:\/\/audreydelaforge.com\/index.php\/2025\/04\/12\/tdah-et-apprentissages-7-leviers-concrets-pour-un-accompagnement-efficace-en-orthopedagogie\/\" \/>\n<meta property=\"og:site_name\" content=\"Audrey Delaforge, Orthop\u00e9dagogue\" \/>\n<meta property=\"article:publisher\" content=\"https:\/\/www.facebook.com\/audreycateldelaforge\" \/>\n<meta property=\"article:published_time\" content=\"2025-04-12T04:16:56+00:00\" \/>\n<meta property=\"article:modified_time\" content=\"2025-04-12T04:16:57+00:00\" \/>\n<meta property=\"og:image\" content=\"https:\/\/audreydelaforge.com\/wp-content\/uploads\/2025\/04\/DALL\u00b7E-2025-04-12-06.15.58-A-realistic-and-heartwarming-educational-illustration-for-a-French-speaking-audience.-The-image-shows-a-calm-natural-environment-with-a-path-made-of-.webp\" \/>\n\t<meta property=\"og:image:width\" content=\"1024\" \/>\n\t<meta property=\"og:image:height\" content=\"1024\" \/>\n\t<meta property=\"og:image:type\" content=\"image\/webp\" \/>\n<meta name=\"author\" content=\"audrey.catel.delaforge@gmail.com\" \/>\n<meta name=\"twitter:card\" content=\"summary_large_image\" \/>\n<meta name=\"twitter:label1\" content=\"\u00c9crit par\" \/>\n\t<meta name=\"twitter:data1\" content=\"audrey.catel.delaforge@gmail.com\" \/>\n\t<meta name=\"twitter:label2\" content=\"Dur\u00e9e de lecture estim\u00e9e\" \/>\n\t<meta name=\"twitter:data2\" content=\"3 minutes\" \/>\n<script type=\"application\/ld+json\" class=\"yoast-schema-graph\">{\"@context\":\"https:\\\/\\\/schema.org\",\"@graph\":[{\"@type\":\"Article\",\"@id\":\"https:\\\/\\\/audreydelaforge.com\\\/index.php\\\/2025\\\/04\\\/12\\\/tdah-et-apprentissages-7-leviers-concrets-pour-un-accompagnement-efficace-en-orthopedagogie\\\/#article\",\"isPartOf\":{\"@id\":\"https:\\\/\\\/audreydelaforge.com\\\/index.php\\\/2025\\\/04\\\/12\\\/tdah-et-apprentissages-7-leviers-concrets-pour-un-accompagnement-efficace-en-orthopedagogie\\\/\"},\"author\":{\"name\":\"audrey.catel.delaforge@gmail.com\",\"@id\":\"https:\\\/\\\/audreydelaforge.com\\\/#\\\/schema\\\/person\\\/b44bccc3f328e9802afbab74bb74495d\"},\"headline\":\"TDAH et apprentissages : 7 leviers concrets pour un accompagnement efficace en orthop\u00e9dagogie\",\"datePublished\":\"2025-04-12T04:16:56+00:00\",\"dateModified\":\"2025-04-12T04:16:57+00:00\",\"mainEntityOfPage\":{\"@id\":\"https:\\\/\\\/audreydelaforge.com\\\/index.php\\\/2025\\\/04\\\/12\\\/tdah-et-apprentissages-7-leviers-concrets-pour-un-accompagnement-efficace-en-orthopedagogie\\\/\"},\"wordCount\":677,\"publisher\":{\"@id\":\"https:\\\/\\\/audreydelaforge.com\\\/#organization\"},\"image\":{\"@id\":\"https:\\\/\\\/audreydelaforge.com\\\/index.php\\\/2025\\\/04\\\/12\\\/tdah-et-apprentissages-7-leviers-concrets-pour-un-accompagnement-efficace-en-orthopedagogie\\\/#primaryimage\"},\"thumbnailUrl\":\"https:\\\/\\\/audreydelaforge.com\\\/wp-content\\\/uploads\\\/2025\\\/04\\\/DALL\u00b7E-2025-04-12-06.15.58-A-realistic-and-heartwarming-educational-illustration-for-a-French-speaking-audience.-The-image-shows-a-calm-natural-environment-with-a-path-made-of-.webp\",\"articleSection\":[\"Orthop\u00e9dagogie\"],\"inLanguage\":\"fr-FR\"},{\"@type\":\"WebPage\",\"@id\":\"https:\\\/\\\/audreydelaforge.com\\\/index.php\\\/2025\\\/04\\\/12\\\/tdah-et-apprentissages-7-leviers-concrets-pour-un-accompagnement-efficace-en-orthopedagogie\\\/\",\"url\":\"https:\\\/\\\/audreydelaforge.com\\\/index.php\\\/2025\\\/04\\\/12\\\/tdah-et-apprentissages-7-leviers-concrets-pour-un-accompagnement-efficace-en-orthopedagogie\\\/\",\"name\":\"TDAH et apprentissages : 7 leviers concrets pour un accompagnement efficace en orthop\u00e9dagogie ~ Audrey Delaforge, Orthop\u00e9dagogue\",\"isPartOf\":{\"@id\":\"https:\\\/\\\/audreydelaforge.com\\\/#website\"},\"primaryImageOfPage\":{\"@id\":\"https:\\\/\\\/audreydelaforge.com\\\/index.php\\\/2025\\\/04\\\/12\\\/tdah-et-apprentissages-7-leviers-concrets-pour-un-accompagnement-efficace-en-orthopedagogie\\\/#primaryimage\"},\"image\":{\"@id\":\"https:\\\/\\\/audreydelaforge.com\\\/index.php\\\/2025\\\/04\\\/12\\\/tdah-et-apprentissages-7-leviers-concrets-pour-un-accompagnement-efficace-en-orthopedagogie\\\/#primaryimage\"},\"thumbnailUrl\":\"https:\\\/\\\/audreydelaforge.com\\\/wp-content\\\/uploads\\\/2025\\\/04\\\/DALL\u00b7E-2025-04-12-06.15.58-A-realistic-and-heartwarming-educational-illustration-for-a-French-speaking-audience.-The-image-shows-a-calm-natural-environment-with-a-path-made-of-.webp\",\"datePublished\":\"2025-04-12T04:16:56+00:00\",\"dateModified\":\"2025-04-12T04:16:57+00:00\",\"breadcrumb\":{\"@id\":\"https:\\\/\\\/audreydelaforge.com\\\/index.php\\\/2025\\\/04\\\/12\\\/tdah-et-apprentissages-7-leviers-concrets-pour-un-accompagnement-efficace-en-orthopedagogie\\\/#breadcrumb\"},\"inLanguage\":\"fr-FR\",\"potentialAction\":[{\"@type\":\"ReadAction\",\"target\":[\"https:\\\/\\\/audreydelaforge.com\\\/index.php\\\/2025\\\/04\\\/12\\\/tdah-et-apprentissages-7-leviers-concrets-pour-un-accompagnement-efficace-en-orthopedagogie\\\/\"]}]},{\"@type\":\"ImageObject\",\"inLanguage\":\"fr-FR\",\"@id\":\"https:\\\/\\\/audreydelaforge.com\\\/index.php\\\/2025\\\/04\\\/12\\\/tdah-et-apprentissages-7-leviers-concrets-pour-un-accompagnement-efficace-en-orthopedagogie\\\/#primaryimage\",\"url\":\"https:\\\/\\\/audreydelaforge.com\\\/wp-content\\\/uploads\\\/2025\\\/04\\\/DALL\u00b7E-2025-04-12-06.15.58-A-realistic-and-heartwarming-educational-illustration-for-a-French-speaking-audience.-The-image-shows-a-calm-natural-environment-with-a-path-made-of-.webp\",\"contentUrl\":\"https:\\\/\\\/audreydelaforge.com\\\/wp-content\\\/uploads\\\/2025\\\/04\\\/DALL\u00b7E-2025-04-12-06.15.58-A-realistic-and-heartwarming-educational-illustration-for-a-French-speaking-audience.-The-image-shows-a-calm-natural-environment-with-a-path-made-of-.webp\",\"width\":1024,\"height\":1024},{\"@type\":\"BreadcrumbList\",\"@id\":\"https:\\\/\\\/audreydelaforge.com\\\/index.php\\\/2025\\\/04\\\/12\\\/tdah-et-apprentissages-7-leviers-concrets-pour-un-accompagnement-efficace-en-orthopedagogie\\\/#breadcrumb\",\"itemListElement\":[{\"@type\":\"ListItem\",\"position\":1,\"name\":\"Accueil\",\"item\":\"https:\\\/\\\/audreydelaforge.com\\\/\"},{\"@type\":\"ListItem\",\"position\":2,\"name\":\"TDAH et apprentissages : 7 leviers concrets pour un accompagnement efficace en orthop\u00e9dagogie\"}]},{\"@type\":\"WebSite\",\"@id\":\"https:\\\/\\\/audreydelaforge.com\\\/#website\",\"url\":\"https:\\\/\\\/audreydelaforge.com\\\/\",\"name\":\"Audrey Delaforge, Orthop\u00e9dagogue\",\"description\":\"L&#039;apprenant au centre du savoir\",\"publisher\":{\"@id\":\"https:\\\/\\\/audreydelaforge.com\\\/#organization\"},\"potentialAction\":[{\"@type\":\"SearchAction\",\"target\":{\"@type\":\"EntryPoint\",\"urlTemplate\":\"https:\\\/\\\/audreydelaforge.com\\\/?s={search_term_string}\"},\"query-input\":{\"@type\":\"PropertyValueSpecification\",\"valueRequired\":true,\"valueName\":\"search_term_string\"}}],\"inLanguage\":\"fr-FR\"},{\"@type\":\"Organization\",\"@id\":\"https:\\\/\\\/audreydelaforge.com\\\/#organization\",\"name\":\"Audrey Delaforge, Orthop\u00e9dagogue\",\"url\":\"https:\\\/\\\/audreydelaforge.com\\\/\",\"logo\":{\"@type\":\"ImageObject\",\"inLanguage\":\"fr-FR\",\"@id\":\"https:\\\/\\\/audreydelaforge.com\\\/#\\\/schema\\\/logo\\\/image\\\/\",\"url\":\"https:\\\/\\\/audreydelaforge.com\\\/wp-content\\\/uploads\\\/2022\\\/06\\\/Logo-orange-noir-avec-Audrey-1.png\",\"contentUrl\":\"https:\\\/\\\/audreydelaforge.com\\\/wp-content\\\/uploads\\\/2022\\\/06\\\/Logo-orange-noir-avec-Audrey-1.png\",\"width\":500,\"height\":500,\"caption\":\"Audrey Delaforge, Orthop\u00e9dagogue\"},\"image\":{\"@id\":\"https:\\\/\\\/audreydelaforge.com\\\/#\\\/schema\\\/logo\\\/image\\\/\"},\"sameAs\":[\"https:\\\/\\\/www.facebook.com\\\/audreycateldelaforge\",\"https:\\\/\\\/www.linkedin.com\\\/in\\\/audrey-catel-delaforge\",\"https:\\\/\\\/www.instagram.com\\\/audrey_delaforge\\\/\"]},{\"@type\":\"Person\",\"@id\":\"https:\\\/\\\/audreydelaforge.com\\\/#\\\/schema\\\/person\\\/b44bccc3f328e9802afbab74bb74495d\",\"name\":\"audrey.catel.delaforge@gmail.com\",\"image\":{\"@type\":\"ImageObject\",\"inLanguage\":\"fr-FR\",\"@id\":\"https:\\\/\\\/secure.gravatar.com\\\/avatar\\\/6d2d46023ee8ab957213dcdb0ea8dc964f367c205b281a7f789f0eb314dfafbf?s=96&d=mm&r=g\",\"url\":\"https:\\\/\\\/secure.gravatar.com\\\/avatar\\\/6d2d46023ee8ab957213dcdb0ea8dc964f367c205b281a7f789f0eb314dfafbf?s=96&d=mm&r=g\",\"contentUrl\":\"https:\\\/\\\/secure.gravatar.com\\\/avatar\\\/6d2d46023ee8ab957213dcdb0ea8dc964f367c205b281a7f789f0eb314dfafbf?s=96&d=mm&r=g\",\"caption\":\"audrey.catel.delaforge@gmail.com\"},\"sameAs\":[\"http:\\\/\\\/audreydelaforge.com\"],\"url\":\"https:\\\/\\\/audreydelaforge.com\\\/index.php\\\/author\\\/audrey-catel-delaforgegmail-com\\\/\"}]}<\/script>\n<!-- \/ Yoast SEO plugin. -->","yoast_head_json":{"title":"TDAH et apprentissages : 7 leviers concrets pour un accompagnement efficace en orthop\u00e9dagogie ~ Audrey Delaforge, Orthop\u00e9dagogue","robots":{"index":"index","follow":"follow","max-snippet":"max-snippet:-1","max-image-preview":"max-image-preview:large","max-video-preview":"max-video-preview:-1"},"canonical":"https:\/\/audreydelaforge.com\/index.php\/2025\/04\/12\/tdah-et-apprentissages-7-leviers-concrets-pour-un-accompagnement-efficace-en-orthopedagogie\/","og_locale":"fr_FR","og_type":"article","og_title":"TDAH et apprentissages : 7 leviers concrets pour un accompagnement efficace en orthop\u00e9dagogie ~ Audrey Delaforge, Orthop\u00e9dagogue","og_description":"Le trouble d\u00e9ficitaire de l\u2019attention avec ou sans hyperactivit\u00e9 (TDAH) touche de nombreux \u00e9l\u00e8ves et peut profond\u00e9ment impacter leurs apprentissages. Difficult\u00e9s \u00e0 se concentrer, agitation, impulsivit\u00e9\u2026 autant de manifestations qui peuvent rendre le quotidien scolaire complexe, pour eux comme pour les enseignants. En tant qu\u2019orthop\u00e9dagogue, j\u2019accompagne ces \u00e9l\u00e8ves en leur proposant des strat\u00e9gies concr\u00e8tes, des&hellip;&nbsp;Lire la suite &raquo;TDAH et apprentissages : 7 leviers concrets pour un accompagnement efficace en orthop\u00e9dagogie","og_url":"https:\/\/audreydelaforge.com\/index.php\/2025\/04\/12\/tdah-et-apprentissages-7-leviers-concrets-pour-un-accompagnement-efficace-en-orthopedagogie\/","og_site_name":"Audrey Delaforge, Orthop\u00e9dagogue","article_publisher":"https:\/\/www.facebook.com\/audreycateldelaforge","article_published_time":"2025-04-12T04:16:56+00:00","article_modified_time":"2025-04-12T04:16:57+00:00","og_image":[{"width":1024,"height":1024,"url":"https:\/\/audreydelaforge.com\/wp-content\/uploads\/2025\/04\/DALL\u00b7E-2025-04-12-06.15.58-A-realistic-and-heartwarming-educational-illustration-for-a-French-speaking-audience.-The-image-shows-a-calm-natural-environment-with-a-path-made-of-.webp","type":"image\/webp"}],"author":"audrey.catel.delaforge@gmail.com","twitter_card":"summary_large_image","twitter_misc":{"\u00c9crit par":"audrey.catel.delaforge@gmail.com","Dur\u00e9e de lecture estim\u00e9e":"3 minutes"},"schema":{"@context":"https:\/\/schema.org","@graph":[{"@type":"Article","@id":"https:\/\/audreydelaforge.com\/index.php\/2025\/04\/12\/tdah-et-apprentissages-7-leviers-concrets-pour-un-accompagnement-efficace-en-orthopedagogie\/#article","isPartOf":{"@id":"https:\/\/audreydelaforge.com\/index.php\/2025\/04\/12\/tdah-et-apprentissages-7-leviers-concrets-pour-un-accompagnement-efficace-en-orthopedagogie\/"},"author":{"name":"audrey.catel.delaforge@gmail.com","@id":"https:\/\/audreydelaforge.com\/#\/schema\/person\/b44bccc3f328e9802afbab74bb74495d"},"headline":"TDAH et apprentissages : 7 leviers concrets pour un accompagnement efficace en orthop\u00e9dagogie","datePublished":"2025-04-12T04:16:56+00:00","dateModified":"2025-04-12T04:16:57+00:00","mainEntityOfPage":{"@id":"https:\/\/audreydelaforge.com\/index.php\/2025\/04\/12\/tdah-et-apprentissages-7-leviers-concrets-pour-un-accompagnement-efficace-en-orthopedagogie\/"},"wordCount":677,"publisher":{"@id":"https:\/\/audreydelaforge.com\/#organization"},"image":{"@id":"https:\/\/audreydelaforge.com\/index.php\/2025\/04\/12\/tdah-et-apprentissages-7-leviers-concrets-pour-un-accompagnement-efficace-en-orthopedagogie\/#primaryimage"},"thumbnailUrl":"https:\/\/audreydelaforge.com\/wp-content\/uploads\/2025\/04\/DALL\u00b7E-2025-04-12-06.15.58-A-realistic-and-heartwarming-educational-illustration-for-a-French-speaking-audience.-The-image-shows-a-calm-natural-environment-with-a-path-made-of-.webp","articleSection":["Orthop\u00e9dagogie"],"inLanguage":"fr-FR"},{"@type":"WebPage","@id":"https:\/\/audreydelaforge.com\/index.php\/2025\/04\/12\/tdah-et-apprentissages-7-leviers-concrets-pour-un-accompagnement-efficace-en-orthopedagogie\/","url":"https:\/\/audreydelaforge.com\/index.php\/2025\/04\/12\/tdah-et-apprentissages-7-leviers-concrets-pour-un-accompagnement-efficace-en-orthopedagogie\/","name":"TDAH et apprentissages : 7 leviers concrets pour un accompagnement efficace en orthop\u00e9dagogie ~ Audrey Delaforge, Orthop\u00e9dagogue","isPartOf":{"@id":"https:\/\/audreydelaforge.com\/#website"},"primaryImageOfPage":{"@id":"https:\/\/audreydelaforge.com\/index.php\/2025\/04\/12\/tdah-et-apprentissages-7-leviers-concrets-pour-un-accompagnement-efficace-en-orthopedagogie\/#primaryimage"},"image":{"@id":"https:\/\/audreydelaforge.com\/index.php\/2025\/04\/12\/tdah-et-apprentissages-7-leviers-concrets-pour-un-accompagnement-efficace-en-orthopedagogie\/#primaryimage"},"thumbnailUrl":"https:\/\/audreydelaforge.com\/wp-content\/uploads\/2025\/04\/DALL\u00b7E-2025-04-12-06.15.58-A-realistic-and-heartwarming-educational-illustration-for-a-French-speaking-audience.-The-image-shows-a-calm-natural-environment-with-a-path-made-of-.webp","datePublished":"2025-04-12T04:16:56+00:00","dateModified":"2025-04-12T04:16:57+00:00","breadcrumb":{"@id":"https:\/\/audreydelaforge.com\/index.php\/2025\/04\/12\/tdah-et-apprentissages-7-leviers-concrets-pour-un-accompagnement-efficace-en-orthopedagogie\/#breadcrumb"},"inLanguage":"fr-FR","potentialAction":[{"@type":"ReadAction","target":["https:\/\/audreydelaforge.com\/index.php\/2025\/04\/12\/tdah-et-apprentissages-7-leviers-concrets-pour-un-accompagnement-efficace-en-orthopedagogie\/"]}]},{"@type":"ImageObject","inLanguage":"fr-FR","@id":"https:\/\/audreydelaforge.com\/index.php\/2025\/04\/12\/tdah-et-apprentissages-7-leviers-concrets-pour-un-accompagnement-efficace-en-orthopedagogie\/#primaryimage","url":"https:\/\/audreydelaforge.com\/wp-content\/uploads\/2025\/04\/DALL\u00b7E-2025-04-12-06.15.58-A-realistic-and-heartwarming-educational-illustration-for-a-French-speaking-audience.-The-image-shows-a-calm-natural-environment-with-a-path-made-of-.webp","contentUrl":"https:\/\/audreydelaforge.com\/wp-content\/uploads\/2025\/04\/DALL\u00b7E-2025-04-12-06.15.58-A-realistic-and-heartwarming-educational-illustration-for-a-French-speaking-audience.-The-image-shows-a-calm-natural-environment-with-a-path-made-of-.webp","width":1024,"height":1024},{"@type":"BreadcrumbList","@id":"https:\/\/audreydelaforge.com\/index.php\/2025\/04\/12\/tdah-et-apprentissages-7-leviers-concrets-pour-un-accompagnement-efficace-en-orthopedagogie\/#breadcrumb","itemListElement":[{"@type":"ListItem","position":1,"name":"Accueil","item":"https:\/\/audreydelaforge.com\/"},{"@type":"ListItem","position":2,"name":"TDAH et apprentissages : 7 leviers concrets pour un accompagnement efficace en orthop\u00e9dagogie"}]},{"@type":"WebSite","@id":"https:\/\/audreydelaforge.com\/#website","url":"https:\/\/audreydelaforge.com\/","name":"Audrey Delaforge, Orthop\u00e9dagogue","description":"L&#039;apprenant au centre du savoir","publisher":{"@id":"https:\/\/audreydelaforge.com\/#organization"},"potentialAction":[{"@type":"SearchAction","target":{"@type":"EntryPoint","urlTemplate":"https:\/\/audreydelaforge.com\/?s={search_term_string}"},"query-input":{"@type":"PropertyValueSpecification","valueRequired":true,"valueName":"search_term_string"}}],"inLanguage":"fr-FR"},{"@type":"Organization","@id":"https:\/\/audreydelaforge.com\/#organization","name":"Audrey Delaforge, Orthop\u00e9dagogue","url":"https:\/\/audreydelaforge.com\/","logo":{"@type":"ImageObject","inLanguage":"fr-FR","@id":"https:\/\/audreydelaforge.com\/#\/schema\/logo\/image\/","url":"https:\/\/audreydelaforge.com\/wp-content\/uploads\/2022\/06\/Logo-orange-noir-avec-Audrey-1.png","contentUrl":"https:\/\/audreydelaforge.com\/wp-content\/uploads\/2022\/06\/Logo-orange-noir-avec-Audrey-1.png","width":500,"height":500,"caption":"Audrey Delaforge, Orthop\u00e9dagogue"},"image":{"@id":"https:\/\/audreydelaforge.com\/#\/schema\/logo\/image\/"},"sameAs":["https:\/\/www.facebook.com\/audreycateldelaforge","https:\/\/www.linkedin.com\/in\/audrey-catel-delaforge","https:\/\/www.instagram.com\/audrey_delaforge\/"]},{"@type":"Person","@id":"https:\/\/audreydelaforge.com\/#\/schema\/person\/b44bccc3f328e9802afbab74bb74495d","name":"audrey.catel.delaforge@gmail.com","image":{"@type":"ImageObject","inLanguage":"fr-FR","@id":"https:\/\/secure.gravatar.com\/avatar\/6d2d46023ee8ab957213dcdb0ea8dc964f367c205b281a7f789f0eb314dfafbf?s=96&d=mm&r=g","url":"https:\/\/secure.gravatar.com\/avatar\/6d2d46023ee8ab957213dcdb0ea8dc964f367c205b281a7f789f0eb314dfafbf?s=96&d=mm&r=g","contentUrl":"https:\/\/secure.gravatar.com\/avatar\/6d2d46023ee8ab957213dcdb0ea8dc964f367c205b281a7f789f0eb314dfafbf?s=96&d=mm&r=g","caption":"audrey.catel.delaforge@gmail.com"},"sameAs":["http:\/\/audreydelaforge.com"],"url":"https:\/\/audreydelaforge.com\/index.php\/author\/audrey-catel-delaforgegmail-com\/"}]}},"_links":{"self":[{"href":"https:\/\/audreydelaforge.com\/index.php\/wp-json\/wp\/v2\/posts\/1345","targetHints":{"allow":["GET"]}}],"collection":[{"href":"https:\/\/audreydelaforge.com\/index.php\/wp-json\/wp\/v2\/posts"}],"about":[{"href":"https:\/\/audreydelaforge.com\/index.php\/wp-json\/wp\/v2\/types\/post"}],"author":[{"embeddable":true,"href":"https:\/\/audreydelaforge.com\/index.php\/wp-json\/wp\/v2\/users\/1"}],"replies":[{"embeddable":true,"href":"https:\/\/audreydelaforge.com\/index.php\/wp-json\/wp\/v2\/comments?post=1345"}],"version-history":[{"count":0,"href":"https:\/\/audreydelaforge.com\/index.php\/wp-json\/wp\/v2\/posts\/1345\/revisions"}],"wp:featuredmedia":[{"embeddable":true,"href":"https:\/\/audreydelaforge.com\/index.php\/wp-json\/wp\/v2\/media\/1348"}],"wp:attachment":[{"href":"https:\/\/audreydelaforge.com\/index.php\/wp-json\/wp\/v2\/media?parent=1345"}],"wp:term":[{"taxonomy":"category","embeddable":true,"href":"https:\/\/audreydelaforge.com\/index.php\/wp-json\/wp\/v2\/categories?post=1345"},{"taxonomy":"post_tag","embeddable":true,"href":"https:\/\/audreydelaforge.com\/index.php\/wp-json\/wp\/v2\/tags?post=1345"}],"curies":[{"name":"wp","href":"https:\/\/api.w.org\/{rel}","templated":true}]}}