{"id":1353,"date":"2025-04-16T10:05:01","date_gmt":"2025-04-16T10:05:01","guid":{"rendered":"https:\/\/audreydelaforge.com\/?p=1353"},"modified":"2025-04-16T10:05:03","modified_gmt":"2025-04-16T10:05:03","slug":"orthopedagogue-un-metier-a-comprendre-reconnaitre-et-valoriser","status":"publish","type":"post","link":"https:\/\/audreydelaforge.com\/index.php\/2025\/04\/16\/orthopedagogue-un-metier-a-comprendre-reconnaitre-et-valoriser\/","title":{"rendered":"Orthop\u00e9dagogue : un m\u00e9tier \u00e0 comprendre, reconna\u00eetre et valoriser"},"content":{"rendered":"\n<p><strong>Encore m\u00e9connu, parfois mal compris, le m\u00e9tier d\u2019orthop\u00e9dagogue m\u00e9rite d\u2019\u00eatre clarifi\u00e9.<\/strong><br>Dans cet article, je t\u2019explique en quoi il consiste, ce qu\u2019il n\u2019est pas, et pourquoi il est essentiel au parcours d\u2019apprentissage de nombreux \u00e9l\u00e8ves.<\/p>\n\n\n<div class=\"wp-block-image\">\n<figure class=\"aligncenter size-full\"><img loading=\"lazy\" decoding=\"async\" width=\"1024\" height=\"1024\" src=\"https:\/\/audreydelaforge.com\/wp-content\/uploads\/2025\/04\/DALL\u00b7E-2025-04-16-12.02.51-A-warm-minimalistic-illustration-of-an-orthopedagogue-working-with-a-student-in-a-calm-cozy-learning-environment.-The-adult-and-child-are-seated-at-.webp\" alt=\"\" class=\"wp-image-1354\" srcset=\"https:\/\/audreydelaforge.com\/wp-content\/uploads\/2025\/04\/DALL\u00b7E-2025-04-16-12.02.51-A-warm-minimalistic-illustration-of-an-orthopedagogue-working-with-a-student-in-a-calm-cozy-learning-environment.-The-adult-and-child-are-seated-at-.webp 1024w, https:\/\/audreydelaforge.com\/wp-content\/uploads\/2025\/04\/DALL\u00b7E-2025-04-16-12.02.51-A-warm-minimalistic-illustration-of-an-orthopedagogue-working-with-a-student-in-a-calm-cozy-learning-environment.-The-adult-and-child-are-seated-at--300x300.webp 300w, https:\/\/audreydelaforge.com\/wp-content\/uploads\/2025\/04\/DALL\u00b7E-2025-04-16-12.02.51-A-warm-minimalistic-illustration-of-an-orthopedagogue-working-with-a-student-in-a-calm-cozy-learning-environment.-The-adult-and-child-are-seated-at--150x150.webp 150w, https:\/\/audreydelaforge.com\/wp-content\/uploads\/2025\/04\/DALL\u00b7E-2025-04-16-12.02.51-A-warm-minimalistic-illustration-of-an-orthopedagogue-working-with-a-student-in-a-calm-cozy-learning-environment.-The-adult-and-child-are-seated-at--768x768.webp 768w, https:\/\/audreydelaforge.com\/wp-content\/uploads\/2025\/04\/DALL\u00b7E-2025-04-16-12.02.51-A-warm-minimalistic-illustration-of-an-orthopedagogue-working-with-a-student-in-a-calm-cozy-learning-environment.-The-adult-and-child-are-seated-at--600x600.webp 600w, https:\/\/audreydelaforge.com\/wp-content\/uploads\/2025\/04\/DALL\u00b7E-2025-04-16-12.02.51-A-warm-minimalistic-illustration-of-an-orthopedagogue-working-with-a-student-in-a-calm-cozy-learning-environment.-The-adult-and-child-are-seated-at--100x100.webp 100w\" sizes=\"auto, (max-width: 1024px) 100vw, 1024px\" \/><\/figure>\n<\/div>\n\n\n<hr class=\"wp-block-separator has-alpha-channel-opacity\"\/>\n\n\n\n<h2 class=\"wp-block-heading\">\u201cOrtho\u2026 quoi ?\u201d Un mot qui interroge<\/h2>\n\n\n\n<p>Le mot intrigue, parfois d\u00e9range. \u201cOrtho\u2026 p\u00e9dagogue ?\u201d<br>Souvent confondu avec l\u2019orthophonie ou assimil\u00e9 \u00e0 une forme de th\u00e9rapie, le m\u00e9tier d\u2019orthop\u00e9dagogue reste flou dans l\u2019esprit du grand public\u2026 et m\u00eame de certains professionnels de l\u2019\u00e9ducation.<\/p>\n\n\n\n<p>Pourtant, l\u2019orthop\u00e9dagogie est une discipline \u00e0 part enti\u00e8re, \u00e0 la crois\u00e9e des sciences cognitives, de la p\u00e9dagogie et de la psychologie de l\u2019apprentissage.<br>Et surtout : elle r\u00e9pond \u00e0 un besoin bien r\u00e9el, sur le terrain.<\/p>\n\n\n\n<hr class=\"wp-block-separator has-alpha-channel-opacity\"\/>\n\n\n\n<h2 class=\"wp-block-heading\">Qu\u2019est-ce que l\u2019orthop\u00e9dagogie, concr\u00e8tement ?<\/h2>\n\n\n\n<p>L\u2019orthop\u00e9dagogie s\u2019int\u00e9resse \u00e0 <strong>la mani\u00e8re dont une personne apprend<\/strong>, et surtout \u00e0 la mani\u00e8re dont on peut l\u2019aider \u00e0 apprendre mieux.<\/p>\n\n\n\n<p>Un\u00b7e orthop\u00e9dagogue accompagne les \u00e9l\u00e8ves (enfants, ados, parfois adultes) en difficult\u00e9 ou en qu\u00eate d\u2019efficacit\u00e9 dans leurs apprentissages. Son r\u00f4le ?<br>\ud83d\udc49 Identifier les freins cognitifs, \u00e9motionnels ou m\u00e9thodologiques<br>\ud83d\udc49 Mobiliser les ressources de l\u2019\u00e9l\u00e8ve<br>\ud83d\udc49 Proposer des strat\u00e9gies personnalis\u00e9es pour renforcer l\u2019autonomie<\/p>\n\n\n\n<p>C\u2019est un accompagnement sur mesure, qui valorise les progr\u00e8s, stimule la motivation, et redonne du pouvoir d\u2019agir.<\/p>\n\n\n\n<hr class=\"wp-block-separator has-alpha-channel-opacity\"\/>\n\n\n\n<h2 class=\"wp-block-heading\">Ce que l\u2019orthop\u00e9dagogue <strong>n\u2019est pas<\/strong> (et c\u2019est essentiel)<\/h2>\n\n\n\n<p>Il est important de poser des limites claires, pour \u00e9viter les amalgames.<\/p>\n\n\n\n<p>Un orthop\u00e9dagogue :<\/p>\n\n\n\n<ul class=\"wp-block-list\">\n<li>\u274c Ne diagnostique pas<\/li>\n\n\n\n<li>\u274c Ne soigne pas<\/li>\n\n\n\n<li>\u274c Ne remplace ni l\u2019enseignant\u00b7e, ni l\u2019orthophoniste, ni le psychologue<\/li>\n<\/ul>\n\n\n\n<p>Il intervient <strong>en compl\u00e9ment<\/strong>, dans un cadre pr\u00e9cis, avec une \u00e9thique rigoureuse.<br>L\u2019orthop\u00e9dagogie prend tout son sens quand elle s\u2019inscrit dans une approche <strong>pluridisciplinaire<\/strong> : travailler en r\u00e9seau, c\u2019est offrir \u00e0 l\u2019\u00e9l\u00e8ve une r\u00e9ponse coh\u00e9rente et globale.<\/p>\n\n\n\n<hr class=\"wp-block-separator has-alpha-channel-opacity\"\/>\n\n\n\n<h2 class=\"wp-block-heading\">Ce que l\u2019orthop\u00e9dagogue apporte vraiment<\/h2>\n\n\n\n<p>Loin d\u2019un accompagnement \u201cg\u00e9n\u00e9raliste\u201d ou \u201csoutien scolaire\u201d, l\u2019orthop\u00e9dagogue apporte une expertise cibl\u00e9e et des outils puissants :<\/p>\n\n\n\n<ul class=\"wp-block-list\">\n<li>\u2705 Des strat\u00e9gies d\u2019apprentissage adapt\u00e9es<\/li>\n\n\n\n<li>\u2705 Une posture bienveillante et exigeante<\/li>\n\n\n\n<li>\u2705 Un cadre s\u00e9curisant o\u00f9 l\u2019\u00e9l\u00e8ve peut essayer, \u00e9chouer, r\u00e9ussir<\/li>\n\n\n\n<li>\u2705 Une approche fine des troubles d\u2019apprentissage (dys, TDA\/H, haut potentiel, etc.)<\/li>\n\n\n\n<li>\u2705 Un travail en profondeur sur la m\u00e9tacognition, la motivation, la gestion mentale<\/li>\n<\/ul>\n\n\n\n<p>C\u2019est un accompagnement exigeant mais profond\u00e9ment porteur de sens, qui transforme la relation \u00e0 l\u2019apprentissage et \u00e0 soi-m\u00eame.<\/p>\n\n\n\n<hr class=\"wp-block-separator has-alpha-channel-opacity\"\/>\n\n\n\n<h2 class=\"wp-block-heading\">Pourquoi ce m\u00e9tier d\u00e9range-t-il parfois ?<\/h2>\n\n\n\n<p>Tu l\u2019as peut-\u00eatre ressenti si tu exerces ce m\u00e9tier, ou si tu collabores avec un\u00b7e orthop\u00e9dagogue : il peut susciter de l\u2019incompr\u00e9hension, voire de la m\u00e9fiance.<\/p>\n\n\n\n<p>Pourquoi ?<\/p>\n\n\n\n<ul class=\"wp-block-list\">\n<li>Parce qu\u2019il est encore <strong>trop peu connu<\/strong><\/li>\n\n\n\n<li>Parce qu\u2019il <strong>bouscule certaines habitudes p\u00e9dagogiques<\/strong><\/li>\n\n\n\n<li>Parce qu\u2019il <strong>comble un vide<\/strong>, l\u00e0 o\u00f9 les dispositifs classiques montrent leurs limites<\/li>\n<\/ul>\n\n\n\n<p>Mais ce frottement est aussi <strong>un signe que les choses bougent<\/strong>.<br>L\u2019orthop\u00e9dagogie pousse \u00e0 repenser nos pratiques \u00e9ducatives, \u00e0 redonner une vraie place \u00e0 l\u2019individualisation, \u00e0 la bienveillance exigeante, \u00e0 l\u2019humain. Et \u00e7a, c\u2019est une excellente nouvelle.<\/p>\n\n\n<div class=\"wp-block-image\">\n<figure class=\"aligncenter size-full is-resized\"><img loading=\"lazy\" decoding=\"async\" width=\"1024\" height=\"1024\" src=\"https:\/\/audreydelaforge.com\/wp-content\/uploads\/2025\/04\/DALL\u00b7E-2025-04-16-12.03.40-An-illustration-showing-an-orthopedagogue-collaborating-with-other-professionals-\u2014-a-teacher-a-speech-therapist-and-a-psychologist-\u2014-around-a-large-.webp\" alt=\"\" class=\"wp-image-1355\" style=\"width:1128px;height:auto\" srcset=\"https:\/\/audreydelaforge.com\/wp-content\/uploads\/2025\/04\/DALL\u00b7E-2025-04-16-12.03.40-An-illustration-showing-an-orthopedagogue-collaborating-with-other-professionals-\u2014-a-teacher-a-speech-therapist-and-a-psychologist-\u2014-around-a-large-.webp 1024w, https:\/\/audreydelaforge.com\/wp-content\/uploads\/2025\/04\/DALL\u00b7E-2025-04-16-12.03.40-An-illustration-showing-an-orthopedagogue-collaborating-with-other-professionals-\u2014-a-teacher-a-speech-therapist-and-a-psychologist-\u2014-around-a-large--300x300.webp 300w, https:\/\/audreydelaforge.com\/wp-content\/uploads\/2025\/04\/DALL\u00b7E-2025-04-16-12.03.40-An-illustration-showing-an-orthopedagogue-collaborating-with-other-professionals-\u2014-a-teacher-a-speech-therapist-and-a-psychologist-\u2014-around-a-large--150x150.webp 150w, https:\/\/audreydelaforge.com\/wp-content\/uploads\/2025\/04\/DALL\u00b7E-2025-04-16-12.03.40-An-illustration-showing-an-orthopedagogue-collaborating-with-other-professionals-\u2014-a-teacher-a-speech-therapist-and-a-psychologist-\u2014-around-a-large--768x768.webp 768w, https:\/\/audreydelaforge.com\/wp-content\/uploads\/2025\/04\/DALL\u00b7E-2025-04-16-12.03.40-An-illustration-showing-an-orthopedagogue-collaborating-with-other-professionals-\u2014-a-teacher-a-speech-therapist-and-a-psychologist-\u2014-around-a-large--600x600.webp 600w, https:\/\/audreydelaforge.com\/wp-content\/uploads\/2025\/04\/DALL\u00b7E-2025-04-16-12.03.40-An-illustration-showing-an-orthopedagogue-collaborating-with-other-professionals-\u2014-a-teacher-a-speech-therapist-and-a-psychologist-\u2014-around-a-large--100x100.webp 100w\" sizes=\"auto, (max-width: 1024px) 100vw, 1024px\" \/><\/figure>\n<\/div>\n\n\n<hr class=\"wp-block-separator has-alpha-channel-opacity\"\/>\n\n\n\n<h2 class=\"wp-block-heading\">Pour une \u00e9cole plus juste, plus humaine<\/h2>\n\n\n\n<p>Reconna\u00eetre le r\u00f4le des orthop\u00e9dagogues, c\u2019est contribuer \u00e0 construire <strong>une \u00e9cole plus inclusive, plus efficace, plus respectueuse des diff\u00e9rences<\/strong>.<\/p>\n\n\n\n<p>C\u2019est aussi valoriser un m\u00e9tier de l\u2019ombre, mais d\u2019une importance capitale, qui agit <strong>l\u00e0 o\u00f9 les enfants d\u00e9crochent, se d\u00e9couragent ou s\u2019effacent<\/strong>.<\/p>\n\n\n\n<hr class=\"wp-block-separator has-alpha-channel-opacity\"\/>\n\n\n\n<h3 class=\"wp-block-heading\">\u2728 Et maintenant ?<\/h3>\n\n\n\n<p>Si toi aussi tu veux faire conna\u00eetre ce m\u00e9tier, <strong>partage cet article autour de toi<\/strong>.<br>Parle-en \u00e0 tes coll\u00e8gues, aux familles, aux professionnels qui t\u2019entourent.<br>Et si tu souhaites en discuter, ou en savoir plus sur l\u2019orthop\u00e9dagogie, je suis l\u00e0 pour \u00e7a. \u00c9cris-moi, je serai ravie d\u2019\u00e9changer avec toi \ud83d\udcac<\/p>\n","protected":false},"excerpt":{"rendered":"<p>Encore m\u00e9connu, parfois mal compris, le m\u00e9tier d\u2019orthop\u00e9dagogue m\u00e9rite d\u2019\u00eatre clarifi\u00e9.Dans cet article, je t\u2019explique en quoi il consiste, ce qu\u2019il n\u2019est pas, et pourquoi il est essentiel au parcours d\u2019apprentissage de nombreux \u00e9l\u00e8ves. \u201cOrtho\u2026 quoi ?\u201d Un mot qui interroge Le mot intrigue, parfois d\u00e9range. \u201cOrtho\u2026 p\u00e9dagogue ?\u201dSouvent confondu avec l\u2019orthophonie ou assimil\u00e9 \u00e0&hellip;&nbsp;<a href=\"https:\/\/audreydelaforge.com\/index.php\/2025\/04\/16\/orthopedagogue-un-metier-a-comprendre-reconnaitre-et-valoriser\/\" rel=\"bookmark\">Lire la suite &raquo;<span class=\"screen-reader-text\">Orthop\u00e9dagogue : un m\u00e9tier \u00e0 comprendre, reconna\u00eetre et valoriser<\/span><\/a><\/p>\n","protected":false},"author":1,"featured_media":1355,"comment_status":"closed","ping_status":"open","sticky":false,"template":"","format":"standard","meta":{"om_disable_all_campaigns":false,"neve_meta_sidebar":"","neve_meta_container":"","neve_meta_enable_content_width":"","neve_meta_content_width":0,"neve_meta_title_alignment":"","neve_meta_author_avatar":"","neve_post_elements_order":"","neve_meta_disable_header":"","neve_meta_disable_footer":"","neve_meta_disable_title":"","footnotes":""},"categories":[19],"tags":[],"class_list":["post-1353","post","type-post","status-publish","format-standard","has-post-thumbnail","hentry","category-orthopedagogie"],"yoast_head":"<!-- This site is optimized with the Yoast SEO plugin v27.5 - https:\/\/yoast.com\/product\/yoast-seo-wordpress\/ -->\n<title>Orthop\u00e9dagogue : un m\u00e9tier \u00e0 comprendre, reconna\u00eetre et valoriser ~ Audrey Delaforge, Orthop\u00e9dagogue<\/title>\n<meta name=\"robots\" content=\"index, follow, max-snippet:-1, max-image-preview:large, max-video-preview:-1\" \/>\n<link rel=\"canonical\" href=\"https:\/\/audreydelaforge.com\/index.php\/2025\/04\/16\/orthopedagogue-un-metier-a-comprendre-reconnaitre-et-valoriser\/\" \/>\n<meta property=\"og:locale\" content=\"fr_FR\" \/>\n<meta property=\"og:type\" content=\"article\" \/>\n<meta property=\"og:title\" content=\"Orthop\u00e9dagogue : un m\u00e9tier \u00e0 comprendre, reconna\u00eetre et valoriser ~ Audrey Delaforge, Orthop\u00e9dagogue\" \/>\n<meta property=\"og:description\" content=\"Encore m\u00e9connu, parfois mal compris, le m\u00e9tier d\u2019orthop\u00e9dagogue m\u00e9rite d\u2019\u00eatre clarifi\u00e9.Dans cet article, je t\u2019explique en quoi il consiste, ce qu\u2019il n\u2019est pas, et pourquoi il est essentiel au parcours d\u2019apprentissage de nombreux \u00e9l\u00e8ves. \u201cOrtho\u2026 quoi ?\u201d Un mot qui interroge Le mot intrigue, parfois d\u00e9range. \u201cOrtho\u2026 p\u00e9dagogue ?\u201dSouvent confondu avec l\u2019orthophonie ou assimil\u00e9 \u00e0&hellip;&nbsp;Lire la suite &raquo;Orthop\u00e9dagogue : un m\u00e9tier \u00e0 comprendre, reconna\u00eetre et valoriser\" \/>\n<meta property=\"og:url\" content=\"https:\/\/audreydelaforge.com\/index.php\/2025\/04\/16\/orthopedagogue-un-metier-a-comprendre-reconnaitre-et-valoriser\/\" \/>\n<meta property=\"og:site_name\" content=\"Audrey Delaforge, Orthop\u00e9dagogue\" \/>\n<meta property=\"article:publisher\" content=\"https:\/\/www.facebook.com\/audreycateldelaforge\" \/>\n<meta property=\"article:published_time\" content=\"2025-04-16T10:05:01+00:00\" \/>\n<meta property=\"article:modified_time\" content=\"2025-04-16T10:05:03+00:00\" \/>\n<meta property=\"og:image\" content=\"https:\/\/audreydelaforge.com\/wp-content\/uploads\/2025\/04\/DALL\u00b7E-2025-04-16-12.03.40-An-illustration-showing-an-orthopedagogue-collaborating-with-other-professionals-\u2014-a-teacher-a-speech-therapist-and-a-psychologist-\u2014-around-a-large-.webp\" \/>\n\t<meta property=\"og:image:width\" content=\"1024\" \/>\n\t<meta property=\"og:image:height\" content=\"1024\" \/>\n\t<meta property=\"og:image:type\" content=\"image\/webp\" \/>\n<meta name=\"author\" content=\"audrey.catel.delaforge@gmail.com\" \/>\n<meta name=\"twitter:card\" content=\"summary_large_image\" \/>\n<meta name=\"twitter:label1\" content=\"\u00c9crit par\" \/>\n\t<meta name=\"twitter:data1\" content=\"audrey.catel.delaforge@gmail.com\" \/>\n\t<meta name=\"twitter:label2\" content=\"Dur\u00e9e de lecture estim\u00e9e\" \/>\n\t<meta name=\"twitter:data2\" content=\"3 minutes\" \/>\n<script type=\"application\/ld+json\" class=\"yoast-schema-graph\">{\"@context\":\"https:\\\/\\\/schema.org\",\"@graph\":[{\"@type\":\"Article\",\"@id\":\"https:\\\/\\\/audreydelaforge.com\\\/index.php\\\/2025\\\/04\\\/16\\\/orthopedagogue-un-metier-a-comprendre-reconnaitre-et-valoriser\\\/#article\",\"isPartOf\":{\"@id\":\"https:\\\/\\\/audreydelaforge.com\\\/index.php\\\/2025\\\/04\\\/16\\\/orthopedagogue-un-metier-a-comprendre-reconnaitre-et-valoriser\\\/\"},\"author\":{\"name\":\"audrey.catel.delaforge@gmail.com\",\"@id\":\"https:\\\/\\\/audreydelaforge.com\\\/#\\\/schema\\\/person\\\/b44bccc3f328e9802afbab74bb74495d\"},\"headline\":\"Orthop\u00e9dagogue : un m\u00e9tier \u00e0 comprendre, reconna\u00eetre et valoriser\",\"datePublished\":\"2025-04-16T10:05:01+00:00\",\"dateModified\":\"2025-04-16T10:05:03+00:00\",\"mainEntityOfPage\":{\"@id\":\"https:\\\/\\\/audreydelaforge.com\\\/index.php\\\/2025\\\/04\\\/16\\\/orthopedagogue-un-metier-a-comprendre-reconnaitre-et-valoriser\\\/\"},\"wordCount\":665,\"publisher\":{\"@id\":\"https:\\\/\\\/audreydelaforge.com\\\/#organization\"},\"image\":{\"@id\":\"https:\\\/\\\/audreydelaforge.com\\\/index.php\\\/2025\\\/04\\\/16\\\/orthopedagogue-un-metier-a-comprendre-reconnaitre-et-valoriser\\\/#primaryimage\"},\"thumbnailUrl\":\"https:\\\/\\\/audreydelaforge.com\\\/wp-content\\\/uploads\\\/2025\\\/04\\\/DALL\u00b7E-2025-04-16-12.03.40-An-illustration-showing-an-orthopedagogue-collaborating-with-other-professionals-\u2014-a-teacher-a-speech-therapist-and-a-psychologist-\u2014-around-a-large-.webp\",\"articleSection\":[\"Orthop\u00e9dagogie\"],\"inLanguage\":\"fr-FR\"},{\"@type\":\"WebPage\",\"@id\":\"https:\\\/\\\/audreydelaforge.com\\\/index.php\\\/2025\\\/04\\\/16\\\/orthopedagogue-un-metier-a-comprendre-reconnaitre-et-valoriser\\\/\",\"url\":\"https:\\\/\\\/audreydelaforge.com\\\/index.php\\\/2025\\\/04\\\/16\\\/orthopedagogue-un-metier-a-comprendre-reconnaitre-et-valoriser\\\/\",\"name\":\"Orthop\u00e9dagogue : un m\u00e9tier \u00e0 comprendre, reconna\u00eetre et valoriser ~ Audrey Delaforge, Orthop\u00e9dagogue\",\"isPartOf\":{\"@id\":\"https:\\\/\\\/audreydelaforge.com\\\/#website\"},\"primaryImageOfPage\":{\"@id\":\"https:\\\/\\\/audreydelaforge.com\\\/index.php\\\/2025\\\/04\\\/16\\\/orthopedagogue-un-metier-a-comprendre-reconnaitre-et-valoriser\\\/#primaryimage\"},\"image\":{\"@id\":\"https:\\\/\\\/audreydelaforge.com\\\/index.php\\\/2025\\\/04\\\/16\\\/orthopedagogue-un-metier-a-comprendre-reconnaitre-et-valoriser\\\/#primaryimage\"},\"thumbnailUrl\":\"https:\\\/\\\/audreydelaforge.com\\\/wp-content\\\/uploads\\\/2025\\\/04\\\/DALL\u00b7E-2025-04-16-12.03.40-An-illustration-showing-an-orthopedagogue-collaborating-with-other-professionals-\u2014-a-teacher-a-speech-therapist-and-a-psychologist-\u2014-around-a-large-.webp\",\"datePublished\":\"2025-04-16T10:05:01+00:00\",\"dateModified\":\"2025-04-16T10:05:03+00:00\",\"breadcrumb\":{\"@id\":\"https:\\\/\\\/audreydelaforge.com\\\/index.php\\\/2025\\\/04\\\/16\\\/orthopedagogue-un-metier-a-comprendre-reconnaitre-et-valoriser\\\/#breadcrumb\"},\"inLanguage\":\"fr-FR\",\"potentialAction\":[{\"@type\":\"ReadAction\",\"target\":[\"https:\\\/\\\/audreydelaforge.com\\\/index.php\\\/2025\\\/04\\\/16\\\/orthopedagogue-un-metier-a-comprendre-reconnaitre-et-valoriser\\\/\"]}]},{\"@type\":\"ImageObject\",\"inLanguage\":\"fr-FR\",\"@id\":\"https:\\\/\\\/audreydelaforge.com\\\/index.php\\\/2025\\\/04\\\/16\\\/orthopedagogue-un-metier-a-comprendre-reconnaitre-et-valoriser\\\/#primaryimage\",\"url\":\"https:\\\/\\\/audreydelaforge.com\\\/wp-content\\\/uploads\\\/2025\\\/04\\\/DALL\u00b7E-2025-04-16-12.03.40-An-illustration-showing-an-orthopedagogue-collaborating-with-other-professionals-\u2014-a-teacher-a-speech-therapist-and-a-psychologist-\u2014-around-a-large-.webp\",\"contentUrl\":\"https:\\\/\\\/audreydelaforge.com\\\/wp-content\\\/uploads\\\/2025\\\/04\\\/DALL\u00b7E-2025-04-16-12.03.40-An-illustration-showing-an-orthopedagogue-collaborating-with-other-professionals-\u2014-a-teacher-a-speech-therapist-and-a-psychologist-\u2014-around-a-large-.webp\",\"width\":1024,\"height\":1024},{\"@type\":\"BreadcrumbList\",\"@id\":\"https:\\\/\\\/audreydelaforge.com\\\/index.php\\\/2025\\\/04\\\/16\\\/orthopedagogue-un-metier-a-comprendre-reconnaitre-et-valoriser\\\/#breadcrumb\",\"itemListElement\":[{\"@type\":\"ListItem\",\"position\":1,\"name\":\"Accueil\",\"item\":\"https:\\\/\\\/audreydelaforge.com\\\/\"},{\"@type\":\"ListItem\",\"position\":2,\"name\":\"Orthop\u00e9dagogue : un m\u00e9tier \u00e0 comprendre, reconna\u00eetre et valoriser\"}]},{\"@type\":\"WebSite\",\"@id\":\"https:\\\/\\\/audreydelaforge.com\\\/#website\",\"url\":\"https:\\\/\\\/audreydelaforge.com\\\/\",\"name\":\"Audrey Delaforge, Orthop\u00e9dagogue\",\"description\":\"L&#039;apprenant au centre du savoir\",\"publisher\":{\"@id\":\"https:\\\/\\\/audreydelaforge.com\\\/#organization\"},\"potentialAction\":[{\"@type\":\"SearchAction\",\"target\":{\"@type\":\"EntryPoint\",\"urlTemplate\":\"https:\\\/\\\/audreydelaforge.com\\\/?s={search_term_string}\"},\"query-input\":{\"@type\":\"PropertyValueSpecification\",\"valueRequired\":true,\"valueName\":\"search_term_string\"}}],\"inLanguage\":\"fr-FR\"},{\"@type\":\"Organization\",\"@id\":\"https:\\\/\\\/audreydelaforge.com\\\/#organization\",\"name\":\"Audrey Delaforge, Orthop\u00e9dagogue\",\"url\":\"https:\\\/\\\/audreydelaforge.com\\\/\",\"logo\":{\"@type\":\"ImageObject\",\"inLanguage\":\"fr-FR\",\"@id\":\"https:\\\/\\\/audreydelaforge.com\\\/#\\\/schema\\\/logo\\\/image\\\/\",\"url\":\"https:\\\/\\\/audreydelaforge.com\\\/wp-content\\\/uploads\\\/2022\\\/06\\\/Logo-orange-noir-avec-Audrey-1.png\",\"contentUrl\":\"https:\\\/\\\/audreydelaforge.com\\\/wp-content\\\/uploads\\\/2022\\\/06\\\/Logo-orange-noir-avec-Audrey-1.png\",\"width\":500,\"height\":500,\"caption\":\"Audrey Delaforge, Orthop\u00e9dagogue\"},\"image\":{\"@id\":\"https:\\\/\\\/audreydelaforge.com\\\/#\\\/schema\\\/logo\\\/image\\\/\"},\"sameAs\":[\"https:\\\/\\\/www.facebook.com\\\/audreycateldelaforge\",\"https:\\\/\\\/www.linkedin.com\\\/in\\\/audrey-catel-delaforge\",\"https:\\\/\\\/www.instagram.com\\\/audrey_delaforge\\\/\"]},{\"@type\":\"Person\",\"@id\":\"https:\\\/\\\/audreydelaforge.com\\\/#\\\/schema\\\/person\\\/b44bccc3f328e9802afbab74bb74495d\",\"name\":\"audrey.catel.delaforge@gmail.com\",\"image\":{\"@type\":\"ImageObject\",\"inLanguage\":\"fr-FR\",\"@id\":\"https:\\\/\\\/secure.gravatar.com\\\/avatar\\\/6d2d46023ee8ab957213dcdb0ea8dc964f367c205b281a7f789f0eb314dfafbf?s=96&d=mm&r=g\",\"url\":\"https:\\\/\\\/secure.gravatar.com\\\/avatar\\\/6d2d46023ee8ab957213dcdb0ea8dc964f367c205b281a7f789f0eb314dfafbf?s=96&d=mm&r=g\",\"contentUrl\":\"https:\\\/\\\/secure.gravatar.com\\\/avatar\\\/6d2d46023ee8ab957213dcdb0ea8dc964f367c205b281a7f789f0eb314dfafbf?s=96&d=mm&r=g\",\"caption\":\"audrey.catel.delaforge@gmail.com\"},\"sameAs\":[\"http:\\\/\\\/audreydelaforge.com\"],\"url\":\"https:\\\/\\\/audreydelaforge.com\\\/index.php\\\/author\\\/audrey-catel-delaforgegmail-com\\\/\"}]}<\/script>\n<!-- \/ Yoast SEO plugin. -->","yoast_head_json":{"title":"Orthop\u00e9dagogue : un m\u00e9tier \u00e0 comprendre, reconna\u00eetre et valoriser ~ Audrey Delaforge, Orthop\u00e9dagogue","robots":{"index":"index","follow":"follow","max-snippet":"max-snippet:-1","max-image-preview":"max-image-preview:large","max-video-preview":"max-video-preview:-1"},"canonical":"https:\/\/audreydelaforge.com\/index.php\/2025\/04\/16\/orthopedagogue-un-metier-a-comprendre-reconnaitre-et-valoriser\/","og_locale":"fr_FR","og_type":"article","og_title":"Orthop\u00e9dagogue : un m\u00e9tier \u00e0 comprendre, reconna\u00eetre et valoriser ~ Audrey Delaforge, Orthop\u00e9dagogue","og_description":"Encore m\u00e9connu, parfois mal compris, le m\u00e9tier d\u2019orthop\u00e9dagogue m\u00e9rite d\u2019\u00eatre clarifi\u00e9.Dans cet article, je t\u2019explique en quoi il consiste, ce qu\u2019il n\u2019est pas, et pourquoi il est essentiel au parcours d\u2019apprentissage de nombreux \u00e9l\u00e8ves. \u201cOrtho\u2026 quoi ?\u201d Un mot qui interroge Le mot intrigue, parfois d\u00e9range. \u201cOrtho\u2026 p\u00e9dagogue ?\u201dSouvent confondu avec l\u2019orthophonie ou assimil\u00e9 \u00e0&hellip;&nbsp;Lire la suite &raquo;Orthop\u00e9dagogue : un m\u00e9tier \u00e0 comprendre, reconna\u00eetre et valoriser","og_url":"https:\/\/audreydelaforge.com\/index.php\/2025\/04\/16\/orthopedagogue-un-metier-a-comprendre-reconnaitre-et-valoriser\/","og_site_name":"Audrey Delaforge, Orthop\u00e9dagogue","article_publisher":"https:\/\/www.facebook.com\/audreycateldelaforge","article_published_time":"2025-04-16T10:05:01+00:00","article_modified_time":"2025-04-16T10:05:03+00:00","og_image":[{"width":1024,"height":1024,"url":"https:\/\/audreydelaforge.com\/wp-content\/uploads\/2025\/04\/DALL\u00b7E-2025-04-16-12.03.40-An-illustration-showing-an-orthopedagogue-collaborating-with-other-professionals-\u2014-a-teacher-a-speech-therapist-and-a-psychologist-\u2014-around-a-large-.webp","type":"image\/webp"}],"author":"audrey.catel.delaforge@gmail.com","twitter_card":"summary_large_image","twitter_misc":{"\u00c9crit par":"audrey.catel.delaforge@gmail.com","Dur\u00e9e de lecture estim\u00e9e":"3 minutes"},"schema":{"@context":"https:\/\/schema.org","@graph":[{"@type":"Article","@id":"https:\/\/audreydelaforge.com\/index.php\/2025\/04\/16\/orthopedagogue-un-metier-a-comprendre-reconnaitre-et-valoriser\/#article","isPartOf":{"@id":"https:\/\/audreydelaforge.com\/index.php\/2025\/04\/16\/orthopedagogue-un-metier-a-comprendre-reconnaitre-et-valoriser\/"},"author":{"name":"audrey.catel.delaforge@gmail.com","@id":"https:\/\/audreydelaforge.com\/#\/schema\/person\/b44bccc3f328e9802afbab74bb74495d"},"headline":"Orthop\u00e9dagogue : un m\u00e9tier \u00e0 comprendre, reconna\u00eetre et valoriser","datePublished":"2025-04-16T10:05:01+00:00","dateModified":"2025-04-16T10:05:03+00:00","mainEntityOfPage":{"@id":"https:\/\/audreydelaforge.com\/index.php\/2025\/04\/16\/orthopedagogue-un-metier-a-comprendre-reconnaitre-et-valoriser\/"},"wordCount":665,"publisher":{"@id":"https:\/\/audreydelaforge.com\/#organization"},"image":{"@id":"https:\/\/audreydelaforge.com\/index.php\/2025\/04\/16\/orthopedagogue-un-metier-a-comprendre-reconnaitre-et-valoriser\/#primaryimage"},"thumbnailUrl":"https:\/\/audreydelaforge.com\/wp-content\/uploads\/2025\/04\/DALL\u00b7E-2025-04-16-12.03.40-An-illustration-showing-an-orthopedagogue-collaborating-with-other-professionals-\u2014-a-teacher-a-speech-therapist-and-a-psychologist-\u2014-around-a-large-.webp","articleSection":["Orthop\u00e9dagogie"],"inLanguage":"fr-FR"},{"@type":"WebPage","@id":"https:\/\/audreydelaforge.com\/index.php\/2025\/04\/16\/orthopedagogue-un-metier-a-comprendre-reconnaitre-et-valoriser\/","url":"https:\/\/audreydelaforge.com\/index.php\/2025\/04\/16\/orthopedagogue-un-metier-a-comprendre-reconnaitre-et-valoriser\/","name":"Orthop\u00e9dagogue : un m\u00e9tier \u00e0 comprendre, reconna\u00eetre et valoriser ~ Audrey Delaforge, Orthop\u00e9dagogue","isPartOf":{"@id":"https:\/\/audreydelaforge.com\/#website"},"primaryImageOfPage":{"@id":"https:\/\/audreydelaforge.com\/index.php\/2025\/04\/16\/orthopedagogue-un-metier-a-comprendre-reconnaitre-et-valoriser\/#primaryimage"},"image":{"@id":"https:\/\/audreydelaforge.com\/index.php\/2025\/04\/16\/orthopedagogue-un-metier-a-comprendre-reconnaitre-et-valoriser\/#primaryimage"},"thumbnailUrl":"https:\/\/audreydelaforge.com\/wp-content\/uploads\/2025\/04\/DALL\u00b7E-2025-04-16-12.03.40-An-illustration-showing-an-orthopedagogue-collaborating-with-other-professionals-\u2014-a-teacher-a-speech-therapist-and-a-psychologist-\u2014-around-a-large-.webp","datePublished":"2025-04-16T10:05:01+00:00","dateModified":"2025-04-16T10:05:03+00:00","breadcrumb":{"@id":"https:\/\/audreydelaforge.com\/index.php\/2025\/04\/16\/orthopedagogue-un-metier-a-comprendre-reconnaitre-et-valoriser\/#breadcrumb"},"inLanguage":"fr-FR","potentialAction":[{"@type":"ReadAction","target":["https:\/\/audreydelaforge.com\/index.php\/2025\/04\/16\/orthopedagogue-un-metier-a-comprendre-reconnaitre-et-valoriser\/"]}]},{"@type":"ImageObject","inLanguage":"fr-FR","@id":"https:\/\/audreydelaforge.com\/index.php\/2025\/04\/16\/orthopedagogue-un-metier-a-comprendre-reconnaitre-et-valoriser\/#primaryimage","url":"https:\/\/audreydelaforge.com\/wp-content\/uploads\/2025\/04\/DALL\u00b7E-2025-04-16-12.03.40-An-illustration-showing-an-orthopedagogue-collaborating-with-other-professionals-\u2014-a-teacher-a-speech-therapist-and-a-psychologist-\u2014-around-a-large-.webp","contentUrl":"https:\/\/audreydelaforge.com\/wp-content\/uploads\/2025\/04\/DALL\u00b7E-2025-04-16-12.03.40-An-illustration-showing-an-orthopedagogue-collaborating-with-other-professionals-\u2014-a-teacher-a-speech-therapist-and-a-psychologist-\u2014-around-a-large-.webp","width":1024,"height":1024},{"@type":"BreadcrumbList","@id":"https:\/\/audreydelaforge.com\/index.php\/2025\/04\/16\/orthopedagogue-un-metier-a-comprendre-reconnaitre-et-valoriser\/#breadcrumb","itemListElement":[{"@type":"ListItem","position":1,"name":"Accueil","item":"https:\/\/audreydelaforge.com\/"},{"@type":"ListItem","position":2,"name":"Orthop\u00e9dagogue : un m\u00e9tier \u00e0 comprendre, reconna\u00eetre et valoriser"}]},{"@type":"WebSite","@id":"https:\/\/audreydelaforge.com\/#website","url":"https:\/\/audreydelaforge.com\/","name":"Audrey Delaforge, Orthop\u00e9dagogue","description":"L&#039;apprenant au centre du savoir","publisher":{"@id":"https:\/\/audreydelaforge.com\/#organization"},"potentialAction":[{"@type":"SearchAction","target":{"@type":"EntryPoint","urlTemplate":"https:\/\/audreydelaforge.com\/?s={search_term_string}"},"query-input":{"@type":"PropertyValueSpecification","valueRequired":true,"valueName":"search_term_string"}}],"inLanguage":"fr-FR"},{"@type":"Organization","@id":"https:\/\/audreydelaforge.com\/#organization","name":"Audrey Delaforge, Orthop\u00e9dagogue","url":"https:\/\/audreydelaforge.com\/","logo":{"@type":"ImageObject","inLanguage":"fr-FR","@id":"https:\/\/audreydelaforge.com\/#\/schema\/logo\/image\/","url":"https:\/\/audreydelaforge.com\/wp-content\/uploads\/2022\/06\/Logo-orange-noir-avec-Audrey-1.png","contentUrl":"https:\/\/audreydelaforge.com\/wp-content\/uploads\/2022\/06\/Logo-orange-noir-avec-Audrey-1.png","width":500,"height":500,"caption":"Audrey Delaforge, Orthop\u00e9dagogue"},"image":{"@id":"https:\/\/audreydelaforge.com\/#\/schema\/logo\/image\/"},"sameAs":["https:\/\/www.facebook.com\/audreycateldelaforge","https:\/\/www.linkedin.com\/in\/audrey-catel-delaforge","https:\/\/www.instagram.com\/audrey_delaforge\/"]},{"@type":"Person","@id":"https:\/\/audreydelaforge.com\/#\/schema\/person\/b44bccc3f328e9802afbab74bb74495d","name":"audrey.catel.delaforge@gmail.com","image":{"@type":"ImageObject","inLanguage":"fr-FR","@id":"https:\/\/secure.gravatar.com\/avatar\/6d2d46023ee8ab957213dcdb0ea8dc964f367c205b281a7f789f0eb314dfafbf?s=96&d=mm&r=g","url":"https:\/\/secure.gravatar.com\/avatar\/6d2d46023ee8ab957213dcdb0ea8dc964f367c205b281a7f789f0eb314dfafbf?s=96&d=mm&r=g","contentUrl":"https:\/\/secure.gravatar.com\/avatar\/6d2d46023ee8ab957213dcdb0ea8dc964f367c205b281a7f789f0eb314dfafbf?s=96&d=mm&r=g","caption":"audrey.catel.delaforge@gmail.com"},"sameAs":["http:\/\/audreydelaforge.com"],"url":"https:\/\/audreydelaforge.com\/index.php\/author\/audrey-catel-delaforgegmail-com\/"}]}},"_links":{"self":[{"href":"https:\/\/audreydelaforge.com\/index.php\/wp-json\/wp\/v2\/posts\/1353","targetHints":{"allow":["GET"]}}],"collection":[{"href":"https:\/\/audreydelaforge.com\/index.php\/wp-json\/wp\/v2\/posts"}],"about":[{"href":"https:\/\/audreydelaforge.com\/index.php\/wp-json\/wp\/v2\/types\/post"}],"author":[{"embeddable":true,"href":"https:\/\/audreydelaforge.com\/index.php\/wp-json\/wp\/v2\/users\/1"}],"replies":[{"embeddable":true,"href":"https:\/\/audreydelaforge.com\/index.php\/wp-json\/wp\/v2\/comments?post=1353"}],"version-history":[{"count":0,"href":"https:\/\/audreydelaforge.com\/index.php\/wp-json\/wp\/v2\/posts\/1353\/revisions"}],"wp:featuredmedia":[{"embeddable":true,"href":"https:\/\/audreydelaforge.com\/index.php\/wp-json\/wp\/v2\/media\/1355"}],"wp:attachment":[{"href":"https:\/\/audreydelaforge.com\/index.php\/wp-json\/wp\/v2\/media?parent=1353"}],"wp:term":[{"taxonomy":"category","embeddable":true,"href":"https:\/\/audreydelaforge.com\/index.php\/wp-json\/wp\/v2\/categories?post=1353"},{"taxonomy":"post_tag","embeddable":true,"href":"https:\/\/audreydelaforge.com\/index.php\/wp-json\/wp\/v2\/tags?post=1353"}],"curies":[{"name":"wp","href":"https:\/\/api.w.org\/{rel}","templated":true}]}}