{"id":1364,"date":"2025-05-03T08:24:03","date_gmt":"2025-05-03T08:24:03","guid":{"rendered":"https:\/\/audreydelaforge.com\/?p=1364"},"modified":"2025-05-03T08:36:59","modified_gmt":"2025-05-03T08:36:59","slug":"deconstruire-un-mythe-intelligence-reussite-scolaire","status":"publish","type":"post","link":"https:\/\/audreydelaforge.com\/index.php\/2025\/05\/03\/deconstruire-un-mythe-intelligence-reussite-scolaire\/","title":{"rendered":"D\u00e9construire un mythe : intelligence = r\u00e9ussite scolaire ?"},"content":{"rendered":"<div class=\"wp-block-image\">\n<figure class=\"aligncenter size-large\"><img loading=\"lazy\" decoding=\"async\" width=\"683\" height=\"1024\" src=\"https:\/\/audreydelaforge.com\/wp-content\/uploads\/2025\/05\/3-mai-2025-09_40_46-3-683x1024.png\" alt=\"\" class=\"wp-image-1368\" srcset=\"https:\/\/audreydelaforge.com\/wp-content\/uploads\/2025\/05\/3-mai-2025-09_40_46-3-683x1024.png 683w, https:\/\/audreydelaforge.com\/wp-content\/uploads\/2025\/05\/3-mai-2025-09_40_46-3-200x300.png 200w, https:\/\/audreydelaforge.com\/wp-content\/uploads\/2025\/05\/3-mai-2025-09_40_46-3-768x1152.png 768w, https:\/\/audreydelaforge.com\/wp-content\/uploads\/2025\/05\/3-mai-2025-09_40_46-3-600x900.png 600w, https:\/\/audreydelaforge.com\/wp-content\/uploads\/2025\/05\/3-mai-2025-09_40_46-3.png 1024w\" sizes=\"auto, (max-width: 683px) 100vw, 683px\" \/><\/figure>\n<\/div>\n\n\n<p>Dans l\u2019imaginaire collectif, l\u2019intelligence est souvent associ\u00e9e \u00e0 la performance. Si un enfant est intelligent, alors il <em>devrait<\/em> r\u00e9ussir. Cette id\u00e9e, profond\u00e9ment ancr\u00e9e, cr\u00e9e parfois des attentes irr\u00e9alistes, voire culpabilisantes.<\/p>\n\n\n\n<p>Mais l\u2019intelligence ne se r\u00e9sume pas \u00e0 une facilit\u00e9 scolaire. Elle est multiple, vivante, contextuelle. Un enfant peut avoir une pens\u00e9e brillante, une grande sensibilit\u00e9, une cr\u00e9ativit\u00e9 foisonnante\u2026 et pourtant se retrouver en \u00e9chec dans un syst\u00e8me \u00e9ducatif qui valorise d\u2019abord la conformit\u00e9 et la rapidit\u00e9.<\/p>\n\n\n\n<p>\ud83d\udc49 <strong>Intelligence et r\u00e9ussite ne sont pas toujours synchronis\u00e9es.<\/strong> Et ce d\u00e9calage n\u2019est ni un \u00e9chec de l\u2019enfant, ni un manque d\u2019efforts, ni une fatalit\u00e9.<\/p>\n\n\n\n<hr class=\"wp-block-separator has-alpha-channel-opacity\"\/>\n\n\n\n<h2 class=\"wp-block-heading\">Quand le potentiel ne se traduit pas (encore) en r\u00e9ussite : pourquoi ?<\/h2>\n\n\n\n<p>Il existe de nombreuses raisons pour lesquelles un enfant intelligent peut rencontrer des obstacles dans son parcours scolaire. En voici quelques-unes, parmi les plus fr\u00e9quentes :<\/p>\n\n\n\n<h3 class=\"wp-block-heading\">\ud83c\udf31 <strong>Une neurodiversit\u00e9 non identifi\u00e9e ou mal comprise<\/strong><\/h3>\n\n\n\n<p>Trouble de l\u2019attention avec ou sans hyperactivit\u00e9 (TDAH), dyslexie, dyscalculie, haut potentiel, TSA l\u00e9ger\u2026 Ces particularit\u00e9s neurod\u00e9veloppementales peuvent rendre les apprentissages plus complexes sans que l\u2019intelligence de l\u2019enfant soit en cause.<\/p>\n\n\n\n<p>\ud83d\udc49 Un enfant peut avoir une pens\u00e9e fulgurante mais peiner \u00e0 restituer ses id\u00e9es \u00e0 l\u2019\u00e9crit. Il peut comprendre un concept abstrait mais se noyer dans les consignes multiples.<\/p>\n\n\n\n<h3 class=\"wp-block-heading\">\ud83c\udf2b <strong>Une surcharge cognitive ou \u00e9motionnelle<\/strong><\/h3>\n\n\n\n<p>Anxi\u00e9t\u00e9 de performance, fatigue mentale, difficult\u00e9s \u00e0 organiser ses id\u00e9es\u2026 La charge mentale des enfants est parfois sous-estim\u00e9e. Une t\u00e2che trop complexe, un environnement bruyant, des consignes floues peuvent saturer leur espace mental et freiner l\u2019acc\u00e8s \u00e0 leurs ressources.<\/p>\n\n\n\n<h3 class=\"wp-block-heading\">\ud83e\udde9 <strong>Des m\u00e9thodes d\u2019apprentissage inadapt\u00e9es<\/strong><\/h3>\n\n\n\n<p>Certains enfants ont besoin de manipuler, d\u2019exp\u00e9rimenter, de visualiser pour comprendre. D\u2019autres apprennent mieux en mouvement ou par l\u2019\u00e9coute. Si les approches p\u00e9dagogiques ne correspondent pas \u00e0 leur mode de fonctionnement, leur potentiel reste en sommeil.<\/p>\n\n\n\n<h3 class=\"wp-block-heading\">\ud83d\udc94 <strong>Un manque de confiance en soi ou un v\u00e9cu d\u2019\u00e9chec<\/strong><\/h3>\n\n\n\n<p>\u00c0 force d\u2019entendre \u00ab tu peux mieux faire \u00bb, l\u2019enfant finit par douter de lui. Il se sent incompris, d\u00e9courag\u00e9. Ce mal-\u00eatre peut le pousser \u00e0 d\u00e9crocher, \u00e0 \u00e9viter les efforts pour ne pas \u00e9chouer (m\u00e9canisme d\u2019auto-protection fr\u00e9quent).<\/p>\n\n\n\n<hr class=\"wp-block-separator has-alpha-channel-opacity\"\/>\n\n\n\n<h2 class=\"wp-block-heading\">L\u2019orthop\u00e9dagogie : une boussole pour r\u00e9v\u00e9ler les forces cach\u00e9es<\/h2>\n\n\n\n<p>Face \u00e0 ces d\u00e9calages, un accompagnement orthop\u00e9dagogique peut faire toute la diff\u00e9rence. Il ne s\u2019agit pas de \u00ab r\u00e9parer \u00bb un enfant qui ne rentre pas dans les cases, mais d\u2019<strong>accueillir son fonctionnement<\/strong>, de l\u2019<strong>aider \u00e0 se comprendre<\/strong>, et de <strong>co-construire des strat\u00e9gies d\u2019apprentissage personnalis\u00e9es<\/strong>.<\/p>\n\n\n\n<h3 class=\"wp-block-heading\">L\u2019orthop\u00e9dagogie, c\u2019est :<\/h3>\n\n\n\n<ul class=\"wp-block-list\">\n<li>Une approche centr\u00e9e sur les <strong>besoins r\u00e9els<\/strong> de l\u2019enfant<\/li>\n\n\n\n<li>Un regard <strong>bienveillant et d\u00e9culpabilisant<\/strong><\/li>\n\n\n\n<li>Des outils concrets pour <strong>mieux apprendre, mieux s\u2019organiser, mieux g\u00e9rer ses \u00e9motions<\/strong><\/li>\n\n\n\n<li>Un partenariat avec les parents et l\u2019\u00e9cole pour <strong>renforcer l\u2019estime de soi et la motivation<\/strong><\/li>\n<\/ul>\n\n\n\n<p>\ud83d\udc49 En s\u00e9ance, l\u2019enfant d\u00e9couvre qu\u2019il <em>n\u2019est pas<\/em> \u00ab paresseux \u00bb ou \u00ab incapable \u00bb, mais qu\u2019il a <strong>besoin de cl\u00e9s adapt\u00e9es<\/strong> pour ouvrir ses portes d\u2019apprentissage. Et ce changement de regard, c\u2019est souvent le point de d\u00e9part d\u2019un vrai tournant.<\/p>\n\n\n\n<hr class=\"wp-block-separator has-alpha-channel-opacity\"\/>\n\n\n\n<h2 class=\"wp-block-heading\">Vers une vision plus inclusive de la r\u00e9ussite<\/h2>\n\n\n\n<p>Et si on cessait d\u2019opposer intelligence et r\u00e9ussite scolaire ?<br>Et si on \u00e9largissait notre d\u00e9finition de la r\u00e9ussite pour y inclure la curiosit\u00e9, la pers\u00e9v\u00e9rance, la cr\u00e9ativit\u00e9, l\u2019entraide, la capacit\u00e9 \u00e0 se relever ?<\/p>\n\n\n\n<p>\ud83d\udca1 L\u2019important n\u2019est pas que l\u2019enfant entre dans une norme de performance, mais qu\u2019il <strong>se sente en s\u00e9curit\u00e9 pour apprendre<\/strong>, qu\u2019il <strong>ose d\u00e9ployer ses ailes<\/strong> \u00e0 sa mani\u00e8re.<\/p>\n\n\n\n<hr class=\"wp-block-separator has-alpha-channel-opacity\"\/>\n\n\n\n<h2 class=\"wp-block-heading\">En conclusion : changer de regard, c\u2019est d\u00e9j\u00e0 aider<\/h2>\n\n\n\n\n\n<p>Quand un enfant intelligent ne r\u00e9ussit pas (encore), ce n\u2019est pas un \u00e9chec. C\u2019est un <strong>appel \u00e0 comprendre autrement<\/strong>, \u00e0 accompagner avec plus de douceur, plus d\u2019outils, plus d\u2019\u00e9coute.<\/p>\n\n\n\n<p>Tu n\u2019es pas seul\u00b7e face \u00e0 ces questions. En tant que parent, enseignant\u00b7e, accompagnant\u00b7e, tu as le pouvoir de poser un regard neuf. Et parfois, ce regard change tout.<\/p>\n\n\n\n<blockquote class=\"wp-block-quote is-layout-flow wp-block-quote-is-layout-flow\">\n<p>\ud83c\udf3f <em>Un pas de c\u00f4t\u00e9, une oreille attentive, un accompagnement ajust\u00e9\u2026 et le potentiel peut enfin s\u2019\u00e9panouir.<\/em><\/p>\n\n\n\n<p><\/p>\n<\/blockquote>\n\n\n\n<p>\ud83d\udcac <strong>Tu veux en savoir plus sur l\u2019orthop\u00e9dagogie et ses bienfaits ?<\/strong> Je t\u2019invite \u00e0 d\u00e9couvrir mon guide gratuit ou \u00e0 me contacter pour \u00e9changer. Ensemble, r\u00e9v\u00e9lons les talents cach\u00e9s.<\/p>\n","protected":false},"excerpt":{"rendered":"<p>Dans l\u2019imaginaire collectif, l\u2019intelligence est souvent associ\u00e9e \u00e0 la performance. Si un enfant est intelligent, alors il devrait r\u00e9ussir. Cette id\u00e9e, profond\u00e9ment ancr\u00e9e, cr\u00e9e parfois des attentes irr\u00e9alistes, voire culpabilisantes. Mais l\u2019intelligence ne se r\u00e9sume pas \u00e0 une facilit\u00e9 scolaire. Elle est multiple, vivante, contextuelle. Un enfant peut avoir une pens\u00e9e brillante, une grande sensibilit\u00e9,&hellip;&nbsp;<a href=\"https:\/\/audreydelaforge.com\/index.php\/2025\/05\/03\/deconstruire-un-mythe-intelligence-reussite-scolaire\/\" rel=\"bookmark\">Lire la suite &raquo;<span class=\"screen-reader-text\">D\u00e9construire un mythe : intelligence = r\u00e9ussite scolaire ?<\/span><\/a><\/p>\n","protected":false},"author":1,"featured_media":1369,"comment_status":"closed","ping_status":"open","sticky":false,"template":"","format":"standard","meta":{"om_disable_all_campaigns":false,"neve_meta_sidebar":"","neve_meta_container":"","neve_meta_enable_content_width":"","neve_meta_content_width":0,"neve_meta_title_alignment":"","neve_meta_author_avatar":"","neve_post_elements_order":"","neve_meta_disable_header":"","neve_meta_disable_footer":"","neve_meta_disable_title":"","footnotes":""},"categories":[19],"tags":[],"class_list":["post-1364","post","type-post","status-publish","format-standard","has-post-thumbnail","hentry","category-orthopedagogie"],"yoast_head":"<!-- This site is optimized with the Yoast SEO plugin v27.5 - https:\/\/yoast.com\/product\/yoast-seo-wordpress\/ -->\n<title>D\u00e9construire un mythe : intelligence = r\u00e9ussite scolaire ? ~ Audrey Delaforge, Orthop\u00e9dagogue<\/title>\n<meta name=\"robots\" content=\"index, follow, max-snippet:-1, max-image-preview:large, max-video-preview:-1\" \/>\n<link rel=\"canonical\" href=\"https:\/\/audreydelaforge.com\/index.php\/2025\/05\/03\/deconstruire-un-mythe-intelligence-reussite-scolaire\/\" \/>\n<meta property=\"og:locale\" content=\"fr_FR\" \/>\n<meta property=\"og:type\" content=\"article\" \/>\n<meta property=\"og:title\" content=\"D\u00e9construire un mythe : intelligence = r\u00e9ussite scolaire ? ~ Audrey Delaforge, Orthop\u00e9dagogue\" \/>\n<meta property=\"og:description\" content=\"Dans l\u2019imaginaire collectif, l\u2019intelligence est souvent associ\u00e9e \u00e0 la performance. Si un enfant est intelligent, alors il devrait r\u00e9ussir. Cette id\u00e9e, profond\u00e9ment ancr\u00e9e, cr\u00e9e parfois des attentes irr\u00e9alistes, voire culpabilisantes. Mais l\u2019intelligence ne se r\u00e9sume pas \u00e0 une facilit\u00e9 scolaire. Elle est multiple, vivante, contextuelle. Un enfant peut avoir une pens\u00e9e brillante, une grande sensibilit\u00e9,&hellip;&nbsp;Lire la suite &raquo;D\u00e9construire un mythe : intelligence = r\u00e9ussite scolaire ?\" \/>\n<meta property=\"og:url\" content=\"https:\/\/audreydelaforge.com\/index.php\/2025\/05\/03\/deconstruire-un-mythe-intelligence-reussite-scolaire\/\" \/>\n<meta property=\"og:site_name\" content=\"Audrey Delaforge, Orthop\u00e9dagogue\" \/>\n<meta property=\"article:publisher\" content=\"https:\/\/www.facebook.com\/audreycateldelaforge\" \/>\n<meta property=\"article:published_time\" content=\"2025-05-03T08:24:03+00:00\" \/>\n<meta property=\"article:modified_time\" content=\"2025-05-03T08:36:59+00:00\" \/>\n<meta property=\"og:image\" content=\"https:\/\/audreydelaforge.com\/wp-content\/uploads\/2025\/05\/ChatGPT-Image-3-mai-2025-09_43_47.png\" \/>\n\t<meta property=\"og:image:width\" content=\"683\" \/>\n\t<meta property=\"og:image:height\" content=\"1024\" \/>\n\t<meta property=\"og:image:type\" content=\"image\/png\" \/>\n<meta name=\"author\" content=\"audrey.catel.delaforge@gmail.com\" \/>\n<meta name=\"twitter:card\" content=\"summary_large_image\" \/>\n<meta name=\"twitter:label1\" content=\"\u00c9crit par\" \/>\n\t<meta name=\"twitter:data1\" content=\"audrey.catel.delaforge@gmail.com\" \/>\n\t<meta name=\"twitter:label2\" content=\"Dur\u00e9e de lecture estim\u00e9e\" \/>\n\t<meta name=\"twitter:data2\" content=\"4 minutes\" \/>\n<script type=\"application\/ld+json\" class=\"yoast-schema-graph\">{\"@context\":\"https:\\\/\\\/schema.org\",\"@graph\":[{\"@type\":\"Article\",\"@id\":\"https:\\\/\\\/audreydelaforge.com\\\/index.php\\\/2025\\\/05\\\/03\\\/deconstruire-un-mythe-intelligence-reussite-scolaire\\\/#article\",\"isPartOf\":{\"@id\":\"https:\\\/\\\/audreydelaforge.com\\\/index.php\\\/2025\\\/05\\\/03\\\/deconstruire-un-mythe-intelligence-reussite-scolaire\\\/\"},\"author\":{\"name\":\"audrey.catel.delaforge@gmail.com\",\"@id\":\"https:\\\/\\\/audreydelaforge.com\\\/#\\\/schema\\\/person\\\/b44bccc3f328e9802afbab74bb74495d\"},\"headline\":\"D\u00e9construire un mythe : intelligence = r\u00e9ussite scolaire ?\",\"datePublished\":\"2025-05-03T08:24:03+00:00\",\"dateModified\":\"2025-05-03T08:36:59+00:00\",\"mainEntityOfPage\":{\"@id\":\"https:\\\/\\\/audreydelaforge.com\\\/index.php\\\/2025\\\/05\\\/03\\\/deconstruire-un-mythe-intelligence-reussite-scolaire\\\/\"},\"wordCount\":762,\"publisher\":{\"@id\":\"https:\\\/\\\/audreydelaforge.com\\\/#organization\"},\"image\":{\"@id\":\"https:\\\/\\\/audreydelaforge.com\\\/index.php\\\/2025\\\/05\\\/03\\\/deconstruire-un-mythe-intelligence-reussite-scolaire\\\/#primaryimage\"},\"thumbnailUrl\":\"https:\\\/\\\/audreydelaforge.com\\\/wp-content\\\/uploads\\\/2025\\\/05\\\/ChatGPT-Image-3-mai-2025-09_43_47.png\",\"articleSection\":[\"Orthop\u00e9dagogie\"],\"inLanguage\":\"fr-FR\"},{\"@type\":\"WebPage\",\"@id\":\"https:\\\/\\\/audreydelaforge.com\\\/index.php\\\/2025\\\/05\\\/03\\\/deconstruire-un-mythe-intelligence-reussite-scolaire\\\/\",\"url\":\"https:\\\/\\\/audreydelaforge.com\\\/index.php\\\/2025\\\/05\\\/03\\\/deconstruire-un-mythe-intelligence-reussite-scolaire\\\/\",\"name\":\"D\u00e9construire un mythe : intelligence = r\u00e9ussite scolaire ? ~ Audrey Delaforge, Orthop\u00e9dagogue\",\"isPartOf\":{\"@id\":\"https:\\\/\\\/audreydelaforge.com\\\/#website\"},\"primaryImageOfPage\":{\"@id\":\"https:\\\/\\\/audreydelaforge.com\\\/index.php\\\/2025\\\/05\\\/03\\\/deconstruire-un-mythe-intelligence-reussite-scolaire\\\/#primaryimage\"},\"image\":{\"@id\":\"https:\\\/\\\/audreydelaforge.com\\\/index.php\\\/2025\\\/05\\\/03\\\/deconstruire-un-mythe-intelligence-reussite-scolaire\\\/#primaryimage\"},\"thumbnailUrl\":\"https:\\\/\\\/audreydelaforge.com\\\/wp-content\\\/uploads\\\/2025\\\/05\\\/ChatGPT-Image-3-mai-2025-09_43_47.png\",\"datePublished\":\"2025-05-03T08:24:03+00:00\",\"dateModified\":\"2025-05-03T08:36:59+00:00\",\"breadcrumb\":{\"@id\":\"https:\\\/\\\/audreydelaforge.com\\\/index.php\\\/2025\\\/05\\\/03\\\/deconstruire-un-mythe-intelligence-reussite-scolaire\\\/#breadcrumb\"},\"inLanguage\":\"fr-FR\",\"potentialAction\":[{\"@type\":\"ReadAction\",\"target\":[\"https:\\\/\\\/audreydelaforge.com\\\/index.php\\\/2025\\\/05\\\/03\\\/deconstruire-un-mythe-intelligence-reussite-scolaire\\\/\"]}]},{\"@type\":\"ImageObject\",\"inLanguage\":\"fr-FR\",\"@id\":\"https:\\\/\\\/audreydelaforge.com\\\/index.php\\\/2025\\\/05\\\/03\\\/deconstruire-un-mythe-intelligence-reussite-scolaire\\\/#primaryimage\",\"url\":\"https:\\\/\\\/audreydelaforge.com\\\/wp-content\\\/uploads\\\/2025\\\/05\\\/ChatGPT-Image-3-mai-2025-09_43_47.png\",\"contentUrl\":\"https:\\\/\\\/audreydelaforge.com\\\/wp-content\\\/uploads\\\/2025\\\/05\\\/ChatGPT-Image-3-mai-2025-09_43_47.png\",\"width\":1024,\"height\":1536},{\"@type\":\"BreadcrumbList\",\"@id\":\"https:\\\/\\\/audreydelaforge.com\\\/index.php\\\/2025\\\/05\\\/03\\\/deconstruire-un-mythe-intelligence-reussite-scolaire\\\/#breadcrumb\",\"itemListElement\":[{\"@type\":\"ListItem\",\"position\":1,\"name\":\"Accueil\",\"item\":\"https:\\\/\\\/audreydelaforge.com\\\/\"},{\"@type\":\"ListItem\",\"position\":2,\"name\":\"D\u00e9construire un mythe : intelligence = r\u00e9ussite scolaire ?\"}]},{\"@type\":\"WebSite\",\"@id\":\"https:\\\/\\\/audreydelaforge.com\\\/#website\",\"url\":\"https:\\\/\\\/audreydelaforge.com\\\/\",\"name\":\"Audrey Delaforge, Orthop\u00e9dagogue\",\"description\":\"L&#039;apprenant au centre du savoir\",\"publisher\":{\"@id\":\"https:\\\/\\\/audreydelaforge.com\\\/#organization\"},\"potentialAction\":[{\"@type\":\"SearchAction\",\"target\":{\"@type\":\"EntryPoint\",\"urlTemplate\":\"https:\\\/\\\/audreydelaforge.com\\\/?s={search_term_string}\"},\"query-input\":{\"@type\":\"PropertyValueSpecification\",\"valueRequired\":true,\"valueName\":\"search_term_string\"}}],\"inLanguage\":\"fr-FR\"},{\"@type\":\"Organization\",\"@id\":\"https:\\\/\\\/audreydelaforge.com\\\/#organization\",\"name\":\"Audrey Delaforge, Orthop\u00e9dagogue\",\"url\":\"https:\\\/\\\/audreydelaforge.com\\\/\",\"logo\":{\"@type\":\"ImageObject\",\"inLanguage\":\"fr-FR\",\"@id\":\"https:\\\/\\\/audreydelaforge.com\\\/#\\\/schema\\\/logo\\\/image\\\/\",\"url\":\"https:\\\/\\\/audreydelaforge.com\\\/wp-content\\\/uploads\\\/2022\\\/06\\\/Logo-orange-noir-avec-Audrey-1.png\",\"contentUrl\":\"https:\\\/\\\/audreydelaforge.com\\\/wp-content\\\/uploads\\\/2022\\\/06\\\/Logo-orange-noir-avec-Audrey-1.png\",\"width\":500,\"height\":500,\"caption\":\"Audrey Delaforge, Orthop\u00e9dagogue\"},\"image\":{\"@id\":\"https:\\\/\\\/audreydelaforge.com\\\/#\\\/schema\\\/logo\\\/image\\\/\"},\"sameAs\":[\"https:\\\/\\\/www.facebook.com\\\/audreycateldelaforge\",\"https:\\\/\\\/www.linkedin.com\\\/in\\\/audrey-catel-delaforge\",\"https:\\\/\\\/www.instagram.com\\\/audrey_delaforge\\\/\"]},{\"@type\":\"Person\",\"@id\":\"https:\\\/\\\/audreydelaforge.com\\\/#\\\/schema\\\/person\\\/b44bccc3f328e9802afbab74bb74495d\",\"name\":\"audrey.catel.delaforge@gmail.com\",\"image\":{\"@type\":\"ImageObject\",\"inLanguage\":\"fr-FR\",\"@id\":\"https:\\\/\\\/secure.gravatar.com\\\/avatar\\\/6d2d46023ee8ab957213dcdb0ea8dc964f367c205b281a7f789f0eb314dfafbf?s=96&d=mm&r=g\",\"url\":\"https:\\\/\\\/secure.gravatar.com\\\/avatar\\\/6d2d46023ee8ab957213dcdb0ea8dc964f367c205b281a7f789f0eb314dfafbf?s=96&d=mm&r=g\",\"contentUrl\":\"https:\\\/\\\/secure.gravatar.com\\\/avatar\\\/6d2d46023ee8ab957213dcdb0ea8dc964f367c205b281a7f789f0eb314dfafbf?s=96&d=mm&r=g\",\"caption\":\"audrey.catel.delaforge@gmail.com\"},\"sameAs\":[\"http:\\\/\\\/audreydelaforge.com\"],\"url\":\"https:\\\/\\\/audreydelaforge.com\\\/index.php\\\/author\\\/audrey-catel-delaforgegmail-com\\\/\"}]}<\/script>\n<!-- \/ Yoast SEO plugin. -->","yoast_head_json":{"title":"D\u00e9construire un mythe : intelligence = r\u00e9ussite scolaire ? ~ Audrey Delaforge, Orthop\u00e9dagogue","robots":{"index":"index","follow":"follow","max-snippet":"max-snippet:-1","max-image-preview":"max-image-preview:large","max-video-preview":"max-video-preview:-1"},"canonical":"https:\/\/audreydelaforge.com\/index.php\/2025\/05\/03\/deconstruire-un-mythe-intelligence-reussite-scolaire\/","og_locale":"fr_FR","og_type":"article","og_title":"D\u00e9construire un mythe : intelligence = r\u00e9ussite scolaire ? ~ Audrey Delaforge, Orthop\u00e9dagogue","og_description":"Dans l\u2019imaginaire collectif, l\u2019intelligence est souvent associ\u00e9e \u00e0 la performance. Si un enfant est intelligent, alors il devrait r\u00e9ussir. Cette id\u00e9e, profond\u00e9ment ancr\u00e9e, cr\u00e9e parfois des attentes irr\u00e9alistes, voire culpabilisantes. Mais l\u2019intelligence ne se r\u00e9sume pas \u00e0 une facilit\u00e9 scolaire. Elle est multiple, vivante, contextuelle. Un enfant peut avoir une pens\u00e9e brillante, une grande sensibilit\u00e9,&hellip;&nbsp;Lire la suite &raquo;D\u00e9construire un mythe : intelligence = r\u00e9ussite scolaire ?","og_url":"https:\/\/audreydelaforge.com\/index.php\/2025\/05\/03\/deconstruire-un-mythe-intelligence-reussite-scolaire\/","og_site_name":"Audrey Delaforge, Orthop\u00e9dagogue","article_publisher":"https:\/\/www.facebook.com\/audreycateldelaforge","article_published_time":"2025-05-03T08:24:03+00:00","article_modified_time":"2025-05-03T08:36:59+00:00","og_image":[{"url":"https:\/\/audreydelaforge.com\/wp-content\/uploads\/2025\/05\/ChatGPT-Image-3-mai-2025-09_43_47.png","width":683,"height":1024,"type":"image\/png"}],"author":"audrey.catel.delaforge@gmail.com","twitter_card":"summary_large_image","twitter_misc":{"\u00c9crit par":"audrey.catel.delaforge@gmail.com","Dur\u00e9e de lecture estim\u00e9e":"4 minutes"},"schema":{"@context":"https:\/\/schema.org","@graph":[{"@type":"Article","@id":"https:\/\/audreydelaforge.com\/index.php\/2025\/05\/03\/deconstruire-un-mythe-intelligence-reussite-scolaire\/#article","isPartOf":{"@id":"https:\/\/audreydelaforge.com\/index.php\/2025\/05\/03\/deconstruire-un-mythe-intelligence-reussite-scolaire\/"},"author":{"name":"audrey.catel.delaforge@gmail.com","@id":"https:\/\/audreydelaforge.com\/#\/schema\/person\/b44bccc3f328e9802afbab74bb74495d"},"headline":"D\u00e9construire un mythe : intelligence = r\u00e9ussite scolaire ?","datePublished":"2025-05-03T08:24:03+00:00","dateModified":"2025-05-03T08:36:59+00:00","mainEntityOfPage":{"@id":"https:\/\/audreydelaforge.com\/index.php\/2025\/05\/03\/deconstruire-un-mythe-intelligence-reussite-scolaire\/"},"wordCount":762,"publisher":{"@id":"https:\/\/audreydelaforge.com\/#organization"},"image":{"@id":"https:\/\/audreydelaforge.com\/index.php\/2025\/05\/03\/deconstruire-un-mythe-intelligence-reussite-scolaire\/#primaryimage"},"thumbnailUrl":"https:\/\/audreydelaforge.com\/wp-content\/uploads\/2025\/05\/ChatGPT-Image-3-mai-2025-09_43_47.png","articleSection":["Orthop\u00e9dagogie"],"inLanguage":"fr-FR"},{"@type":"WebPage","@id":"https:\/\/audreydelaforge.com\/index.php\/2025\/05\/03\/deconstruire-un-mythe-intelligence-reussite-scolaire\/","url":"https:\/\/audreydelaforge.com\/index.php\/2025\/05\/03\/deconstruire-un-mythe-intelligence-reussite-scolaire\/","name":"D\u00e9construire un mythe : intelligence = r\u00e9ussite scolaire ? ~ Audrey Delaforge, Orthop\u00e9dagogue","isPartOf":{"@id":"https:\/\/audreydelaforge.com\/#website"},"primaryImageOfPage":{"@id":"https:\/\/audreydelaforge.com\/index.php\/2025\/05\/03\/deconstruire-un-mythe-intelligence-reussite-scolaire\/#primaryimage"},"image":{"@id":"https:\/\/audreydelaforge.com\/index.php\/2025\/05\/03\/deconstruire-un-mythe-intelligence-reussite-scolaire\/#primaryimage"},"thumbnailUrl":"https:\/\/audreydelaforge.com\/wp-content\/uploads\/2025\/05\/ChatGPT-Image-3-mai-2025-09_43_47.png","datePublished":"2025-05-03T08:24:03+00:00","dateModified":"2025-05-03T08:36:59+00:00","breadcrumb":{"@id":"https:\/\/audreydelaforge.com\/index.php\/2025\/05\/03\/deconstruire-un-mythe-intelligence-reussite-scolaire\/#breadcrumb"},"inLanguage":"fr-FR","potentialAction":[{"@type":"ReadAction","target":["https:\/\/audreydelaforge.com\/index.php\/2025\/05\/03\/deconstruire-un-mythe-intelligence-reussite-scolaire\/"]}]},{"@type":"ImageObject","inLanguage":"fr-FR","@id":"https:\/\/audreydelaforge.com\/index.php\/2025\/05\/03\/deconstruire-un-mythe-intelligence-reussite-scolaire\/#primaryimage","url":"https:\/\/audreydelaforge.com\/wp-content\/uploads\/2025\/05\/ChatGPT-Image-3-mai-2025-09_43_47.png","contentUrl":"https:\/\/audreydelaforge.com\/wp-content\/uploads\/2025\/05\/ChatGPT-Image-3-mai-2025-09_43_47.png","width":1024,"height":1536},{"@type":"BreadcrumbList","@id":"https:\/\/audreydelaforge.com\/index.php\/2025\/05\/03\/deconstruire-un-mythe-intelligence-reussite-scolaire\/#breadcrumb","itemListElement":[{"@type":"ListItem","position":1,"name":"Accueil","item":"https:\/\/audreydelaforge.com\/"},{"@type":"ListItem","position":2,"name":"D\u00e9construire un mythe : intelligence = r\u00e9ussite scolaire ?"}]},{"@type":"WebSite","@id":"https:\/\/audreydelaforge.com\/#website","url":"https:\/\/audreydelaforge.com\/","name":"Audrey Delaforge, Orthop\u00e9dagogue","description":"L&#039;apprenant au centre du savoir","publisher":{"@id":"https:\/\/audreydelaforge.com\/#organization"},"potentialAction":[{"@type":"SearchAction","target":{"@type":"EntryPoint","urlTemplate":"https:\/\/audreydelaforge.com\/?s={search_term_string}"},"query-input":{"@type":"PropertyValueSpecification","valueRequired":true,"valueName":"search_term_string"}}],"inLanguage":"fr-FR"},{"@type":"Organization","@id":"https:\/\/audreydelaforge.com\/#organization","name":"Audrey Delaforge, Orthop\u00e9dagogue","url":"https:\/\/audreydelaforge.com\/","logo":{"@type":"ImageObject","inLanguage":"fr-FR","@id":"https:\/\/audreydelaforge.com\/#\/schema\/logo\/image\/","url":"https:\/\/audreydelaforge.com\/wp-content\/uploads\/2022\/06\/Logo-orange-noir-avec-Audrey-1.png","contentUrl":"https:\/\/audreydelaforge.com\/wp-content\/uploads\/2022\/06\/Logo-orange-noir-avec-Audrey-1.png","width":500,"height":500,"caption":"Audrey Delaforge, Orthop\u00e9dagogue"},"image":{"@id":"https:\/\/audreydelaforge.com\/#\/schema\/logo\/image\/"},"sameAs":["https:\/\/www.facebook.com\/audreycateldelaforge","https:\/\/www.linkedin.com\/in\/audrey-catel-delaforge","https:\/\/www.instagram.com\/audrey_delaforge\/"]},{"@type":"Person","@id":"https:\/\/audreydelaforge.com\/#\/schema\/person\/b44bccc3f328e9802afbab74bb74495d","name":"audrey.catel.delaforge@gmail.com","image":{"@type":"ImageObject","inLanguage":"fr-FR","@id":"https:\/\/secure.gravatar.com\/avatar\/6d2d46023ee8ab957213dcdb0ea8dc964f367c205b281a7f789f0eb314dfafbf?s=96&d=mm&r=g","url":"https:\/\/secure.gravatar.com\/avatar\/6d2d46023ee8ab957213dcdb0ea8dc964f367c205b281a7f789f0eb314dfafbf?s=96&d=mm&r=g","contentUrl":"https:\/\/secure.gravatar.com\/avatar\/6d2d46023ee8ab957213dcdb0ea8dc964f367c205b281a7f789f0eb314dfafbf?s=96&d=mm&r=g","caption":"audrey.catel.delaforge@gmail.com"},"sameAs":["http:\/\/audreydelaforge.com"],"url":"https:\/\/audreydelaforge.com\/index.php\/author\/audrey-catel-delaforgegmail-com\/"}]}},"_links":{"self":[{"href":"https:\/\/audreydelaforge.com\/index.php\/wp-json\/wp\/v2\/posts\/1364","targetHints":{"allow":["GET"]}}],"collection":[{"href":"https:\/\/audreydelaforge.com\/index.php\/wp-json\/wp\/v2\/posts"}],"about":[{"href":"https:\/\/audreydelaforge.com\/index.php\/wp-json\/wp\/v2\/types\/post"}],"author":[{"embeddable":true,"href":"https:\/\/audreydelaforge.com\/index.php\/wp-json\/wp\/v2\/users\/1"}],"replies":[{"embeddable":true,"href":"https:\/\/audreydelaforge.com\/index.php\/wp-json\/wp\/v2\/comments?post=1364"}],"version-history":[{"count":0,"href":"https:\/\/audreydelaforge.com\/index.php\/wp-json\/wp\/v2\/posts\/1364\/revisions"}],"wp:featuredmedia":[{"embeddable":true,"href":"https:\/\/audreydelaforge.com\/index.php\/wp-json\/wp\/v2\/media\/1369"}],"wp:attachment":[{"href":"https:\/\/audreydelaforge.com\/index.php\/wp-json\/wp\/v2\/media?parent=1364"}],"wp:term":[{"taxonomy":"category","embeddable":true,"href":"https:\/\/audreydelaforge.com\/index.php\/wp-json\/wp\/v2\/categories?post=1364"},{"taxonomy":"post_tag","embeddable":true,"href":"https:\/\/audreydelaforge.com\/index.php\/wp-json\/wp\/v2\/tags?post=1364"}],"curies":[{"name":"wp","href":"https:\/\/api.w.org\/{rel}","templated":true}]}}