{"id":1376,"date":"2025-05-10T06:42:05","date_gmt":"2025-05-10T06:42:05","guid":{"rendered":"https:\/\/audreydelaforge.com\/?p=1376"},"modified":"2025-05-10T06:42:07","modified_gmt":"2025-05-10T06:42:07","slug":"reunir-pour-mieux-accompagner-le-role-de-lorthopedagogue-dans-les-equipes-educatives-et-les-ess","status":"publish","type":"post","link":"https:\/\/audreydelaforge.com\/index.php\/2025\/05\/10\/reunir-pour-mieux-accompagner-le-role-de-lorthopedagogue-dans-les-equipes-educatives-et-les-ess\/","title":{"rendered":"R\u00e9unir pour mieux accompagner : le r\u00f4le de l\u2019orthop\u00e9dagogue dans les \u00e9quipes \u00e9ducatives et les ESS"},"content":{"rendered":"\n<p><em>\u00ab Tout seul on va plus vite, ensemble on va plus loin. \u00bb<\/em><br>Dans le parcours scolaire d\u2019un enfant ayant des besoins \u00e9ducatifs particuliers, certaines rencontres peuvent tout changer. Les \u00e9quipes \u00e9ducatives et les ESS (\u00c9quipes de Suivi de Scolarisation) en font partie. Ces temps d\u2019\u00e9change, souvent redout\u00e9s par les familles, peuvent devenir des leviers puissants de coop\u00e9ration\u2026 \u00e0 condition qu\u2019ils soient pr\u00e9par\u00e9s, compris, et anim\u00e9s avec bienveillance. Et c\u2019est pr\u00e9cis\u00e9ment l\u00e0 que l\u2019orthop\u00e9dagogue peut jouer un r\u00f4le cl\u00e9.<\/p>\n\n\n\n\n\n<h2 class=\"wp-block-heading\">\u00c9quipe \u00e9ducative ou ESS : de quoi parle-t-on exactement ?<\/h2>\n\n\n\n<p>Quand un \u00e9l\u00e8ve rencontre des difficult\u00e9s durables \u00e0 l\u2019\u00e9cole, l\u2019\u00e9tablissement peut proposer une <strong>r\u00e9union d\u2019\u00e9quipe \u00e9ducative<\/strong>. Elle rassemble les parents, les enseignants, parfois le m\u00e9decin ou l\u2019infirmier scolaire, la direction, et toute personne qui suit l\u2019enfant en dehors de l\u2019\u00e9cole (orthophoniste, psychologue, orthop\u00e9dagogue\u2026).<\/p>\n\n\n\n<p>\ud83d\udc49 <strong>Objectif :<\/strong> faire le point sur la situation et envisager des pistes d\u2019adaptation p\u00e9dagogiques. C\u2019est un temps d\u2019\u00e9change, sans valeur contraignante, mais qui peut ouvrir la voie \u00e0 des aides concr\u00e8tes (PAP, PPRE\u2026).<\/p>\n\n\n\n<p>L\u2019<strong>ESS (\u00c9quipe de Suivi de Scolarisation)<\/strong>, elle, s\u2019inscrit dans un cadre plus formel : celui du <strong>parcours MDPH<\/strong>. Elle concerne les \u00e9l\u00e8ves en situation de handicap ayant un <strong>projet personnalis\u00e9 de scolarisation (PPS)<\/strong>. On y retrouve les m\u00eames acteurs, auxquels s\u2019ajoute un repr\u00e9sentant de la MDPH et, souvent, l\u2019enseignant r\u00e9f\u00e9rent.<\/p>\n\n\n\n<p>\ud83d\udc49 <strong>Objectif :<\/strong> suivre et ajuster la mise en \u0153uvre du PPS, en croisant les regards pour mieux r\u00e9pondre aux besoins de l\u2019\u00e9l\u00e8ve.<\/p>\n\n\n\n<p>\ud83d\udca1 <strong>Diff\u00e9rence principale<\/strong> : l\u2019\u00e9quipe \u00e9ducative est souvent une premi\u00e8re \u00e9tape, souple et r\u00e9active. L\u2019ESS, elle, s\u2019inscrit dans un cadre officiel et r\u00e9gulier.<\/p>\n\n\n\n<h2 class=\"wp-block-heading\">Parents : entre inqui\u00e9tudes, flou et surcharge \u00e9motionnelle<\/h2>\n\n\n\n<p>En tant que parent, recevoir une convocation \u00e0 une \u00e9quipe \u00e9ducative ou une ESS peut faire na\u00eetre une multitude de questions :<br>\u27a1\ufe0f Est-ce que mon enfant va mal ?<br>\u27a1\ufe0f Est-ce qu\u2019on va me juger ?<br>\u27a1\ufe0f Vais-je comprendre les termes utilis\u00e9s ?<br>\u27a1\ufe0f Est-ce que ma parole sera entendue ?<\/p>\n\n\n\n<p>Ces r\u00e9unions peuvent \u00eatre per\u00e7ues comme des moments \u00ab \u00e0 part \u00bb, charg\u00e9s d\u2019\u00e9motion, parfois de culpabilit\u00e9. La tension est d\u2019autant plus forte que les enjeux sont flous, les r\u00f4les mal d\u00e9finis, et les professionnels nombreux autour de la table.<\/p>\n\n\n\n<p>Or, pour que la rencontre soit f\u00e9conde, il est essentiel que chaque parent se sente <strong>accueilli, l\u00e9gitime, \u00e9cout\u00e9<\/strong>, et qu\u2019il comprenne clairement ce qui va s\u2019y jouer.<\/p>\n\n\n\n<h2 class=\"wp-block-heading\">Le r\u00f4le de l\u2019orthop\u00e9dagogue : un appui pr\u00e9cieux avant, pendant et apr\u00e8s<\/h2>\n\n\n\n\n\n<p>L\u2019<strong>orthop\u00e9dagogue<\/strong> accompagne l\u2019\u00e9l\u00e8ve dans son parcours scolaire personnalis\u00e9. Mais il est aussi un <strong>alli\u00e9 pour la famille<\/strong>, \u00e0 plusieurs niveaux :<\/p>\n\n\n\n<h3 class=\"wp-block-heading\">\ud83e\udded Avant la r\u00e9union : pr\u00e9parer le terrain<\/h3>\n\n\n\n<ul class=\"wp-block-list\">\n<li><strong>Clarifier les enjeux<\/strong> : de quelle r\u00e9union s\u2019agit-il ? Quels sujets seront abord\u00e9s ?<\/li>\n\n\n\n<li><strong>Identifier les attentes des parents<\/strong> : quels points souhaitent-ils aborder ? Quelles questions veulent-ils poser ?<\/li>\n\n\n\n<li><strong>Traduire les sigles, les r\u00f4les, les dispositifs<\/strong> pour rendre tout cela plus accessible.<\/li>\n<\/ul>\n\n\n\n<h3 class=\"wp-block-heading\">\ud83e\udde9 Pendant la r\u00e9union : \u00eatre une pr\u00e9sence ressource<\/h3>\n\n\n\n<ul class=\"wp-block-list\">\n<li>L\u2019orthop\u00e9dagogue peut \u00eatre pr\u00e9sent aux c\u00f4t\u00e9s des parents (si accept\u00e9 par l\u2019\u00e9cole), pour <strong>soutenir leur parole, reformuler, clarifier<\/strong>.<\/li>\n\n\n\n<li>Il peut aussi faire le lien entre les besoins concrets observ\u00e9s en accompagnement et les am\u00e9nagements propos\u00e9s en classe.<\/li>\n<\/ul>\n\n\n\n<h3 class=\"wp-block-heading\">\ud83c\udf31 Apr\u00e8s la r\u00e9union : consolider et poursuivre<\/h3>\n\n\n\n<ul class=\"wp-block-list\">\n<li>Faire le point avec la famille : <strong>qu\u2019a-t-on retenu ? compris ? d\u00e9cid\u00e9 ?<\/strong><\/li>\n\n\n\n<li>Accompagner la mise en \u0153uvre des mesures, en lien avec les enseignants, pour un <strong>suivi coh\u00e9rent et durable<\/strong>.<\/li>\n<\/ul>\n\n\n\n<p>\ud83d\udc49 En somme, l\u2019orthop\u00e9dagogue agit comme un <strong>interm\u00e9diaire bienveillant<\/strong>, qui favorise la co-construction entre tous les acteurs autour de l\u2019\u00e9l\u00e8ve.<\/p>\n\n\n\n<h2 class=\"wp-block-heading\">Travailler ensemble, avec bienveillance et confiance<\/h2>\n\n\n\n<p>La r\u00e9ussite d\u2019un accompagnement scolaire personnalis\u00e9 repose sur <strong>la qualit\u00e9 du lien entre tous les partenaires<\/strong>. Et cela commence par une posture :<br>\u27a1\ufe0f \u00c9couter sans juger<br>\u27a1\ufe0f Partager sans imposer<br>\u27a1\ufe0f Chercher ensemble des solutions r\u00e9alistes et adapt\u00e9es<\/p>\n\n\n\n<p>Professionnels de l\u2019\u00e9ducation, parents, accompagnants ext\u00e9rieurs : chacun d\u00e9tient une <strong>part de la connaissance de l\u2019enfant<\/strong>. L\u2019orthop\u00e9dagogue peut contribuer \u00e0 faire circuler cette connaissance, \u00e0 l\u2019articuler, \u00e0 la valoriser, pour qu\u2019elle serve pleinement le parcours de l\u2019\u00e9l\u00e8ve.<\/p>\n\n\n\n<h2 class=\"wp-block-heading\">Ensemble, pour une \u00e9cole plus juste et inclusive<\/h2>\n\n\n\n<p>Oui, ces r\u00e9unions peuvent \u00eatre stressantes. Mais elles peuvent aussi devenir des <strong>moments-cl\u00e9s d\u2019\u00e9volution<\/strong> pour l\u2019enfant\u2026 \u00e0 condition d\u2019y venir <strong>pr\u00e9par\u00e9, entour\u00e9, et reconnu dans sa place<\/strong>.<\/p>\n\n\n\n<p>Tu n\u2019es pas seul.e.<br>L\u2019orthop\u00e9dagogie est l\u00e0 pour soutenir, \u00e9clairer, et faire le lien entre les familles et l\u2019\u00e9cole. Pour que chaque \u00e9l\u00e8ve ait sa place, son rythme, son parcours. Et pour que les adultes autour puissent travailler <strong>main dans la main<\/strong>, dans un climat de confiance et de respect mutuel.<\/p>\n\n\n\n<p>\ud83c\udfaf <strong>Envie d\u2019en savoir plus sur l\u2019accompagnement des familles en contexte scolaire ?<\/strong> contacte-moi pour un \u00e9change<\/p>\n\n\n","protected":false},"excerpt":{"rendered":"<p>\u00ab Tout seul on va plus vite, ensemble on va plus loin. \u00bbDans le parcours scolaire d\u2019un enfant ayant des besoins \u00e9ducatifs particuliers, certaines rencontres peuvent tout changer. Les \u00e9quipes \u00e9ducatives et les ESS (\u00c9quipes de Suivi de Scolarisation) en font partie. Ces temps d\u2019\u00e9change, souvent redout\u00e9s par les familles, peuvent devenir des leviers puissants&hellip;&nbsp;<a href=\"https:\/\/audreydelaforge.com\/index.php\/2025\/05\/10\/reunir-pour-mieux-accompagner-le-role-de-lorthopedagogue-dans-les-equipes-educatives-et-les-ess\/\" rel=\"bookmark\">Lire la suite &raquo;<span class=\"screen-reader-text\">R\u00e9unir pour mieux accompagner : le r\u00f4le de l\u2019orthop\u00e9dagogue dans les \u00e9quipes \u00e9ducatives et les ESS<\/span><\/a><\/p>\n","protected":false},"author":1,"featured_media":1377,"comment_status":"closed","ping_status":"open","sticky":false,"template":"","format":"standard","meta":{"om_disable_all_campaigns":false,"neve_meta_sidebar":"","neve_meta_container":"","neve_meta_enable_content_width":"","neve_meta_content_width":0,"neve_meta_title_alignment":"","neve_meta_author_avatar":"","neve_post_elements_order":"","neve_meta_disable_header":"","neve_meta_disable_footer":"","neve_meta_disable_title":"","footnotes":""},"categories":[25],"tags":[],"class_list":["post-1376","post","type-post","status-publish","format-standard","has-post-thumbnail","hentry","category-dispositifs"],"yoast_head":"<!-- This site is optimized with the Yoast SEO plugin v27.5 - https:\/\/yoast.com\/product\/yoast-seo-wordpress\/ -->\n<title>R\u00e9unir pour mieux accompagner : le r\u00f4le de l\u2019orthop\u00e9dagogue dans les \u00e9quipes \u00e9ducatives et les ESS ~ Audrey Delaforge, Orthop\u00e9dagogue<\/title>\n<meta name=\"description\" content=\"D\u00e9couvre comment l\u2019orthop\u00e9dagogue soutient les familles lors des \u00e9quipes \u00e9ducatives et ESS pour un accompagnement scolaire bienveillant et efficace.\" \/>\n<meta name=\"robots\" content=\"index, follow, max-snippet:-1, max-image-preview:large, max-video-preview:-1\" \/>\n<link rel=\"canonical\" href=\"https:\/\/audreydelaforge.com\/index.php\/2025\/05\/10\/reunir-pour-mieux-accompagner-le-role-de-lorthopedagogue-dans-les-equipes-educatives-et-les-ess\/\" \/>\n<meta property=\"og:locale\" content=\"fr_FR\" \/>\n<meta property=\"og:type\" content=\"article\" \/>\n<meta property=\"og:title\" content=\"R\u00e9unir pour mieux accompagner : le r\u00f4le de l\u2019orthop\u00e9dagogue dans les \u00e9quipes \u00e9ducatives et les ESS ~ Audrey Delaforge, Orthop\u00e9dagogue\" \/>\n<meta property=\"og:description\" content=\"D\u00e9couvre comment l\u2019orthop\u00e9dagogue soutient les familles lors des \u00e9quipes \u00e9ducatives et ESS pour un accompagnement scolaire bienveillant et efficace.\" \/>\n<meta property=\"og:url\" content=\"https:\/\/audreydelaforge.com\/index.php\/2025\/05\/10\/reunir-pour-mieux-accompagner-le-role-de-lorthopedagogue-dans-les-equipes-educatives-et-les-ess\/\" \/>\n<meta property=\"og:site_name\" content=\"Audrey Delaforge, Orthop\u00e9dagogue\" \/>\n<meta property=\"article:publisher\" content=\"https:\/\/www.facebook.com\/audreycateldelaforge\" \/>\n<meta property=\"article:published_time\" content=\"2025-05-10T06:42:05+00:00\" \/>\n<meta property=\"article:modified_time\" content=\"2025-05-10T06:42:07+00:00\" \/>\n<meta property=\"og:image\" content=\"https:\/\/audreydelaforge.com\/wp-content\/uploads\/2025\/05\/10-mai-2025-08_34_02.png\" \/>\n\t<meta property=\"og:image:width\" content=\"1024\" \/>\n\t<meta property=\"og:image:height\" content=\"1024\" \/>\n\t<meta property=\"og:image:type\" content=\"image\/png\" \/>\n<meta name=\"author\" content=\"audrey.catel.delaforge@gmail.com\" \/>\n<meta name=\"twitter:card\" content=\"summary_large_image\" \/>\n<meta name=\"twitter:label1\" content=\"\u00c9crit par\" \/>\n\t<meta name=\"twitter:data1\" content=\"audrey.catel.delaforge@gmail.com\" \/>\n\t<meta name=\"twitter:label2\" content=\"Dur\u00e9e de lecture estim\u00e9e\" \/>\n\t<meta name=\"twitter:data2\" content=\"4 minutes\" \/>\n<script type=\"application\/ld+json\" class=\"yoast-schema-graph\">{\"@context\":\"https:\\\/\\\/schema.org\",\"@graph\":[{\"@type\":\"Article\",\"@id\":\"https:\\\/\\\/audreydelaforge.com\\\/index.php\\\/2025\\\/05\\\/10\\\/reunir-pour-mieux-accompagner-le-role-de-lorthopedagogue-dans-les-equipes-educatives-et-les-ess\\\/#article\",\"isPartOf\":{\"@id\":\"https:\\\/\\\/audreydelaforge.com\\\/index.php\\\/2025\\\/05\\\/10\\\/reunir-pour-mieux-accompagner-le-role-de-lorthopedagogue-dans-les-equipes-educatives-et-les-ess\\\/\"},\"author\":{\"name\":\"audrey.catel.delaforge@gmail.com\",\"@id\":\"https:\\\/\\\/audreydelaforge.com\\\/#\\\/schema\\\/person\\\/b44bccc3f328e9802afbab74bb74495d\"},\"headline\":\"R\u00e9unir pour mieux accompagner : le r\u00f4le de l\u2019orthop\u00e9dagogue dans les \u00e9quipes \u00e9ducatives et les ESS\",\"datePublished\":\"2025-05-10T06:42:05+00:00\",\"dateModified\":\"2025-05-10T06:42:07+00:00\",\"mainEntityOfPage\":{\"@id\":\"https:\\\/\\\/audreydelaforge.com\\\/index.php\\\/2025\\\/05\\\/10\\\/reunir-pour-mieux-accompagner-le-role-de-lorthopedagogue-dans-les-equipes-educatives-et-les-ess\\\/\"},\"wordCount\":852,\"publisher\":{\"@id\":\"https:\\\/\\\/audreydelaforge.com\\\/#organization\"},\"image\":{\"@id\":\"https:\\\/\\\/audreydelaforge.com\\\/index.php\\\/2025\\\/05\\\/10\\\/reunir-pour-mieux-accompagner-le-role-de-lorthopedagogue-dans-les-equipes-educatives-et-les-ess\\\/#primaryimage\"},\"thumbnailUrl\":\"https:\\\/\\\/audreydelaforge.com\\\/wp-content\\\/uploads\\\/2025\\\/05\\\/10-mai-2025-08_34_02.png\",\"articleSection\":[\"Dispositifs\"],\"inLanguage\":\"fr-FR\"},{\"@type\":\"WebPage\",\"@id\":\"https:\\\/\\\/audreydelaforge.com\\\/index.php\\\/2025\\\/05\\\/10\\\/reunir-pour-mieux-accompagner-le-role-de-lorthopedagogue-dans-les-equipes-educatives-et-les-ess\\\/\",\"url\":\"https:\\\/\\\/audreydelaforge.com\\\/index.php\\\/2025\\\/05\\\/10\\\/reunir-pour-mieux-accompagner-le-role-de-lorthopedagogue-dans-les-equipes-educatives-et-les-ess\\\/\",\"name\":\"R\u00e9unir pour mieux accompagner : le r\u00f4le de l\u2019orthop\u00e9dagogue dans les \u00e9quipes \u00e9ducatives et les ESS ~ Audrey Delaforge, Orthop\u00e9dagogue\",\"isPartOf\":{\"@id\":\"https:\\\/\\\/audreydelaforge.com\\\/#website\"},\"primaryImageOfPage\":{\"@id\":\"https:\\\/\\\/audreydelaforge.com\\\/index.php\\\/2025\\\/05\\\/10\\\/reunir-pour-mieux-accompagner-le-role-de-lorthopedagogue-dans-les-equipes-educatives-et-les-ess\\\/#primaryimage\"},\"image\":{\"@id\":\"https:\\\/\\\/audreydelaforge.com\\\/index.php\\\/2025\\\/05\\\/10\\\/reunir-pour-mieux-accompagner-le-role-de-lorthopedagogue-dans-les-equipes-educatives-et-les-ess\\\/#primaryimage\"},\"thumbnailUrl\":\"https:\\\/\\\/audreydelaforge.com\\\/wp-content\\\/uploads\\\/2025\\\/05\\\/10-mai-2025-08_34_02.png\",\"datePublished\":\"2025-05-10T06:42:05+00:00\",\"dateModified\":\"2025-05-10T06:42:07+00:00\",\"description\":\"D\u00e9couvre comment l\u2019orthop\u00e9dagogue soutient les familles lors des \u00e9quipes \u00e9ducatives et ESS pour un accompagnement scolaire bienveillant et efficace.\",\"breadcrumb\":{\"@id\":\"https:\\\/\\\/audreydelaforge.com\\\/index.php\\\/2025\\\/05\\\/10\\\/reunir-pour-mieux-accompagner-le-role-de-lorthopedagogue-dans-les-equipes-educatives-et-les-ess\\\/#breadcrumb\"},\"inLanguage\":\"fr-FR\",\"potentialAction\":[{\"@type\":\"ReadAction\",\"target\":[\"https:\\\/\\\/audreydelaforge.com\\\/index.php\\\/2025\\\/05\\\/10\\\/reunir-pour-mieux-accompagner-le-role-de-lorthopedagogue-dans-les-equipes-educatives-et-les-ess\\\/\"]}]},{\"@type\":\"ImageObject\",\"inLanguage\":\"fr-FR\",\"@id\":\"https:\\\/\\\/audreydelaforge.com\\\/index.php\\\/2025\\\/05\\\/10\\\/reunir-pour-mieux-accompagner-le-role-de-lorthopedagogue-dans-les-equipes-educatives-et-les-ess\\\/#primaryimage\",\"url\":\"https:\\\/\\\/audreydelaforge.com\\\/wp-content\\\/uploads\\\/2025\\\/05\\\/10-mai-2025-08_34_02.png\",\"contentUrl\":\"https:\\\/\\\/audreydelaforge.com\\\/wp-content\\\/uploads\\\/2025\\\/05\\\/10-mai-2025-08_34_02.png\",\"width\":1024,\"height\":1024},{\"@type\":\"BreadcrumbList\",\"@id\":\"https:\\\/\\\/audreydelaforge.com\\\/index.php\\\/2025\\\/05\\\/10\\\/reunir-pour-mieux-accompagner-le-role-de-lorthopedagogue-dans-les-equipes-educatives-et-les-ess\\\/#breadcrumb\",\"itemListElement\":[{\"@type\":\"ListItem\",\"position\":1,\"name\":\"Accueil\",\"item\":\"https:\\\/\\\/audreydelaforge.com\\\/\"},{\"@type\":\"ListItem\",\"position\":2,\"name\":\"R\u00e9unir pour mieux accompagner : le r\u00f4le de l\u2019orthop\u00e9dagogue dans les \u00e9quipes \u00e9ducatives et les ESS\"}]},{\"@type\":\"WebSite\",\"@id\":\"https:\\\/\\\/audreydelaforge.com\\\/#website\",\"url\":\"https:\\\/\\\/audreydelaforge.com\\\/\",\"name\":\"Audrey Delaforge, Orthop\u00e9dagogue\",\"description\":\"L&#039;apprenant au centre du savoir\",\"publisher\":{\"@id\":\"https:\\\/\\\/audreydelaforge.com\\\/#organization\"},\"potentialAction\":[{\"@type\":\"SearchAction\",\"target\":{\"@type\":\"EntryPoint\",\"urlTemplate\":\"https:\\\/\\\/audreydelaforge.com\\\/?s={search_term_string}\"},\"query-input\":{\"@type\":\"PropertyValueSpecification\",\"valueRequired\":true,\"valueName\":\"search_term_string\"}}],\"inLanguage\":\"fr-FR\"},{\"@type\":\"Organization\",\"@id\":\"https:\\\/\\\/audreydelaforge.com\\\/#organization\",\"name\":\"Audrey Delaforge, Orthop\u00e9dagogue\",\"url\":\"https:\\\/\\\/audreydelaforge.com\\\/\",\"logo\":{\"@type\":\"ImageObject\",\"inLanguage\":\"fr-FR\",\"@id\":\"https:\\\/\\\/audreydelaforge.com\\\/#\\\/schema\\\/logo\\\/image\\\/\",\"url\":\"https:\\\/\\\/audreydelaforge.com\\\/wp-content\\\/uploads\\\/2022\\\/06\\\/Logo-orange-noir-avec-Audrey-1.png\",\"contentUrl\":\"https:\\\/\\\/audreydelaforge.com\\\/wp-content\\\/uploads\\\/2022\\\/06\\\/Logo-orange-noir-avec-Audrey-1.png\",\"width\":500,\"height\":500,\"caption\":\"Audrey Delaforge, Orthop\u00e9dagogue\"},\"image\":{\"@id\":\"https:\\\/\\\/audreydelaforge.com\\\/#\\\/schema\\\/logo\\\/image\\\/\"},\"sameAs\":[\"https:\\\/\\\/www.facebook.com\\\/audreycateldelaforge\",\"https:\\\/\\\/www.linkedin.com\\\/in\\\/audrey-catel-delaforge\",\"https:\\\/\\\/www.instagram.com\\\/audrey_delaforge\\\/\"]},{\"@type\":\"Person\",\"@id\":\"https:\\\/\\\/audreydelaforge.com\\\/#\\\/schema\\\/person\\\/b44bccc3f328e9802afbab74bb74495d\",\"name\":\"audrey.catel.delaforge@gmail.com\",\"image\":{\"@type\":\"ImageObject\",\"inLanguage\":\"fr-FR\",\"@id\":\"https:\\\/\\\/secure.gravatar.com\\\/avatar\\\/6d2d46023ee8ab957213dcdb0ea8dc964f367c205b281a7f789f0eb314dfafbf?s=96&d=mm&r=g\",\"url\":\"https:\\\/\\\/secure.gravatar.com\\\/avatar\\\/6d2d46023ee8ab957213dcdb0ea8dc964f367c205b281a7f789f0eb314dfafbf?s=96&d=mm&r=g\",\"contentUrl\":\"https:\\\/\\\/secure.gravatar.com\\\/avatar\\\/6d2d46023ee8ab957213dcdb0ea8dc964f367c205b281a7f789f0eb314dfafbf?s=96&d=mm&r=g\",\"caption\":\"audrey.catel.delaforge@gmail.com\"},\"sameAs\":[\"http:\\\/\\\/audreydelaforge.com\"],\"url\":\"https:\\\/\\\/audreydelaforge.com\\\/index.php\\\/author\\\/audrey-catel-delaforgegmail-com\\\/\"}]}<\/script>\n<!-- \/ Yoast SEO plugin. -->","yoast_head_json":{"title":"R\u00e9unir pour mieux accompagner : le r\u00f4le de l\u2019orthop\u00e9dagogue dans les \u00e9quipes \u00e9ducatives et les ESS ~ Audrey Delaforge, Orthop\u00e9dagogue","description":"D\u00e9couvre comment l\u2019orthop\u00e9dagogue soutient les familles lors des \u00e9quipes \u00e9ducatives et ESS pour un accompagnement scolaire bienveillant et efficace.","robots":{"index":"index","follow":"follow","max-snippet":"max-snippet:-1","max-image-preview":"max-image-preview:large","max-video-preview":"max-video-preview:-1"},"canonical":"https:\/\/audreydelaforge.com\/index.php\/2025\/05\/10\/reunir-pour-mieux-accompagner-le-role-de-lorthopedagogue-dans-les-equipes-educatives-et-les-ess\/","og_locale":"fr_FR","og_type":"article","og_title":"R\u00e9unir pour mieux accompagner : le r\u00f4le de l\u2019orthop\u00e9dagogue dans les \u00e9quipes \u00e9ducatives et les ESS ~ Audrey Delaforge, Orthop\u00e9dagogue","og_description":"D\u00e9couvre comment l\u2019orthop\u00e9dagogue soutient les familles lors des \u00e9quipes \u00e9ducatives et ESS pour un accompagnement scolaire bienveillant et efficace.","og_url":"https:\/\/audreydelaforge.com\/index.php\/2025\/05\/10\/reunir-pour-mieux-accompagner-le-role-de-lorthopedagogue-dans-les-equipes-educatives-et-les-ess\/","og_site_name":"Audrey Delaforge, Orthop\u00e9dagogue","article_publisher":"https:\/\/www.facebook.com\/audreycateldelaforge","article_published_time":"2025-05-10T06:42:05+00:00","article_modified_time":"2025-05-10T06:42:07+00:00","og_image":[{"width":1024,"height":1024,"url":"https:\/\/audreydelaforge.com\/wp-content\/uploads\/2025\/05\/10-mai-2025-08_34_02.png","type":"image\/png"}],"author":"audrey.catel.delaforge@gmail.com","twitter_card":"summary_large_image","twitter_misc":{"\u00c9crit par":"audrey.catel.delaforge@gmail.com","Dur\u00e9e de lecture estim\u00e9e":"4 minutes"},"schema":{"@context":"https:\/\/schema.org","@graph":[{"@type":"Article","@id":"https:\/\/audreydelaforge.com\/index.php\/2025\/05\/10\/reunir-pour-mieux-accompagner-le-role-de-lorthopedagogue-dans-les-equipes-educatives-et-les-ess\/#article","isPartOf":{"@id":"https:\/\/audreydelaforge.com\/index.php\/2025\/05\/10\/reunir-pour-mieux-accompagner-le-role-de-lorthopedagogue-dans-les-equipes-educatives-et-les-ess\/"},"author":{"name":"audrey.catel.delaforge@gmail.com","@id":"https:\/\/audreydelaforge.com\/#\/schema\/person\/b44bccc3f328e9802afbab74bb74495d"},"headline":"R\u00e9unir pour mieux accompagner : le r\u00f4le de l\u2019orthop\u00e9dagogue dans les \u00e9quipes \u00e9ducatives et les ESS","datePublished":"2025-05-10T06:42:05+00:00","dateModified":"2025-05-10T06:42:07+00:00","mainEntityOfPage":{"@id":"https:\/\/audreydelaforge.com\/index.php\/2025\/05\/10\/reunir-pour-mieux-accompagner-le-role-de-lorthopedagogue-dans-les-equipes-educatives-et-les-ess\/"},"wordCount":852,"publisher":{"@id":"https:\/\/audreydelaforge.com\/#organization"},"image":{"@id":"https:\/\/audreydelaforge.com\/index.php\/2025\/05\/10\/reunir-pour-mieux-accompagner-le-role-de-lorthopedagogue-dans-les-equipes-educatives-et-les-ess\/#primaryimage"},"thumbnailUrl":"https:\/\/audreydelaforge.com\/wp-content\/uploads\/2025\/05\/10-mai-2025-08_34_02.png","articleSection":["Dispositifs"],"inLanguage":"fr-FR"},{"@type":"WebPage","@id":"https:\/\/audreydelaforge.com\/index.php\/2025\/05\/10\/reunir-pour-mieux-accompagner-le-role-de-lorthopedagogue-dans-les-equipes-educatives-et-les-ess\/","url":"https:\/\/audreydelaforge.com\/index.php\/2025\/05\/10\/reunir-pour-mieux-accompagner-le-role-de-lorthopedagogue-dans-les-equipes-educatives-et-les-ess\/","name":"R\u00e9unir pour mieux accompagner : le r\u00f4le de l\u2019orthop\u00e9dagogue dans les \u00e9quipes \u00e9ducatives et les ESS ~ Audrey Delaforge, Orthop\u00e9dagogue","isPartOf":{"@id":"https:\/\/audreydelaforge.com\/#website"},"primaryImageOfPage":{"@id":"https:\/\/audreydelaforge.com\/index.php\/2025\/05\/10\/reunir-pour-mieux-accompagner-le-role-de-lorthopedagogue-dans-les-equipes-educatives-et-les-ess\/#primaryimage"},"image":{"@id":"https:\/\/audreydelaforge.com\/index.php\/2025\/05\/10\/reunir-pour-mieux-accompagner-le-role-de-lorthopedagogue-dans-les-equipes-educatives-et-les-ess\/#primaryimage"},"thumbnailUrl":"https:\/\/audreydelaforge.com\/wp-content\/uploads\/2025\/05\/10-mai-2025-08_34_02.png","datePublished":"2025-05-10T06:42:05+00:00","dateModified":"2025-05-10T06:42:07+00:00","description":"D\u00e9couvre comment l\u2019orthop\u00e9dagogue soutient les familles lors des \u00e9quipes \u00e9ducatives et ESS pour un accompagnement scolaire bienveillant et efficace.","breadcrumb":{"@id":"https:\/\/audreydelaforge.com\/index.php\/2025\/05\/10\/reunir-pour-mieux-accompagner-le-role-de-lorthopedagogue-dans-les-equipes-educatives-et-les-ess\/#breadcrumb"},"inLanguage":"fr-FR","potentialAction":[{"@type":"ReadAction","target":["https:\/\/audreydelaforge.com\/index.php\/2025\/05\/10\/reunir-pour-mieux-accompagner-le-role-de-lorthopedagogue-dans-les-equipes-educatives-et-les-ess\/"]}]},{"@type":"ImageObject","inLanguage":"fr-FR","@id":"https:\/\/audreydelaforge.com\/index.php\/2025\/05\/10\/reunir-pour-mieux-accompagner-le-role-de-lorthopedagogue-dans-les-equipes-educatives-et-les-ess\/#primaryimage","url":"https:\/\/audreydelaforge.com\/wp-content\/uploads\/2025\/05\/10-mai-2025-08_34_02.png","contentUrl":"https:\/\/audreydelaforge.com\/wp-content\/uploads\/2025\/05\/10-mai-2025-08_34_02.png","width":1024,"height":1024},{"@type":"BreadcrumbList","@id":"https:\/\/audreydelaforge.com\/index.php\/2025\/05\/10\/reunir-pour-mieux-accompagner-le-role-de-lorthopedagogue-dans-les-equipes-educatives-et-les-ess\/#breadcrumb","itemListElement":[{"@type":"ListItem","position":1,"name":"Accueil","item":"https:\/\/audreydelaforge.com\/"},{"@type":"ListItem","position":2,"name":"R\u00e9unir pour mieux accompagner : le r\u00f4le de l\u2019orthop\u00e9dagogue dans les \u00e9quipes \u00e9ducatives et les ESS"}]},{"@type":"WebSite","@id":"https:\/\/audreydelaforge.com\/#website","url":"https:\/\/audreydelaforge.com\/","name":"Audrey Delaforge, Orthop\u00e9dagogue","description":"L&#039;apprenant au centre du savoir","publisher":{"@id":"https:\/\/audreydelaforge.com\/#organization"},"potentialAction":[{"@type":"SearchAction","target":{"@type":"EntryPoint","urlTemplate":"https:\/\/audreydelaforge.com\/?s={search_term_string}"},"query-input":{"@type":"PropertyValueSpecification","valueRequired":true,"valueName":"search_term_string"}}],"inLanguage":"fr-FR"},{"@type":"Organization","@id":"https:\/\/audreydelaforge.com\/#organization","name":"Audrey Delaforge, Orthop\u00e9dagogue","url":"https:\/\/audreydelaforge.com\/","logo":{"@type":"ImageObject","inLanguage":"fr-FR","@id":"https:\/\/audreydelaforge.com\/#\/schema\/logo\/image\/","url":"https:\/\/audreydelaforge.com\/wp-content\/uploads\/2022\/06\/Logo-orange-noir-avec-Audrey-1.png","contentUrl":"https:\/\/audreydelaforge.com\/wp-content\/uploads\/2022\/06\/Logo-orange-noir-avec-Audrey-1.png","width":500,"height":500,"caption":"Audrey Delaforge, Orthop\u00e9dagogue"},"image":{"@id":"https:\/\/audreydelaforge.com\/#\/schema\/logo\/image\/"},"sameAs":["https:\/\/www.facebook.com\/audreycateldelaforge","https:\/\/www.linkedin.com\/in\/audrey-catel-delaforge","https:\/\/www.instagram.com\/audrey_delaforge\/"]},{"@type":"Person","@id":"https:\/\/audreydelaforge.com\/#\/schema\/person\/b44bccc3f328e9802afbab74bb74495d","name":"audrey.catel.delaforge@gmail.com","image":{"@type":"ImageObject","inLanguage":"fr-FR","@id":"https:\/\/secure.gravatar.com\/avatar\/6d2d46023ee8ab957213dcdb0ea8dc964f367c205b281a7f789f0eb314dfafbf?s=96&d=mm&r=g","url":"https:\/\/secure.gravatar.com\/avatar\/6d2d46023ee8ab957213dcdb0ea8dc964f367c205b281a7f789f0eb314dfafbf?s=96&d=mm&r=g","contentUrl":"https:\/\/secure.gravatar.com\/avatar\/6d2d46023ee8ab957213dcdb0ea8dc964f367c205b281a7f789f0eb314dfafbf?s=96&d=mm&r=g","caption":"audrey.catel.delaforge@gmail.com"},"sameAs":["http:\/\/audreydelaforge.com"],"url":"https:\/\/audreydelaforge.com\/index.php\/author\/audrey-catel-delaforgegmail-com\/"}]}},"_links":{"self":[{"href":"https:\/\/audreydelaforge.com\/index.php\/wp-json\/wp\/v2\/posts\/1376","targetHints":{"allow":["GET"]}}],"collection":[{"href":"https:\/\/audreydelaforge.com\/index.php\/wp-json\/wp\/v2\/posts"}],"about":[{"href":"https:\/\/audreydelaforge.com\/index.php\/wp-json\/wp\/v2\/types\/post"}],"author":[{"embeddable":true,"href":"https:\/\/audreydelaforge.com\/index.php\/wp-json\/wp\/v2\/users\/1"}],"replies":[{"embeddable":true,"href":"https:\/\/audreydelaforge.com\/index.php\/wp-json\/wp\/v2\/comments?post=1376"}],"version-history":[{"count":0,"href":"https:\/\/audreydelaforge.com\/index.php\/wp-json\/wp\/v2\/posts\/1376\/revisions"}],"wp:featuredmedia":[{"embeddable":true,"href":"https:\/\/audreydelaforge.com\/index.php\/wp-json\/wp\/v2\/media\/1377"}],"wp:attachment":[{"href":"https:\/\/audreydelaforge.com\/index.php\/wp-json\/wp\/v2\/media?parent=1376"}],"wp:term":[{"taxonomy":"category","embeddable":true,"href":"https:\/\/audreydelaforge.com\/index.php\/wp-json\/wp\/v2\/categories?post=1376"},{"taxonomy":"post_tag","embeddable":true,"href":"https:\/\/audreydelaforge.com\/index.php\/wp-json\/wp\/v2\/tags?post=1376"}],"curies":[{"name":"wp","href":"https:\/\/api.w.org\/{rel}","templated":true}]}}