{"id":1383,"date":"2025-05-17T08:06:00","date_gmt":"2025-05-17T08:06:00","guid":{"rendered":"https:\/\/audreydelaforge.com\/?p=1383"},"modified":"2025-05-17T06:05:40","modified_gmt":"2025-05-17T06:05:40","slug":"mieux-accompagner-les-apprentissages-le-trio-gagnant-metacognition-fonctions-executives-et-charge-cognitive","status":"publish","type":"post","link":"https:\/\/audreydelaforge.com\/index.php\/2025\/05\/17\/mieux-accompagner-les-apprentissages-le-trio-gagnant-metacognition-fonctions-executives-et-charge-cognitive\/","title":{"rendered":"Mieux accompagner les apprentissages : le trio gagnant m\u00e9tacognition, fonctions ex\u00e9cutives et charge cognitive"},"content":{"rendered":"\n<p>Et si on d\u00e9cortiquait enfin ce qui se joue dans la t\u00eate d&rsquo;un\u00b7e \u00e9l\u00e8ve quand il ou elle apprend ? Pas seulement ce qu&rsquo;on voit en classe, mais les processus invisibles, internes, qui influencent la compr\u00e9hension, la m\u00e9morisation, et l&rsquo;autonomie. C&rsquo;est l\u00e0 que m\u00e8nent trois notions cl\u00e9s : la <strong>m\u00e9tacognition<\/strong>, les <strong>fonctions ex\u00e9cutives<\/strong> et la <strong>charge cognitive<\/strong>.<\/p>\n\n\n\n<p>En les comprenant mieux, tu pourras ajuster tes strat\u00e9gies p\u00e9dagogiques, mieux accompagner les apprentissages, et proposer des compensations p\u00e9dagogiques pertinentes.<\/p>\n\n\n\n\n\n<hr class=\"wp-block-separator has-alpha-channel-opacity\"\/>\n\n\n\n<h2 class=\"wp-block-heading\">Comprendre la m\u00e9tacognition : penser sur ses pens\u00e9es<\/h2>\n\n\n\n<p>La m\u00e9tacognition, c&rsquo;est la capacit\u00e9 \u00e0 r\u00e9fl\u00e9chir \u00e0 sa fa\u00e7on d&rsquo;apprendre. Elle se compose de deux grands volets :<\/p>\n\n\n\n<ul class=\"wp-block-list\">\n<li><strong>La connaissance de soi comme apprenant<\/strong> (ce que je sais de mes forces, de mes difficult\u00e9s, des t\u00e2ches et des strat\u00e9gies).<\/li>\n\n\n\n<li><strong>La r\u00e9gulation<\/strong> (planifier, surveiller, ajuster son action en cours d&rsquo;apprentissage).<\/li>\n<\/ul>\n\n\n\n<p>Un\u00b7e \u00e9l\u00e8ve m\u00e9tacognitif est capable de se poser les bonnes questions : <em>\u00ab\u00a0Comment je vais m&rsquo;y prendre ? Est-ce que \u00e7a fonctionne ? Que puis-je changer ?\u00a0\u00bb<\/em><\/p>\n\n\n\n<p>Favoriser la m\u00e9tacognition, c&rsquo;est aider les \u00e9l\u00e8ves \u00e0 devenir acteurs et actrices de leurs apprentissages, \u00e0 gagner en autonomie, et \u00e0 construire un sentiment de comp\u00e9tence durable.<\/p>\n\n\n\n\n\n<hr class=\"wp-block-separator has-alpha-channel-opacity\"\/>\n\n\n\n<h2 class=\"wp-block-heading\">Les fonctions ex\u00e9cutives : chef d&rsquo;orchestre du cerveau<\/h2>\n\n\n\n<p>Les fonctions ex\u00e9cutives sont des processus cognitifs de haut niveau. Elles nous permettent de nous organiser, de r\u00e9sister \u00e0 l&rsquo;impulsion, de garder en m\u00e9moire les \u00e9tapes d&rsquo;une t\u00e2che, et de rester concentr\u00e9\u00b7e.<\/p>\n\n\n\n<p>Parmi les plus importantes :<\/p>\n\n\n\n<ul class=\"wp-block-list\">\n<li><strong>La m\u00e9moire de travail<\/strong><\/li>\n\n\n\n<li><strong>L&rsquo;inhibition<\/strong> (contr\u00f4le de l&rsquo;impulsivit\u00e9)<\/li>\n\n\n\n<li><strong>La flexibilit\u00e9 cognitive<\/strong> (capacit\u00e9 \u00e0 changer de strat\u00e9gie)<\/li>\n\n\n\n<li><strong>La planification et l&rsquo;organisation<\/strong><\/li>\n<\/ul>\n\n\n\n<p>Quand ces fonctions sont fragiles, l&rsquo;\u00e9l\u00e8ve peut vite se sentir submerg\u00e9\u00b7e, perdu\u00b7e, ou incapable de terminer une t\u00e2che. C&rsquo;est l\u00e0 que la compensation p\u00e9dagogique prend tout son sens : am\u00e9nager les consignes, proposer des supports visuels, donner un cadre clair.<\/p>\n\n\n\n<hr class=\"wp-block-separator has-alpha-channel-opacity\"\/>\n\n\n\n<h2 class=\"wp-block-heading\">All\u00e9ger la charge cognitive pour mieux apprendre<\/h2>\n\n\n\n<p>La charge cognitive correspond \u00e0 la quantit\u00e9 d&rsquo;informations que notre cerveau peut traiter \u00e0 un instant T. Elle est influenc\u00e9e par la complexit\u00e9 de la t\u00e2che, les connaissances ant\u00e9rieures de l&rsquo;apprenant, l&rsquo;environnement, et les supports utilis\u00e9s.<\/p>\n\n\n\n<p>Trop de sollicitations simultan\u00e9es saturent la charge cognitive et nuisent \u00e0 l&rsquo;apprentissage. Pour y rem\u00e9dier, tu peux :<\/p>\n\n\n\n<ul class=\"wp-block-list\">\n<li>Simplifier les consignes<\/li>\n\n\n\n<li>Fractionner les \u00e9tapes<\/li>\n\n\n\n<li>Utiliser des pictogrammes ou des couleurs<\/li>\n\n\n\n<li>R\u00e9duire le bruit visuel ou sonore<\/li>\n<\/ul>\n\n\n\n<p>Cela ne signifie pas niveler par le bas, mais <strong>adapter pour mieux faire monter en comp\u00e9tence<\/strong>.<\/p>\n\n\n\n<hr class=\"wp-block-separator has-alpha-channel-opacity\"\/>\n\n\n\n<h2 class=\"wp-block-heading\">Des strat\u00e9gies p\u00e9dagogiques concr\u00e8tes pour accompagner les apprentissages<\/h2>\n\n\n\n<p>Voici quelques pistes directement utilisables en classe ou en accompagnement :<\/p>\n\n\n\n<ul class=\"wp-block-list\">\n<li>Proposer des temps de verbalisation sur les strat\u00e9gies utilis\u00e9es : <em>\u00ab\u00a0Comment t&rsquo;y es-tu pris ? Qu&rsquo;est-ce qui t&rsquo;a aid\u00e9 ?\u00a0\u00bb<\/em><\/li>\n\n\n\n<li>Construire des routines cognitives : check-list avant une t\u00e2che, autocontr\u00f4le \u00e0 la fin, grille d&rsquo;auto-\u00e9valuation.<\/li>\n\n\n\n<li>Mettre en place des outils de compensation p\u00e9dagogique (cartes mentales, organisateurs graphiques, pense-b\u00eates).<\/li>\n\n\n\n<li>Expliciter les objectifs et les crit\u00e8res de r\u00e9ussite.<\/li>\n\n\n\n<li>Soutenir l&rsquo;attention avec des pauses actives, des supports vari\u00e9s et une organisation spatiale claire.<\/li>\n<\/ul>\n\n\n\n<hr class=\"wp-block-separator has-alpha-channel-opacity\"\/>\n\n\n\n<h2 class=\"wp-block-heading\">En conclusion : penser l&rsquo;apprentissage autrement<\/h2>\n\n\n\n<p>Apprendre, ce n&rsquo;est pas seulement empiler des connaissances. C&rsquo;est savoir mobiliser ses ressources internes, g\u00e9rer ses efforts, choisir des strat\u00e9gies efficaces.<\/p>\n\n\n\n<p>En tant qu&rsquo;enseignant\u00b7e, parent, AESH ou professionnel\u00b7le de l&rsquo;accompagnement, tu as un r\u00f4le cl\u00e9 pour rendre ces processus visibles, les soutenir, et les renforcer.<\/p>\n\n\n\n<p>En t&rsquo;appuyant sur la m\u00e9tacognition, les fonctions ex\u00e9cutives et la charge cognitive, tu ouvres la voie \u00e0 une p\u00e9dagogie plus inclusive, plus fine, plus efficace.<\/p>\n\n\n\n\n\n<p>\ud83d\udc49 Pour aller plus loin, tu peux consulter mes ressources sur la m\u00e9tacognition ou t&rsquo;inscrire \u00e0 ma newsletter pour recevoir des outils concrets chaque semaine.<\/p>\n","protected":false},"excerpt":{"rendered":"<p>Et si on d\u00e9cortiquait enfin ce qui se joue dans la t\u00eate d&rsquo;un\u00b7e \u00e9l\u00e8ve quand il ou elle apprend ? Pas seulement ce qu&rsquo;on voit en classe, mais les processus invisibles, internes, qui influencent la compr\u00e9hension, la m\u00e9morisation, et l&rsquo;autonomie. C&rsquo;est l\u00e0 que m\u00e8nent trois notions cl\u00e9s : la m\u00e9tacognition, les fonctions ex\u00e9cutives et la&hellip;&nbsp;<a href=\"https:\/\/audreydelaforge.com\/index.php\/2025\/05\/17\/mieux-accompagner-les-apprentissages-le-trio-gagnant-metacognition-fonctions-executives-et-charge-cognitive\/\" rel=\"bookmark\">Lire la suite &raquo;<span class=\"screen-reader-text\">Mieux accompagner les apprentissages : le trio gagnant m\u00e9tacognition, fonctions ex\u00e9cutives et charge cognitive<\/span><\/a><\/p>\n","protected":false},"author":1,"featured_media":1385,"comment_status":"closed","ping_status":"open","sticky":false,"template":"","format":"standard","meta":{"om_disable_all_campaigns":false,"neve_meta_sidebar":"","neve_meta_container":"","neve_meta_enable_content_width":"","neve_meta_content_width":0,"neve_meta_title_alignment":"","neve_meta_author_avatar":"","neve_post_elements_order":"","neve_meta_disable_header":"","neve_meta_disable_footer":"","neve_meta_disable_title":"","footnotes":""},"categories":[26],"tags":[],"class_list":["post-1383","post","type-post","status-publish","format-standard","has-post-thumbnail","hentry","category-fiche-pratique"],"yoast_head":"<!-- This site is optimized with the Yoast SEO plugin v27.5 - https:\/\/yoast.com\/product\/yoast-seo-wordpress\/ -->\n<title>Mieux accompagner les apprentissages : le trio gagnant m\u00e9tacognition, fonctions ex\u00e9cutives et charge cognitive ~ Audrey Delaforge, Orthop\u00e9dagogue<\/title>\n<meta name=\"description\" content=\"D\u00e9couvre comment la m\u00e9tacognition, les fonctions ex\u00e9cutives et la charge cognitive permettent de mieux accompagner les apprentissages. Strat\u00e9gies p\u00e9dagogiques et compensations concr\u00e8tes \u00e0 l\u2019appui.\" \/>\n<meta name=\"robots\" content=\"index, follow, max-snippet:-1, max-image-preview:large, max-video-preview:-1\" \/>\n<link rel=\"canonical\" href=\"https:\/\/audreydelaforge.com\/index.php\/2025\/05\/17\/mieux-accompagner-les-apprentissages-le-trio-gagnant-metacognition-fonctions-executives-et-charge-cognitive\/\" \/>\n<meta property=\"og:locale\" content=\"fr_FR\" \/>\n<meta property=\"og:type\" content=\"article\" \/>\n<meta property=\"og:title\" content=\"Mieux accompagner les apprentissages : le trio gagnant m\u00e9tacognition, fonctions ex\u00e9cutives et charge cognitive ~ Audrey Delaforge, Orthop\u00e9dagogue\" \/>\n<meta property=\"og:description\" content=\"D\u00e9couvre comment la m\u00e9tacognition, les fonctions ex\u00e9cutives et la charge cognitive permettent de mieux accompagner les apprentissages. Strat\u00e9gies p\u00e9dagogiques et compensations concr\u00e8tes \u00e0 l\u2019appui.\" \/>\n<meta property=\"og:url\" content=\"https:\/\/audreydelaforge.com\/index.php\/2025\/05\/17\/mieux-accompagner-les-apprentissages-le-trio-gagnant-metacognition-fonctions-executives-et-charge-cognitive\/\" \/>\n<meta property=\"og:site_name\" content=\"Audrey Delaforge, Orthop\u00e9dagogue\" \/>\n<meta property=\"article:publisher\" content=\"https:\/\/www.facebook.com\/audreycateldelaforge\" \/>\n<meta property=\"article:published_time\" content=\"2025-05-17T08:06:00+00:00\" \/>\n<meta property=\"og:image\" content=\"https:\/\/audreydelaforge.com\/wp-content\/uploads\/2025\/05\/ChatGPT-Image-17-mai-2025-07_59_10-1.png\" \/>\n\t<meta property=\"og:image:width\" content=\"1024\" \/>\n\t<meta property=\"og:image:height\" content=\"683\" \/>\n\t<meta property=\"og:image:type\" content=\"image\/png\" \/>\n<meta name=\"author\" content=\"audrey.catel.delaforge@gmail.com\" \/>\n<meta name=\"twitter:card\" content=\"summary_large_image\" \/>\n<meta name=\"twitter:label1\" content=\"\u00c9crit par\" \/>\n\t<meta name=\"twitter:data1\" content=\"audrey.catel.delaforge@gmail.com\" \/>\n\t<meta name=\"twitter:label2\" content=\"Dur\u00e9e de lecture estim\u00e9e\" \/>\n\t<meta name=\"twitter:data2\" content=\"3 minutes\" \/>\n<script type=\"application\/ld+json\" class=\"yoast-schema-graph\">{\"@context\":\"https:\\\/\\\/schema.org\",\"@graph\":[{\"@type\":\"Article\",\"@id\":\"https:\\\/\\\/audreydelaforge.com\\\/index.php\\\/2025\\\/05\\\/17\\\/mieux-accompagner-les-apprentissages-le-trio-gagnant-metacognition-fonctions-executives-et-charge-cognitive\\\/#article\",\"isPartOf\":{\"@id\":\"https:\\\/\\\/audreydelaforge.com\\\/index.php\\\/2025\\\/05\\\/17\\\/mieux-accompagner-les-apprentissages-le-trio-gagnant-metacognition-fonctions-executives-et-charge-cognitive\\\/\"},\"author\":{\"name\":\"audrey.catel.delaforge@gmail.com\",\"@id\":\"https:\\\/\\\/audreydelaforge.com\\\/#\\\/schema\\\/person\\\/b44bccc3f328e9802afbab74bb74495d\"},\"headline\":\"Mieux accompagner les apprentissages : le trio gagnant m\u00e9tacognition, fonctions ex\u00e9cutives et charge cognitive\",\"datePublished\":\"2025-05-17T08:06:00+00:00\",\"mainEntityOfPage\":{\"@id\":\"https:\\\/\\\/audreydelaforge.com\\\/index.php\\\/2025\\\/05\\\/17\\\/mieux-accompagner-les-apprentissages-le-trio-gagnant-metacognition-fonctions-executives-et-charge-cognitive\\\/\"},\"wordCount\":670,\"publisher\":{\"@id\":\"https:\\\/\\\/audreydelaforge.com\\\/#organization\"},\"image\":{\"@id\":\"https:\\\/\\\/audreydelaforge.com\\\/index.php\\\/2025\\\/05\\\/17\\\/mieux-accompagner-les-apprentissages-le-trio-gagnant-metacognition-fonctions-executives-et-charge-cognitive\\\/#primaryimage\"},\"thumbnailUrl\":\"https:\\\/\\\/audreydelaforge.com\\\/wp-content\\\/uploads\\\/2025\\\/05\\\/ChatGPT-Image-17-mai-2025-07_59_10-1.png\",\"articleSection\":[\"fiche pratique\"],\"inLanguage\":\"fr-FR\"},{\"@type\":\"WebPage\",\"@id\":\"https:\\\/\\\/audreydelaforge.com\\\/index.php\\\/2025\\\/05\\\/17\\\/mieux-accompagner-les-apprentissages-le-trio-gagnant-metacognition-fonctions-executives-et-charge-cognitive\\\/\",\"url\":\"https:\\\/\\\/audreydelaforge.com\\\/index.php\\\/2025\\\/05\\\/17\\\/mieux-accompagner-les-apprentissages-le-trio-gagnant-metacognition-fonctions-executives-et-charge-cognitive\\\/\",\"name\":\"Mieux accompagner les apprentissages : le trio gagnant m\u00e9tacognition, fonctions ex\u00e9cutives et charge cognitive ~ Audrey Delaforge, Orthop\u00e9dagogue\",\"isPartOf\":{\"@id\":\"https:\\\/\\\/audreydelaforge.com\\\/#website\"},\"primaryImageOfPage\":{\"@id\":\"https:\\\/\\\/audreydelaforge.com\\\/index.php\\\/2025\\\/05\\\/17\\\/mieux-accompagner-les-apprentissages-le-trio-gagnant-metacognition-fonctions-executives-et-charge-cognitive\\\/#primaryimage\"},\"image\":{\"@id\":\"https:\\\/\\\/audreydelaforge.com\\\/index.php\\\/2025\\\/05\\\/17\\\/mieux-accompagner-les-apprentissages-le-trio-gagnant-metacognition-fonctions-executives-et-charge-cognitive\\\/#primaryimage\"},\"thumbnailUrl\":\"https:\\\/\\\/audreydelaforge.com\\\/wp-content\\\/uploads\\\/2025\\\/05\\\/ChatGPT-Image-17-mai-2025-07_59_10-1.png\",\"datePublished\":\"2025-05-17T08:06:00+00:00\",\"description\":\"D\u00e9couvre comment la m\u00e9tacognition, les fonctions ex\u00e9cutives et la charge cognitive permettent de mieux accompagner les apprentissages. Strat\u00e9gies p\u00e9dagogiques et compensations concr\u00e8tes \u00e0 l\u2019appui.\",\"breadcrumb\":{\"@id\":\"https:\\\/\\\/audreydelaforge.com\\\/index.php\\\/2025\\\/05\\\/17\\\/mieux-accompagner-les-apprentissages-le-trio-gagnant-metacognition-fonctions-executives-et-charge-cognitive\\\/#breadcrumb\"},\"inLanguage\":\"fr-FR\",\"potentialAction\":[{\"@type\":\"ReadAction\",\"target\":[\"https:\\\/\\\/audreydelaforge.com\\\/index.php\\\/2025\\\/05\\\/17\\\/mieux-accompagner-les-apprentissages-le-trio-gagnant-metacognition-fonctions-executives-et-charge-cognitive\\\/\"]}]},{\"@type\":\"ImageObject\",\"inLanguage\":\"fr-FR\",\"@id\":\"https:\\\/\\\/audreydelaforge.com\\\/index.php\\\/2025\\\/05\\\/17\\\/mieux-accompagner-les-apprentissages-le-trio-gagnant-metacognition-fonctions-executives-et-charge-cognitive\\\/#primaryimage\",\"url\":\"https:\\\/\\\/audreydelaforge.com\\\/wp-content\\\/uploads\\\/2025\\\/05\\\/ChatGPT-Image-17-mai-2025-07_59_10-1.png\",\"contentUrl\":\"https:\\\/\\\/audreydelaforge.com\\\/wp-content\\\/uploads\\\/2025\\\/05\\\/ChatGPT-Image-17-mai-2025-07_59_10-1.png\",\"width\":1536,\"height\":1024},{\"@type\":\"BreadcrumbList\",\"@id\":\"https:\\\/\\\/audreydelaforge.com\\\/index.php\\\/2025\\\/05\\\/17\\\/mieux-accompagner-les-apprentissages-le-trio-gagnant-metacognition-fonctions-executives-et-charge-cognitive\\\/#breadcrumb\",\"itemListElement\":[{\"@type\":\"ListItem\",\"position\":1,\"name\":\"Accueil\",\"item\":\"https:\\\/\\\/audreydelaforge.com\\\/\"},{\"@type\":\"ListItem\",\"position\":2,\"name\":\"Mieux accompagner les apprentissages : le trio gagnant m\u00e9tacognition, fonctions ex\u00e9cutives et charge cognitive\"}]},{\"@type\":\"WebSite\",\"@id\":\"https:\\\/\\\/audreydelaforge.com\\\/#website\",\"url\":\"https:\\\/\\\/audreydelaforge.com\\\/\",\"name\":\"Audrey Delaforge, Orthop\u00e9dagogue\",\"description\":\"L&#039;apprenant au centre du savoir\",\"publisher\":{\"@id\":\"https:\\\/\\\/audreydelaforge.com\\\/#organization\"},\"potentialAction\":[{\"@type\":\"SearchAction\",\"target\":{\"@type\":\"EntryPoint\",\"urlTemplate\":\"https:\\\/\\\/audreydelaforge.com\\\/?s={search_term_string}\"},\"query-input\":{\"@type\":\"PropertyValueSpecification\",\"valueRequired\":true,\"valueName\":\"search_term_string\"}}],\"inLanguage\":\"fr-FR\"},{\"@type\":\"Organization\",\"@id\":\"https:\\\/\\\/audreydelaforge.com\\\/#organization\",\"name\":\"Audrey Delaforge, Orthop\u00e9dagogue\",\"url\":\"https:\\\/\\\/audreydelaforge.com\\\/\",\"logo\":{\"@type\":\"ImageObject\",\"inLanguage\":\"fr-FR\",\"@id\":\"https:\\\/\\\/audreydelaforge.com\\\/#\\\/schema\\\/logo\\\/image\\\/\",\"url\":\"https:\\\/\\\/audreydelaforge.com\\\/wp-content\\\/uploads\\\/2022\\\/06\\\/Logo-orange-noir-avec-Audrey-1.png\",\"contentUrl\":\"https:\\\/\\\/audreydelaforge.com\\\/wp-content\\\/uploads\\\/2022\\\/06\\\/Logo-orange-noir-avec-Audrey-1.png\",\"width\":500,\"height\":500,\"caption\":\"Audrey Delaforge, Orthop\u00e9dagogue\"},\"image\":{\"@id\":\"https:\\\/\\\/audreydelaforge.com\\\/#\\\/schema\\\/logo\\\/image\\\/\"},\"sameAs\":[\"https:\\\/\\\/www.facebook.com\\\/audreycateldelaforge\",\"https:\\\/\\\/www.linkedin.com\\\/in\\\/audrey-catel-delaforge\",\"https:\\\/\\\/www.instagram.com\\\/audrey_delaforge\\\/\"]},{\"@type\":\"Person\",\"@id\":\"https:\\\/\\\/audreydelaforge.com\\\/#\\\/schema\\\/person\\\/b44bccc3f328e9802afbab74bb74495d\",\"name\":\"audrey.catel.delaforge@gmail.com\",\"image\":{\"@type\":\"ImageObject\",\"inLanguage\":\"fr-FR\",\"@id\":\"https:\\\/\\\/secure.gravatar.com\\\/avatar\\\/6d2d46023ee8ab957213dcdb0ea8dc964f367c205b281a7f789f0eb314dfafbf?s=96&d=mm&r=g\",\"url\":\"https:\\\/\\\/secure.gravatar.com\\\/avatar\\\/6d2d46023ee8ab957213dcdb0ea8dc964f367c205b281a7f789f0eb314dfafbf?s=96&d=mm&r=g\",\"contentUrl\":\"https:\\\/\\\/secure.gravatar.com\\\/avatar\\\/6d2d46023ee8ab957213dcdb0ea8dc964f367c205b281a7f789f0eb314dfafbf?s=96&d=mm&r=g\",\"caption\":\"audrey.catel.delaforge@gmail.com\"},\"sameAs\":[\"http:\\\/\\\/audreydelaforge.com\"],\"url\":\"https:\\\/\\\/audreydelaforge.com\\\/index.php\\\/author\\\/audrey-catel-delaforgegmail-com\\\/\"}]}<\/script>\n<!-- \/ Yoast SEO plugin. -->","yoast_head_json":{"title":"Mieux accompagner les apprentissages : le trio gagnant m\u00e9tacognition, fonctions ex\u00e9cutives et charge cognitive ~ Audrey Delaforge, Orthop\u00e9dagogue","description":"D\u00e9couvre comment la m\u00e9tacognition, les fonctions ex\u00e9cutives et la charge cognitive permettent de mieux accompagner les apprentissages. Strat\u00e9gies p\u00e9dagogiques et compensations concr\u00e8tes \u00e0 l\u2019appui.","robots":{"index":"index","follow":"follow","max-snippet":"max-snippet:-1","max-image-preview":"max-image-preview:large","max-video-preview":"max-video-preview:-1"},"canonical":"https:\/\/audreydelaforge.com\/index.php\/2025\/05\/17\/mieux-accompagner-les-apprentissages-le-trio-gagnant-metacognition-fonctions-executives-et-charge-cognitive\/","og_locale":"fr_FR","og_type":"article","og_title":"Mieux accompagner les apprentissages : le trio gagnant m\u00e9tacognition, fonctions ex\u00e9cutives et charge cognitive ~ Audrey Delaforge, Orthop\u00e9dagogue","og_description":"D\u00e9couvre comment la m\u00e9tacognition, les fonctions ex\u00e9cutives et la charge cognitive permettent de mieux accompagner les apprentissages. Strat\u00e9gies p\u00e9dagogiques et compensations concr\u00e8tes \u00e0 l\u2019appui.","og_url":"https:\/\/audreydelaforge.com\/index.php\/2025\/05\/17\/mieux-accompagner-les-apprentissages-le-trio-gagnant-metacognition-fonctions-executives-et-charge-cognitive\/","og_site_name":"Audrey Delaforge, Orthop\u00e9dagogue","article_publisher":"https:\/\/www.facebook.com\/audreycateldelaforge","article_published_time":"2025-05-17T08:06:00+00:00","og_image":[{"url":"https:\/\/audreydelaforge.com\/wp-content\/uploads\/2025\/05\/ChatGPT-Image-17-mai-2025-07_59_10-1.png","width":1024,"height":683,"type":"image\/png"}],"author":"audrey.catel.delaforge@gmail.com","twitter_card":"summary_large_image","twitter_misc":{"\u00c9crit par":"audrey.catel.delaforge@gmail.com","Dur\u00e9e de lecture estim\u00e9e":"3 minutes"},"schema":{"@context":"https:\/\/schema.org","@graph":[{"@type":"Article","@id":"https:\/\/audreydelaforge.com\/index.php\/2025\/05\/17\/mieux-accompagner-les-apprentissages-le-trio-gagnant-metacognition-fonctions-executives-et-charge-cognitive\/#article","isPartOf":{"@id":"https:\/\/audreydelaforge.com\/index.php\/2025\/05\/17\/mieux-accompagner-les-apprentissages-le-trio-gagnant-metacognition-fonctions-executives-et-charge-cognitive\/"},"author":{"name":"audrey.catel.delaforge@gmail.com","@id":"https:\/\/audreydelaforge.com\/#\/schema\/person\/b44bccc3f328e9802afbab74bb74495d"},"headline":"Mieux accompagner les apprentissages : le trio gagnant m\u00e9tacognition, fonctions ex\u00e9cutives et charge cognitive","datePublished":"2025-05-17T08:06:00+00:00","mainEntityOfPage":{"@id":"https:\/\/audreydelaforge.com\/index.php\/2025\/05\/17\/mieux-accompagner-les-apprentissages-le-trio-gagnant-metacognition-fonctions-executives-et-charge-cognitive\/"},"wordCount":670,"publisher":{"@id":"https:\/\/audreydelaforge.com\/#organization"},"image":{"@id":"https:\/\/audreydelaforge.com\/index.php\/2025\/05\/17\/mieux-accompagner-les-apprentissages-le-trio-gagnant-metacognition-fonctions-executives-et-charge-cognitive\/#primaryimage"},"thumbnailUrl":"https:\/\/audreydelaforge.com\/wp-content\/uploads\/2025\/05\/ChatGPT-Image-17-mai-2025-07_59_10-1.png","articleSection":["fiche pratique"],"inLanguage":"fr-FR"},{"@type":"WebPage","@id":"https:\/\/audreydelaforge.com\/index.php\/2025\/05\/17\/mieux-accompagner-les-apprentissages-le-trio-gagnant-metacognition-fonctions-executives-et-charge-cognitive\/","url":"https:\/\/audreydelaforge.com\/index.php\/2025\/05\/17\/mieux-accompagner-les-apprentissages-le-trio-gagnant-metacognition-fonctions-executives-et-charge-cognitive\/","name":"Mieux accompagner les apprentissages : le trio gagnant m\u00e9tacognition, fonctions ex\u00e9cutives et charge cognitive ~ Audrey Delaforge, Orthop\u00e9dagogue","isPartOf":{"@id":"https:\/\/audreydelaforge.com\/#website"},"primaryImageOfPage":{"@id":"https:\/\/audreydelaforge.com\/index.php\/2025\/05\/17\/mieux-accompagner-les-apprentissages-le-trio-gagnant-metacognition-fonctions-executives-et-charge-cognitive\/#primaryimage"},"image":{"@id":"https:\/\/audreydelaforge.com\/index.php\/2025\/05\/17\/mieux-accompagner-les-apprentissages-le-trio-gagnant-metacognition-fonctions-executives-et-charge-cognitive\/#primaryimage"},"thumbnailUrl":"https:\/\/audreydelaforge.com\/wp-content\/uploads\/2025\/05\/ChatGPT-Image-17-mai-2025-07_59_10-1.png","datePublished":"2025-05-17T08:06:00+00:00","description":"D\u00e9couvre comment la m\u00e9tacognition, les fonctions ex\u00e9cutives et la charge cognitive permettent de mieux accompagner les apprentissages. Strat\u00e9gies p\u00e9dagogiques et compensations concr\u00e8tes \u00e0 l\u2019appui.","breadcrumb":{"@id":"https:\/\/audreydelaforge.com\/index.php\/2025\/05\/17\/mieux-accompagner-les-apprentissages-le-trio-gagnant-metacognition-fonctions-executives-et-charge-cognitive\/#breadcrumb"},"inLanguage":"fr-FR","potentialAction":[{"@type":"ReadAction","target":["https:\/\/audreydelaforge.com\/index.php\/2025\/05\/17\/mieux-accompagner-les-apprentissages-le-trio-gagnant-metacognition-fonctions-executives-et-charge-cognitive\/"]}]},{"@type":"ImageObject","inLanguage":"fr-FR","@id":"https:\/\/audreydelaforge.com\/index.php\/2025\/05\/17\/mieux-accompagner-les-apprentissages-le-trio-gagnant-metacognition-fonctions-executives-et-charge-cognitive\/#primaryimage","url":"https:\/\/audreydelaforge.com\/wp-content\/uploads\/2025\/05\/ChatGPT-Image-17-mai-2025-07_59_10-1.png","contentUrl":"https:\/\/audreydelaforge.com\/wp-content\/uploads\/2025\/05\/ChatGPT-Image-17-mai-2025-07_59_10-1.png","width":1536,"height":1024},{"@type":"BreadcrumbList","@id":"https:\/\/audreydelaforge.com\/index.php\/2025\/05\/17\/mieux-accompagner-les-apprentissages-le-trio-gagnant-metacognition-fonctions-executives-et-charge-cognitive\/#breadcrumb","itemListElement":[{"@type":"ListItem","position":1,"name":"Accueil","item":"https:\/\/audreydelaforge.com\/"},{"@type":"ListItem","position":2,"name":"Mieux accompagner les apprentissages : le trio gagnant m\u00e9tacognition, fonctions ex\u00e9cutives et charge cognitive"}]},{"@type":"WebSite","@id":"https:\/\/audreydelaforge.com\/#website","url":"https:\/\/audreydelaforge.com\/","name":"Audrey Delaforge, Orthop\u00e9dagogue","description":"L&#039;apprenant au centre du savoir","publisher":{"@id":"https:\/\/audreydelaforge.com\/#organization"},"potentialAction":[{"@type":"SearchAction","target":{"@type":"EntryPoint","urlTemplate":"https:\/\/audreydelaforge.com\/?s={search_term_string}"},"query-input":{"@type":"PropertyValueSpecification","valueRequired":true,"valueName":"search_term_string"}}],"inLanguage":"fr-FR"},{"@type":"Organization","@id":"https:\/\/audreydelaforge.com\/#organization","name":"Audrey Delaforge, Orthop\u00e9dagogue","url":"https:\/\/audreydelaforge.com\/","logo":{"@type":"ImageObject","inLanguage":"fr-FR","@id":"https:\/\/audreydelaforge.com\/#\/schema\/logo\/image\/","url":"https:\/\/audreydelaforge.com\/wp-content\/uploads\/2022\/06\/Logo-orange-noir-avec-Audrey-1.png","contentUrl":"https:\/\/audreydelaforge.com\/wp-content\/uploads\/2022\/06\/Logo-orange-noir-avec-Audrey-1.png","width":500,"height":500,"caption":"Audrey Delaforge, Orthop\u00e9dagogue"},"image":{"@id":"https:\/\/audreydelaforge.com\/#\/schema\/logo\/image\/"},"sameAs":["https:\/\/www.facebook.com\/audreycateldelaforge","https:\/\/www.linkedin.com\/in\/audrey-catel-delaforge","https:\/\/www.instagram.com\/audrey_delaforge\/"]},{"@type":"Person","@id":"https:\/\/audreydelaforge.com\/#\/schema\/person\/b44bccc3f328e9802afbab74bb74495d","name":"audrey.catel.delaforge@gmail.com","image":{"@type":"ImageObject","inLanguage":"fr-FR","@id":"https:\/\/secure.gravatar.com\/avatar\/6d2d46023ee8ab957213dcdb0ea8dc964f367c205b281a7f789f0eb314dfafbf?s=96&d=mm&r=g","url":"https:\/\/secure.gravatar.com\/avatar\/6d2d46023ee8ab957213dcdb0ea8dc964f367c205b281a7f789f0eb314dfafbf?s=96&d=mm&r=g","contentUrl":"https:\/\/secure.gravatar.com\/avatar\/6d2d46023ee8ab957213dcdb0ea8dc964f367c205b281a7f789f0eb314dfafbf?s=96&d=mm&r=g","caption":"audrey.catel.delaforge@gmail.com"},"sameAs":["http:\/\/audreydelaforge.com"],"url":"https:\/\/audreydelaforge.com\/index.php\/author\/audrey-catel-delaforgegmail-com\/"}]}},"_links":{"self":[{"href":"https:\/\/audreydelaforge.com\/index.php\/wp-json\/wp\/v2\/posts\/1383","targetHints":{"allow":["GET"]}}],"collection":[{"href":"https:\/\/audreydelaforge.com\/index.php\/wp-json\/wp\/v2\/posts"}],"about":[{"href":"https:\/\/audreydelaforge.com\/index.php\/wp-json\/wp\/v2\/types\/post"}],"author":[{"embeddable":true,"href":"https:\/\/audreydelaforge.com\/index.php\/wp-json\/wp\/v2\/users\/1"}],"replies":[{"embeddable":true,"href":"https:\/\/audreydelaforge.com\/index.php\/wp-json\/wp\/v2\/comments?post=1383"}],"version-history":[{"count":0,"href":"https:\/\/audreydelaforge.com\/index.php\/wp-json\/wp\/v2\/posts\/1383\/revisions"}],"wp:featuredmedia":[{"embeddable":true,"href":"https:\/\/audreydelaforge.com\/index.php\/wp-json\/wp\/v2\/media\/1385"}],"wp:attachment":[{"href":"https:\/\/audreydelaforge.com\/index.php\/wp-json\/wp\/v2\/media?parent=1383"}],"wp:term":[{"taxonomy":"category","embeddable":true,"href":"https:\/\/audreydelaforge.com\/index.php\/wp-json\/wp\/v2\/categories?post=1383"},{"taxonomy":"post_tag","embeddable":true,"href":"https:\/\/audreydelaforge.com\/index.php\/wp-json\/wp\/v2\/tags?post=1383"}],"curies":[{"name":"wp","href":"https:\/\/api.w.org\/{rel}","templated":true}]}}