{"id":1445,"date":"2025-05-29T08:39:04","date_gmt":"2025-05-29T08:39:04","guid":{"rendered":"https:\/\/audreydelaforge.com\/?p=1445"},"modified":"2025-05-29T08:39:06","modified_gmt":"2025-05-29T08:39:06","slug":"comprendre-le-tdah-sortir-des-idees-recues-mieux-accompagner","status":"publish","type":"post","link":"https:\/\/audreydelaforge.com\/index.php\/2025\/05\/29\/comprendre-le-tdah-sortir-des-idees-recues-mieux-accompagner\/","title":{"rendered":"Comprendre le TDAH : sortir des id\u00e9es re\u00e7ues, mieux accompagner"},"content":{"rendered":"\n<p><em>\u00ab\u00a0Il a la t\u00eate ailleurs.\u00a0\u00bb<\/em><br><em>\u00ab\u00a0Elle ne tient pas en place.\u00a0\u00bb<\/em><br><em>\u00ab\u00a0S\u2019il faisait un peu plus d\u2019efforts, il y arriverait.\u00a0\u00bb<\/em><\/p>\n\n\n\n<p>Tu as d\u00e9j\u00e0 entendu ces phrases ? Peut-\u00eatre m\u00eame les as-tu pens\u00e9es face \u00e0 un \u00e9l\u00e8ve, ton enfant, ou toi-m\u00eame.<\/p>\n\n\n\n<p>Le <strong>trouble du d\u00e9ficit de l\u2019attention avec ou sans hyperactivit\u00e9 (TDAH)<\/strong> reste aujourd\u2019hui l\u2019un des troubles neurod\u00e9veloppementaux les plus mal compris. Il est souvent r\u00e9duit \u00e0 des comportements jug\u00e9s \u00ab\u00a0perturbateurs\u00a0\u00bb, et associ\u00e9 \u2013 \u00e0 tort \u2013 \u00e0 un manque d\u2019\u00e9ducation ou de volont\u00e9.<\/p>\n\n\n\n<p>\ud83e\udded Ce mois-ci, j\u2019ouvre sur mon site un <strong>Mois Sp\u00e9cial TDAH<\/strong>, pour t\u2019informer, t\u2019outiller, et t\u2019inspirer. Et je commence avec un article essentiel : <strong>comprendre vraiment ce qu\u2019est le TDAH, pour mieux accompagner au quotidien.<\/strong><\/p>\n\n\n\n<hr class=\"wp-block-separator has-alpha-channel-opacity\"\/>\n\n\n\n<h2 class=\"wp-block-heading\">Ce qu\u2019est (et n\u2019est pas) le TDAH<\/h2>\n\n\n\n<p>Le <strong>TDAH<\/strong> n\u2019est pas un choix de comportement. C\u2019est un <strong>trouble neurod\u00e9veloppemental<\/strong> : un fonctionnement sp\u00e9cifique du cerveau, qui impacte trois grandes sph\u00e8res :<\/p>\n\n\n\n<ul class=\"wp-block-list\">\n<li><strong>l\u2019attention<\/strong> (inconstante, distraite ou hyperfocalis\u00e9e),<\/li>\n\n\n\n<li><strong>l\u2019impulsivit\u00e9<\/strong> (difficult\u00e9 \u00e0 retenir une action ou une parole),<\/li>\n\n\n\n<li><strong>l\u2019agitation motrice<\/strong> (besoin de bouger, de manipuler, difficult\u00e9 \u00e0 rester en place).<\/li>\n<\/ul>\n\n\n\n<p>Ce n\u2019est :<\/p>\n\n\n\n<ul class=\"wp-block-list\">\n<li>\u274c ni un probl\u00e8me d\u2019\u00e9ducation,<\/li>\n\n\n\n<li>\u274c ni un manque de volont\u00e9,<\/li>\n\n\n\n<li>\u274c ni une mauvaise gestion parentale.<\/li>\n<\/ul>\n\n\n\n<p>\ud83d\udca1 <em>Exemple : un enfant TDAH peut \u00eatre capable de r\u00e9citer une le\u00e7on avec passion, mais incapable de recopier trois lignes sans se disperser. Ce n\u2019est pas de la paresse : c\u2019est une tension constante entre motivation, effort et autor\u00e9gulation.<\/em><\/p>\n\n\n\n<p>\ud83d\udc49 <strong>Mieux comprendre le TDAH<\/strong>, c\u2019est sortir du cadre du \u201cil devrait faire autrement\u201d pour entrer dans celui du \u201ccomment l\u2019aider \u00e0 faire autrement\u201d.<\/p>\n\n\n\n<hr class=\"wp-block-separator has-alpha-channel-opacity\"\/>\n\n\n\n<h2 class=\"wp-block-heading\">Pourquoi j\u2019ai \u00e9crit ce livre<\/h2>\n\n\n\n<p>Dans mes accompagnements d\u2019orthop\u00e9dagogue, je vois chaque semaine des parents inquiets, des enseignants d\u00e9munis, des adultes en qu\u00eate de sens.<\/p>\n\n\n\n<p>Le besoin est l\u00e0 : <strong>rendre le TDAH compr\u00e9hensible, humain et concret<\/strong>.<br>Pas dans un langage technique, mais avec des mots du quotidien. Pas dans un manuel, mais dans un carnet qu\u2019on ouvre quand on se sent d\u00e9pass\u00e9.<\/p>\n\n\n\n<p>\ud83c\udfaf Le <strong>Tome 1 de la s\u00e9rie \u201cComprendre le TDAH\u201d<\/strong> est n\u00e9 de cette envie.<\/p>\n\n\n\n<p>\ud83d\udcd8 Tu y trouveras :<\/p>\n\n\n\n<ul class=\"wp-block-list\">\n<li>une d\u00e9finition claire du TDAH,<\/li>\n\n\n\n<li>des id\u00e9es re\u00e7ues d\u00e9construites,<\/li>\n\n\n\n<li>des illustrations de situations r\u00e9elles,<\/li>\n\n\n\n<li>des pistes p\u00e9dagogiques pour ajuster ton regard et tes r\u00e9actions.<\/li>\n<\/ul>\n\n\n\n<p>\ud83d\udc49 D\u00e9couvre-le ici : <a class=\"\" href=\"https:\/\/audreydelaforge.com\/index.php\/comprendre-le-tdah-tome-1\/\">Tome 1 \u2013 Comprendre le TDAH<\/a><\/p>\n\n\n\n<figure class=\"wp-block-image size-full\"><img loading=\"lazy\" decoding=\"async\" width=\"320\" height=\"518\" src=\"https:\/\/audreydelaforge.com\/wp-content\/uploads\/2025\/05\/Screenshot-2025-05-27-19.08.22.png\" alt=\"\" class=\"wp-image-1446\" srcset=\"https:\/\/audreydelaforge.com\/wp-content\/uploads\/2025\/05\/Screenshot-2025-05-27-19.08.22.png 320w, https:\/\/audreydelaforge.com\/wp-content\/uploads\/2025\/05\/Screenshot-2025-05-27-19.08.22-185x300.png 185w\" sizes=\"auto, (max-width: 320px) 100vw, 320px\" \/><\/figure>\n\n\n\n<hr class=\"wp-block-separator has-alpha-channel-opacity\"\/>\n\n\n\n<h2 class=\"wp-block-heading\">\ud83c\udf81 Une offre sp\u00e9ciale jusqu\u2019au 30 juin 2025<\/h2>\n\n\n\n<p>Pour f\u00eater la sortie du livre et t&rsquo;encourager \u00e0 faire le premier pas vers un accompagnement adapt\u00e9, je t\u2019offre le <strong>Tome 1 en version PDF<\/strong> pour toute <strong>r\u00e9servation d\u2019un bilan TDAH<\/strong> avant le <strong>30 juin 2025<\/strong>.<\/p>\n\n\n\n<p>\ud83d\udccd R\u00e9serve ici :<\/p>\n\n\n\n<ul class=\"wp-block-list\">\n<li><a>Bilan TDAH enfant<\/a><\/li>\n\n\n\n<li><a>Bilan TDAH adulte<\/a><\/li>\n\n\n\n<li><a>Accompagnement parental<\/a><\/li>\n<\/ul>\n\n\n\n<p>C\u2019est le moment id\u00e9al pour faire le point, poser des mots, et repartir avec des rep\u00e8res utiles et bienveillants.<\/p>\n\n\n\n<figure class=\"wp-block-image size-full\"><img loading=\"lazy\" decoding=\"async\" width=\"1024\" height=\"1536\" src=\"https:\/\/audreydelaforge.com\/wp-content\/uploads\/2025\/05\/ChatGPT-Image-28-mai-2025-14_05_29-1.png\" alt=\"\" class=\"wp-image-1448\" srcset=\"https:\/\/audreydelaforge.com\/wp-content\/uploads\/2025\/05\/ChatGPT-Image-28-mai-2025-14_05_29-1.png 1024w, https:\/\/audreydelaforge.com\/wp-content\/uploads\/2025\/05\/ChatGPT-Image-28-mai-2025-14_05_29-1-200x300.png 200w\" sizes=\"auto, (max-width: 1024px) 100vw, 1024px\" \/><\/figure>\n\n\n\n<hr class=\"wp-block-separator has-alpha-channel-opacity\"\/>\n\n\n\n<h2 class=\"wp-block-heading\">Une p\u00e9dagogie au service de la compr\u00e9hension et de l\u2019estime de soi<\/h2>\n\n\n\n<p>Mon approche est fond\u00e9e sur trois piliers :<\/p>\n\n\n\n<p>\u2728 <strong>La clart\u00e9 p\u00e9dagogique<\/strong> \u2013 expliquer simplement des concepts parfois flous.<br>\u2728 <strong>La douceur relationnelle<\/strong> \u2013 accueillir les \u00e9motions, les d\u00e9couragements, sans jugement.<br>\u2728 <strong>L\u2019outillage concret<\/strong> \u2013 proposer des strat\u00e9gies ajust\u00e9es \u00e0 chaque profil.<\/p>\n\n\n\n<p>Je crois qu\u2019un bon accompagnement repose d\u2019abord sur <strong>un regard qui comprend et respecte<\/strong>, pas sur un protocole rigide. Chaque personne avec un TDAH est unique. Et chaque chemin d\u2019apprentissage peut \u00eatre apais\u00e9 avec les bons rep\u00e8res.<\/p>\n\n\n\n<hr class=\"wp-block-separator has-alpha-channel-opacity\"\/>\n\n\n\n<h2 class=\"wp-block-heading\">\ud83d\udcac FAQ \u2013 Questions fr\u00e9quentes sur le TDAH<\/h2>\n\n\n\n<h3 class=\"wp-block-heading\">Comment savoir si mon enfant a un TDAH ?<\/h3>\n\n\n\n<p>Le diagnostic passe par plusieurs \u00e9tapes : entretiens, questionnaires, tests d\u2019attention. Un bilan TDAH permet de clarifier les profils et de proposer des pistes adapt\u00e9es.<\/p>\n\n\n\n<h3 class=\"wp-block-heading\">Le TDAH dispara\u00eet-il \u00e0 l\u2019\u00e2ge adulte ?<\/h3>\n\n\n\n<p>Non, mais il \u00e9volue. Beaucoup d\u2019adultes apprennent \u00e0 compenser ou \u00e0 masquer leurs difficult\u00e9s. Le bilan peut les aider \u00e0 mieux comprendre leur parcours et \u00e0 ajuster leur quotidien.<\/p>\n\n\n\n<h3 class=\"wp-block-heading\">Mon enfant est tr\u00e8s r\u00eaveur, mais pas hyperactif. Peut-il avoir un TDAH ?<\/h3>\n\n\n\n<p>Oui. Il existe un <strong>TDAH dit \u00ab\u00a0inattentif\u00a0\u00bb<\/strong> (anciennement TDA sans H). Les enfants \u201cdans la lune\u201d en sont souvent porteurs, mais passent parfois inaper\u00e7us.<\/p>\n\n\n\n<hr class=\"wp-block-separator has-alpha-channel-opacity\"\/>\n\n\n\n<h2 class=\"wp-block-heading\">En conclusion : un mois pour voir autrement<\/h2>\n\n\n\n<p>\ud83c\udf3f Ce Mois Sp\u00e9cial TDAH est l\u2019occasion de ralentir, de r\u00e9fl\u00e9chir et de t\u2019informer autrement.<br>\ud83d\udcd6 T\u00e9l\u00e9charge le livre,<br>\ud83e\udde0 R\u00e9serve un bilan,<br>\ud83d\udcac Et suis les articles \u00e0 venir sur le blog et les r\u00e9seaux.<\/p>\n\n\n\n<p>Parce que <strong>mieux comprendre, c\u2019est d\u00e9j\u00e0 mieux accompagner<\/strong>. Et parfois, \u00e7a change tout.<\/p>\n\n\n","protected":false},"excerpt":{"rendered":"<p>\u00ab\u00a0Il a la t\u00eate ailleurs.\u00a0\u00bb\u00ab\u00a0Elle ne tient pas en place.\u00a0\u00bb\u00ab\u00a0S\u2019il faisait un peu plus d\u2019efforts, il y arriverait.\u00a0\u00bb Tu as d\u00e9j\u00e0 entendu ces phrases ? Peut-\u00eatre m\u00eame les as-tu pens\u00e9es face \u00e0 un \u00e9l\u00e8ve, ton enfant, ou toi-m\u00eame. Le trouble du d\u00e9ficit de l\u2019attention avec ou sans hyperactivit\u00e9 (TDAH) reste aujourd\u2019hui l\u2019un des troubles neurod\u00e9veloppementaux&hellip;&nbsp;<a href=\"https:\/\/audreydelaforge.com\/index.php\/2025\/05\/29\/comprendre-le-tdah-sortir-des-idees-recues-mieux-accompagner\/\" rel=\"bookmark\">Lire la suite &raquo;<span class=\"screen-reader-text\">Comprendre le TDAH : sortir des id\u00e9es re\u00e7ues, mieux accompagner<\/span><\/a><\/p>\n","protected":false},"author":1,"featured_media":1449,"comment_status":"closed","ping_status":"open","sticky":false,"template":"","format":"standard","meta":{"om_disable_all_campaigns":false,"neve_meta_sidebar":"","neve_meta_container":"","neve_meta_enable_content_width":"","neve_meta_content_width":0,"neve_meta_title_alignment":"","neve_meta_author_avatar":"","neve_post_elements_order":"","neve_meta_disable_header":"","neve_meta_disable_footer":"","neve_meta_disable_title":"","footnotes":""},"categories":[19],"tags":[],"class_list":["post-1445","post","type-post","status-publish","format-standard","has-post-thumbnail","hentry","category-orthopedagogie"],"yoast_head":"<!-- This site is optimized with the Yoast SEO plugin v27.5 - https:\/\/yoast.com\/product\/yoast-seo-wordpress\/ -->\n<title>Comprendre le TDAH : sortir des id\u00e9es re\u00e7ues, mieux accompagner ~ Audrey Delaforge, Orthop\u00e9dagogue Comprendre le TDAH : sortir des id\u00e9es re\u00e7ues pour mieux accompagner<\/title>\n<meta name=\"description\" content=\"D\u00e9couvre une vision claire et bienveillante du TDAH. Livre offert en PDF jusqu\u2019au 30 juin 2025 pour toute r\u00e9servation de bilan.\" \/>\n<meta name=\"robots\" content=\"index, follow, max-snippet:-1, max-image-preview:large, max-video-preview:-1\" \/>\n<link rel=\"canonical\" href=\"https:\/\/audreydelaforge.com\/index.php\/2025\/05\/29\/comprendre-le-tdah-sortir-des-idees-recues-mieux-accompagner\/\" \/>\n<meta property=\"og:locale\" content=\"fr_FR\" \/>\n<meta property=\"og:type\" content=\"article\" \/>\n<meta property=\"og:title\" content=\"Comprendre le TDAH : sortir des id\u00e9es re\u00e7ues, mieux accompagner ~ Audrey Delaforge, Orthop\u00e9dagogue Comprendre le TDAH : sortir des id\u00e9es re\u00e7ues pour mieux accompagner\" \/>\n<meta property=\"og:description\" content=\"D\u00e9couvre une vision claire et bienveillante du TDAH. Livre offert en PDF jusqu\u2019au 30 juin 2025 pour toute r\u00e9servation de bilan.\" \/>\n<meta property=\"og:url\" content=\"https:\/\/audreydelaforge.com\/index.php\/2025\/05\/29\/comprendre-le-tdah-sortir-des-idees-recues-mieux-accompagner\/\" \/>\n<meta property=\"og:site_name\" content=\"Audrey Delaforge, Orthop\u00e9dagogue\" \/>\n<meta property=\"article:publisher\" content=\"https:\/\/www.facebook.com\/audreycateldelaforge\" \/>\n<meta property=\"article:published_time\" content=\"2025-05-29T08:39:04+00:00\" \/>\n<meta property=\"article:modified_time\" content=\"2025-05-29T08:39:06+00:00\" \/>\n<meta property=\"og:image\" content=\"https:\/\/audreydelaforge.com\/wp-content\/uploads\/2025\/05\/ChatGPT-Image-29-mai-2025-10_09_44.png\" \/>\n\t<meta property=\"og:image:width\" content=\"1024\" \/>\n\t<meta property=\"og:image:height\" content=\"1024\" \/>\n\t<meta property=\"og:image:type\" content=\"image\/png\" \/>\n<meta name=\"author\" content=\"audrey.catel.delaforge@gmail.com\" \/>\n<meta name=\"twitter:card\" content=\"summary_large_image\" \/>\n<meta name=\"twitter:label1\" content=\"\u00c9crit par\" \/>\n\t<meta name=\"twitter:data1\" content=\"audrey.catel.delaforge@gmail.com\" \/>\n\t<meta name=\"twitter:label2\" content=\"Dur\u00e9e de lecture estim\u00e9e\" \/>\n\t<meta name=\"twitter:data2\" content=\"4 minutes\" \/>\n<script type=\"application\/ld+json\" class=\"yoast-schema-graph\">{\"@context\":\"https:\\\/\\\/schema.org\",\"@graph\":[{\"@type\":\"Article\",\"@id\":\"https:\\\/\\\/audreydelaforge.com\\\/index.php\\\/2025\\\/05\\\/29\\\/comprendre-le-tdah-sortir-des-idees-recues-mieux-accompagner\\\/#article\",\"isPartOf\":{\"@id\":\"https:\\\/\\\/audreydelaforge.com\\\/index.php\\\/2025\\\/05\\\/29\\\/comprendre-le-tdah-sortir-des-idees-recues-mieux-accompagner\\\/\"},\"author\":{\"name\":\"audrey.catel.delaforge@gmail.com\",\"@id\":\"https:\\\/\\\/audreydelaforge.com\\\/#\\\/schema\\\/person\\\/b44bccc3f328e9802afbab74bb74495d\"},\"headline\":\"Comprendre le TDAH : sortir des id\u00e9es re\u00e7ues, mieux accompagner\",\"datePublished\":\"2025-05-29T08:39:04+00:00\",\"dateModified\":\"2025-05-29T08:39:06+00:00\",\"mainEntityOfPage\":{\"@id\":\"https:\\\/\\\/audreydelaforge.com\\\/index.php\\\/2025\\\/05\\\/29\\\/comprendre-le-tdah-sortir-des-idees-recues-mieux-accompagner\\\/\"},\"wordCount\":766,\"publisher\":{\"@id\":\"https:\\\/\\\/audreydelaforge.com\\\/#organization\"},\"image\":{\"@id\":\"https:\\\/\\\/audreydelaforge.com\\\/index.php\\\/2025\\\/05\\\/29\\\/comprendre-le-tdah-sortir-des-idees-recues-mieux-accompagner\\\/#primaryimage\"},\"thumbnailUrl\":\"https:\\\/\\\/audreydelaforge.com\\\/wp-content\\\/uploads\\\/2025\\\/05\\\/ChatGPT-Image-29-mai-2025-10_09_44.png\",\"articleSection\":[\"Orthop\u00e9dagogie\"],\"inLanguage\":\"fr-FR\"},{\"@type\":\"WebPage\",\"@id\":\"https:\\\/\\\/audreydelaforge.com\\\/index.php\\\/2025\\\/05\\\/29\\\/comprendre-le-tdah-sortir-des-idees-recues-mieux-accompagner\\\/\",\"url\":\"https:\\\/\\\/audreydelaforge.com\\\/index.php\\\/2025\\\/05\\\/29\\\/comprendre-le-tdah-sortir-des-idees-recues-mieux-accompagner\\\/\",\"name\":\"Comprendre le TDAH : sortir des id\u00e9es re\u00e7ues, mieux accompagner ~ Audrey Delaforge, Orthop\u00e9dagogue Comprendre le TDAH : sortir des id\u00e9es re\u00e7ues pour mieux accompagner\",\"isPartOf\":{\"@id\":\"https:\\\/\\\/audreydelaforge.com\\\/#website\"},\"primaryImageOfPage\":{\"@id\":\"https:\\\/\\\/audreydelaforge.com\\\/index.php\\\/2025\\\/05\\\/29\\\/comprendre-le-tdah-sortir-des-idees-recues-mieux-accompagner\\\/#primaryimage\"},\"image\":{\"@id\":\"https:\\\/\\\/audreydelaforge.com\\\/index.php\\\/2025\\\/05\\\/29\\\/comprendre-le-tdah-sortir-des-idees-recues-mieux-accompagner\\\/#primaryimage\"},\"thumbnailUrl\":\"https:\\\/\\\/audreydelaforge.com\\\/wp-content\\\/uploads\\\/2025\\\/05\\\/ChatGPT-Image-29-mai-2025-10_09_44.png\",\"datePublished\":\"2025-05-29T08:39:04+00:00\",\"dateModified\":\"2025-05-29T08:39:06+00:00\",\"description\":\"D\u00e9couvre une vision claire et bienveillante du TDAH. Livre offert en PDF jusqu\u2019au 30 juin 2025 pour toute r\u00e9servation de bilan.\",\"breadcrumb\":{\"@id\":\"https:\\\/\\\/audreydelaforge.com\\\/index.php\\\/2025\\\/05\\\/29\\\/comprendre-le-tdah-sortir-des-idees-recues-mieux-accompagner\\\/#breadcrumb\"},\"inLanguage\":\"fr-FR\",\"potentialAction\":[{\"@type\":\"ReadAction\",\"target\":[\"https:\\\/\\\/audreydelaforge.com\\\/index.php\\\/2025\\\/05\\\/29\\\/comprendre-le-tdah-sortir-des-idees-recues-mieux-accompagner\\\/\"]}]},{\"@type\":\"ImageObject\",\"inLanguage\":\"fr-FR\",\"@id\":\"https:\\\/\\\/audreydelaforge.com\\\/index.php\\\/2025\\\/05\\\/29\\\/comprendre-le-tdah-sortir-des-idees-recues-mieux-accompagner\\\/#primaryimage\",\"url\":\"https:\\\/\\\/audreydelaforge.com\\\/wp-content\\\/uploads\\\/2025\\\/05\\\/ChatGPT-Image-29-mai-2025-10_09_44.png\",\"contentUrl\":\"https:\\\/\\\/audreydelaforge.com\\\/wp-content\\\/uploads\\\/2025\\\/05\\\/ChatGPT-Image-29-mai-2025-10_09_44.png\",\"width\":1024,\"height\":1024},{\"@type\":\"BreadcrumbList\",\"@id\":\"https:\\\/\\\/audreydelaforge.com\\\/index.php\\\/2025\\\/05\\\/29\\\/comprendre-le-tdah-sortir-des-idees-recues-mieux-accompagner\\\/#breadcrumb\",\"itemListElement\":[{\"@type\":\"ListItem\",\"position\":1,\"name\":\"Accueil\",\"item\":\"https:\\\/\\\/audreydelaforge.com\\\/\"},{\"@type\":\"ListItem\",\"position\":2,\"name\":\"Comprendre le TDAH : sortir des id\u00e9es re\u00e7ues, mieux accompagner\"}]},{\"@type\":\"WebSite\",\"@id\":\"https:\\\/\\\/audreydelaforge.com\\\/#website\",\"url\":\"https:\\\/\\\/audreydelaforge.com\\\/\",\"name\":\"Audrey Delaforge, Orthop\u00e9dagogue\",\"description\":\"L&#039;apprenant au centre du savoir\",\"publisher\":{\"@id\":\"https:\\\/\\\/audreydelaforge.com\\\/#organization\"},\"potentialAction\":[{\"@type\":\"SearchAction\",\"target\":{\"@type\":\"EntryPoint\",\"urlTemplate\":\"https:\\\/\\\/audreydelaforge.com\\\/?s={search_term_string}\"},\"query-input\":{\"@type\":\"PropertyValueSpecification\",\"valueRequired\":true,\"valueName\":\"search_term_string\"}}],\"inLanguage\":\"fr-FR\"},{\"@type\":\"Organization\",\"@id\":\"https:\\\/\\\/audreydelaforge.com\\\/#organization\",\"name\":\"Audrey Delaforge, Orthop\u00e9dagogue\",\"url\":\"https:\\\/\\\/audreydelaforge.com\\\/\",\"logo\":{\"@type\":\"ImageObject\",\"inLanguage\":\"fr-FR\",\"@id\":\"https:\\\/\\\/audreydelaforge.com\\\/#\\\/schema\\\/logo\\\/image\\\/\",\"url\":\"https:\\\/\\\/audreydelaforge.com\\\/wp-content\\\/uploads\\\/2022\\\/06\\\/Logo-orange-noir-avec-Audrey-1.png\",\"contentUrl\":\"https:\\\/\\\/audreydelaforge.com\\\/wp-content\\\/uploads\\\/2022\\\/06\\\/Logo-orange-noir-avec-Audrey-1.png\",\"width\":500,\"height\":500,\"caption\":\"Audrey Delaforge, Orthop\u00e9dagogue\"},\"image\":{\"@id\":\"https:\\\/\\\/audreydelaforge.com\\\/#\\\/schema\\\/logo\\\/image\\\/\"},\"sameAs\":[\"https:\\\/\\\/www.facebook.com\\\/audreycateldelaforge\",\"https:\\\/\\\/www.linkedin.com\\\/in\\\/audrey-catel-delaforge\",\"https:\\\/\\\/www.instagram.com\\\/audrey_delaforge\\\/\"]},{\"@type\":\"Person\",\"@id\":\"https:\\\/\\\/audreydelaforge.com\\\/#\\\/schema\\\/person\\\/b44bccc3f328e9802afbab74bb74495d\",\"name\":\"audrey.catel.delaforge@gmail.com\",\"image\":{\"@type\":\"ImageObject\",\"inLanguage\":\"fr-FR\",\"@id\":\"https:\\\/\\\/secure.gravatar.com\\\/avatar\\\/6d2d46023ee8ab957213dcdb0ea8dc964f367c205b281a7f789f0eb314dfafbf?s=96&d=mm&r=g\",\"url\":\"https:\\\/\\\/secure.gravatar.com\\\/avatar\\\/6d2d46023ee8ab957213dcdb0ea8dc964f367c205b281a7f789f0eb314dfafbf?s=96&d=mm&r=g\",\"contentUrl\":\"https:\\\/\\\/secure.gravatar.com\\\/avatar\\\/6d2d46023ee8ab957213dcdb0ea8dc964f367c205b281a7f789f0eb314dfafbf?s=96&d=mm&r=g\",\"caption\":\"audrey.catel.delaforge@gmail.com\"},\"sameAs\":[\"http:\\\/\\\/audreydelaforge.com\"],\"url\":\"https:\\\/\\\/audreydelaforge.com\\\/index.php\\\/author\\\/audrey-catel-delaforgegmail-com\\\/\"}]}<\/script>\n<!-- \/ Yoast SEO plugin. -->","yoast_head_json":{"title":"Comprendre le TDAH : sortir des id\u00e9es re\u00e7ues, mieux accompagner ~ Audrey Delaforge, Orthop\u00e9dagogue Comprendre le TDAH : sortir des id\u00e9es re\u00e7ues pour mieux accompagner","description":"D\u00e9couvre une vision claire et bienveillante du TDAH. Livre offert en PDF jusqu\u2019au 30 juin 2025 pour toute r\u00e9servation de bilan.","robots":{"index":"index","follow":"follow","max-snippet":"max-snippet:-1","max-image-preview":"max-image-preview:large","max-video-preview":"max-video-preview:-1"},"canonical":"https:\/\/audreydelaforge.com\/index.php\/2025\/05\/29\/comprendre-le-tdah-sortir-des-idees-recues-mieux-accompagner\/","og_locale":"fr_FR","og_type":"article","og_title":"Comprendre le TDAH : sortir des id\u00e9es re\u00e7ues, mieux accompagner ~ Audrey Delaforge, Orthop\u00e9dagogue Comprendre le TDAH : sortir des id\u00e9es re\u00e7ues pour mieux accompagner","og_description":"D\u00e9couvre une vision claire et bienveillante du TDAH. Livre offert en PDF jusqu\u2019au 30 juin 2025 pour toute r\u00e9servation de bilan.","og_url":"https:\/\/audreydelaforge.com\/index.php\/2025\/05\/29\/comprendre-le-tdah-sortir-des-idees-recues-mieux-accompagner\/","og_site_name":"Audrey Delaforge, Orthop\u00e9dagogue","article_publisher":"https:\/\/www.facebook.com\/audreycateldelaforge","article_published_time":"2025-05-29T08:39:04+00:00","article_modified_time":"2025-05-29T08:39:06+00:00","og_image":[{"width":1024,"height":1024,"url":"https:\/\/audreydelaforge.com\/wp-content\/uploads\/2025\/05\/ChatGPT-Image-29-mai-2025-10_09_44.png","type":"image\/png"}],"author":"audrey.catel.delaforge@gmail.com","twitter_card":"summary_large_image","twitter_misc":{"\u00c9crit par":"audrey.catel.delaforge@gmail.com","Dur\u00e9e de lecture estim\u00e9e":"4 minutes"},"schema":{"@context":"https:\/\/schema.org","@graph":[{"@type":"Article","@id":"https:\/\/audreydelaforge.com\/index.php\/2025\/05\/29\/comprendre-le-tdah-sortir-des-idees-recues-mieux-accompagner\/#article","isPartOf":{"@id":"https:\/\/audreydelaforge.com\/index.php\/2025\/05\/29\/comprendre-le-tdah-sortir-des-idees-recues-mieux-accompagner\/"},"author":{"name":"audrey.catel.delaforge@gmail.com","@id":"https:\/\/audreydelaforge.com\/#\/schema\/person\/b44bccc3f328e9802afbab74bb74495d"},"headline":"Comprendre le TDAH : sortir des id\u00e9es re\u00e7ues, mieux accompagner","datePublished":"2025-05-29T08:39:04+00:00","dateModified":"2025-05-29T08:39:06+00:00","mainEntityOfPage":{"@id":"https:\/\/audreydelaforge.com\/index.php\/2025\/05\/29\/comprendre-le-tdah-sortir-des-idees-recues-mieux-accompagner\/"},"wordCount":766,"publisher":{"@id":"https:\/\/audreydelaforge.com\/#organization"},"image":{"@id":"https:\/\/audreydelaforge.com\/index.php\/2025\/05\/29\/comprendre-le-tdah-sortir-des-idees-recues-mieux-accompagner\/#primaryimage"},"thumbnailUrl":"https:\/\/audreydelaforge.com\/wp-content\/uploads\/2025\/05\/ChatGPT-Image-29-mai-2025-10_09_44.png","articleSection":["Orthop\u00e9dagogie"],"inLanguage":"fr-FR"},{"@type":"WebPage","@id":"https:\/\/audreydelaforge.com\/index.php\/2025\/05\/29\/comprendre-le-tdah-sortir-des-idees-recues-mieux-accompagner\/","url":"https:\/\/audreydelaforge.com\/index.php\/2025\/05\/29\/comprendre-le-tdah-sortir-des-idees-recues-mieux-accompagner\/","name":"Comprendre le TDAH : sortir des id\u00e9es re\u00e7ues, mieux accompagner ~ Audrey Delaforge, Orthop\u00e9dagogue Comprendre le TDAH : sortir des id\u00e9es re\u00e7ues pour mieux accompagner","isPartOf":{"@id":"https:\/\/audreydelaforge.com\/#website"},"primaryImageOfPage":{"@id":"https:\/\/audreydelaforge.com\/index.php\/2025\/05\/29\/comprendre-le-tdah-sortir-des-idees-recues-mieux-accompagner\/#primaryimage"},"image":{"@id":"https:\/\/audreydelaforge.com\/index.php\/2025\/05\/29\/comprendre-le-tdah-sortir-des-idees-recues-mieux-accompagner\/#primaryimage"},"thumbnailUrl":"https:\/\/audreydelaforge.com\/wp-content\/uploads\/2025\/05\/ChatGPT-Image-29-mai-2025-10_09_44.png","datePublished":"2025-05-29T08:39:04+00:00","dateModified":"2025-05-29T08:39:06+00:00","description":"D\u00e9couvre une vision claire et bienveillante du TDAH. Livre offert en PDF jusqu\u2019au 30 juin 2025 pour toute r\u00e9servation de bilan.","breadcrumb":{"@id":"https:\/\/audreydelaforge.com\/index.php\/2025\/05\/29\/comprendre-le-tdah-sortir-des-idees-recues-mieux-accompagner\/#breadcrumb"},"inLanguage":"fr-FR","potentialAction":[{"@type":"ReadAction","target":["https:\/\/audreydelaforge.com\/index.php\/2025\/05\/29\/comprendre-le-tdah-sortir-des-idees-recues-mieux-accompagner\/"]}]},{"@type":"ImageObject","inLanguage":"fr-FR","@id":"https:\/\/audreydelaforge.com\/index.php\/2025\/05\/29\/comprendre-le-tdah-sortir-des-idees-recues-mieux-accompagner\/#primaryimage","url":"https:\/\/audreydelaforge.com\/wp-content\/uploads\/2025\/05\/ChatGPT-Image-29-mai-2025-10_09_44.png","contentUrl":"https:\/\/audreydelaforge.com\/wp-content\/uploads\/2025\/05\/ChatGPT-Image-29-mai-2025-10_09_44.png","width":1024,"height":1024},{"@type":"BreadcrumbList","@id":"https:\/\/audreydelaforge.com\/index.php\/2025\/05\/29\/comprendre-le-tdah-sortir-des-idees-recues-mieux-accompagner\/#breadcrumb","itemListElement":[{"@type":"ListItem","position":1,"name":"Accueil","item":"https:\/\/audreydelaforge.com\/"},{"@type":"ListItem","position":2,"name":"Comprendre le TDAH : sortir des id\u00e9es re\u00e7ues, mieux accompagner"}]},{"@type":"WebSite","@id":"https:\/\/audreydelaforge.com\/#website","url":"https:\/\/audreydelaforge.com\/","name":"Audrey Delaforge, Orthop\u00e9dagogue","description":"L&#039;apprenant au centre du savoir","publisher":{"@id":"https:\/\/audreydelaforge.com\/#organization"},"potentialAction":[{"@type":"SearchAction","target":{"@type":"EntryPoint","urlTemplate":"https:\/\/audreydelaforge.com\/?s={search_term_string}"},"query-input":{"@type":"PropertyValueSpecification","valueRequired":true,"valueName":"search_term_string"}}],"inLanguage":"fr-FR"},{"@type":"Organization","@id":"https:\/\/audreydelaforge.com\/#organization","name":"Audrey Delaforge, Orthop\u00e9dagogue","url":"https:\/\/audreydelaforge.com\/","logo":{"@type":"ImageObject","inLanguage":"fr-FR","@id":"https:\/\/audreydelaforge.com\/#\/schema\/logo\/image\/","url":"https:\/\/audreydelaforge.com\/wp-content\/uploads\/2022\/06\/Logo-orange-noir-avec-Audrey-1.png","contentUrl":"https:\/\/audreydelaforge.com\/wp-content\/uploads\/2022\/06\/Logo-orange-noir-avec-Audrey-1.png","width":500,"height":500,"caption":"Audrey Delaforge, Orthop\u00e9dagogue"},"image":{"@id":"https:\/\/audreydelaforge.com\/#\/schema\/logo\/image\/"},"sameAs":["https:\/\/www.facebook.com\/audreycateldelaforge","https:\/\/www.linkedin.com\/in\/audrey-catel-delaforge","https:\/\/www.instagram.com\/audrey_delaforge\/"]},{"@type":"Person","@id":"https:\/\/audreydelaforge.com\/#\/schema\/person\/b44bccc3f328e9802afbab74bb74495d","name":"audrey.catel.delaforge@gmail.com","image":{"@type":"ImageObject","inLanguage":"fr-FR","@id":"https:\/\/secure.gravatar.com\/avatar\/6d2d46023ee8ab957213dcdb0ea8dc964f367c205b281a7f789f0eb314dfafbf?s=96&d=mm&r=g","url":"https:\/\/secure.gravatar.com\/avatar\/6d2d46023ee8ab957213dcdb0ea8dc964f367c205b281a7f789f0eb314dfafbf?s=96&d=mm&r=g","contentUrl":"https:\/\/secure.gravatar.com\/avatar\/6d2d46023ee8ab957213dcdb0ea8dc964f367c205b281a7f789f0eb314dfafbf?s=96&d=mm&r=g","caption":"audrey.catel.delaforge@gmail.com"},"sameAs":["http:\/\/audreydelaforge.com"],"url":"https:\/\/audreydelaforge.com\/index.php\/author\/audrey-catel-delaforgegmail-com\/"}]}},"_links":{"self":[{"href":"https:\/\/audreydelaforge.com\/index.php\/wp-json\/wp\/v2\/posts\/1445","targetHints":{"allow":["GET"]}}],"collection":[{"href":"https:\/\/audreydelaforge.com\/index.php\/wp-json\/wp\/v2\/posts"}],"about":[{"href":"https:\/\/audreydelaforge.com\/index.php\/wp-json\/wp\/v2\/types\/post"}],"author":[{"embeddable":true,"href":"https:\/\/audreydelaforge.com\/index.php\/wp-json\/wp\/v2\/users\/1"}],"replies":[{"embeddable":true,"href":"https:\/\/audreydelaforge.com\/index.php\/wp-json\/wp\/v2\/comments?post=1445"}],"version-history":[{"count":0,"href":"https:\/\/audreydelaforge.com\/index.php\/wp-json\/wp\/v2\/posts\/1445\/revisions"}],"wp:featuredmedia":[{"embeddable":true,"href":"https:\/\/audreydelaforge.com\/index.php\/wp-json\/wp\/v2\/media\/1449"}],"wp:attachment":[{"href":"https:\/\/audreydelaforge.com\/index.php\/wp-json\/wp\/v2\/media?parent=1445"}],"wp:term":[{"taxonomy":"category","embeddable":true,"href":"https:\/\/audreydelaforge.com\/index.php\/wp-json\/wp\/v2\/categories?post=1445"},{"taxonomy":"post_tag","embeddable":true,"href":"https:\/\/audreydelaforge.com\/index.php\/wp-json\/wp\/v2\/tags?post=1445"}],"curies":[{"name":"wp","href":"https:\/\/api.w.org\/{rel}","templated":true}]}}