{"id":1474,"date":"2025-06-21T04:39:56","date_gmt":"2025-06-21T04:39:56","guid":{"rendered":"https:\/\/audreydelaforge.com\/?p=1474"},"modified":"2025-06-21T04:39:58","modified_gmt":"2025-06-21T04:39:58","slug":"le-tdah-nest-pas-une-mode-comprendre-accompagner-et-outiller-avec-bienveillance","status":"publish","type":"post","link":"https:\/\/audreydelaforge.com\/index.php\/2025\/06\/21\/le-tdah-nest-pas-une-mode-comprendre-accompagner-et-outiller-avec-bienveillance\/","title":{"rendered":"Le TDAH n\u2019est pas une mode \u2013 comprendre, accompagner, et outiller avec bienveillance"},"content":{"rendered":"\n\n\n<p>\u00ab\u00a0Il y a de plus en plus d\u2019enfants avec un TDAH, c\u2019est s\u00fbrement une mode.\u00a0\u00bb<\/p>\n\n\n\n<p>Cette phrase, tu l\u2019as peut-\u00eatre d\u00e9j\u00e0 entendue. Elle r\u00e9sonne comme un jugement, une banalisation de ce que vivent au quotidien des milliers d\u2019enfants, leurs familles, et les professionnels qui les accompagnent. Mais le TDAH (trouble du d\u00e9ficit de l\u2019attention avec ou sans hyperactivit\u00e9) n\u2019est pas une mode. C\u2019est une r\u00e9alit\u00e9 neurod\u00e9veloppementale, complexe et souvent mal comprise. Dans cet article, on va d\u00e9construire les id\u00e9es re\u00e7ues, explorer les raisons de l\u2019augmentation des diagnostics, et voir comment l\u2019orthop\u00e9dagogie peut devenir un v\u00e9ritable levier d\u2019accompagnement bienveillant.<\/p>\n\n\n\n<p>Comprendre pourquoi on parle plus du TDAH aujourd\u2019hui<\/p>\n\n\n\n<p>Ce n\u2019est pas que le TDAH est plus fr\u00e9quent qu\u2019avant, c\u2019est que l\u2019on sait mieux le rep\u00e9rer. Les connaissances scientifiques ont progress\u00e9, les crit\u00e8res de diagnostic sont plus pr\u00e9cis, et les sensibilisations autour des troubles neuroatypiques se multiplient. R\u00e9sultat : des enfants autrefois per\u00e7us comme \u00ab\u00a0turbulents\u00a0\u00bb, \u00ab\u00a0r\u00eaveurs\u00a0\u00bb ou \u00ab\u00a0impossibles \u00e0 cadrer\u00a0\u00bb peuvent aujourd\u2019hui \u00eatre compris et soutenus de mani\u00e8re adapt\u00e9e.<\/p>\n\n\n\n<p>Par ailleurs, la pression scolaire, les exigences sociales et la valorisation de la performance rendent les sympt\u00f4mes du TDAH plus visibles et plus probl\u00e9matiques dans notre soci\u00e9t\u00e9 actuelle. Ce n\u2019est pas une mode, c\u2019est une prise de conscience.<\/p>\n\n\n\n<p>Le r\u00f4le cl\u00e9 de l\u2019orthop\u00e9dagogie dans l\u2019accompagnement du TDAH<\/p>\n\n\n\n<p>Face \u00e0 un diagnostic de TDAH, beaucoup de familles se sentent perdues. Comment aider mon enfant \u00e0 s\u2019organiser, \u00e0 rester concentr\u00e9, \u00e0 retrouver confiance ? C\u2019est l\u00e0 que l\u2019orthop\u00e9dagogie entre en jeu.<\/p>\n\n\n\n<p>Loin d\u2019\u00eatre une r\u00e9ponse unique ou m\u00e9dicale, l\u2019orthop\u00e9dagogie propose un accompagnement personnalis\u00e9, concret, et centr\u00e9 sur les forces de l\u2019enfant. Elle permet de :<\/p>\n\n\n\n<ul class=\"wp-block-list\">\n<li>Comprendre le fonctionnement cognitif et \u00e9motionnel de l\u2019enfant<\/li>\n\n\n\n<li>Mettre en place des strat\u00e9gies d\u2019apprentissage adapt\u00e9es<\/li>\n\n\n\n<li>Favoriser l\u2019autonomie et l\u2019estime de soi<\/li>\n\n\n\n<li>Cr\u00e9er un pont entre la maison, l\u2019\u00e9cole, et les autres professionnels<\/li>\n<\/ul>\n\n\n<div class=\"wp-block-image\">\n<figure class=\"aligncenter size-full\"><img loading=\"lazy\" decoding=\"async\" width=\"588\" height=\"526\" src=\"https:\/\/audreydelaforge.com\/wp-content\/uploads\/2025\/06\/Comment-fonctionne-la-memoire-visual-selection-26.png\" alt=\"\" class=\"wp-image-1477\" srcset=\"https:\/\/audreydelaforge.com\/wp-content\/uploads\/2025\/06\/Comment-fonctionne-la-memoire-visual-selection-26.png 588w, https:\/\/audreydelaforge.com\/wp-content\/uploads\/2025\/06\/Comment-fonctionne-la-memoire-visual-selection-26-300x268.png 300w\" sizes=\"auto, (max-width: 588px) 100vw, 588px\" \/><\/figure>\n<\/div>\n\n\n<p>Des outils concrets pour enfants neuroatypiques : la Trousse des Potentiels<\/p>\n\n\n\n<p>Parce qu\u2019un bon accompagnement passe aussi par des outils concrets, j\u2019ai cr\u00e9\u00e9 la Trousse des Potentiels. C\u2019est une box \u00e9ducative pens\u00e9e pour les enfants neuroatypiques, et tout particuli\u00e8rement ceux avec un TDAH.<\/p>\n\n\n\n<p>Elle contient des supports visuels, des routines, des outils de r\u00e9gulation \u00e9motionnelle, et des activit\u00e9s pour renforcer la concentration et l\u2019organisation. C\u2019est une fa\u00e7on ludique et bienveillante de soutenir les apprentissages \u00e0 la maison comme \u00e0 l\u2019\u00e9cole.<\/p>\n\n\n\n<p>Compl\u00e9mentarit\u00e9 et synergie : ensemble pour mieux accompagner<\/p>\n\n\n\n<p>Accompagner un enfant avec un TDAH, ce n\u2019est pas l\u2019affaire d\u2019un seul professionnel. C\u2019est une aventure collective. Orthop\u00e9dagogues, enseignants, parents, neuropsychologues\u2026 chacun a un r\u00f4le \u00e0 jouer.<\/p>\n\n\n\n<p>La cl\u00e9, c\u2019est la communication, la coop\u00e9ration, et la reconnaissance des expertises de chacun. En travaillant ensemble, on cr\u00e9e un environnement coh\u00e9rent, s\u00e9curisant et stimulant pour l\u2019enfant.<\/p>\n\n\n\n<p><\/p>\n\n\n\n<p>Le TDAH n\u2019est pas une \u00e9tiquette ni une mode. C\u2019est un profil neurod\u00e9veloppemental qui m\u00e9rite compr\u00e9hension, respect et accompagnement. Gr\u00e2ce \u00e0 l\u2019orthop\u00e9dagogie et \u00e0 des outils adapt\u00e9s comme la Trousse des Potentiels, on peut aider chaque enfant \u00e0 r\u00e9v\u00e9ler son plein potentiel.<\/p>\n\n\n\n<p>Et toi, comment pourrais-tu renforcer cette synergie autour des enfants neuroatypiques que tu accompagnes ?<\/p>\n\n\n\n<p>\ud83d\udc49 Pour d\u00e9couvrir la Trousse des Potentiels et ses ressources concr\u00e8tes : h<a href=\"ttps:\/\/latroussedespotentiels.fr\/product\/precommande-box-speciale-vacances-et-temps-calmes\/\">ttps:\/\/latroussedespotentiels.fr\/product\/precommande-box-speciale-vacances-et-temps-calmes\/<\/a><\/p>\n\n\n\n<p>\u2764\ufe0f Tu peux aussi soutenir mon travail en mettant un J\u2019aime sur ma page Facebook : <a href=\"https:\/\/www.facebook.com\/profile.php?id=61577217928405&amp;locale=fr_FR\">https:\/\/www.facebook.com\/profile.php?id=61577217928405&amp;locale=fr_FR<\/a><\/p>\n\n\n\n<figure class=\"wp-block-gallery has-nested-images columns-default is-cropped wp-block-gallery-1 is-layout-flex wp-block-gallery-is-layout-flex\">\n<figure class=\"wp-block-image size-large\"><img loading=\"lazy\" decoding=\"async\" width=\"940\" height=\"788\" data-id=\"1475\" src=\"https:\/\/audreydelaforge.com\/wp-content\/uploads\/2025\/06\/J-1.jpg\" alt=\"\" class=\"wp-image-1475\" srcset=\"https:\/\/audreydelaforge.com\/wp-content\/uploads\/2025\/06\/J-1.jpg 940w, https:\/\/audreydelaforge.com\/wp-content\/uploads\/2025\/06\/J-1-300x251.jpg 300w, https:\/\/audreydelaforge.com\/wp-content\/uploads\/2025\/06\/J-1-768x644.jpg 768w, https:\/\/audreydelaforge.com\/wp-content\/uploads\/2025\/06\/J-1-600x503.jpg 600w\" sizes=\"auto, (max-width: 940px) 100vw, 940px\" \/><\/figure>\n<\/figure>\n","protected":false},"excerpt":{"rendered":"<p>\u00ab\u00a0Il y a de plus en plus d\u2019enfants avec un TDAH, c\u2019est s\u00fbrement une mode.\u00a0\u00bb Cette phrase, tu l\u2019as peut-\u00eatre d\u00e9j\u00e0 entendue. Elle r\u00e9sonne comme un jugement, une banalisation de ce que vivent au quotidien des milliers d\u2019enfants, leurs familles, et les professionnels qui les accompagnent. Mais le TDAH (trouble du d\u00e9ficit de l\u2019attention avec&hellip;&nbsp;<a href=\"https:\/\/audreydelaforge.com\/index.php\/2025\/06\/21\/le-tdah-nest-pas-une-mode-comprendre-accompagner-et-outiller-avec-bienveillance\/\" rel=\"bookmark\">Lire la suite &raquo;<span class=\"screen-reader-text\">Le TDAH n\u2019est pas une mode \u2013 comprendre, accompagner, et outiller avec bienveillance<\/span><\/a><\/p>\n","protected":false},"author":1,"featured_media":1476,"comment_status":"closed","ping_status":"open","sticky":false,"template":"","format":"standard","meta":{"om_disable_all_campaigns":false,"neve_meta_sidebar":"","neve_meta_container":"","neve_meta_enable_content_width":"","neve_meta_content_width":0,"neve_meta_title_alignment":"","neve_meta_author_avatar":"","neve_post_elements_order":"","neve_meta_disable_header":"","neve_meta_disable_footer":"","neve_meta_disable_title":"","footnotes":""},"categories":[26,19],"tags":[],"class_list":["post-1474","post","type-post","status-publish","format-standard","has-post-thumbnail","hentry","category-fiche-pratique","category-orthopedagogie"],"yoast_head":"<!-- This site is optimized with the Yoast SEO plugin v27.5 - https:\/\/yoast.com\/product\/yoast-seo-wordpress\/ -->\n<title>Le TDAH n\u2019est pas une mode \u2013 comprendre, accompagner, et outiller avec bienveillance ~ Audrey Delaforge, Orthop\u00e9dagogue<\/title>\n<meta name=\"description\" content=\"Le TDAH n\u2019est pas une mode : d\u00e9couvrez pourquoi les diagnostics augmentent, comment accompagner les enfants avec bienveillance, et quels outils orthop\u00e9dagogiques peuvent vraiment faire la diff\u00e9rence\" \/>\n<meta name=\"robots\" content=\"index, follow, max-snippet:-1, max-image-preview:large, max-video-preview:-1\" \/>\n<link rel=\"canonical\" href=\"https:\/\/audreydelaforge.com\/index.php\/2025\/06\/21\/le-tdah-nest-pas-une-mode-comprendre-accompagner-et-outiller-avec-bienveillance\/\" \/>\n<meta property=\"og:locale\" content=\"fr_FR\" \/>\n<meta property=\"og:type\" content=\"article\" \/>\n<meta property=\"og:title\" content=\"Le TDAH n\u2019est pas une mode \u2013 comprendre, accompagner, et outiller avec bienveillance ~ Audrey Delaforge, Orthop\u00e9dagogue\" \/>\n<meta property=\"og:description\" content=\"Le TDAH n\u2019est pas une mode : d\u00e9couvrez pourquoi les diagnostics augmentent, comment accompagner les enfants avec bienveillance, et quels outils orthop\u00e9dagogiques peuvent vraiment faire la diff\u00e9rence\" \/>\n<meta property=\"og:url\" content=\"https:\/\/audreydelaforge.com\/index.php\/2025\/06\/21\/le-tdah-nest-pas-une-mode-comprendre-accompagner-et-outiller-avec-bienveillance\/\" \/>\n<meta property=\"og:site_name\" content=\"Audrey Delaforge, Orthop\u00e9dagogue\" \/>\n<meta property=\"article:publisher\" content=\"https:\/\/www.facebook.com\/audreycateldelaforge\" \/>\n<meta property=\"article:published_time\" content=\"2025-06-21T04:39:56+00:00\" \/>\n<meta property=\"article:modified_time\" content=\"2025-06-21T04:39:58+00:00\" \/>\n<meta property=\"og:image\" content=\"https:\/\/audreydelaforge.com\/wp-content\/uploads\/2025\/06\/ChatGPT-Image-21-juin-2025-06_32_14.png\" \/>\n\t<meta property=\"og:image:width\" content=\"1024\" \/>\n\t<meta property=\"og:image:height\" content=\"1024\" \/>\n\t<meta property=\"og:image:type\" content=\"image\/png\" \/>\n<meta name=\"author\" content=\"audrey.catel.delaforge@gmail.com\" \/>\n<meta name=\"twitter:card\" content=\"summary_large_image\" \/>\n<meta name=\"twitter:label1\" content=\"\u00c9crit par\" \/>\n\t<meta name=\"twitter:data1\" content=\"audrey.catel.delaforge@gmail.com\" \/>\n\t<meta name=\"twitter:label2\" content=\"Dur\u00e9e de lecture estim\u00e9e\" \/>\n\t<meta name=\"twitter:data2\" content=\"3 minutes\" \/>\n<script type=\"application\/ld+json\" class=\"yoast-schema-graph\">{\"@context\":\"https:\\\/\\\/schema.org\",\"@graph\":[{\"@type\":\"Article\",\"@id\":\"https:\\\/\\\/audreydelaforge.com\\\/index.php\\\/2025\\\/06\\\/21\\\/le-tdah-nest-pas-une-mode-comprendre-accompagner-et-outiller-avec-bienveillance\\\/#article\",\"isPartOf\":{\"@id\":\"https:\\\/\\\/audreydelaforge.com\\\/index.php\\\/2025\\\/06\\\/21\\\/le-tdah-nest-pas-une-mode-comprendre-accompagner-et-outiller-avec-bienveillance\\\/\"},\"author\":{\"name\":\"audrey.catel.delaforge@gmail.com\",\"@id\":\"https:\\\/\\\/audreydelaforge.com\\\/#\\\/schema\\\/person\\\/b44bccc3f328e9802afbab74bb74495d\"},\"headline\":\"Le TDAH n\u2019est pas une mode \u2013 comprendre, accompagner, et outiller avec bienveillance\",\"datePublished\":\"2025-06-21T04:39:56+00:00\",\"dateModified\":\"2025-06-21T04:39:58+00:00\",\"mainEntityOfPage\":{\"@id\":\"https:\\\/\\\/audreydelaforge.com\\\/index.php\\\/2025\\\/06\\\/21\\\/le-tdah-nest-pas-une-mode-comprendre-accompagner-et-outiller-avec-bienveillance\\\/\"},\"wordCount\":638,\"publisher\":{\"@id\":\"https:\\\/\\\/audreydelaforge.com\\\/#organization\"},\"image\":{\"@id\":\"https:\\\/\\\/audreydelaforge.com\\\/index.php\\\/2025\\\/06\\\/21\\\/le-tdah-nest-pas-une-mode-comprendre-accompagner-et-outiller-avec-bienveillance\\\/#primaryimage\"},\"thumbnailUrl\":\"https:\\\/\\\/audreydelaforge.com\\\/wp-content\\\/uploads\\\/2025\\\/06\\\/ChatGPT-Image-21-juin-2025-06_32_14.png\",\"articleSection\":[\"fiche pratique\",\"Orthop\u00e9dagogie\"],\"inLanguage\":\"fr-FR\"},{\"@type\":\"WebPage\",\"@id\":\"https:\\\/\\\/audreydelaforge.com\\\/index.php\\\/2025\\\/06\\\/21\\\/le-tdah-nest-pas-une-mode-comprendre-accompagner-et-outiller-avec-bienveillance\\\/\",\"url\":\"https:\\\/\\\/audreydelaforge.com\\\/index.php\\\/2025\\\/06\\\/21\\\/le-tdah-nest-pas-une-mode-comprendre-accompagner-et-outiller-avec-bienveillance\\\/\",\"name\":\"Le TDAH n\u2019est pas une mode \u2013 comprendre, accompagner, et outiller avec bienveillance ~ Audrey Delaforge, Orthop\u00e9dagogue\",\"isPartOf\":{\"@id\":\"https:\\\/\\\/audreydelaforge.com\\\/#website\"},\"primaryImageOfPage\":{\"@id\":\"https:\\\/\\\/audreydelaforge.com\\\/index.php\\\/2025\\\/06\\\/21\\\/le-tdah-nest-pas-une-mode-comprendre-accompagner-et-outiller-avec-bienveillance\\\/#primaryimage\"},\"image\":{\"@id\":\"https:\\\/\\\/audreydelaforge.com\\\/index.php\\\/2025\\\/06\\\/21\\\/le-tdah-nest-pas-une-mode-comprendre-accompagner-et-outiller-avec-bienveillance\\\/#primaryimage\"},\"thumbnailUrl\":\"https:\\\/\\\/audreydelaforge.com\\\/wp-content\\\/uploads\\\/2025\\\/06\\\/ChatGPT-Image-21-juin-2025-06_32_14.png\",\"datePublished\":\"2025-06-21T04:39:56+00:00\",\"dateModified\":\"2025-06-21T04:39:58+00:00\",\"description\":\"Le TDAH n\u2019est pas une mode : d\u00e9couvrez pourquoi les diagnostics augmentent, comment accompagner les enfants avec bienveillance, et quels outils orthop\u00e9dagogiques peuvent vraiment faire la diff\u00e9rence\",\"breadcrumb\":{\"@id\":\"https:\\\/\\\/audreydelaforge.com\\\/index.php\\\/2025\\\/06\\\/21\\\/le-tdah-nest-pas-une-mode-comprendre-accompagner-et-outiller-avec-bienveillance\\\/#breadcrumb\"},\"inLanguage\":\"fr-FR\",\"potentialAction\":[{\"@type\":\"ReadAction\",\"target\":[\"https:\\\/\\\/audreydelaforge.com\\\/index.php\\\/2025\\\/06\\\/21\\\/le-tdah-nest-pas-une-mode-comprendre-accompagner-et-outiller-avec-bienveillance\\\/\"]}]},{\"@type\":\"ImageObject\",\"inLanguage\":\"fr-FR\",\"@id\":\"https:\\\/\\\/audreydelaforge.com\\\/index.php\\\/2025\\\/06\\\/21\\\/le-tdah-nest-pas-une-mode-comprendre-accompagner-et-outiller-avec-bienveillance\\\/#primaryimage\",\"url\":\"https:\\\/\\\/audreydelaforge.com\\\/wp-content\\\/uploads\\\/2025\\\/06\\\/ChatGPT-Image-21-juin-2025-06_32_14.png\",\"contentUrl\":\"https:\\\/\\\/audreydelaforge.com\\\/wp-content\\\/uploads\\\/2025\\\/06\\\/ChatGPT-Image-21-juin-2025-06_32_14.png\",\"width\":1024,\"height\":1024},{\"@type\":\"BreadcrumbList\",\"@id\":\"https:\\\/\\\/audreydelaforge.com\\\/index.php\\\/2025\\\/06\\\/21\\\/le-tdah-nest-pas-une-mode-comprendre-accompagner-et-outiller-avec-bienveillance\\\/#breadcrumb\",\"itemListElement\":[{\"@type\":\"ListItem\",\"position\":1,\"name\":\"Accueil\",\"item\":\"https:\\\/\\\/audreydelaforge.com\\\/\"},{\"@type\":\"ListItem\",\"position\":2,\"name\":\"Le TDAH n\u2019est pas une mode \u2013 comprendre, accompagner, et outiller avec bienveillance\"}]},{\"@type\":\"WebSite\",\"@id\":\"https:\\\/\\\/audreydelaforge.com\\\/#website\",\"url\":\"https:\\\/\\\/audreydelaforge.com\\\/\",\"name\":\"Audrey Delaforge, Orthop\u00e9dagogue\",\"description\":\"L&#039;apprenant au centre du savoir\",\"publisher\":{\"@id\":\"https:\\\/\\\/audreydelaforge.com\\\/#organization\"},\"potentialAction\":[{\"@type\":\"SearchAction\",\"target\":{\"@type\":\"EntryPoint\",\"urlTemplate\":\"https:\\\/\\\/audreydelaforge.com\\\/?s={search_term_string}\"},\"query-input\":{\"@type\":\"PropertyValueSpecification\",\"valueRequired\":true,\"valueName\":\"search_term_string\"}}],\"inLanguage\":\"fr-FR\"},{\"@type\":\"Organization\",\"@id\":\"https:\\\/\\\/audreydelaforge.com\\\/#organization\",\"name\":\"Audrey Delaforge, Orthop\u00e9dagogue\",\"url\":\"https:\\\/\\\/audreydelaforge.com\\\/\",\"logo\":{\"@type\":\"ImageObject\",\"inLanguage\":\"fr-FR\",\"@id\":\"https:\\\/\\\/audreydelaforge.com\\\/#\\\/schema\\\/logo\\\/image\\\/\",\"url\":\"https:\\\/\\\/audreydelaforge.com\\\/wp-content\\\/uploads\\\/2022\\\/06\\\/Logo-orange-noir-avec-Audrey-1.png\",\"contentUrl\":\"https:\\\/\\\/audreydelaforge.com\\\/wp-content\\\/uploads\\\/2022\\\/06\\\/Logo-orange-noir-avec-Audrey-1.png\",\"width\":500,\"height\":500,\"caption\":\"Audrey Delaforge, Orthop\u00e9dagogue\"},\"image\":{\"@id\":\"https:\\\/\\\/audreydelaforge.com\\\/#\\\/schema\\\/logo\\\/image\\\/\"},\"sameAs\":[\"https:\\\/\\\/www.facebook.com\\\/audreycateldelaforge\",\"https:\\\/\\\/www.linkedin.com\\\/in\\\/audrey-catel-delaforge\",\"https:\\\/\\\/www.instagram.com\\\/audrey_delaforge\\\/\"]},{\"@type\":\"Person\",\"@id\":\"https:\\\/\\\/audreydelaforge.com\\\/#\\\/schema\\\/person\\\/b44bccc3f328e9802afbab74bb74495d\",\"name\":\"audrey.catel.delaforge@gmail.com\",\"image\":{\"@type\":\"ImageObject\",\"inLanguage\":\"fr-FR\",\"@id\":\"https:\\\/\\\/secure.gravatar.com\\\/avatar\\\/6d2d46023ee8ab957213dcdb0ea8dc964f367c205b281a7f789f0eb314dfafbf?s=96&d=mm&r=g\",\"url\":\"https:\\\/\\\/secure.gravatar.com\\\/avatar\\\/6d2d46023ee8ab957213dcdb0ea8dc964f367c205b281a7f789f0eb314dfafbf?s=96&d=mm&r=g\",\"contentUrl\":\"https:\\\/\\\/secure.gravatar.com\\\/avatar\\\/6d2d46023ee8ab957213dcdb0ea8dc964f367c205b281a7f789f0eb314dfafbf?s=96&d=mm&r=g\",\"caption\":\"audrey.catel.delaforge@gmail.com\"},\"sameAs\":[\"http:\\\/\\\/audreydelaforge.com\"],\"url\":\"https:\\\/\\\/audreydelaforge.com\\\/index.php\\\/author\\\/audrey-catel-delaforgegmail-com\\\/\"}]}<\/script>\n<!-- \/ Yoast SEO plugin. -->","yoast_head_json":{"title":"Le TDAH n\u2019est pas une mode \u2013 comprendre, accompagner, et outiller avec bienveillance ~ Audrey Delaforge, Orthop\u00e9dagogue","description":"Le TDAH n\u2019est pas une mode : d\u00e9couvrez pourquoi les diagnostics augmentent, comment accompagner les enfants avec bienveillance, et quels outils orthop\u00e9dagogiques peuvent vraiment faire la diff\u00e9rence","robots":{"index":"index","follow":"follow","max-snippet":"max-snippet:-1","max-image-preview":"max-image-preview:large","max-video-preview":"max-video-preview:-1"},"canonical":"https:\/\/audreydelaforge.com\/index.php\/2025\/06\/21\/le-tdah-nest-pas-une-mode-comprendre-accompagner-et-outiller-avec-bienveillance\/","og_locale":"fr_FR","og_type":"article","og_title":"Le TDAH n\u2019est pas une mode \u2013 comprendre, accompagner, et outiller avec bienveillance ~ Audrey Delaforge, Orthop\u00e9dagogue","og_description":"Le TDAH n\u2019est pas une mode : d\u00e9couvrez pourquoi les diagnostics augmentent, comment accompagner les enfants avec bienveillance, et quels outils orthop\u00e9dagogiques peuvent vraiment faire la diff\u00e9rence","og_url":"https:\/\/audreydelaforge.com\/index.php\/2025\/06\/21\/le-tdah-nest-pas-une-mode-comprendre-accompagner-et-outiller-avec-bienveillance\/","og_site_name":"Audrey Delaforge, Orthop\u00e9dagogue","article_publisher":"https:\/\/www.facebook.com\/audreycateldelaforge","article_published_time":"2025-06-21T04:39:56+00:00","article_modified_time":"2025-06-21T04:39:58+00:00","og_image":[{"width":1024,"height":1024,"url":"https:\/\/audreydelaforge.com\/wp-content\/uploads\/2025\/06\/ChatGPT-Image-21-juin-2025-06_32_14.png","type":"image\/png"}],"author":"audrey.catel.delaforge@gmail.com","twitter_card":"summary_large_image","twitter_misc":{"\u00c9crit par":"audrey.catel.delaforge@gmail.com","Dur\u00e9e de lecture estim\u00e9e":"3 minutes"},"schema":{"@context":"https:\/\/schema.org","@graph":[{"@type":"Article","@id":"https:\/\/audreydelaforge.com\/index.php\/2025\/06\/21\/le-tdah-nest-pas-une-mode-comprendre-accompagner-et-outiller-avec-bienveillance\/#article","isPartOf":{"@id":"https:\/\/audreydelaforge.com\/index.php\/2025\/06\/21\/le-tdah-nest-pas-une-mode-comprendre-accompagner-et-outiller-avec-bienveillance\/"},"author":{"name":"audrey.catel.delaforge@gmail.com","@id":"https:\/\/audreydelaforge.com\/#\/schema\/person\/b44bccc3f328e9802afbab74bb74495d"},"headline":"Le TDAH n\u2019est pas une mode \u2013 comprendre, accompagner, et outiller avec bienveillance","datePublished":"2025-06-21T04:39:56+00:00","dateModified":"2025-06-21T04:39:58+00:00","mainEntityOfPage":{"@id":"https:\/\/audreydelaforge.com\/index.php\/2025\/06\/21\/le-tdah-nest-pas-une-mode-comprendre-accompagner-et-outiller-avec-bienveillance\/"},"wordCount":638,"publisher":{"@id":"https:\/\/audreydelaforge.com\/#organization"},"image":{"@id":"https:\/\/audreydelaforge.com\/index.php\/2025\/06\/21\/le-tdah-nest-pas-une-mode-comprendre-accompagner-et-outiller-avec-bienveillance\/#primaryimage"},"thumbnailUrl":"https:\/\/audreydelaforge.com\/wp-content\/uploads\/2025\/06\/ChatGPT-Image-21-juin-2025-06_32_14.png","articleSection":["fiche pratique","Orthop\u00e9dagogie"],"inLanguage":"fr-FR"},{"@type":"WebPage","@id":"https:\/\/audreydelaforge.com\/index.php\/2025\/06\/21\/le-tdah-nest-pas-une-mode-comprendre-accompagner-et-outiller-avec-bienveillance\/","url":"https:\/\/audreydelaforge.com\/index.php\/2025\/06\/21\/le-tdah-nest-pas-une-mode-comprendre-accompagner-et-outiller-avec-bienveillance\/","name":"Le TDAH n\u2019est pas une mode \u2013 comprendre, accompagner, et outiller avec bienveillance ~ Audrey Delaforge, Orthop\u00e9dagogue","isPartOf":{"@id":"https:\/\/audreydelaforge.com\/#website"},"primaryImageOfPage":{"@id":"https:\/\/audreydelaforge.com\/index.php\/2025\/06\/21\/le-tdah-nest-pas-une-mode-comprendre-accompagner-et-outiller-avec-bienveillance\/#primaryimage"},"image":{"@id":"https:\/\/audreydelaforge.com\/index.php\/2025\/06\/21\/le-tdah-nest-pas-une-mode-comprendre-accompagner-et-outiller-avec-bienveillance\/#primaryimage"},"thumbnailUrl":"https:\/\/audreydelaforge.com\/wp-content\/uploads\/2025\/06\/ChatGPT-Image-21-juin-2025-06_32_14.png","datePublished":"2025-06-21T04:39:56+00:00","dateModified":"2025-06-21T04:39:58+00:00","description":"Le TDAH n\u2019est pas une mode : d\u00e9couvrez pourquoi les diagnostics augmentent, comment accompagner les enfants avec bienveillance, et quels outils orthop\u00e9dagogiques peuvent vraiment faire la diff\u00e9rence","breadcrumb":{"@id":"https:\/\/audreydelaforge.com\/index.php\/2025\/06\/21\/le-tdah-nest-pas-une-mode-comprendre-accompagner-et-outiller-avec-bienveillance\/#breadcrumb"},"inLanguage":"fr-FR","potentialAction":[{"@type":"ReadAction","target":["https:\/\/audreydelaforge.com\/index.php\/2025\/06\/21\/le-tdah-nest-pas-une-mode-comprendre-accompagner-et-outiller-avec-bienveillance\/"]}]},{"@type":"ImageObject","inLanguage":"fr-FR","@id":"https:\/\/audreydelaforge.com\/index.php\/2025\/06\/21\/le-tdah-nest-pas-une-mode-comprendre-accompagner-et-outiller-avec-bienveillance\/#primaryimage","url":"https:\/\/audreydelaforge.com\/wp-content\/uploads\/2025\/06\/ChatGPT-Image-21-juin-2025-06_32_14.png","contentUrl":"https:\/\/audreydelaforge.com\/wp-content\/uploads\/2025\/06\/ChatGPT-Image-21-juin-2025-06_32_14.png","width":1024,"height":1024},{"@type":"BreadcrumbList","@id":"https:\/\/audreydelaforge.com\/index.php\/2025\/06\/21\/le-tdah-nest-pas-une-mode-comprendre-accompagner-et-outiller-avec-bienveillance\/#breadcrumb","itemListElement":[{"@type":"ListItem","position":1,"name":"Accueil","item":"https:\/\/audreydelaforge.com\/"},{"@type":"ListItem","position":2,"name":"Le TDAH n\u2019est pas une mode \u2013 comprendre, accompagner, et outiller avec bienveillance"}]},{"@type":"WebSite","@id":"https:\/\/audreydelaforge.com\/#website","url":"https:\/\/audreydelaforge.com\/","name":"Audrey Delaforge, Orthop\u00e9dagogue","description":"L&#039;apprenant au centre du savoir","publisher":{"@id":"https:\/\/audreydelaforge.com\/#organization"},"potentialAction":[{"@type":"SearchAction","target":{"@type":"EntryPoint","urlTemplate":"https:\/\/audreydelaforge.com\/?s={search_term_string}"},"query-input":{"@type":"PropertyValueSpecification","valueRequired":true,"valueName":"search_term_string"}}],"inLanguage":"fr-FR"},{"@type":"Organization","@id":"https:\/\/audreydelaforge.com\/#organization","name":"Audrey Delaforge, Orthop\u00e9dagogue","url":"https:\/\/audreydelaforge.com\/","logo":{"@type":"ImageObject","inLanguage":"fr-FR","@id":"https:\/\/audreydelaforge.com\/#\/schema\/logo\/image\/","url":"https:\/\/audreydelaforge.com\/wp-content\/uploads\/2022\/06\/Logo-orange-noir-avec-Audrey-1.png","contentUrl":"https:\/\/audreydelaforge.com\/wp-content\/uploads\/2022\/06\/Logo-orange-noir-avec-Audrey-1.png","width":500,"height":500,"caption":"Audrey Delaforge, Orthop\u00e9dagogue"},"image":{"@id":"https:\/\/audreydelaforge.com\/#\/schema\/logo\/image\/"},"sameAs":["https:\/\/www.facebook.com\/audreycateldelaforge","https:\/\/www.linkedin.com\/in\/audrey-catel-delaforge","https:\/\/www.instagram.com\/audrey_delaforge\/"]},{"@type":"Person","@id":"https:\/\/audreydelaforge.com\/#\/schema\/person\/b44bccc3f328e9802afbab74bb74495d","name":"audrey.catel.delaforge@gmail.com","image":{"@type":"ImageObject","inLanguage":"fr-FR","@id":"https:\/\/secure.gravatar.com\/avatar\/6d2d46023ee8ab957213dcdb0ea8dc964f367c205b281a7f789f0eb314dfafbf?s=96&d=mm&r=g","url":"https:\/\/secure.gravatar.com\/avatar\/6d2d46023ee8ab957213dcdb0ea8dc964f367c205b281a7f789f0eb314dfafbf?s=96&d=mm&r=g","contentUrl":"https:\/\/secure.gravatar.com\/avatar\/6d2d46023ee8ab957213dcdb0ea8dc964f367c205b281a7f789f0eb314dfafbf?s=96&d=mm&r=g","caption":"audrey.catel.delaforge@gmail.com"},"sameAs":["http:\/\/audreydelaforge.com"],"url":"https:\/\/audreydelaforge.com\/index.php\/author\/audrey-catel-delaforgegmail-com\/"}]}},"_links":{"self":[{"href":"https:\/\/audreydelaforge.com\/index.php\/wp-json\/wp\/v2\/posts\/1474","targetHints":{"allow":["GET"]}}],"collection":[{"href":"https:\/\/audreydelaforge.com\/index.php\/wp-json\/wp\/v2\/posts"}],"about":[{"href":"https:\/\/audreydelaforge.com\/index.php\/wp-json\/wp\/v2\/types\/post"}],"author":[{"embeddable":true,"href":"https:\/\/audreydelaforge.com\/index.php\/wp-json\/wp\/v2\/users\/1"}],"replies":[{"embeddable":true,"href":"https:\/\/audreydelaforge.com\/index.php\/wp-json\/wp\/v2\/comments?post=1474"}],"version-history":[{"count":0,"href":"https:\/\/audreydelaforge.com\/index.php\/wp-json\/wp\/v2\/posts\/1474\/revisions"}],"wp:featuredmedia":[{"embeddable":true,"href":"https:\/\/audreydelaforge.com\/index.php\/wp-json\/wp\/v2\/media\/1476"}],"wp:attachment":[{"href":"https:\/\/audreydelaforge.com\/index.php\/wp-json\/wp\/v2\/media?parent=1474"}],"wp:term":[{"taxonomy":"category","embeddable":true,"href":"https:\/\/audreydelaforge.com\/index.php\/wp-json\/wp\/v2\/categories?post=1474"},{"taxonomy":"post_tag","embeddable":true,"href":"https:\/\/audreydelaforge.com\/index.php\/wp-json\/wp\/v2\/tags?post=1474"}],"curies":[{"name":"wp","href":"https:\/\/api.w.org\/{rel}","templated":true}]}}