{"id":1494,"date":"2025-07-06T06:03:38","date_gmt":"2025-07-06T06:03:38","guid":{"rendered":"https:\/\/audreydelaforge.com\/?p=1494"},"modified":"2025-07-06T06:03:41","modified_gmt":"2025-07-06T06:03:41","slug":"tdah-et-mauvaise-education-pourquoi-lidee-recue-persiste-et-que-disent-les-neurosciences","status":"publish","type":"post","link":"https:\/\/audreydelaforge.com\/index.php\/2025\/07\/06\/tdah-et-mauvaise-education-pourquoi-lidee-recue-persiste-et-que-disent-les-neurosciences\/","title":{"rendered":"TDAH et mauvaise \u00e9ducation\u202f: pourquoi l\u2019id\u00e9e re\u00e7ue persiste et que disent les neurosciences"},"content":{"rendered":"\n<p>Tu as peut\u2011\u00eatre d\u00e9j\u00e0 entendu des phrases comme&nbsp;: \u00ab\u202fIl ferait moins de crises si tu l\u2019\u00e9levais mieux\u202f\u00bb ou \u00ab\u202fC\u2019est la faute de ses parents\u202f\u00bb. De nombreux enseignants, parents ou professionnels rapportent ces jugements souvent blessants. Pourtant, derri\u00e8re ces id\u00e9es re\u00e7ues se cachent des incompr\u00e9hensions profondes. \u00c0 partir de tes rencontres r\u00e9centes avec des familles et d\u2019\u00e9changes lors d\u2019ateliers ou de r\u00e9unions, cet article propose un \u00e9clairage clair et bienveillant.<\/p>\n\n\n<div class=\"wp-block-image\">\n<figure class=\"aligncenter size-full is-resized\"><img loading=\"lazy\" decoding=\"async\" width=\"1024\" height=\"1536\" src=\"https:\/\/audreydelaforge.com\/wp-content\/uploads\/2025\/07\/ChatGPT-Image-6-juil.-2025-07_44_24.png\" alt=\"\" class=\"wp-image-1495\" style=\"width:20px;height:auto\" srcset=\"https:\/\/audreydelaforge.com\/wp-content\/uploads\/2025\/07\/ChatGPT-Image-6-juil.-2025-07_44_24.png 1024w, https:\/\/audreydelaforge.com\/wp-content\/uploads\/2025\/07\/ChatGPT-Image-6-juil.-2025-07_44_24-200x300.png 200w, https:\/\/audreydelaforge.com\/wp-content\/uploads\/2025\/07\/ChatGPT-Image-6-juil.-2025-07_44_24-683x1024.png 683w\" sizes=\"auto, (max-width: 1024px) 100vw, 1024px\" \/><\/figure>\n<\/div>\n\n\n<hr class=\"wp-block-separator has-alpha-channel-opacity\"\/>\n\n\n\n<h2 class=\"wp-block-heading\">Pourquoi persiste-t-on \u00e0 lier TDAH et mauvaise \u00e9ducation\u202f? <\/h2>\n\n\n\n<h3 class=\"wp-block-heading\">1. Une interpr\u00e9tation simplifi\u00e9e du comportement<\/h3>\n\n\n\n<p>Les comportements agit\u00e9s ou impulsifs sont souvent interpr\u00e9t\u00e9s comme des r\u00e9actions \u00e9ducatives inad\u00e9quates plut\u00f4t que comme des manifestations neurologiques.<\/p>\n\n\n\n<h3 class=\"wp-block-heading\">2. Le besoin d\u2019une explication visible<\/h3>\n\n\n\n<p>Il est plus facile de pointer un manque \u00e9ducatif qu\u2019accepter un trouble invisible, chronique et complexe.<\/p>\n\n\n\n<h3 class=\"wp-block-heading\">3. Stigmatisation culturelle et sociale<\/h3>\n\n\n\n<p>Dans certains milieux, le contr\u00f4le du comportement est valoris\u00e9&nbsp;: le TDAH est parfois per\u00e7u comme un \u00e9chec \u00e9ducatif ou un manque de rigueur.<\/p>\n\n\n\n<hr class=\"wp-block-separator has-alpha-channel-opacity\"\/>\n\n\n\n<h2 class=\"wp-block-heading\">Que disent les neurosciences sur le TDAH\u202f? <\/h2>\n\n\n\n<h3 class=\"wp-block-heading\">Structure et fonctionnement du cerveau<\/h3>\n\n\n\n<p>\u2013 Le TDAH est li\u00e9 \u00e0 un <strong>retard de maturation du cortex pr\u00e9frontal<\/strong>, zone cl\u00e9 de l\u2019attention, de l\u2019inhibition et de la planification.<br>\u2013 Il existe des <strong>d\u00e9r\u00e8glements de neurotransmetteurs<\/strong> (dopamine, noradr\u00e9naline), essentiels \u00e0 la r\u00e9gulation \u00e9motionnelle et l\u2019impulsivit\u00e9.<\/p>\n\n\n\n<h3 class=\"wp-block-heading\">Dimension g\u00e9n\u00e9tique et biologique<\/h3>\n\n\n\n<p>\u2013 Les \u00e9tudes montrent <strong>une forte composante h\u00e9r\u00e9ditaire<\/strong>\u202f: souvent plusieurs membres de la m\u00eame famille pr\u00e9sentent des sympt\u00f4mes.<br>\u2013 Les recherches actuelles (IRM, g\u00e9n\u00e9tique) confirment l\u2019existence de <strong>traces structurelles sp\u00e9cifiques<\/strong>, ind\u00e9pendamment du contexte \u00e9ducatif.<br>\ud83d\udc49 Bref, contrairement \u00e0 l\u2019id\u00e9e re\u00e7ue, le TDAH est avant tout un <strong>trouble neurod\u00e9veloppemental<\/strong> et non une cons\u00e9quence d\u2019un style d\u2019\u00e9ducation d\u00e9faillant.<\/p>\n\n\n<div class=\"wp-block-image\">\n<figure class=\"aligncenter size-full is-resized\"><img loading=\"lazy\" decoding=\"async\" width=\"792\" height=\"708\" src=\"https:\/\/audreydelaforge.com\/wp-content\/uploads\/2025\/07\/Comment-fonctionne-la-memoire-visual-selection-27.png\" alt=\"\" class=\"wp-image-1496\" style=\"width:945px;height:auto\" srcset=\"https:\/\/audreydelaforge.com\/wp-content\/uploads\/2025\/07\/Comment-fonctionne-la-memoire-visual-selection-27.png 792w, https:\/\/audreydelaforge.com\/wp-content\/uploads\/2025\/07\/Comment-fonctionne-la-memoire-visual-selection-27-300x268.png 300w, https:\/\/audreydelaforge.com\/wp-content\/uploads\/2025\/07\/Comment-fonctionne-la-memoire-visual-selection-27-768x687.png 768w, https:\/\/audreydelaforge.com\/wp-content\/uploads\/2025\/07\/Comment-fonctionne-la-memoire-visual-selection-27-600x536.png 600w\" sizes=\"auto, (max-width: 792px) 100vw, 792px\" \/><\/figure>\n<\/div>\n\n\n<hr class=\"wp-block-separator has-alpha-channel-opacity\"\/>\n\n\n\n<h2 class=\"wp-block-heading\">Retours de terrain : voix des familles et des accompagnants <\/h2>\n\n\n\n<p>Voici quelques t\u00e9moignages anonymis\u00e9s issus de r\u00e9cents entretiens et r\u00e9unions (sans d\u00e9tails sensibles)\u202f:<\/p>\n\n\n\n<ul class=\"wp-block-list\">\n<li>\u00ab\u202fElle fait tellement d\u2019efforts\u2026 et on lui reproche encore des retards d\u2019attention\u202f\u00bb.<\/li>\n\n\n\n<li>\u00ab\u202fJe culpabilise, on me dit que c\u2019est ma fa\u00e7on de parler \u00e0 mon fils qui l\u2019agite \u00bb.<\/li>\n\n\n\n<li>\u00ab\u202fDes enseignants pensent que si on mettait plus de limites, tout irait mieux \u00bb.<\/li>\n<\/ul>\n\n\n\n<p>Ces retours illustrent la charge \u00e9motionnelle v\u00e9cue par les familles : sentiment d\u2019\u00e9chec, culpabilit\u00e9, isolement. Et pour les professionnels : frustration devant la persistance des id\u00e9es sans fondement.<\/p>\n\n\n\n<hr class=\"wp-block-separator has-alpha-channel-opacity\"\/>\n\n\n\n<h2 class=\"wp-block-heading\">Cons\u00e9quences de la confusion entre TDAH et \u00e9ducation <\/h2>\n\n\n\n<ul class=\"wp-block-list\">\n<li><strong>Culpabilit\u00e9 des parents<\/strong>\u202f: ils se sentent responsables d\u2019un trouble qu\u2019ils ne causent pas.<\/li>\n\n\n\n<li><strong>Diagnostic tardif ou absent<\/strong>\u202f: on va chercher \u00e0 modifier l\u2019\u00e9ducation plut\u00f4t qu\u2019\u00e0 enqu\u00eater sur un trouble neurologique.<\/li>\n\n\n\n<li><strong>Strat\u00e9gies inadapt\u00e9es<\/strong>\u202f: surcontr\u00f4le, punitions ou autoritarisme, qui aggravent l\u2019impulsivit\u00e9 et le sentiment d\u2019\u00e9chec de l\u2019enfant.<\/li>\n\n\n\n<li><strong>\u00c9puisement familial et professionnel<\/strong> : frustration, stress, manque de confiance dans les outils p\u00e9dagogiques.<\/li>\n<\/ul>\n\n\n<div class=\"wp-block-image\">\n<figure class=\"aligncenter size-full\"><img loading=\"lazy\" decoding=\"async\" width=\"1024\" height=\"1536\" src=\"https:\/\/audreydelaforge.com\/wp-content\/uploads\/2025\/07\/ChatGPT-Image-6-juil.-2025-07_53_31.png\" alt=\"\" class=\"wp-image-1497\" srcset=\"https:\/\/audreydelaforge.com\/wp-content\/uploads\/2025\/07\/ChatGPT-Image-6-juil.-2025-07_53_31.png 1024w, https:\/\/audreydelaforge.com\/wp-content\/uploads\/2025\/07\/ChatGPT-Image-6-juil.-2025-07_53_31-200x300.png 200w\" sizes=\"auto, (max-width: 1024px) 100vw, 1024px\" \/><\/figure>\n<\/div>\n\n\n<hr class=\"wp-block-separator has-alpha-channel-opacity\"\/>\n\n\n\n<h2 class=\"wp-block-heading\">Pistes concr\u00e8tes d\u2019accompagnement p\u00e9dagogique et familial <\/h2>\n\n\n\n<h3 class=\"wp-block-heading\">Pour les familles<\/h3>\n\n\n\n<ul class=\"wp-block-list\">\n<li>Instaure <strong>une \u00e9coute active et bienveillante<\/strong> : nommer les \u00e9motions, valider l\u2019effort.<\/li>\n\n\n\n<li>Propose des <strong>routines structur\u00e9es et visuelles<\/strong> : planning, rep\u00e8res temporels, zones calmes.<\/li>\n\n\n\n<li>Objet \u00ab\u202fpause calme\u202f\u00bb ou activit\u00e9 sensorielle pour canaliser.<\/li>\n<\/ul>\n\n\n\n<h3 class=\"wp-block-heading\">Pour les enseignant\u00b7es<\/h3>\n\n\n\n<ul class=\"wp-block-list\">\n<li>Favorise <strong>des consignes courtes et claires<\/strong> ; fractionnement des t\u00e2ches.<\/li>\n\n\n\n<li>Installe des <strong>pauses motrices r\u00e9guli\u00e8res<\/strong> ou des usages de mobilier actif (assise dynamique).<\/li>\n\n\n\n<li>Offre un <strong>feedback imm\u00e9diat et positif<\/strong> plut\u00f4t que des critiques globales.<\/li>\n<\/ul>\n\n\n\n<h3 class=\"wp-block-heading\">Pour les professionnel\u00b7les et orthop\u00e9dagogues<\/h3>\n\n\n\n<ul class=\"wp-block-list\">\n<li>Propose des bilans cognitifs <strong>bas\u00e9s sur les fonctions ex\u00e9cutives<\/strong> (attention, inhibition, m\u00e9moire de travail).<\/li>\n\n\n\n<li>Cr\u00e9e un <strong>plan d\u2019accompagnement personnalis\u00e9<\/strong> (PAP ou dispositif adapt\u00e9), \u00e9quilibr\u00e9 entre soutien et autonomie.<\/li>\n\n\n\n<li>Collabore avec l\u2019\u00e9quipe \u00e9ducative pour harmoniser les approches.<\/li>\n<\/ul>\n\n\n\n<hr class=\"wp-block-separator has-alpha-channel-opacity\"\/>\n\n\n\n<h2 class=\"wp-block-heading\">Conclusion <\/h2>\n\n\n\n<p>Tu vois d\u00e9sormais que le TDAH n\u2019est pas un reflet d\u2019une mauvaise \u00e9ducation, mais un trouble bien r\u00e9el, ancr\u00e9 dans le fonctionnement neurologique. En d\u00e9construisant cette croyance, on ouvre la voie \u00e0 une approche plus empathique, plus ajust\u00e9e et surtout respectueuse de l\u2019enfant. Les familles, les enseignant\u00b7es et les professionnel\u00b7les peuvent alors travailler ensemble, de fa\u00e7on \u00e9clair\u00e9e et solidaire.<\/p>\n\n\n\n\n\n<hr class=\"wp-block-separator has-alpha-channel-opacity\"\/>\n\n\n\n<h2 class=\"wp-block-heading\">R\u00e9sum\u00e9 rapide (FAQ express)<\/h2>\n\n\n\n<ul class=\"wp-block-list\">\n<li><strong>TDAH \u2260 mauvaise \u00e9ducation<\/strong> : c\u2019est un trouble neurobiologique.<\/li>\n\n\n\n<li><strong>Pourquoi l\u2019id\u00e9e persiste<\/strong> : simplification, stigmatisation, besoin d\u2019un responsable.<\/li>\n\n\n\n<li><strong>Effets de la confusion<\/strong> : jugement, culpabilit\u00e9, strat\u00e9gies inappropri\u00e9es.<\/li>\n\n\n\n<li><strong>Actions concr\u00e8tes<\/strong> : routines visuelles, \u00e9coute bienveillante, adaptations p\u00e9dagogiques.<\/li>\n<\/ul>\n\n\n\n<hr class=\"wp-block-separator has-alpha-channel-opacity\"\/>\n\n\n\n<p>J\u2019esp\u00e8re que cet article t\u2019aidera \u00e0 mieux comprendre, d\u00e9construire les id\u00e9es re\u00e7ues et soutenir efficacement tous les enfants concern\u00e9s par le TDAH.<\/p>\n","protected":false},"excerpt":{"rendered":"<p>Tu as peut\u2011\u00eatre d\u00e9j\u00e0 entendu des phrases comme&nbsp;: \u00ab\u202fIl ferait moins de crises si tu l\u2019\u00e9levais mieux\u202f\u00bb ou \u00ab\u202fC\u2019est la faute de ses parents\u202f\u00bb. De nombreux enseignants, parents ou professionnels rapportent ces jugements souvent blessants. Pourtant, derri\u00e8re ces id\u00e9es re\u00e7ues se cachent des incompr\u00e9hensions profondes. \u00c0 partir de tes rencontres r\u00e9centes avec des familles et&hellip;&nbsp;<a href=\"https:\/\/audreydelaforge.com\/index.php\/2025\/07\/06\/tdah-et-mauvaise-education-pourquoi-lidee-recue-persiste-et-que-disent-les-neurosciences\/\" rel=\"bookmark\">Lire la suite &raquo;<span class=\"screen-reader-text\">TDAH et mauvaise \u00e9ducation\u202f: pourquoi l\u2019id\u00e9e re\u00e7ue persiste et que disent les neurosciences<\/span><\/a><\/p>\n","protected":false},"author":1,"featured_media":1495,"comment_status":"closed","ping_status":"open","sticky":false,"template":"","format":"standard","meta":{"om_disable_all_campaigns":false,"neve_meta_sidebar":"","neve_meta_container":"","neve_meta_enable_content_width":"","neve_meta_content_width":0,"neve_meta_title_alignment":"","neve_meta_author_avatar":"","neve_post_elements_order":"","neve_meta_disable_header":"","neve_meta_disable_footer":"","neve_meta_disable_title":"","footnotes":""},"categories":[19],"tags":[37,34,27,30],"class_list":["post-1494","post","type-post","status-publish","format-standard","has-post-thumbnail","hentry","category-orthopedagogie","tag-enseignants-et-tdah","tag-neurodiversite","tag-tdah","tag-troubles-de-lattention"],"yoast_head":"<!-- This site is optimized with the Yoast SEO plugin v27.5 - https:\/\/yoast.com\/product\/yoast-seo-wordpress\/ -->\n<title>TDAH et mauvaise \u00e9ducation\u202f: pourquoi l\u2019id\u00e9e re\u00e7ue persiste et que disent les neurosciences ~ Audrey Delaforge, Orthop\u00e9dagogue<\/title>\n<meta name=\"description\" content=\"D\u00e9construis l\u2019id\u00e9e selon laquelle le TDAH serait caus\u00e9 par une mauvaise \u00e9ducation. Explications neuroscientifiques, retours terrain concrets et pistes d\u2019accompagnement familial et p\u00e9dagogique.\" \/>\n<meta name=\"robots\" content=\"index, follow, max-snippet:-1, max-image-preview:large, max-video-preview:-1\" \/>\n<link rel=\"canonical\" href=\"https:\/\/audreydelaforge.com\/index.php\/2025\/07\/06\/tdah-et-mauvaise-education-pourquoi-lidee-recue-persiste-et-que-disent-les-neurosciences\/\" \/>\n<meta property=\"og:locale\" content=\"fr_FR\" \/>\n<meta property=\"og:type\" content=\"article\" \/>\n<meta property=\"og:title\" content=\"TDAH et mauvaise \u00e9ducation\u202f: pourquoi l\u2019id\u00e9e re\u00e7ue persiste et que disent les neurosciences ~ Audrey Delaforge, Orthop\u00e9dagogue\" \/>\n<meta property=\"og:description\" content=\"D\u00e9construis l\u2019id\u00e9e selon laquelle le TDAH serait caus\u00e9 par une mauvaise \u00e9ducation. Explications neuroscientifiques, retours terrain concrets et pistes d\u2019accompagnement familial et p\u00e9dagogique.\" \/>\n<meta property=\"og:url\" content=\"https:\/\/audreydelaforge.com\/index.php\/2025\/07\/06\/tdah-et-mauvaise-education-pourquoi-lidee-recue-persiste-et-que-disent-les-neurosciences\/\" \/>\n<meta property=\"og:site_name\" content=\"Audrey Delaforge, Orthop\u00e9dagogue\" \/>\n<meta property=\"article:publisher\" content=\"https:\/\/www.facebook.com\/audreycateldelaforge\" \/>\n<meta property=\"article:published_time\" content=\"2025-07-06T06:03:38+00:00\" \/>\n<meta property=\"article:modified_time\" content=\"2025-07-06T06:03:41+00:00\" \/>\n<meta property=\"og:image\" content=\"https:\/\/audreydelaforge.com\/wp-content\/uploads\/2025\/07\/ChatGPT-Image-6-juil.-2025-07_44_24-683x1024.png\" \/>\n\t<meta property=\"og:image:width\" content=\"683\" \/>\n\t<meta property=\"og:image:height\" content=\"1024\" \/>\n\t<meta property=\"og:image:type\" content=\"image\/png\" \/>\n<meta name=\"author\" content=\"audrey.catel.delaforge@gmail.com\" \/>\n<meta name=\"twitter:card\" content=\"summary_large_image\" \/>\n<meta name=\"twitter:label1\" content=\"\u00c9crit par\" \/>\n\t<meta name=\"twitter:data1\" content=\"audrey.catel.delaforge@gmail.com\" \/>\n\t<meta name=\"twitter:label2\" content=\"Dur\u00e9e de lecture estim\u00e9e\" \/>\n\t<meta name=\"twitter:data2\" content=\"4 minutes\" \/>\n<script type=\"application\/ld+json\" class=\"yoast-schema-graph\">{\"@context\":\"https:\\\/\\\/schema.org\",\"@graph\":[{\"@type\":\"Article\",\"@id\":\"https:\\\/\\\/audreydelaforge.com\\\/index.php\\\/2025\\\/07\\\/06\\\/tdah-et-mauvaise-education-pourquoi-lidee-recue-persiste-et-que-disent-les-neurosciences\\\/#article\",\"isPartOf\":{\"@id\":\"https:\\\/\\\/audreydelaforge.com\\\/index.php\\\/2025\\\/07\\\/06\\\/tdah-et-mauvaise-education-pourquoi-lidee-recue-persiste-et-que-disent-les-neurosciences\\\/\"},\"author\":{\"name\":\"audrey.catel.delaforge@gmail.com\",\"@id\":\"https:\\\/\\\/audreydelaforge.com\\\/#\\\/schema\\\/person\\\/b44bccc3f328e9802afbab74bb74495d\"},\"headline\":\"TDAH et mauvaise \u00e9ducation\u202f: pourquoi l\u2019id\u00e9e re\u00e7ue persiste et que disent les neurosciences\",\"datePublished\":\"2025-07-06T06:03:38+00:00\",\"dateModified\":\"2025-07-06T06:03:41+00:00\",\"mainEntityOfPage\":{\"@id\":\"https:\\\/\\\/audreydelaforge.com\\\/index.php\\\/2025\\\/07\\\/06\\\/tdah-et-mauvaise-education-pourquoi-lidee-recue-persiste-et-que-disent-les-neurosciences\\\/\"},\"wordCount\":777,\"publisher\":{\"@id\":\"https:\\\/\\\/audreydelaforge.com\\\/#organization\"},\"image\":{\"@id\":\"https:\\\/\\\/audreydelaforge.com\\\/index.php\\\/2025\\\/07\\\/06\\\/tdah-et-mauvaise-education-pourquoi-lidee-recue-persiste-et-que-disent-les-neurosciences\\\/#primaryimage\"},\"thumbnailUrl\":\"https:\\\/\\\/audreydelaforge.com\\\/wp-content\\\/uploads\\\/2025\\\/07\\\/ChatGPT-Image-6-juil.-2025-07_44_24.png\",\"keywords\":[\"Enseignants et TDAH\",\"Neurodiversit\u00e9\",\"TDAH\",\"Troubles de l\u2019attention\"],\"articleSection\":[\"Orthop\u00e9dagogie\"],\"inLanguage\":\"fr-FR\"},{\"@type\":\"WebPage\",\"@id\":\"https:\\\/\\\/audreydelaforge.com\\\/index.php\\\/2025\\\/07\\\/06\\\/tdah-et-mauvaise-education-pourquoi-lidee-recue-persiste-et-que-disent-les-neurosciences\\\/\",\"url\":\"https:\\\/\\\/audreydelaforge.com\\\/index.php\\\/2025\\\/07\\\/06\\\/tdah-et-mauvaise-education-pourquoi-lidee-recue-persiste-et-que-disent-les-neurosciences\\\/\",\"name\":\"TDAH et mauvaise \u00e9ducation\u202f: pourquoi l\u2019id\u00e9e re\u00e7ue persiste et que disent les neurosciences ~ Audrey Delaforge, Orthop\u00e9dagogue\",\"isPartOf\":{\"@id\":\"https:\\\/\\\/audreydelaforge.com\\\/#website\"},\"primaryImageOfPage\":{\"@id\":\"https:\\\/\\\/audreydelaforge.com\\\/index.php\\\/2025\\\/07\\\/06\\\/tdah-et-mauvaise-education-pourquoi-lidee-recue-persiste-et-que-disent-les-neurosciences\\\/#primaryimage\"},\"image\":{\"@id\":\"https:\\\/\\\/audreydelaforge.com\\\/index.php\\\/2025\\\/07\\\/06\\\/tdah-et-mauvaise-education-pourquoi-lidee-recue-persiste-et-que-disent-les-neurosciences\\\/#primaryimage\"},\"thumbnailUrl\":\"https:\\\/\\\/audreydelaforge.com\\\/wp-content\\\/uploads\\\/2025\\\/07\\\/ChatGPT-Image-6-juil.-2025-07_44_24.png\",\"datePublished\":\"2025-07-06T06:03:38+00:00\",\"dateModified\":\"2025-07-06T06:03:41+00:00\",\"description\":\"D\u00e9construis l\u2019id\u00e9e selon laquelle le TDAH serait caus\u00e9 par une mauvaise \u00e9ducation. Explications neuroscientifiques, retours terrain concrets et pistes d\u2019accompagnement familial et p\u00e9dagogique.\",\"breadcrumb\":{\"@id\":\"https:\\\/\\\/audreydelaforge.com\\\/index.php\\\/2025\\\/07\\\/06\\\/tdah-et-mauvaise-education-pourquoi-lidee-recue-persiste-et-que-disent-les-neurosciences\\\/#breadcrumb\"},\"inLanguage\":\"fr-FR\",\"potentialAction\":[{\"@type\":\"ReadAction\",\"target\":[\"https:\\\/\\\/audreydelaforge.com\\\/index.php\\\/2025\\\/07\\\/06\\\/tdah-et-mauvaise-education-pourquoi-lidee-recue-persiste-et-que-disent-les-neurosciences\\\/\"]}]},{\"@type\":\"ImageObject\",\"inLanguage\":\"fr-FR\",\"@id\":\"https:\\\/\\\/audreydelaforge.com\\\/index.php\\\/2025\\\/07\\\/06\\\/tdah-et-mauvaise-education-pourquoi-lidee-recue-persiste-et-que-disent-les-neurosciences\\\/#primaryimage\",\"url\":\"https:\\\/\\\/audreydelaforge.com\\\/wp-content\\\/uploads\\\/2025\\\/07\\\/ChatGPT-Image-6-juil.-2025-07_44_24.png\",\"contentUrl\":\"https:\\\/\\\/audreydelaforge.com\\\/wp-content\\\/uploads\\\/2025\\\/07\\\/ChatGPT-Image-6-juil.-2025-07_44_24.png\",\"width\":1024,\"height\":1536},{\"@type\":\"BreadcrumbList\",\"@id\":\"https:\\\/\\\/audreydelaforge.com\\\/index.php\\\/2025\\\/07\\\/06\\\/tdah-et-mauvaise-education-pourquoi-lidee-recue-persiste-et-que-disent-les-neurosciences\\\/#breadcrumb\",\"itemListElement\":[{\"@type\":\"ListItem\",\"position\":1,\"name\":\"Accueil\",\"item\":\"https:\\\/\\\/audreydelaforge.com\\\/\"},{\"@type\":\"ListItem\",\"position\":2,\"name\":\"TDAH et mauvaise \u00e9ducation\u202f: pourquoi l\u2019id\u00e9e re\u00e7ue persiste et que disent les neurosciences\"}]},{\"@type\":\"WebSite\",\"@id\":\"https:\\\/\\\/audreydelaforge.com\\\/#website\",\"url\":\"https:\\\/\\\/audreydelaforge.com\\\/\",\"name\":\"Audrey Delaforge, Orthop\u00e9dagogue\",\"description\":\"L&#039;apprenant au centre du savoir\",\"publisher\":{\"@id\":\"https:\\\/\\\/audreydelaforge.com\\\/#organization\"},\"potentialAction\":[{\"@type\":\"SearchAction\",\"target\":{\"@type\":\"EntryPoint\",\"urlTemplate\":\"https:\\\/\\\/audreydelaforge.com\\\/?s={search_term_string}\"},\"query-input\":{\"@type\":\"PropertyValueSpecification\",\"valueRequired\":true,\"valueName\":\"search_term_string\"}}],\"inLanguage\":\"fr-FR\"},{\"@type\":\"Organization\",\"@id\":\"https:\\\/\\\/audreydelaforge.com\\\/#organization\",\"name\":\"Audrey Delaforge, Orthop\u00e9dagogue\",\"url\":\"https:\\\/\\\/audreydelaforge.com\\\/\",\"logo\":{\"@type\":\"ImageObject\",\"inLanguage\":\"fr-FR\",\"@id\":\"https:\\\/\\\/audreydelaforge.com\\\/#\\\/schema\\\/logo\\\/image\\\/\",\"url\":\"https:\\\/\\\/audreydelaforge.com\\\/wp-content\\\/uploads\\\/2022\\\/06\\\/Logo-orange-noir-avec-Audrey-1.png\",\"contentUrl\":\"https:\\\/\\\/audreydelaforge.com\\\/wp-content\\\/uploads\\\/2022\\\/06\\\/Logo-orange-noir-avec-Audrey-1.png\",\"width\":500,\"height\":500,\"caption\":\"Audrey Delaforge, Orthop\u00e9dagogue\"},\"image\":{\"@id\":\"https:\\\/\\\/audreydelaforge.com\\\/#\\\/schema\\\/logo\\\/image\\\/\"},\"sameAs\":[\"https:\\\/\\\/www.facebook.com\\\/audreycateldelaforge\",\"https:\\\/\\\/www.linkedin.com\\\/in\\\/audrey-catel-delaforge\",\"https:\\\/\\\/www.instagram.com\\\/audrey_delaforge\\\/\"]},{\"@type\":\"Person\",\"@id\":\"https:\\\/\\\/audreydelaforge.com\\\/#\\\/schema\\\/person\\\/b44bccc3f328e9802afbab74bb74495d\",\"name\":\"audrey.catel.delaforge@gmail.com\",\"image\":{\"@type\":\"ImageObject\",\"inLanguage\":\"fr-FR\",\"@id\":\"https:\\\/\\\/secure.gravatar.com\\\/avatar\\\/6d2d46023ee8ab957213dcdb0ea8dc964f367c205b281a7f789f0eb314dfafbf?s=96&d=mm&r=g\",\"url\":\"https:\\\/\\\/secure.gravatar.com\\\/avatar\\\/6d2d46023ee8ab957213dcdb0ea8dc964f367c205b281a7f789f0eb314dfafbf?s=96&d=mm&r=g\",\"contentUrl\":\"https:\\\/\\\/secure.gravatar.com\\\/avatar\\\/6d2d46023ee8ab957213dcdb0ea8dc964f367c205b281a7f789f0eb314dfafbf?s=96&d=mm&r=g\",\"caption\":\"audrey.catel.delaforge@gmail.com\"},\"sameAs\":[\"http:\\\/\\\/audreydelaforge.com\"],\"url\":\"https:\\\/\\\/audreydelaforge.com\\\/index.php\\\/author\\\/audrey-catel-delaforgegmail-com\\\/\"}]}<\/script>\n<!-- \/ Yoast SEO plugin. -->","yoast_head_json":{"title":"TDAH et mauvaise \u00e9ducation\u202f: pourquoi l\u2019id\u00e9e re\u00e7ue persiste et que disent les neurosciences ~ Audrey Delaforge, Orthop\u00e9dagogue","description":"D\u00e9construis l\u2019id\u00e9e selon laquelle le TDAH serait caus\u00e9 par une mauvaise \u00e9ducation. Explications neuroscientifiques, retours terrain concrets et pistes d\u2019accompagnement familial et p\u00e9dagogique.","robots":{"index":"index","follow":"follow","max-snippet":"max-snippet:-1","max-image-preview":"max-image-preview:large","max-video-preview":"max-video-preview:-1"},"canonical":"https:\/\/audreydelaforge.com\/index.php\/2025\/07\/06\/tdah-et-mauvaise-education-pourquoi-lidee-recue-persiste-et-que-disent-les-neurosciences\/","og_locale":"fr_FR","og_type":"article","og_title":"TDAH et mauvaise \u00e9ducation\u202f: pourquoi l\u2019id\u00e9e re\u00e7ue persiste et que disent les neurosciences ~ Audrey Delaforge, Orthop\u00e9dagogue","og_description":"D\u00e9construis l\u2019id\u00e9e selon laquelle le TDAH serait caus\u00e9 par une mauvaise \u00e9ducation. Explications neuroscientifiques, retours terrain concrets et pistes d\u2019accompagnement familial et p\u00e9dagogique.","og_url":"https:\/\/audreydelaforge.com\/index.php\/2025\/07\/06\/tdah-et-mauvaise-education-pourquoi-lidee-recue-persiste-et-que-disent-les-neurosciences\/","og_site_name":"Audrey Delaforge, Orthop\u00e9dagogue","article_publisher":"https:\/\/www.facebook.com\/audreycateldelaforge","article_published_time":"2025-07-06T06:03:38+00:00","article_modified_time":"2025-07-06T06:03:41+00:00","og_image":[{"width":683,"height":1024,"url":"https:\/\/audreydelaforge.com\/wp-content\/uploads\/2025\/07\/ChatGPT-Image-6-juil.-2025-07_44_24-683x1024.png","type":"image\/png"}],"author":"audrey.catel.delaforge@gmail.com","twitter_card":"summary_large_image","twitter_misc":{"\u00c9crit par":"audrey.catel.delaforge@gmail.com","Dur\u00e9e de lecture estim\u00e9e":"4 minutes"},"schema":{"@context":"https:\/\/schema.org","@graph":[{"@type":"Article","@id":"https:\/\/audreydelaforge.com\/index.php\/2025\/07\/06\/tdah-et-mauvaise-education-pourquoi-lidee-recue-persiste-et-que-disent-les-neurosciences\/#article","isPartOf":{"@id":"https:\/\/audreydelaforge.com\/index.php\/2025\/07\/06\/tdah-et-mauvaise-education-pourquoi-lidee-recue-persiste-et-que-disent-les-neurosciences\/"},"author":{"name":"audrey.catel.delaforge@gmail.com","@id":"https:\/\/audreydelaforge.com\/#\/schema\/person\/b44bccc3f328e9802afbab74bb74495d"},"headline":"TDAH et mauvaise \u00e9ducation\u202f: pourquoi l\u2019id\u00e9e re\u00e7ue persiste et que disent les neurosciences","datePublished":"2025-07-06T06:03:38+00:00","dateModified":"2025-07-06T06:03:41+00:00","mainEntityOfPage":{"@id":"https:\/\/audreydelaforge.com\/index.php\/2025\/07\/06\/tdah-et-mauvaise-education-pourquoi-lidee-recue-persiste-et-que-disent-les-neurosciences\/"},"wordCount":777,"publisher":{"@id":"https:\/\/audreydelaforge.com\/#organization"},"image":{"@id":"https:\/\/audreydelaforge.com\/index.php\/2025\/07\/06\/tdah-et-mauvaise-education-pourquoi-lidee-recue-persiste-et-que-disent-les-neurosciences\/#primaryimage"},"thumbnailUrl":"https:\/\/audreydelaforge.com\/wp-content\/uploads\/2025\/07\/ChatGPT-Image-6-juil.-2025-07_44_24.png","keywords":["Enseignants et TDAH","Neurodiversit\u00e9","TDAH","Troubles de l\u2019attention"],"articleSection":["Orthop\u00e9dagogie"],"inLanguage":"fr-FR"},{"@type":"WebPage","@id":"https:\/\/audreydelaforge.com\/index.php\/2025\/07\/06\/tdah-et-mauvaise-education-pourquoi-lidee-recue-persiste-et-que-disent-les-neurosciences\/","url":"https:\/\/audreydelaforge.com\/index.php\/2025\/07\/06\/tdah-et-mauvaise-education-pourquoi-lidee-recue-persiste-et-que-disent-les-neurosciences\/","name":"TDAH et mauvaise \u00e9ducation\u202f: pourquoi l\u2019id\u00e9e re\u00e7ue persiste et que disent les neurosciences ~ Audrey Delaforge, Orthop\u00e9dagogue","isPartOf":{"@id":"https:\/\/audreydelaforge.com\/#website"},"primaryImageOfPage":{"@id":"https:\/\/audreydelaforge.com\/index.php\/2025\/07\/06\/tdah-et-mauvaise-education-pourquoi-lidee-recue-persiste-et-que-disent-les-neurosciences\/#primaryimage"},"image":{"@id":"https:\/\/audreydelaforge.com\/index.php\/2025\/07\/06\/tdah-et-mauvaise-education-pourquoi-lidee-recue-persiste-et-que-disent-les-neurosciences\/#primaryimage"},"thumbnailUrl":"https:\/\/audreydelaforge.com\/wp-content\/uploads\/2025\/07\/ChatGPT-Image-6-juil.-2025-07_44_24.png","datePublished":"2025-07-06T06:03:38+00:00","dateModified":"2025-07-06T06:03:41+00:00","description":"D\u00e9construis l\u2019id\u00e9e selon laquelle le TDAH serait caus\u00e9 par une mauvaise \u00e9ducation. Explications neuroscientifiques, retours terrain concrets et pistes d\u2019accompagnement familial et p\u00e9dagogique.","breadcrumb":{"@id":"https:\/\/audreydelaforge.com\/index.php\/2025\/07\/06\/tdah-et-mauvaise-education-pourquoi-lidee-recue-persiste-et-que-disent-les-neurosciences\/#breadcrumb"},"inLanguage":"fr-FR","potentialAction":[{"@type":"ReadAction","target":["https:\/\/audreydelaforge.com\/index.php\/2025\/07\/06\/tdah-et-mauvaise-education-pourquoi-lidee-recue-persiste-et-que-disent-les-neurosciences\/"]}]},{"@type":"ImageObject","inLanguage":"fr-FR","@id":"https:\/\/audreydelaforge.com\/index.php\/2025\/07\/06\/tdah-et-mauvaise-education-pourquoi-lidee-recue-persiste-et-que-disent-les-neurosciences\/#primaryimage","url":"https:\/\/audreydelaforge.com\/wp-content\/uploads\/2025\/07\/ChatGPT-Image-6-juil.-2025-07_44_24.png","contentUrl":"https:\/\/audreydelaforge.com\/wp-content\/uploads\/2025\/07\/ChatGPT-Image-6-juil.-2025-07_44_24.png","width":1024,"height":1536},{"@type":"BreadcrumbList","@id":"https:\/\/audreydelaforge.com\/index.php\/2025\/07\/06\/tdah-et-mauvaise-education-pourquoi-lidee-recue-persiste-et-que-disent-les-neurosciences\/#breadcrumb","itemListElement":[{"@type":"ListItem","position":1,"name":"Accueil","item":"https:\/\/audreydelaforge.com\/"},{"@type":"ListItem","position":2,"name":"TDAH et mauvaise \u00e9ducation\u202f: pourquoi l\u2019id\u00e9e re\u00e7ue persiste et que disent les neurosciences"}]},{"@type":"WebSite","@id":"https:\/\/audreydelaforge.com\/#website","url":"https:\/\/audreydelaforge.com\/","name":"Audrey Delaforge, Orthop\u00e9dagogue","description":"L&#039;apprenant au centre du savoir","publisher":{"@id":"https:\/\/audreydelaforge.com\/#organization"},"potentialAction":[{"@type":"SearchAction","target":{"@type":"EntryPoint","urlTemplate":"https:\/\/audreydelaforge.com\/?s={search_term_string}"},"query-input":{"@type":"PropertyValueSpecification","valueRequired":true,"valueName":"search_term_string"}}],"inLanguage":"fr-FR"},{"@type":"Organization","@id":"https:\/\/audreydelaforge.com\/#organization","name":"Audrey Delaforge, Orthop\u00e9dagogue","url":"https:\/\/audreydelaforge.com\/","logo":{"@type":"ImageObject","inLanguage":"fr-FR","@id":"https:\/\/audreydelaforge.com\/#\/schema\/logo\/image\/","url":"https:\/\/audreydelaforge.com\/wp-content\/uploads\/2022\/06\/Logo-orange-noir-avec-Audrey-1.png","contentUrl":"https:\/\/audreydelaforge.com\/wp-content\/uploads\/2022\/06\/Logo-orange-noir-avec-Audrey-1.png","width":500,"height":500,"caption":"Audrey Delaforge, Orthop\u00e9dagogue"},"image":{"@id":"https:\/\/audreydelaforge.com\/#\/schema\/logo\/image\/"},"sameAs":["https:\/\/www.facebook.com\/audreycateldelaforge","https:\/\/www.linkedin.com\/in\/audrey-catel-delaforge","https:\/\/www.instagram.com\/audrey_delaforge\/"]},{"@type":"Person","@id":"https:\/\/audreydelaforge.com\/#\/schema\/person\/b44bccc3f328e9802afbab74bb74495d","name":"audrey.catel.delaforge@gmail.com","image":{"@type":"ImageObject","inLanguage":"fr-FR","@id":"https:\/\/secure.gravatar.com\/avatar\/6d2d46023ee8ab957213dcdb0ea8dc964f367c205b281a7f789f0eb314dfafbf?s=96&d=mm&r=g","url":"https:\/\/secure.gravatar.com\/avatar\/6d2d46023ee8ab957213dcdb0ea8dc964f367c205b281a7f789f0eb314dfafbf?s=96&d=mm&r=g","contentUrl":"https:\/\/secure.gravatar.com\/avatar\/6d2d46023ee8ab957213dcdb0ea8dc964f367c205b281a7f789f0eb314dfafbf?s=96&d=mm&r=g","caption":"audrey.catel.delaforge@gmail.com"},"sameAs":["http:\/\/audreydelaforge.com"],"url":"https:\/\/audreydelaforge.com\/index.php\/author\/audrey-catel-delaforgegmail-com\/"}]}},"_links":{"self":[{"href":"https:\/\/audreydelaforge.com\/index.php\/wp-json\/wp\/v2\/posts\/1494","targetHints":{"allow":["GET"]}}],"collection":[{"href":"https:\/\/audreydelaforge.com\/index.php\/wp-json\/wp\/v2\/posts"}],"about":[{"href":"https:\/\/audreydelaforge.com\/index.php\/wp-json\/wp\/v2\/types\/post"}],"author":[{"embeddable":true,"href":"https:\/\/audreydelaforge.com\/index.php\/wp-json\/wp\/v2\/users\/1"}],"replies":[{"embeddable":true,"href":"https:\/\/audreydelaforge.com\/index.php\/wp-json\/wp\/v2\/comments?post=1494"}],"version-history":[{"count":0,"href":"https:\/\/audreydelaforge.com\/index.php\/wp-json\/wp\/v2\/posts\/1494\/revisions"}],"wp:featuredmedia":[{"embeddable":true,"href":"https:\/\/audreydelaforge.com\/index.php\/wp-json\/wp\/v2\/media\/1495"}],"wp:attachment":[{"href":"https:\/\/audreydelaforge.com\/index.php\/wp-json\/wp\/v2\/media?parent=1494"}],"wp:term":[{"taxonomy":"category","embeddable":true,"href":"https:\/\/audreydelaforge.com\/index.php\/wp-json\/wp\/v2\/categories?post=1494"},{"taxonomy":"post_tag","embeddable":true,"href":"https:\/\/audreydelaforge.com\/index.php\/wp-json\/wp\/v2\/tags?post=1494"}],"curies":[{"name":"wp","href":"https:\/\/api.w.org\/{rel}","templated":true}]}}