{"id":1513,"date":"2025-07-20T06:12:32","date_gmt":"2025-07-20T06:12:32","guid":{"rendered":"https:\/\/audreydelaforge.com\/?p=1513"},"modified":"2025-07-20T06:12:35","modified_gmt":"2025-07-20T06:12:35","slug":"vacances-scolaires-et-si-on-en-profitait-pour-muscler-les-competences-invisibles","status":"publish","type":"post","link":"https:\/\/audreydelaforge.com\/index.php\/2025\/07\/20\/vacances-scolaires-et-si-on-en-profitait-pour-muscler-les-competences-invisibles\/","title":{"rendered":"Vacances scolaires : et si on en profitait pour muscler les comp\u00e9tences invisibles ?"},"content":{"rendered":"\n\n\n<blockquote class=\"wp-block-quote is-layout-flow wp-block-quote-is-layout-flow\">\n<p>\u201cLes grandes choses ne se font pas par la force, mais par la pers\u00e9v\u00e9rance.\u201d \u2013 Samuel Johnson<\/p>\n<\/blockquote>\n\n\n\n<p>Les vacances scolaires approchent, et avec elles, une pause bien m\u00e9rit\u00e9e pour les enfants\u2026 et leurs parents ! Souvent per\u00e7ues comme un temps de d\u00e9connexion totale des apprentissages, ces p\u00e9riodes offrent pourtant une occasion pr\u00e9cieuse : celle de soutenir autrement le d\u00e9veloppement de l\u2019enfant.<br>Et si tu en profitais pour nourrir ce que l\u2019on appelle les <strong>comp\u00e9tences invisibles<\/strong> ?<\/p>\n\n\n\n<h2 class=\"wp-block-heading\">Que sont ces fameuses comp\u00e9tences invisibles ?<\/h2>\n\n\n\n<p>On les appelle aussi <strong>comp\u00e9tences transversales<\/strong>. Elles ne figurent pas noir sur blanc dans les cahiers de vacances, mais elles jouent un r\u00f4le central dans les apprentissages :<\/p>\n\n\n<div class=\"wp-block-image\">\n<figure class=\"alignleft size-full is-resized\"><img loading=\"lazy\" decoding=\"async\" width=\"924\" height=\"622\" src=\"https:\/\/audreydelaforge.com\/wp-content\/uploads\/2025\/07\/visual-selection-4.png\" alt=\"\" class=\"wp-image-1514\" style=\"width:423px;height:auto\" srcset=\"https:\/\/audreydelaforge.com\/wp-content\/uploads\/2025\/07\/visual-selection-4.png 924w, https:\/\/audreydelaforge.com\/wp-content\/uploads\/2025\/07\/visual-selection-4-300x202.png 300w, https:\/\/audreydelaforge.com\/wp-content\/uploads\/2025\/07\/visual-selection-4-768x517.png 768w, https:\/\/audreydelaforge.com\/wp-content\/uploads\/2025\/07\/visual-selection-4-600x404.png 600w\" sizes=\"auto, (max-width: 924px) 100vw, 924px\" \/><\/figure>\n<\/div>\n\n\n<ul class=\"wp-block-list\">\n<li>L\u2019attention et la concentration<\/li>\n\n\n\n<li>La motricit\u00e9 fine<\/li>\n\n\n\n<li>L\u2019organisation personnelle<\/li>\n\n\n\n<li>La gestion des \u00e9motions<\/li>\n\n\n\n<li>La planification ou encore la m\u00e9moire de travail<\/li>\n<\/ul>\n\n\n\n<p>Ces comp\u00e9tences sont comme les fondations d\u2019une maison : invisibles au premier regard, mais essentielles pour que tout le reste tienne debout.<\/p>\n\n\n\n<h2 class=\"wp-block-heading\">Pourquoi sont-elles si importantes ?<\/h2>\n\n\n\n<p>Parce qu\u2019elles conditionnent la mani\u00e8re dont un enfant <strong>entre dans les apprentissages<\/strong>, les traite et les mobilise.<br>Prenons quelques exemples :<\/p>\n\n\n\n<ul class=\"wp-block-list\">\n<li><strong>Un enfant facilement distrait<\/strong> peut avoir du mal \u00e0 suivre une consigne ou \u00e0 terminer une t\u00e2che.<\/li>\n\n\n\n<li><strong>Des difficult\u00e9s de motricit\u00e9 fine<\/strong> peuvent rendre l\u2019\u00e9criture laborieuse, voire douloureuse.<\/li>\n\n\n\n<li><strong>Une mauvaise gestion du temps ou des \u00e9motions<\/strong> peut engendrer du stress, des conflits ou de la procrastination.<\/li>\n<\/ul>\n\n\n\n<p>Travailler ces comp\u00e9tences, c\u2019est donc <strong>pr\u00e9parer un terrain plus stable<\/strong> pour les apprentissages scolaires, mais aussi pour le quotidien. Et les vacances, avec leur rythme plus souple, sont une p\u00e9riode id\u00e9ale pour cela.<\/p>\n\n\n\n<h2 class=\"wp-block-heading\">Le regard de l\u2019orthop\u00e9dagogue : agir sans pression, avec bienveillance<\/h2>\n\n\n\n<p>En tant qu\u2019orthop\u00e9dagogue, mon r\u00f4le n\u2019est pas d\u2019\u00e9tiqueter mais d\u2019<strong>observer, comprendre et accompagner<\/strong>. Chaque enfant est unique, et les besoins varient d\u2019une situation \u00e0 l\u2019autre.<\/p>\n\n\n\n<p>Mon approche repose sur trois piliers :<\/p>\n\n\n\n<ul class=\"wp-block-list\">\n<li><strong>La personnalisation<\/strong> : partir de ce que l\u2019enfant vit, aime, comprend.<\/li>\n\n\n\n<li><strong>La bienveillance<\/strong> : proposer sans forcer, encourager sans comparer.<\/li>\n\n\n\n<li><strong>Des outils concrets et ludiques<\/strong>, qui trouvent leur place dans le quotidien, sans que cela ressemble \u00e0 \u201cl\u2019\u00e9cole \u00e0 la maison\u201d.<\/li>\n<\/ul>\n\n\n\n<p>C\u2019est dans cet esprit que j\u2019ai s\u00e9lectionn\u00e9 plusieurs objets disponibles dans ma <strong>boutique orthop\u00e9dagogique<\/strong>, pens\u00e9s pour t\u2019aider \u00e0 soutenir ces fameuses comp\u00e9tences invisibles \u00e0 travers des activit\u00e9s simples et engageantes.<\/p>\n\n\n\n<h2 class=\"wp-block-heading\">Quelques outils p\u00e9dagogiques pour renforcer les comp\u00e9tences transversales pendant les vacances<\/h2>\n\n\n\n<p>Voici une s\u00e9lection de supports que tu peux utiliser facilement chez toi, \u00e0 ton rythme, et selon les besoins de ton enfant :<\/p>\n\n\n\n<h3 class=\"wp-block-heading\">\ud83d\udd52 Timer visuel<\/h3>\n\n\n\n<ul class=\"wp-block-list\">\n<li><strong>\u00c0 quoi \u00e7a sert ?<\/strong> Aider l\u2019enfant \u00e0 mieux percevoir le temps qui passe, \u00e0 g\u00e9rer son attention et \u00e0 se rep\u00e9rer dans une t\u00e2che.<\/li>\n\n\n\n<li><strong>Pour quels besoins ?<\/strong> Enfants qui se dispersent, procrastinent ou ont du mal \u00e0 se mettre en route.<\/li>\n\n\n\n<li><strong>Comment l\u2019utiliser ?<\/strong> Pour chronom\u00e9trer une activit\u00e9 (lecture, rangement, jeu libre), instaurer un temps calme ou organiser la journ\u00e9e.<\/li>\n\n\n\n<li><strong>Usages en famille :<\/strong> Mettre un minuteur pour 20 minutes de jeux de soci\u00e9t\u00e9 avant le d\u00eener, ou 10 minutes de rangement de la chambre.<\/li>\n<\/ul>\n\n\n\n<h3 class=\"wp-block-heading\">\ud83d\uddc2\ufe0f Supports de planification hebdomadaire<\/h3>\n\n\n\n<ul class=\"wp-block-list\">\n<li><strong>\u00c0 quoi \u00e7a sert ?<\/strong> Visualiser les journ\u00e9es, anticiper les temps forts, structurer les routines.<\/li>\n\n\n\n<li><strong>Pour quels besoins ?<\/strong> Enfants anxieux, d\u00e9sorganis\u00e9s ou en qu\u00eate de rep\u00e8res.<\/li>\n\n\n\n<li><strong>Comment l\u2019utiliser ?<\/strong> Pr\u00e9parer ensemble le planning du jour ou de la semaine, coller des pictos, barrer les journ\u00e9es \u00e9coul\u00e9es.<\/li>\n\n\n\n<li><strong>Usages en famille :<\/strong> Cr\u00e9er une routine matin\/soir, organiser les activit\u00e9s vacances (cin\u00e9ma, biblioth\u00e8que, sortie nature\u2026).<\/li>\n<\/ul>\n\n\n\n<h3 class=\"wp-block-heading\">\ud83c\udfa8 Outils sensoriels (balles, planches \u00e0 textures, fidgets\u2026)<\/h3>\n\n\n\n<ul class=\"wp-block-list\">\n<li><strong>\u00c0 quoi \u00e7a sert ?<\/strong> R\u00e9guler les \u00e9motions, canaliser l\u2019agitation ou maintenir l\u2019attention.<\/li>\n\n\n\n<li><strong>Pour quels besoins ?<\/strong> Enfants tr\u00e8s actifs, hypersensibles ou ayant besoin de pauses corporelles r\u00e9guli\u00e8res.<\/li>\n\n\n\n<li><strong>Comment l\u2019utiliser ?<\/strong> \u00c0 disposition pendant une activit\u00e9 calme, dans un coin sensoriel, ou en balade.<\/li>\n\n\n\n<li><strong>Usages en famille :<\/strong> Int\u00e9grer un objet sensoriel dans le sac \u00e0 dos pour les sorties, proposer un \u201cmoment fidget\u201d avant une activit\u00e9 de concentration.<\/li>\n<\/ul>\n\n\n\n<h2 class=\"wp-block-heading\">Une approche douce, mais qui porte ses fruits<\/h2>\n\n\n\n<p>Pas besoin de transformer les vacances en cahiers d\u2019exercices !<br>Ce sont les <strong>petits gestes du quotidien<\/strong>, les moments de complicit\u00e9, les outils bien choisis, qui permettent de <strong>renforcer en douceur des comp\u00e9tences essentielles<\/strong>.<\/p>\n\n\n\n<p>Tu souhaites aller plus loin, \u00e9changer sur les besoins de ton enfant ou d\u00e9couvrir d\u2019autres supports adapt\u00e9s ?<br>\ud83d\udc49<a href=\"http:\/\/www.latroussedespotentiels.fr\"> D\u00e9couvre la boutique orthop\u00e9dagogique<\/a><br>\ud83d\udc49<a href=\"https:\/\/audreydelaforge.com\/index.php\/bilan-de-situation-enfant-tdah\/\"> Prends contact avec moi pour un accompagnement personnalis\u00e9<\/a><\/p>\n\n\n\n<hr class=\"wp-block-separator has-alpha-channel-opacity\"\/>\n\n\n\n<p>Souviens-toi : les vacances ne sont pas un moment vide, mais un <strong>terrain fertile pour apprendre autrement<\/strong>. Et toi, comment vas-tu soutenir les comp\u00e9tences invisibles cet \u00e9t\u00e9 ?<\/p>\n\n\n\n<p><\/p>\n","protected":false},"excerpt":{"rendered":"<p>\u201cLes grandes choses ne se font pas par la force, mais par la pers\u00e9v\u00e9rance.\u201d \u2013 Samuel Johnson Les vacances scolaires approchent, et avec elles, une pause bien m\u00e9rit\u00e9e pour les enfants\u2026 et leurs parents ! Souvent per\u00e7ues comme un temps de d\u00e9connexion totale des apprentissages, ces p\u00e9riodes offrent pourtant une occasion pr\u00e9cieuse : celle de&hellip;&nbsp;<a href=\"https:\/\/audreydelaforge.com\/index.php\/2025\/07\/20\/vacances-scolaires-et-si-on-en-profitait-pour-muscler-les-competences-invisibles\/\" rel=\"bookmark\">Lire la suite &raquo;<span class=\"screen-reader-text\">Vacances scolaires : et si on en profitait pour muscler les comp\u00e9tences invisibles ?<\/span><\/a><\/p>\n","protected":false},"author":1,"featured_media":1515,"comment_status":"closed","ping_status":"open","sticky":false,"template":"","format":"standard","meta":{"om_disable_all_campaigns":false,"neve_meta_sidebar":"","neve_meta_container":"","neve_meta_enable_content_width":"","neve_meta_content_width":0,"neve_meta_title_alignment":"","neve_meta_author_avatar":"","neve_post_elements_order":"","neve_meta_disable_header":"","neve_meta_disable_footer":"","neve_meta_disable_title":"","footnotes":""},"categories":[19,1],"tags":[],"class_list":["post-1513","post","type-post","status-publish","format-standard","has-post-thumbnail","hentry","category-orthopedagogie","category-uncategorized"],"yoast_head":"<!-- This site is optimized with the Yoast SEO plugin v27.5 - https:\/\/yoast.com\/product\/yoast-seo-wordpress\/ -->\n<title>Vacances scolaires : et si on en profitait pour muscler les comp\u00e9tences invisibles ? ~ Audrey Delaforge, Orthop\u00e9dagogue<\/title>\n<meta name=\"description\" content=\"Et si les vacances scolaires devenaient l\u2019occasion id\u00e9ale pour d\u00e9velopper les comp\u00e9tences transversales ? D\u00e9couvre des conseils et outils concrets d\u2019orthop\u00e9dagogie pour soutenir ton enfant en douceur.\" \/>\n<meta name=\"robots\" content=\"index, follow, max-snippet:-1, max-image-preview:large, max-video-preview:-1\" \/>\n<link rel=\"canonical\" href=\"https:\/\/audreydelaforge.com\/index.php\/2025\/07\/20\/vacances-scolaires-et-si-on-en-profitait-pour-muscler-les-competences-invisibles\/\" \/>\n<meta property=\"og:locale\" content=\"fr_FR\" \/>\n<meta property=\"og:type\" content=\"article\" \/>\n<meta property=\"og:title\" content=\"Vacances scolaires : et si on en profitait pour muscler les comp\u00e9tences invisibles ? ~ Audrey Delaforge, Orthop\u00e9dagogue\" \/>\n<meta property=\"og:description\" content=\"Et si les vacances scolaires devenaient l\u2019occasion id\u00e9ale pour d\u00e9velopper les comp\u00e9tences transversales ? D\u00e9couvre des conseils et outils concrets d\u2019orthop\u00e9dagogie pour soutenir ton enfant en douceur.\" \/>\n<meta property=\"og:url\" content=\"https:\/\/audreydelaforge.com\/index.php\/2025\/07\/20\/vacances-scolaires-et-si-on-en-profitait-pour-muscler-les-competences-invisibles\/\" \/>\n<meta property=\"og:site_name\" content=\"Audrey Delaforge, Orthop\u00e9dagogue\" \/>\n<meta property=\"article:publisher\" content=\"https:\/\/www.facebook.com\/audreycateldelaforge\" \/>\n<meta property=\"article:published_time\" content=\"2025-07-20T06:12:32+00:00\" \/>\n<meta property=\"article:modified_time\" content=\"2025-07-20T06:12:35+00:00\" \/>\n<meta property=\"og:image\" content=\"https:\/\/audreydelaforge.com\/wp-content\/uploads\/2025\/07\/ChatGPT-Image-20-juil.-2025-08_09_29.png\" \/>\n\t<meta property=\"og:image:width\" content=\"683\" \/>\n\t<meta property=\"og:image:height\" content=\"1024\" \/>\n\t<meta property=\"og:image:type\" content=\"image\/png\" \/>\n<meta name=\"author\" content=\"audrey.catel.delaforge@gmail.com\" \/>\n<meta name=\"twitter:card\" content=\"summary_large_image\" \/>\n<meta name=\"twitter:label1\" content=\"\u00c9crit par\" \/>\n\t<meta name=\"twitter:data1\" content=\"audrey.catel.delaforge@gmail.com\" \/>\n\t<meta name=\"twitter:label2\" content=\"Dur\u00e9e de lecture estim\u00e9e\" \/>\n\t<meta name=\"twitter:data2\" content=\"4 minutes\" \/>\n<script type=\"application\/ld+json\" class=\"yoast-schema-graph\">{\"@context\":\"https:\\\/\\\/schema.org\",\"@graph\":[{\"@type\":\"Article\",\"@id\":\"https:\\\/\\\/audreydelaforge.com\\\/index.php\\\/2025\\\/07\\\/20\\\/vacances-scolaires-et-si-on-en-profitait-pour-muscler-les-competences-invisibles\\\/#article\",\"isPartOf\":{\"@id\":\"https:\\\/\\\/audreydelaforge.com\\\/index.php\\\/2025\\\/07\\\/20\\\/vacances-scolaires-et-si-on-en-profitait-pour-muscler-les-competences-invisibles\\\/\"},\"author\":{\"name\":\"audrey.catel.delaforge@gmail.com\",\"@id\":\"https:\\\/\\\/audreydelaforge.com\\\/#\\\/schema\\\/person\\\/b44bccc3f328e9802afbab74bb74495d\"},\"headline\":\"Vacances scolaires : et si on en profitait pour muscler les comp\u00e9tences invisibles ?\",\"datePublished\":\"2025-07-20T06:12:32+00:00\",\"dateModified\":\"2025-07-20T06:12:35+00:00\",\"mainEntityOfPage\":{\"@id\":\"https:\\\/\\\/audreydelaforge.com\\\/index.php\\\/2025\\\/07\\\/20\\\/vacances-scolaires-et-si-on-en-profitait-pour-muscler-les-competences-invisibles\\\/\"},\"wordCount\":793,\"publisher\":{\"@id\":\"https:\\\/\\\/audreydelaforge.com\\\/#organization\"},\"image\":{\"@id\":\"https:\\\/\\\/audreydelaforge.com\\\/index.php\\\/2025\\\/07\\\/20\\\/vacances-scolaires-et-si-on-en-profitait-pour-muscler-les-competences-invisibles\\\/#primaryimage\"},\"thumbnailUrl\":\"https:\\\/\\\/audreydelaforge.com\\\/wp-content\\\/uploads\\\/2025\\\/07\\\/ChatGPT-Image-20-juil.-2025-08_09_29.png\",\"articleSection\":[\"Orthop\u00e9dagogie\",\"Uncategorized\"],\"inLanguage\":\"fr-FR\"},{\"@type\":\"WebPage\",\"@id\":\"https:\\\/\\\/audreydelaforge.com\\\/index.php\\\/2025\\\/07\\\/20\\\/vacances-scolaires-et-si-on-en-profitait-pour-muscler-les-competences-invisibles\\\/\",\"url\":\"https:\\\/\\\/audreydelaforge.com\\\/index.php\\\/2025\\\/07\\\/20\\\/vacances-scolaires-et-si-on-en-profitait-pour-muscler-les-competences-invisibles\\\/\",\"name\":\"Vacances scolaires : et si on en profitait pour muscler les comp\u00e9tences invisibles ? ~ Audrey Delaforge, Orthop\u00e9dagogue\",\"isPartOf\":{\"@id\":\"https:\\\/\\\/audreydelaforge.com\\\/#website\"},\"primaryImageOfPage\":{\"@id\":\"https:\\\/\\\/audreydelaforge.com\\\/index.php\\\/2025\\\/07\\\/20\\\/vacances-scolaires-et-si-on-en-profitait-pour-muscler-les-competences-invisibles\\\/#primaryimage\"},\"image\":{\"@id\":\"https:\\\/\\\/audreydelaforge.com\\\/index.php\\\/2025\\\/07\\\/20\\\/vacances-scolaires-et-si-on-en-profitait-pour-muscler-les-competences-invisibles\\\/#primaryimage\"},\"thumbnailUrl\":\"https:\\\/\\\/audreydelaforge.com\\\/wp-content\\\/uploads\\\/2025\\\/07\\\/ChatGPT-Image-20-juil.-2025-08_09_29.png\",\"datePublished\":\"2025-07-20T06:12:32+00:00\",\"dateModified\":\"2025-07-20T06:12:35+00:00\",\"description\":\"Et si les vacances scolaires devenaient l\u2019occasion id\u00e9ale pour d\u00e9velopper les comp\u00e9tences transversales ? D\u00e9couvre des conseils et outils concrets d\u2019orthop\u00e9dagogie pour soutenir ton enfant en douceur.\",\"breadcrumb\":{\"@id\":\"https:\\\/\\\/audreydelaforge.com\\\/index.php\\\/2025\\\/07\\\/20\\\/vacances-scolaires-et-si-on-en-profitait-pour-muscler-les-competences-invisibles\\\/#breadcrumb\"},\"inLanguage\":\"fr-FR\",\"potentialAction\":[{\"@type\":\"ReadAction\",\"target\":[\"https:\\\/\\\/audreydelaforge.com\\\/index.php\\\/2025\\\/07\\\/20\\\/vacances-scolaires-et-si-on-en-profitait-pour-muscler-les-competences-invisibles\\\/\"]}]},{\"@type\":\"ImageObject\",\"inLanguage\":\"fr-FR\",\"@id\":\"https:\\\/\\\/audreydelaforge.com\\\/index.php\\\/2025\\\/07\\\/20\\\/vacances-scolaires-et-si-on-en-profitait-pour-muscler-les-competences-invisibles\\\/#primaryimage\",\"url\":\"https:\\\/\\\/audreydelaforge.com\\\/wp-content\\\/uploads\\\/2025\\\/07\\\/ChatGPT-Image-20-juil.-2025-08_09_29.png\",\"contentUrl\":\"https:\\\/\\\/audreydelaforge.com\\\/wp-content\\\/uploads\\\/2025\\\/07\\\/ChatGPT-Image-20-juil.-2025-08_09_29.png\",\"width\":1024,\"height\":1536},{\"@type\":\"BreadcrumbList\",\"@id\":\"https:\\\/\\\/audreydelaforge.com\\\/index.php\\\/2025\\\/07\\\/20\\\/vacances-scolaires-et-si-on-en-profitait-pour-muscler-les-competences-invisibles\\\/#breadcrumb\",\"itemListElement\":[{\"@type\":\"ListItem\",\"position\":1,\"name\":\"Accueil\",\"item\":\"https:\\\/\\\/audreydelaforge.com\\\/\"},{\"@type\":\"ListItem\",\"position\":2,\"name\":\"Vacances scolaires : et si on en profitait pour muscler les comp\u00e9tences invisibles ?\"}]},{\"@type\":\"WebSite\",\"@id\":\"https:\\\/\\\/audreydelaforge.com\\\/#website\",\"url\":\"https:\\\/\\\/audreydelaforge.com\\\/\",\"name\":\"Audrey Delaforge, Orthop\u00e9dagogue\",\"description\":\"L&#039;apprenant au centre du savoir\",\"publisher\":{\"@id\":\"https:\\\/\\\/audreydelaforge.com\\\/#organization\"},\"potentialAction\":[{\"@type\":\"SearchAction\",\"target\":{\"@type\":\"EntryPoint\",\"urlTemplate\":\"https:\\\/\\\/audreydelaforge.com\\\/?s={search_term_string}\"},\"query-input\":{\"@type\":\"PropertyValueSpecification\",\"valueRequired\":true,\"valueName\":\"search_term_string\"}}],\"inLanguage\":\"fr-FR\"},{\"@type\":\"Organization\",\"@id\":\"https:\\\/\\\/audreydelaforge.com\\\/#organization\",\"name\":\"Audrey Delaforge, Orthop\u00e9dagogue\",\"url\":\"https:\\\/\\\/audreydelaforge.com\\\/\",\"logo\":{\"@type\":\"ImageObject\",\"inLanguage\":\"fr-FR\",\"@id\":\"https:\\\/\\\/audreydelaforge.com\\\/#\\\/schema\\\/logo\\\/image\\\/\",\"url\":\"https:\\\/\\\/audreydelaforge.com\\\/wp-content\\\/uploads\\\/2022\\\/06\\\/Logo-orange-noir-avec-Audrey-1.png\",\"contentUrl\":\"https:\\\/\\\/audreydelaforge.com\\\/wp-content\\\/uploads\\\/2022\\\/06\\\/Logo-orange-noir-avec-Audrey-1.png\",\"width\":500,\"height\":500,\"caption\":\"Audrey Delaforge, Orthop\u00e9dagogue\"},\"image\":{\"@id\":\"https:\\\/\\\/audreydelaforge.com\\\/#\\\/schema\\\/logo\\\/image\\\/\"},\"sameAs\":[\"https:\\\/\\\/www.facebook.com\\\/audreycateldelaforge\",\"https:\\\/\\\/www.linkedin.com\\\/in\\\/audrey-catel-delaforge\",\"https:\\\/\\\/www.instagram.com\\\/audrey_delaforge\\\/\"]},{\"@type\":\"Person\",\"@id\":\"https:\\\/\\\/audreydelaforge.com\\\/#\\\/schema\\\/person\\\/b44bccc3f328e9802afbab74bb74495d\",\"name\":\"audrey.catel.delaforge@gmail.com\",\"image\":{\"@type\":\"ImageObject\",\"inLanguage\":\"fr-FR\",\"@id\":\"https:\\\/\\\/secure.gravatar.com\\\/avatar\\\/6d2d46023ee8ab957213dcdb0ea8dc964f367c205b281a7f789f0eb314dfafbf?s=96&d=mm&r=g\",\"url\":\"https:\\\/\\\/secure.gravatar.com\\\/avatar\\\/6d2d46023ee8ab957213dcdb0ea8dc964f367c205b281a7f789f0eb314dfafbf?s=96&d=mm&r=g\",\"contentUrl\":\"https:\\\/\\\/secure.gravatar.com\\\/avatar\\\/6d2d46023ee8ab957213dcdb0ea8dc964f367c205b281a7f789f0eb314dfafbf?s=96&d=mm&r=g\",\"caption\":\"audrey.catel.delaforge@gmail.com\"},\"sameAs\":[\"http:\\\/\\\/audreydelaforge.com\"],\"url\":\"https:\\\/\\\/audreydelaforge.com\\\/index.php\\\/author\\\/audrey-catel-delaforgegmail-com\\\/\"}]}<\/script>\n<!-- \/ Yoast SEO plugin. -->","yoast_head_json":{"title":"Vacances scolaires : et si on en profitait pour muscler les comp\u00e9tences invisibles ? ~ Audrey Delaforge, Orthop\u00e9dagogue","description":"Et si les vacances scolaires devenaient l\u2019occasion id\u00e9ale pour d\u00e9velopper les comp\u00e9tences transversales ? D\u00e9couvre des conseils et outils concrets d\u2019orthop\u00e9dagogie pour soutenir ton enfant en douceur.","robots":{"index":"index","follow":"follow","max-snippet":"max-snippet:-1","max-image-preview":"max-image-preview:large","max-video-preview":"max-video-preview:-1"},"canonical":"https:\/\/audreydelaforge.com\/index.php\/2025\/07\/20\/vacances-scolaires-et-si-on-en-profitait-pour-muscler-les-competences-invisibles\/","og_locale":"fr_FR","og_type":"article","og_title":"Vacances scolaires : et si on en profitait pour muscler les comp\u00e9tences invisibles ? ~ Audrey Delaforge, Orthop\u00e9dagogue","og_description":"Et si les vacances scolaires devenaient l\u2019occasion id\u00e9ale pour d\u00e9velopper les comp\u00e9tences transversales ? D\u00e9couvre des conseils et outils concrets d\u2019orthop\u00e9dagogie pour soutenir ton enfant en douceur.","og_url":"https:\/\/audreydelaforge.com\/index.php\/2025\/07\/20\/vacances-scolaires-et-si-on-en-profitait-pour-muscler-les-competences-invisibles\/","og_site_name":"Audrey Delaforge, Orthop\u00e9dagogue","article_publisher":"https:\/\/www.facebook.com\/audreycateldelaforge","article_published_time":"2025-07-20T06:12:32+00:00","article_modified_time":"2025-07-20T06:12:35+00:00","og_image":[{"url":"https:\/\/audreydelaforge.com\/wp-content\/uploads\/2025\/07\/ChatGPT-Image-20-juil.-2025-08_09_29.png","width":683,"height":1024,"type":"image\/png"}],"author":"audrey.catel.delaforge@gmail.com","twitter_card":"summary_large_image","twitter_misc":{"\u00c9crit par":"audrey.catel.delaforge@gmail.com","Dur\u00e9e de lecture estim\u00e9e":"4 minutes"},"schema":{"@context":"https:\/\/schema.org","@graph":[{"@type":"Article","@id":"https:\/\/audreydelaforge.com\/index.php\/2025\/07\/20\/vacances-scolaires-et-si-on-en-profitait-pour-muscler-les-competences-invisibles\/#article","isPartOf":{"@id":"https:\/\/audreydelaforge.com\/index.php\/2025\/07\/20\/vacances-scolaires-et-si-on-en-profitait-pour-muscler-les-competences-invisibles\/"},"author":{"name":"audrey.catel.delaforge@gmail.com","@id":"https:\/\/audreydelaforge.com\/#\/schema\/person\/b44bccc3f328e9802afbab74bb74495d"},"headline":"Vacances scolaires : et si on en profitait pour muscler les comp\u00e9tences invisibles ?","datePublished":"2025-07-20T06:12:32+00:00","dateModified":"2025-07-20T06:12:35+00:00","mainEntityOfPage":{"@id":"https:\/\/audreydelaforge.com\/index.php\/2025\/07\/20\/vacances-scolaires-et-si-on-en-profitait-pour-muscler-les-competences-invisibles\/"},"wordCount":793,"publisher":{"@id":"https:\/\/audreydelaforge.com\/#organization"},"image":{"@id":"https:\/\/audreydelaforge.com\/index.php\/2025\/07\/20\/vacances-scolaires-et-si-on-en-profitait-pour-muscler-les-competences-invisibles\/#primaryimage"},"thumbnailUrl":"https:\/\/audreydelaforge.com\/wp-content\/uploads\/2025\/07\/ChatGPT-Image-20-juil.-2025-08_09_29.png","articleSection":["Orthop\u00e9dagogie","Uncategorized"],"inLanguage":"fr-FR"},{"@type":"WebPage","@id":"https:\/\/audreydelaforge.com\/index.php\/2025\/07\/20\/vacances-scolaires-et-si-on-en-profitait-pour-muscler-les-competences-invisibles\/","url":"https:\/\/audreydelaforge.com\/index.php\/2025\/07\/20\/vacances-scolaires-et-si-on-en-profitait-pour-muscler-les-competences-invisibles\/","name":"Vacances scolaires : et si on en profitait pour muscler les comp\u00e9tences invisibles ? ~ Audrey Delaforge, Orthop\u00e9dagogue","isPartOf":{"@id":"https:\/\/audreydelaforge.com\/#website"},"primaryImageOfPage":{"@id":"https:\/\/audreydelaforge.com\/index.php\/2025\/07\/20\/vacances-scolaires-et-si-on-en-profitait-pour-muscler-les-competences-invisibles\/#primaryimage"},"image":{"@id":"https:\/\/audreydelaforge.com\/index.php\/2025\/07\/20\/vacances-scolaires-et-si-on-en-profitait-pour-muscler-les-competences-invisibles\/#primaryimage"},"thumbnailUrl":"https:\/\/audreydelaforge.com\/wp-content\/uploads\/2025\/07\/ChatGPT-Image-20-juil.-2025-08_09_29.png","datePublished":"2025-07-20T06:12:32+00:00","dateModified":"2025-07-20T06:12:35+00:00","description":"Et si les vacances scolaires devenaient l\u2019occasion id\u00e9ale pour d\u00e9velopper les comp\u00e9tences transversales ? D\u00e9couvre des conseils et outils concrets d\u2019orthop\u00e9dagogie pour soutenir ton enfant en douceur.","breadcrumb":{"@id":"https:\/\/audreydelaforge.com\/index.php\/2025\/07\/20\/vacances-scolaires-et-si-on-en-profitait-pour-muscler-les-competences-invisibles\/#breadcrumb"},"inLanguage":"fr-FR","potentialAction":[{"@type":"ReadAction","target":["https:\/\/audreydelaforge.com\/index.php\/2025\/07\/20\/vacances-scolaires-et-si-on-en-profitait-pour-muscler-les-competences-invisibles\/"]}]},{"@type":"ImageObject","inLanguage":"fr-FR","@id":"https:\/\/audreydelaforge.com\/index.php\/2025\/07\/20\/vacances-scolaires-et-si-on-en-profitait-pour-muscler-les-competences-invisibles\/#primaryimage","url":"https:\/\/audreydelaforge.com\/wp-content\/uploads\/2025\/07\/ChatGPT-Image-20-juil.-2025-08_09_29.png","contentUrl":"https:\/\/audreydelaforge.com\/wp-content\/uploads\/2025\/07\/ChatGPT-Image-20-juil.-2025-08_09_29.png","width":1024,"height":1536},{"@type":"BreadcrumbList","@id":"https:\/\/audreydelaforge.com\/index.php\/2025\/07\/20\/vacances-scolaires-et-si-on-en-profitait-pour-muscler-les-competences-invisibles\/#breadcrumb","itemListElement":[{"@type":"ListItem","position":1,"name":"Accueil","item":"https:\/\/audreydelaforge.com\/"},{"@type":"ListItem","position":2,"name":"Vacances scolaires : et si on en profitait pour muscler les comp\u00e9tences invisibles ?"}]},{"@type":"WebSite","@id":"https:\/\/audreydelaforge.com\/#website","url":"https:\/\/audreydelaforge.com\/","name":"Audrey Delaforge, Orthop\u00e9dagogue","description":"L&#039;apprenant au centre du savoir","publisher":{"@id":"https:\/\/audreydelaforge.com\/#organization"},"potentialAction":[{"@type":"SearchAction","target":{"@type":"EntryPoint","urlTemplate":"https:\/\/audreydelaforge.com\/?s={search_term_string}"},"query-input":{"@type":"PropertyValueSpecification","valueRequired":true,"valueName":"search_term_string"}}],"inLanguage":"fr-FR"},{"@type":"Organization","@id":"https:\/\/audreydelaforge.com\/#organization","name":"Audrey Delaforge, Orthop\u00e9dagogue","url":"https:\/\/audreydelaforge.com\/","logo":{"@type":"ImageObject","inLanguage":"fr-FR","@id":"https:\/\/audreydelaforge.com\/#\/schema\/logo\/image\/","url":"https:\/\/audreydelaforge.com\/wp-content\/uploads\/2022\/06\/Logo-orange-noir-avec-Audrey-1.png","contentUrl":"https:\/\/audreydelaforge.com\/wp-content\/uploads\/2022\/06\/Logo-orange-noir-avec-Audrey-1.png","width":500,"height":500,"caption":"Audrey Delaforge, Orthop\u00e9dagogue"},"image":{"@id":"https:\/\/audreydelaforge.com\/#\/schema\/logo\/image\/"},"sameAs":["https:\/\/www.facebook.com\/audreycateldelaforge","https:\/\/www.linkedin.com\/in\/audrey-catel-delaforge","https:\/\/www.instagram.com\/audrey_delaforge\/"]},{"@type":"Person","@id":"https:\/\/audreydelaforge.com\/#\/schema\/person\/b44bccc3f328e9802afbab74bb74495d","name":"audrey.catel.delaforge@gmail.com","image":{"@type":"ImageObject","inLanguage":"fr-FR","@id":"https:\/\/secure.gravatar.com\/avatar\/6d2d46023ee8ab957213dcdb0ea8dc964f367c205b281a7f789f0eb314dfafbf?s=96&d=mm&r=g","url":"https:\/\/secure.gravatar.com\/avatar\/6d2d46023ee8ab957213dcdb0ea8dc964f367c205b281a7f789f0eb314dfafbf?s=96&d=mm&r=g","contentUrl":"https:\/\/secure.gravatar.com\/avatar\/6d2d46023ee8ab957213dcdb0ea8dc964f367c205b281a7f789f0eb314dfafbf?s=96&d=mm&r=g","caption":"audrey.catel.delaforge@gmail.com"},"sameAs":["http:\/\/audreydelaforge.com"],"url":"https:\/\/audreydelaforge.com\/index.php\/author\/audrey-catel-delaforgegmail-com\/"}]}},"_links":{"self":[{"href":"https:\/\/audreydelaforge.com\/index.php\/wp-json\/wp\/v2\/posts\/1513","targetHints":{"allow":["GET"]}}],"collection":[{"href":"https:\/\/audreydelaforge.com\/index.php\/wp-json\/wp\/v2\/posts"}],"about":[{"href":"https:\/\/audreydelaforge.com\/index.php\/wp-json\/wp\/v2\/types\/post"}],"author":[{"embeddable":true,"href":"https:\/\/audreydelaforge.com\/index.php\/wp-json\/wp\/v2\/users\/1"}],"replies":[{"embeddable":true,"href":"https:\/\/audreydelaforge.com\/index.php\/wp-json\/wp\/v2\/comments?post=1513"}],"version-history":[{"count":0,"href":"https:\/\/audreydelaforge.com\/index.php\/wp-json\/wp\/v2\/posts\/1513\/revisions"}],"wp:featuredmedia":[{"embeddable":true,"href":"https:\/\/audreydelaforge.com\/index.php\/wp-json\/wp\/v2\/media\/1515"}],"wp:attachment":[{"href":"https:\/\/audreydelaforge.com\/index.php\/wp-json\/wp\/v2\/media?parent=1513"}],"wp:term":[{"taxonomy":"category","embeddable":true,"href":"https:\/\/audreydelaforge.com\/index.php\/wp-json\/wp\/v2\/categories?post=1513"},{"taxonomy":"post_tag","embeddable":true,"href":"https:\/\/audreydelaforge.com\/index.php\/wp-json\/wp\/v2\/tags?post=1513"}],"curies":[{"name":"wp","href":"https:\/\/api.w.org\/{rel}","templated":true}]}}