{"id":1519,"date":"2025-09-14T09:36:29","date_gmt":"2025-09-14T09:36:29","guid":{"rendered":"https:\/\/audreydelaforge.com\/?p=1519"},"modified":"2025-09-14T09:36:32","modified_gmt":"2025-09-14T09:36:32","slug":"autonomie-scolaire-comment-un-accompagnement-pas-a-pas-transforme-les-apprentissages","status":"publish","type":"post","link":"https:\/\/audreydelaforge.com\/index.php\/2025\/09\/14\/autonomie-scolaire-comment-un-accompagnement-pas-a-pas-transforme-les-apprentissages\/","title":{"rendered":"Autonomie scolaire : comment un accompagnement pas \u00e0 pas transforme les apprentissages"},"content":{"rendered":"<div class=\"wp-block-image\">\n<figure class=\"alignleft size-full is-resized\"><img loading=\"lazy\" decoding=\"async\" width=\"1024\" height=\"1024\" src=\"https:\/\/audreydelaforge.com\/wp-content\/uploads\/2025\/09\/ChatGPT-Image-14-sept.-2025-11_28_57-1.png\" alt=\"\" class=\"wp-image-1521\" style=\"width:248px;height:auto\" srcset=\"https:\/\/audreydelaforge.com\/wp-content\/uploads\/2025\/09\/ChatGPT-Image-14-sept.-2025-11_28_57-1.png 1024w, https:\/\/audreydelaforge.com\/wp-content\/uploads\/2025\/09\/ChatGPT-Image-14-sept.-2025-11_28_57-1-300x300.png 300w, https:\/\/audreydelaforge.com\/wp-content\/uploads\/2025\/09\/ChatGPT-Image-14-sept.-2025-11_28_57-1-150x150.png 150w\" sizes=\"auto, (max-width: 1024px) 100vw, 1024px\" \/><\/figure>\n<\/div>\n\n\n<h3 class=\"wp-block-heading\"><strong>Et si l\u2019autonomie n\u2019\u00e9tait pas une question de chance, mais de m\u00e9thode ?<\/strong><\/h3>\n\n\n\n<p><em>\u00ab Il n\u2019est pas autonome. \u00bb<\/em> Cette phrase, vous l\u2019avez peut-\u00eatre entendue \u2013 ou prononc\u00e9e \u2013 \u00e0 propos d\u2019un \u00e9l\u00e8ve. Mais et si l\u2019autonomie n\u2019\u00e9tait pas une qualit\u00e9 inn\u00e9e, r\u00e9serv\u00e9e \u00e0 certains, mais une comp\u00e9tence qui se construit, \u00e9tape par \u00e9tape ?<\/p>\n\n\n\n<p>L\u2019autonomie scolaire ne tombe pas du ciel. Elle se cultive, s\u2019\u00e9taye, et surtout, <strong>elle s\u2019apprend avec le bon accompagnement<\/strong>. C\u2019est l\u00e0 que l\u2019orthop\u00e9dagogie entre en jeu : en guidant chaque \u00e9l\u00e8ve vers une autonomie <strong>r\u00e9elle, durable et rassurante<\/strong>, sans pr\u00e9cipitation ni frustration.<\/p>\n\n\n\n<p>Dans cet article, d\u00e9couvrez :&nbsp;<\/p>\n\n\n\n<p>\u2705 <strong>Les 3 \u00e9tapes cl\u00e9s<\/strong> pour d\u00e9velopper l\u2019autonomie (et pourquoi la pr\u00e9cipitation est l\u2019ennemie du progr\u00e8s).&nbsp;<\/p>\n\n\n\n<p>\u2705 <strong>Les freins invisibles<\/strong> qui bloquent les \u00e9l\u00e8ves (et comment les lever sans forcer).&nbsp;<\/p>\n\n\n\n<p>\u2705 <strong>Des outils concrets<\/strong> test\u00e9s en classe pour rendre l\u2019\u00e9l\u00e8ve acteur de ses apprentissages.&nbsp;<\/p>\n\n\n\n<p>\u2705 <strong>Le r\u00f4le m\u00e9connu de l\u2019orthop\u00e9dagogue<\/strong> : bien plus qu\u2019un soutien, un <strong>guide strat\u00e9giques<\/strong>.<\/p>\n\n\n\n<h3 class=\"wp-block-heading\"><strong>1. L\u2019autonomie : un chemin en 3 \u00e9tapes (et non une ligne droite)<\/strong><\/h3>\n\n\n\n<p>Contrairement aux id\u00e9es re\u00e7ues, l\u2019autonomie ne s\u2019acquiert pas du jour au lendemain. C\u2019est un <strong>processus sinueux<\/strong>, fait de progr\u00e8s, de reculs et d\u2019ajustements. Voici les trois phases cl\u00e9s observ\u00e9es en orthop\u00e9dagogie :<\/p>\n\n\n\n<h4 class=\"wp-block-heading\"><strong>\u00c9tape 1 : La d\u00e9pendance guid\u00e9e \u2013 Le cadre rassurant<\/strong><\/h4>\n\n\n\n<p><em>\u00ab Montre-moi comment faire. \u00bb<\/em> \u00c0 ce stade, l\u2019\u00e9l\u00e8ve a besoin d\u2019un <strong>cadre structur\u00e9<\/strong> :<\/p>\n\n\n\n<ul class=\"wp-block-list\">\n<li>Consignes claires et r\u00e9p\u00e9t\u00e9es.<\/li>\n\n\n\n<li>Mod\u00e9lisation des t\u00e2ches (<em>\u00ab Regarde, je te montre comment organiser ton sac \u00bb<\/em>).<\/li>\n\n\n\n<li>Encouragements pour oser essayer.<\/li>\n<\/ul>\n\n\n\n<p>\ud83d\udc49 <strong>Pourquoi c\u2019est normal<\/strong> : Comme les petites roues d\u2019un v\u00e9lo, ce soutien est <strong>temporaire et n\u00e9cessaire<\/strong>. Sans lui, l\u2019\u00e9l\u00e8ve risque de se d\u00e9courager.<\/p>\n\n\n\n<h4 class=\"wp-block-heading\"><strong>\u00c9tape 2 : L\u2019ind\u00e9pendance exp\u00e9rimentale \u2013 Le droit \u00e0 l\u2019erreur<\/strong><\/h4>\n\n\n\n<p><em>\u00ab Je essaie\u2026 mais je v\u00e9rifie avec toi. \u00bb<\/em> L\u2019\u00e9l\u00e8ve commence \u00e0 prendre des initiatives, mais son autonomie reste <strong>fragile<\/strong> :<\/p>\n\n\n\n<ul class=\"wp-block-list\">\n<li>Il teste des strat\u00e9gies (ex. : utiliser un planner).<\/li>\n\n\n\n<li>Il commet des erreurs\u2026 et en tire des le\u00e7ons.<\/li>\n\n\n\n<li>Il a encore besoin de <strong>rep\u00e8res<\/strong> (<em>\u00ab As-tu v\u00e9rifi\u00e9 ta checklist ? \u00bb<\/em>).<\/li>\n<\/ul>\n\n\n\n<p>\ud83d\udca1 <strong>Le pi\u00e8ge \u00e0 \u00e9viter<\/strong> : Le laisser seul trop t\u00f4t. \u00c0 ce stade, un <strong>\u00e9tayage bienveillant<\/strong> (rappels, feedbacks) est crucial pour \u00e9viter la d\u00e9motivation.<\/p>\n\n\n\n<h4 class=\"wp-block-heading\"><strong>\u00c9tape 3 : L\u2019autonomie consolid\u00e9e \u2013 L\u2019\u00e9l\u00e8ve devient strat\u00e8ge<\/strong><\/h4>\n\n\n\n<p><em>\u00ab Je sais ce qui marche pour moi. \u00bb<\/em> L\u2019\u00e9l\u00e8ve :<\/p>\n\n\n\n<ul class=\"wp-block-list\">\n<li><strong>Anticipe<\/strong> (ex. : pr\u00e9pare son mat\u00e9riel la veille).<\/li>\n\n\n\n<li><strong>S\u2019auto-\u00e9value<\/strong> (<em>\u00ab J\u2019ai besoin de relire mes notes pour m\u00e9moriser \u00bb<\/em>).<\/li>\n\n\n\n<li><strong>Demande de l\u2019aide de mani\u00e8re cibl\u00e9e<\/strong> (<em>\u00ab Je bloque sur cette consigne, peux-tu m\u2019expliquer autrement ? \u00bb<\/em>).<\/li>\n<\/ul>\n\n\n\n<p>\ud83c\udfaf <strong>Le signe que c\u2019est gagn\u00e9<\/strong> : Il <strong>comprend ses forces<\/strong> et <strong>adapte ses m\u00e9thodes<\/strong>. L\u2019autonomie n\u2019est plus un objectif lointain, mais une <strong>r\u00e9alit\u00e9 quotidienne<\/strong>.<\/p>\n\n\n\n<h3 class=\"wp-block-heading\"><strong>2. Les 4 freins invisibles \u00e0 l\u2019autonomie (et comment les lever)<\/strong><\/h3>\n\n\n\n<p>Pourquoi certains \u00e9l\u00e8ves stagnent-ils dans leur autonomie ? Voici les obstacles les plus fr\u00e9quents \u2013 et des solutions concr\u00e8tes :<\/p>\n\n\n\n<figure class=\"wp-block-table\"><table class=\"has-fixed-layout\"><tbody><tr><td><strong>Frein<\/strong><\/td><td><strong>Cons\u00e9quence<\/strong><\/td><td><strong>Solution orthop\u00e9dagogique<\/strong><\/td><\/tr><tr><td><strong>Peur de l\u2019\u00e9chec<\/strong><\/td><td>\u00c9vite de prendre des initiatives.<\/td><td><strong>Normaliser l\u2019erreur<\/strong> : <em>\u00ab Tout le monde se trompe, c\u2019est comme \u00e7a qu\u2019on apprend. \u00bb<\/em> + <strong>f\u00e9liciter les essais<\/strong> (m\u00eame imparfaits).<\/td><\/tr><tr><td><strong>Contr\u00f4le adulte excessif<\/strong><\/td><td>L\u2019\u00e9l\u00e8ve attend qu\u2019on fasse \u00e0 sa place.<\/td><td><strong>Donner des choix limit\u00e9s<\/strong> : <em>\u00ab Veux-tu commencer par les maths ou la lecture ? \u00bb<\/em> (illusion de contr\u00f4le).<\/td><\/tr><tr><td><strong>Manque d\u2019outils adapt\u00e9s<\/strong><\/td><td>Ne sait pas comment s\u2019organiser.<\/td><td><strong>Fournir des supports visuels<\/strong> : checklists, emploi du temps color\u00e9, mind maps.<\/td><\/tr><tr><td><strong>Environnement anxiog\u00e8ne<\/strong><\/td><td>Stress = blocage.<\/td><td><strong>Cr\u00e9er un climat s\u00e9curisant<\/strong> : routines pr\u00e9visibles, temps de pause, feedbacks positifs.<\/td><\/tr><\/tbody><\/table><\/figure>\n\n\n\n<p>\ud83d\udc49 <strong>Le secret<\/strong> : Pour apprendre \u00e0 \u00eatre autonome, il faut <strong>avoir le droit d\u2019essayer<\/strong>\u2026 <strong>et les moyens de r\u00e9ussir<\/strong>.<\/p>\n\n\n\n<h3 class=\"wp-block-heading\"><strong>3. Le r\u00f4le de l\u2019orthop\u00e9dagogue : un guide, pas un sauveur<\/strong><\/h3>\n\n\n\n<p>Contrairement \u00e0 un professeur ou un orthophoniste, l\u2019orthop\u00e9dagogue <strong>n\u2019enseigne pas une mati\u00e8re<\/strong>, mais <strong>des strat\u00e9gies pour apprendre<\/strong>. Voici comment il\/elle agit :<\/p>\n\n\n\n<h4 class=\"wp-block-heading\"><strong>\ud83d\udd0d 1. Observer pour comprendre<\/strong><\/h4>\n\n\n\n<ul class=\"wp-block-list\">\n<li>Analyser <strong>les forces<\/strong> (ex. : bonne m\u00e9moire visuelle) et <strong>les difficult\u00e9s<\/strong> (ex. : trouble de l\u2019attention).<\/li>\n\n\n\n<li>Identifier <strong>les habitudes d\u2019apprentissage<\/strong> (<em>\u00ab Travaille-t-il mieux le matin ? Avec du bruit ou du silence ? \u00bb<\/em>).<\/li>\n<\/ul>\n\n\n\n<h4 class=\"wp-block-heading\"><strong>\ud83e\uddf0 2. Outiller pour autonomiser<\/strong><\/h4>\n\n\n\n<p>Exemples d\u2019outils propos\u00e9s :<\/p>\n\n\n\n<ul class=\"wp-block-list\">\n<li><strong>Routines visuelles<\/strong> : Un tableau avec les \u00e9tapes <em>\u00ab 1. Lire la consigne 2. Souligner les mots-cl\u00e9s 3. Commencer \u00bb<\/em>.<\/li>\n\n\n\n<li><strong>Strat\u00e9gies de m\u00e9morisation<\/strong> : Mind maps, histoires pour retenir les le\u00e7ons, techniques de r\u00e9p\u00e9tition espac\u00e9e.<\/li>\n\n\n\n<li><strong>Aides technologiques<\/strong> : Logiciels de lecture vocale (pour les dyslexiques), timers visuels (pour g\u00e9rer le temps).<\/li>\n<\/ul>\n\n\n\n<h4 class=\"wp-block-heading\"><strong>\ud83e\udd1d 3. Encourager sans \u00e9touffer<\/strong><\/h4>\n\n\n\n<ul class=\"wp-block-list\">\n<li><strong>C\u00e9l\u00e9brer les micro-progr\u00e8s<\/strong> : <em>\u00ab Tu as commenc\u00e9 tout seul aujourd\u2019hui, bravo ! \u00bb<\/em><\/li>\n\n\n\n<li><strong>Autoriser l\u2019erreur<\/strong> : <em>\u00ab Cette m\u00e9thode ne marche pas ? Essayons-en une autre. \u00bb<\/em><\/li>\n\n\n\n<li><strong>Impliquer l\u2019\u00e9l\u00e8ve<\/strong> : <em>\u00ab Qu\u2019est-ce qui t\u2019aiderait pour retenir cette le\u00e7on ? \u00bb<\/em><\/li>\n<\/ul>\n\n\n\n<p>\ud83d\udcac <strong>\u00ab L\u2019autonomie, c\u2019est comme apprendre \u00e0 nager : on ne l\u00e2che pas l\u2019\u00e9l\u00e8ve dans le grand bain sans bou\u00e9e. On ajuste le soutien au fur et \u00e0 mesure qu\u2019il gagne en confiance. \u00bb<\/strong> \u2013 Audrey Delaforge, orthop\u00e9dagogue.<\/p>\n\n\n\n<h3 class=\"wp-block-heading\"><strong>4. Autonomie et estime de soi : le cercle vertueux<\/strong><\/h3>\n\n\n\n<p>Plus un \u00e9l\u00e8ve <strong>se sent capable<\/strong>, plus il <strong>ose<\/strong>\u2026 et plus il <strong>devient autonome<\/strong>. Voici comment ce cercle se met en place :<\/p>\n\n\n\n<ol class=\"wp-block-list\">\n<li><strong>Une petite r\u00e9ussite<\/strong> (ex. : <em>\u00ab J\u2019ai fait mon exercice sans aide ! \u00bb<\/em>) \u2192 <strong>Confiance en soi<\/strong> \u2705<\/li>\n\n\n\n<li><strong>La confiance<\/strong> pousse \u00e0 <strong>prendre des initiatives<\/strong> \u2192 <strong>Nouveaux d\u00e9fis<\/strong> \ud83d\ude80<\/li>\n\n\n\n<li><strong>Les d\u00e9fis relev\u00e9s<\/strong> renforcent <strong>l\u2019autonomie<\/strong> \u2192 <strong>Et le cycle continue !<\/strong> \ud83d\udd04<\/li>\n<\/ol>\n\n\n\n<p>\ud83d\udc49 <strong>Pour les enseignants\/parents<\/strong> : Votre r\u00f4le est de <strong>rep\u00e9rer et nommer ces r\u00e9ussites<\/strong>, m\u00eame minuscules. <em>\u00ab Tu as pers\u00e9v\u00e9r\u00e9, c\u2019est \u00e7a qui compte !&nbsp;<\/em><\/p>\n\n\n\n<h3 class=\"wp-block-heading\"><strong>5. En pratique : 3 outils \u00e0 tester d\u00e8s demain<\/strong><\/h3>\n\n\n\n<p>Pas besoin d\u2019\u00eatre orthop\u00e9dagogue pour commencer ! Voici des id\u00e9es <strong>simples et efficaces<\/strong> :<\/p>\n\n\n\n<ol class=\"wp-block-list\">\n<li><strong>La checklist \u00ab Je v\u00e9rifie avant de rendre \u00bb<\/strong><strong><br><\/strong>\n<ul class=\"wp-block-list\">\n<li>\u2611 J\u2019ai relu ma consigne.<\/li>\n\n\n\n<li>\u2611 J\u2019ai v\u00e9rifi\u00e9 mon orthographe (avec un correcteur si besoin).<\/li>\n\n\n\n<li>\u2611 J\u2019ai mis mon pr\u00e9nom.<\/li>\n<\/ul>\n<\/li>\n\n\n\n<li><strong>Le \u00ab temps de pause active \u00bb<\/strong><strong><br><\/strong>\n<ul class=\"wp-block-list\">\n<li>Apr\u00e8s 20 min de travail, 2 min de mouvement (\u00e9tirements, marche) pour <strong>r\u00e9activer l\u2019attention<\/strong>.<\/li>\n<\/ul>\n<\/li>\n\n\n\n<li><strong>Le \u00ab quoi, comment, pourquoi \u00bb<\/strong><strong><br><\/strong>\n<ul class=\"wp-block-list\">\n<li>Avant une t\u00e2che, demander \u00e0 l\u2019\u00e9l\u00e8ve :\n<ul class=\"wp-block-list\">\n<li><em>Quoi<\/em> ? (\u00ab Que dois-tu faire ? \u00bb)<\/li>\n\n\n\n<li><em>Comment<\/em> ? (\u00ab Quelle m\u00e9thode vas-tu utiliser ? \u00bb)<\/li>\n\n\n\n<li><em>Pourquoi<\/em> ? (\u00ab \u00c0 quoi \u00e7a va te servir ? \u00bb)<\/li>\n<\/ul>\n<\/li>\n<\/ul>\n<\/li>\n<\/ol>\n\n\n\n<h3 class=\"wp-block-heading\"><strong>L\u2019autonomie, une aventure collective<\/strong><\/h3>\n\n\n\n<p>L\u2019autonomie scolaire n\u2019est pas une <strong>exigence<\/strong>, mais un <strong>chemin<\/strong> que l\u2019on parcourt <strong>ensemble<\/strong> :<\/p>\n\n\n\n<ul class=\"wp-block-list\">\n<li><strong>Pour l\u2019\u00e9l\u00e8ve<\/strong> : C\u2019est d\u00e9couvrir <em>\u00ab Je peux y arriver \u00bb<\/em>.<\/li>\n\n\n\n<li><strong>Pour l\u2019enseignant\/parent<\/strong> : C\u2019est dire <em>\u00ab Je te fais confiance, et je suis l\u00e0 si tu as besoin \u00bb<\/em>.<\/li>\n\n\n\n<li><strong>Pour l\u2019orthop\u00e9dagogue<\/strong> : C\u2019est <strong>\u00e9clairer le chemin<\/strong> sans marcher \u00e0 sa place.<\/li>\n<\/ul>\n\n\n\n<p>\ud83c\udf1f <strong>Et vous ?<\/strong> Quelle \u00e9tape votre \u00e9l\u00e8ve (ou enfant) est-il en train de vivre ? <strong>D\u00e9pendance guid\u00e9e, ind\u00e9pendance exp\u00e9rimentale, ou autonomie consolid\u00e9e ?<\/strong> Partagez vos observations en commentaire\u2026 et d\u00e9couvrez nos <strong>outils cl\u00e9s<\/strong> pour l\u2019accompagner !<\/p>\n\n\n\n<h3 class=\"wp-block-heading\"><strong>\ud83d\udccc \u00c0 retenir<\/strong><\/h3>\n\n\n\n<p>\u2714 <strong>L\u2019autonomie se construit en 3 \u00e9tapes<\/strong> (et ne s\u2019improvise pas).&nbsp;<\/p>\n\n\n\n<p>\u2714 <strong>4 freins majeurs<\/strong> peuvent la bloquer (peur de l\u2019\u00e9chec, manque d\u2019outils\u2026).&nbsp;<\/p>\n\n\n\n<p>\u2714 <strong>L\u2019orthop\u00e9dagogue est un guide<\/strong> qui outille sans remplacer.&nbsp;<\/p>\n\n\n\n<p>\u2714 <strong>3 outils simples<\/strong> \u00e0 tester d\u00e8s demain en classe ou \u00e0 la maison.<\/p>\n\n\n\n<h3 class=\"wp-block-heading\"><strong>\ud83d\ude80 Pour aller plus loin<\/strong><\/h3>\n\n\n\n<ul class=\"wp-block-list\">\n<li><strong>Besoin d\u2019un accompagnement personnalis\u00e9 ?<\/strong> Contactez-nous pour une \u00e9valuation orthop\u00e9dagogique.<\/li>\n\n\n\n<li><strong>Livre pour enseignants\/parents<\/strong> : <em><a href=\"https:\/\/audreydelaforge.com\/index.php\/reussir-les-devoirs-de-votre-enfant-transformez-les-soirees-en-moments-de-complicite-et-de-succes\/\">https:\/\/audreydelaforge.com\/index.php\/reussir-les-devoirs-de-votre-enfant-transformez-les-soirees-en-moments-de-complicite-et-de-succes\/<\/a><\/em><\/li>\n<\/ul>\n\n\n\n<p><strong>\u00ab R\u00e9v\u00e9ler chaque potentiel, transformer les parcours, r\u00e9ussir ensemble. \u00bb<\/strong>&nbsp;<\/p>\n\n\n\n<p><\/p>\n","protected":false},"excerpt":{"rendered":"<p>Et si l\u2019autonomie n\u2019\u00e9tait pas une question de chance, mais de m\u00e9thode ? \u00ab Il n\u2019est pas autonome. \u00bb Cette phrase, vous l\u2019avez peut-\u00eatre entendue \u2013 ou prononc\u00e9e \u2013 \u00e0 propos d\u2019un \u00e9l\u00e8ve. Mais et si l\u2019autonomie n\u2019\u00e9tait pas une qualit\u00e9 inn\u00e9e, r\u00e9serv\u00e9e \u00e0 certains, mais une comp\u00e9tence qui se construit, \u00e9tape par \u00e9tape ?&hellip;&nbsp;<a href=\"https:\/\/audreydelaforge.com\/index.php\/2025\/09\/14\/autonomie-scolaire-comment-un-accompagnement-pas-a-pas-transforme-les-apprentissages\/\" rel=\"bookmark\">Lire la suite &raquo;<span class=\"screen-reader-text\">Autonomie scolaire : comment un accompagnement pas \u00e0 pas transforme les apprentissages<\/span><\/a><\/p>\n","protected":false},"author":1,"featured_media":1521,"comment_status":"closed","ping_status":"open","sticky":false,"template":"","format":"standard","meta":{"om_disable_all_campaigns":false,"neve_meta_sidebar":"","neve_meta_container":"","neve_meta_enable_content_width":"","neve_meta_content_width":0,"neve_meta_title_alignment":"","neve_meta_author_avatar":"","neve_post_elements_order":"","neve_meta_disable_header":"","neve_meta_disable_footer":"","neve_meta_disable_title":"","footnotes":""},"categories":[19,1],"tags":[],"class_list":["post-1519","post","type-post","status-publish","format-standard","has-post-thumbnail","hentry","category-orthopedagogie","category-uncategorized"],"yoast_head":"<!-- This site is optimized with the Yoast SEO plugin v27.5 - https:\/\/yoast.com\/product\/yoast-seo-wordpress\/ -->\n<title>Autonomie scolaire : comment un accompagnement pas \u00e0 pas transforme les apprentissages ~ Audrey Delaforge, Orthop\u00e9dagogue<\/title>\n<meta name=\"robots\" content=\"index, follow, max-snippet:-1, max-image-preview:large, max-video-preview:-1\" \/>\n<link rel=\"canonical\" href=\"https:\/\/audreydelaforge.com\/index.php\/2025\/09\/14\/autonomie-scolaire-comment-un-accompagnement-pas-a-pas-transforme-les-apprentissages\/\" \/>\n<meta property=\"og:locale\" content=\"fr_FR\" \/>\n<meta property=\"og:type\" content=\"article\" \/>\n<meta property=\"og:title\" content=\"Autonomie scolaire : comment un accompagnement pas \u00e0 pas transforme les apprentissages ~ Audrey Delaforge, Orthop\u00e9dagogue\" \/>\n<meta property=\"og:description\" content=\"Et si l\u2019autonomie n\u2019\u00e9tait pas une question de chance, mais de m\u00e9thode ? \u00ab Il n\u2019est pas autonome. \u00bb Cette phrase, vous l\u2019avez peut-\u00eatre entendue \u2013 ou prononc\u00e9e \u2013 \u00e0 propos d\u2019un \u00e9l\u00e8ve. Mais et si l\u2019autonomie n\u2019\u00e9tait pas une qualit\u00e9 inn\u00e9e, r\u00e9serv\u00e9e \u00e0 certains, mais une comp\u00e9tence qui se construit, \u00e9tape par \u00e9tape ?&hellip;&nbsp;Lire la suite &raquo;Autonomie scolaire : comment un accompagnement pas \u00e0 pas transforme les apprentissages\" \/>\n<meta property=\"og:url\" content=\"https:\/\/audreydelaforge.com\/index.php\/2025\/09\/14\/autonomie-scolaire-comment-un-accompagnement-pas-a-pas-transforme-les-apprentissages\/\" \/>\n<meta property=\"og:site_name\" content=\"Audrey Delaforge, Orthop\u00e9dagogue\" \/>\n<meta property=\"article:publisher\" content=\"https:\/\/www.facebook.com\/audreycateldelaforge\" \/>\n<meta property=\"article:published_time\" content=\"2025-09-14T09:36:29+00:00\" \/>\n<meta property=\"article:modified_time\" content=\"2025-09-14T09:36:32+00:00\" \/>\n<meta property=\"og:image\" content=\"https:\/\/audreydelaforge.com\/wp-content\/uploads\/2025\/09\/ChatGPT-Image-14-sept.-2025-11_28_57-1.png\" \/>\n\t<meta property=\"og:image:width\" content=\"1024\" \/>\n\t<meta property=\"og:image:height\" content=\"1024\" \/>\n\t<meta property=\"og:image:type\" content=\"image\/png\" \/>\n<meta name=\"author\" content=\"audrey.catel.delaforge@gmail.com\" \/>\n<meta name=\"twitter:card\" content=\"summary_large_image\" \/>\n<meta name=\"twitter:label1\" content=\"\u00c9crit par\" \/>\n\t<meta name=\"twitter:data1\" content=\"audrey.catel.delaforge@gmail.com\" \/>\n\t<meta name=\"twitter:label2\" content=\"Dur\u00e9e de lecture estim\u00e9e\" \/>\n\t<meta name=\"twitter:data2\" content=\"6 minutes\" \/>\n<script type=\"application\/ld+json\" class=\"yoast-schema-graph\">{\"@context\":\"https:\\\/\\\/schema.org\",\"@graph\":[{\"@type\":\"Article\",\"@id\":\"https:\\\/\\\/audreydelaforge.com\\\/index.php\\\/2025\\\/09\\\/14\\\/autonomie-scolaire-comment-un-accompagnement-pas-a-pas-transforme-les-apprentissages\\\/#article\",\"isPartOf\":{\"@id\":\"https:\\\/\\\/audreydelaforge.com\\\/index.php\\\/2025\\\/09\\\/14\\\/autonomie-scolaire-comment-un-accompagnement-pas-a-pas-transforme-les-apprentissages\\\/\"},\"author\":{\"name\":\"audrey.catel.delaforge@gmail.com\",\"@id\":\"https:\\\/\\\/audreydelaforge.com\\\/#\\\/schema\\\/person\\\/b44bccc3f328e9802afbab74bb74495d\"},\"headline\":\"Autonomie scolaire : comment un accompagnement pas \u00e0 pas transforme les apprentissages\",\"datePublished\":\"2025-09-14T09:36:29+00:00\",\"dateModified\":\"2025-09-14T09:36:32+00:00\",\"mainEntityOfPage\":{\"@id\":\"https:\\\/\\\/audreydelaforge.com\\\/index.php\\\/2025\\\/09\\\/14\\\/autonomie-scolaire-comment-un-accompagnement-pas-a-pas-transforme-les-apprentissages\\\/\"},\"wordCount\":1259,\"publisher\":{\"@id\":\"https:\\\/\\\/audreydelaforge.com\\\/#organization\"},\"image\":{\"@id\":\"https:\\\/\\\/audreydelaforge.com\\\/index.php\\\/2025\\\/09\\\/14\\\/autonomie-scolaire-comment-un-accompagnement-pas-a-pas-transforme-les-apprentissages\\\/#primaryimage\"},\"thumbnailUrl\":\"https:\\\/\\\/audreydelaforge.com\\\/wp-content\\\/uploads\\\/2025\\\/09\\\/ChatGPT-Image-14-sept.-2025-11_28_57-1.png\",\"articleSection\":[\"Orthop\u00e9dagogie\",\"Uncategorized\"],\"inLanguage\":\"fr-FR\"},{\"@type\":\"WebPage\",\"@id\":\"https:\\\/\\\/audreydelaforge.com\\\/index.php\\\/2025\\\/09\\\/14\\\/autonomie-scolaire-comment-un-accompagnement-pas-a-pas-transforme-les-apprentissages\\\/\",\"url\":\"https:\\\/\\\/audreydelaforge.com\\\/index.php\\\/2025\\\/09\\\/14\\\/autonomie-scolaire-comment-un-accompagnement-pas-a-pas-transforme-les-apprentissages\\\/\",\"name\":\"Autonomie scolaire : comment un accompagnement pas \u00e0 pas transforme les apprentissages ~ Audrey Delaforge, Orthop\u00e9dagogue\",\"isPartOf\":{\"@id\":\"https:\\\/\\\/audreydelaforge.com\\\/#website\"},\"primaryImageOfPage\":{\"@id\":\"https:\\\/\\\/audreydelaforge.com\\\/index.php\\\/2025\\\/09\\\/14\\\/autonomie-scolaire-comment-un-accompagnement-pas-a-pas-transforme-les-apprentissages\\\/#primaryimage\"},\"image\":{\"@id\":\"https:\\\/\\\/audreydelaforge.com\\\/index.php\\\/2025\\\/09\\\/14\\\/autonomie-scolaire-comment-un-accompagnement-pas-a-pas-transforme-les-apprentissages\\\/#primaryimage\"},\"thumbnailUrl\":\"https:\\\/\\\/audreydelaforge.com\\\/wp-content\\\/uploads\\\/2025\\\/09\\\/ChatGPT-Image-14-sept.-2025-11_28_57-1.png\",\"datePublished\":\"2025-09-14T09:36:29+00:00\",\"dateModified\":\"2025-09-14T09:36:32+00:00\",\"breadcrumb\":{\"@id\":\"https:\\\/\\\/audreydelaforge.com\\\/index.php\\\/2025\\\/09\\\/14\\\/autonomie-scolaire-comment-un-accompagnement-pas-a-pas-transforme-les-apprentissages\\\/#breadcrumb\"},\"inLanguage\":\"fr-FR\",\"potentialAction\":[{\"@type\":\"ReadAction\",\"target\":[\"https:\\\/\\\/audreydelaforge.com\\\/index.php\\\/2025\\\/09\\\/14\\\/autonomie-scolaire-comment-un-accompagnement-pas-a-pas-transforme-les-apprentissages\\\/\"]}]},{\"@type\":\"ImageObject\",\"inLanguage\":\"fr-FR\",\"@id\":\"https:\\\/\\\/audreydelaforge.com\\\/index.php\\\/2025\\\/09\\\/14\\\/autonomie-scolaire-comment-un-accompagnement-pas-a-pas-transforme-les-apprentissages\\\/#primaryimage\",\"url\":\"https:\\\/\\\/audreydelaforge.com\\\/wp-content\\\/uploads\\\/2025\\\/09\\\/ChatGPT-Image-14-sept.-2025-11_28_57-1.png\",\"contentUrl\":\"https:\\\/\\\/audreydelaforge.com\\\/wp-content\\\/uploads\\\/2025\\\/09\\\/ChatGPT-Image-14-sept.-2025-11_28_57-1.png\",\"width\":1024,\"height\":1024},{\"@type\":\"BreadcrumbList\",\"@id\":\"https:\\\/\\\/audreydelaforge.com\\\/index.php\\\/2025\\\/09\\\/14\\\/autonomie-scolaire-comment-un-accompagnement-pas-a-pas-transforme-les-apprentissages\\\/#breadcrumb\",\"itemListElement\":[{\"@type\":\"ListItem\",\"position\":1,\"name\":\"Accueil\",\"item\":\"https:\\\/\\\/audreydelaforge.com\\\/\"},{\"@type\":\"ListItem\",\"position\":2,\"name\":\"Autonomie scolaire : comment un accompagnement pas \u00e0 pas transforme les apprentissages\"}]},{\"@type\":\"WebSite\",\"@id\":\"https:\\\/\\\/audreydelaforge.com\\\/#website\",\"url\":\"https:\\\/\\\/audreydelaforge.com\\\/\",\"name\":\"Audrey Delaforge, Orthop\u00e9dagogue\",\"description\":\"L&#039;apprenant au centre du savoir\",\"publisher\":{\"@id\":\"https:\\\/\\\/audreydelaforge.com\\\/#organization\"},\"potentialAction\":[{\"@type\":\"SearchAction\",\"target\":{\"@type\":\"EntryPoint\",\"urlTemplate\":\"https:\\\/\\\/audreydelaforge.com\\\/?s={search_term_string}\"},\"query-input\":{\"@type\":\"PropertyValueSpecification\",\"valueRequired\":true,\"valueName\":\"search_term_string\"}}],\"inLanguage\":\"fr-FR\"},{\"@type\":\"Organization\",\"@id\":\"https:\\\/\\\/audreydelaforge.com\\\/#organization\",\"name\":\"Audrey Delaforge, Orthop\u00e9dagogue\",\"url\":\"https:\\\/\\\/audreydelaforge.com\\\/\",\"logo\":{\"@type\":\"ImageObject\",\"inLanguage\":\"fr-FR\",\"@id\":\"https:\\\/\\\/audreydelaforge.com\\\/#\\\/schema\\\/logo\\\/image\\\/\",\"url\":\"https:\\\/\\\/audreydelaforge.com\\\/wp-content\\\/uploads\\\/2022\\\/06\\\/Logo-orange-noir-avec-Audrey-1.png\",\"contentUrl\":\"https:\\\/\\\/audreydelaforge.com\\\/wp-content\\\/uploads\\\/2022\\\/06\\\/Logo-orange-noir-avec-Audrey-1.png\",\"width\":500,\"height\":500,\"caption\":\"Audrey Delaforge, Orthop\u00e9dagogue\"},\"image\":{\"@id\":\"https:\\\/\\\/audreydelaforge.com\\\/#\\\/schema\\\/logo\\\/image\\\/\"},\"sameAs\":[\"https:\\\/\\\/www.facebook.com\\\/audreycateldelaforge\",\"https:\\\/\\\/www.linkedin.com\\\/in\\\/audrey-catel-delaforge\",\"https:\\\/\\\/www.instagram.com\\\/audrey_delaforge\\\/\"]},{\"@type\":\"Person\",\"@id\":\"https:\\\/\\\/audreydelaforge.com\\\/#\\\/schema\\\/person\\\/b44bccc3f328e9802afbab74bb74495d\",\"name\":\"audrey.catel.delaforge@gmail.com\",\"image\":{\"@type\":\"ImageObject\",\"inLanguage\":\"fr-FR\",\"@id\":\"https:\\\/\\\/secure.gravatar.com\\\/avatar\\\/6d2d46023ee8ab957213dcdb0ea8dc964f367c205b281a7f789f0eb314dfafbf?s=96&d=mm&r=g\",\"url\":\"https:\\\/\\\/secure.gravatar.com\\\/avatar\\\/6d2d46023ee8ab957213dcdb0ea8dc964f367c205b281a7f789f0eb314dfafbf?s=96&d=mm&r=g\",\"contentUrl\":\"https:\\\/\\\/secure.gravatar.com\\\/avatar\\\/6d2d46023ee8ab957213dcdb0ea8dc964f367c205b281a7f789f0eb314dfafbf?s=96&d=mm&r=g\",\"caption\":\"audrey.catel.delaforge@gmail.com\"},\"sameAs\":[\"http:\\\/\\\/audreydelaforge.com\"],\"url\":\"https:\\\/\\\/audreydelaforge.com\\\/index.php\\\/author\\\/audrey-catel-delaforgegmail-com\\\/\"}]}<\/script>\n<!-- \/ Yoast SEO plugin. -->","yoast_head_json":{"title":"Autonomie scolaire : comment un accompagnement pas \u00e0 pas transforme les apprentissages ~ Audrey Delaforge, Orthop\u00e9dagogue","robots":{"index":"index","follow":"follow","max-snippet":"max-snippet:-1","max-image-preview":"max-image-preview:large","max-video-preview":"max-video-preview:-1"},"canonical":"https:\/\/audreydelaforge.com\/index.php\/2025\/09\/14\/autonomie-scolaire-comment-un-accompagnement-pas-a-pas-transforme-les-apprentissages\/","og_locale":"fr_FR","og_type":"article","og_title":"Autonomie scolaire : comment un accompagnement pas \u00e0 pas transforme les apprentissages ~ Audrey Delaforge, Orthop\u00e9dagogue","og_description":"Et si l\u2019autonomie n\u2019\u00e9tait pas une question de chance, mais de m\u00e9thode ? \u00ab Il n\u2019est pas autonome. \u00bb Cette phrase, vous l\u2019avez peut-\u00eatre entendue \u2013 ou prononc\u00e9e \u2013 \u00e0 propos d\u2019un \u00e9l\u00e8ve. Mais et si l\u2019autonomie n\u2019\u00e9tait pas une qualit\u00e9 inn\u00e9e, r\u00e9serv\u00e9e \u00e0 certains, mais une comp\u00e9tence qui se construit, \u00e9tape par \u00e9tape ?&hellip;&nbsp;Lire la suite &raquo;Autonomie scolaire : comment un accompagnement pas \u00e0 pas transforme les apprentissages","og_url":"https:\/\/audreydelaforge.com\/index.php\/2025\/09\/14\/autonomie-scolaire-comment-un-accompagnement-pas-a-pas-transforme-les-apprentissages\/","og_site_name":"Audrey Delaforge, Orthop\u00e9dagogue","article_publisher":"https:\/\/www.facebook.com\/audreycateldelaforge","article_published_time":"2025-09-14T09:36:29+00:00","article_modified_time":"2025-09-14T09:36:32+00:00","og_image":[{"width":1024,"height":1024,"url":"https:\/\/audreydelaforge.com\/wp-content\/uploads\/2025\/09\/ChatGPT-Image-14-sept.-2025-11_28_57-1.png","type":"image\/png"}],"author":"audrey.catel.delaforge@gmail.com","twitter_card":"summary_large_image","twitter_misc":{"\u00c9crit par":"audrey.catel.delaforge@gmail.com","Dur\u00e9e de lecture estim\u00e9e":"6 minutes"},"schema":{"@context":"https:\/\/schema.org","@graph":[{"@type":"Article","@id":"https:\/\/audreydelaforge.com\/index.php\/2025\/09\/14\/autonomie-scolaire-comment-un-accompagnement-pas-a-pas-transforme-les-apprentissages\/#article","isPartOf":{"@id":"https:\/\/audreydelaforge.com\/index.php\/2025\/09\/14\/autonomie-scolaire-comment-un-accompagnement-pas-a-pas-transforme-les-apprentissages\/"},"author":{"name":"audrey.catel.delaforge@gmail.com","@id":"https:\/\/audreydelaforge.com\/#\/schema\/person\/b44bccc3f328e9802afbab74bb74495d"},"headline":"Autonomie scolaire : comment un accompagnement pas \u00e0 pas transforme les apprentissages","datePublished":"2025-09-14T09:36:29+00:00","dateModified":"2025-09-14T09:36:32+00:00","mainEntityOfPage":{"@id":"https:\/\/audreydelaforge.com\/index.php\/2025\/09\/14\/autonomie-scolaire-comment-un-accompagnement-pas-a-pas-transforme-les-apprentissages\/"},"wordCount":1259,"publisher":{"@id":"https:\/\/audreydelaforge.com\/#organization"},"image":{"@id":"https:\/\/audreydelaforge.com\/index.php\/2025\/09\/14\/autonomie-scolaire-comment-un-accompagnement-pas-a-pas-transforme-les-apprentissages\/#primaryimage"},"thumbnailUrl":"https:\/\/audreydelaforge.com\/wp-content\/uploads\/2025\/09\/ChatGPT-Image-14-sept.-2025-11_28_57-1.png","articleSection":["Orthop\u00e9dagogie","Uncategorized"],"inLanguage":"fr-FR"},{"@type":"WebPage","@id":"https:\/\/audreydelaforge.com\/index.php\/2025\/09\/14\/autonomie-scolaire-comment-un-accompagnement-pas-a-pas-transforme-les-apprentissages\/","url":"https:\/\/audreydelaforge.com\/index.php\/2025\/09\/14\/autonomie-scolaire-comment-un-accompagnement-pas-a-pas-transforme-les-apprentissages\/","name":"Autonomie scolaire : comment un accompagnement pas \u00e0 pas transforme les apprentissages ~ Audrey Delaforge, Orthop\u00e9dagogue","isPartOf":{"@id":"https:\/\/audreydelaforge.com\/#website"},"primaryImageOfPage":{"@id":"https:\/\/audreydelaforge.com\/index.php\/2025\/09\/14\/autonomie-scolaire-comment-un-accompagnement-pas-a-pas-transforme-les-apprentissages\/#primaryimage"},"image":{"@id":"https:\/\/audreydelaforge.com\/index.php\/2025\/09\/14\/autonomie-scolaire-comment-un-accompagnement-pas-a-pas-transforme-les-apprentissages\/#primaryimage"},"thumbnailUrl":"https:\/\/audreydelaforge.com\/wp-content\/uploads\/2025\/09\/ChatGPT-Image-14-sept.-2025-11_28_57-1.png","datePublished":"2025-09-14T09:36:29+00:00","dateModified":"2025-09-14T09:36:32+00:00","breadcrumb":{"@id":"https:\/\/audreydelaforge.com\/index.php\/2025\/09\/14\/autonomie-scolaire-comment-un-accompagnement-pas-a-pas-transforme-les-apprentissages\/#breadcrumb"},"inLanguage":"fr-FR","potentialAction":[{"@type":"ReadAction","target":["https:\/\/audreydelaforge.com\/index.php\/2025\/09\/14\/autonomie-scolaire-comment-un-accompagnement-pas-a-pas-transforme-les-apprentissages\/"]}]},{"@type":"ImageObject","inLanguage":"fr-FR","@id":"https:\/\/audreydelaforge.com\/index.php\/2025\/09\/14\/autonomie-scolaire-comment-un-accompagnement-pas-a-pas-transforme-les-apprentissages\/#primaryimage","url":"https:\/\/audreydelaforge.com\/wp-content\/uploads\/2025\/09\/ChatGPT-Image-14-sept.-2025-11_28_57-1.png","contentUrl":"https:\/\/audreydelaforge.com\/wp-content\/uploads\/2025\/09\/ChatGPT-Image-14-sept.-2025-11_28_57-1.png","width":1024,"height":1024},{"@type":"BreadcrumbList","@id":"https:\/\/audreydelaforge.com\/index.php\/2025\/09\/14\/autonomie-scolaire-comment-un-accompagnement-pas-a-pas-transforme-les-apprentissages\/#breadcrumb","itemListElement":[{"@type":"ListItem","position":1,"name":"Accueil","item":"https:\/\/audreydelaforge.com\/"},{"@type":"ListItem","position":2,"name":"Autonomie scolaire : comment un accompagnement pas \u00e0 pas transforme les apprentissages"}]},{"@type":"WebSite","@id":"https:\/\/audreydelaforge.com\/#website","url":"https:\/\/audreydelaforge.com\/","name":"Audrey Delaforge, Orthop\u00e9dagogue","description":"L&#039;apprenant au centre du savoir","publisher":{"@id":"https:\/\/audreydelaforge.com\/#organization"},"potentialAction":[{"@type":"SearchAction","target":{"@type":"EntryPoint","urlTemplate":"https:\/\/audreydelaforge.com\/?s={search_term_string}"},"query-input":{"@type":"PropertyValueSpecification","valueRequired":true,"valueName":"search_term_string"}}],"inLanguage":"fr-FR"},{"@type":"Organization","@id":"https:\/\/audreydelaforge.com\/#organization","name":"Audrey Delaforge, Orthop\u00e9dagogue","url":"https:\/\/audreydelaforge.com\/","logo":{"@type":"ImageObject","inLanguage":"fr-FR","@id":"https:\/\/audreydelaforge.com\/#\/schema\/logo\/image\/","url":"https:\/\/audreydelaforge.com\/wp-content\/uploads\/2022\/06\/Logo-orange-noir-avec-Audrey-1.png","contentUrl":"https:\/\/audreydelaforge.com\/wp-content\/uploads\/2022\/06\/Logo-orange-noir-avec-Audrey-1.png","width":500,"height":500,"caption":"Audrey Delaforge, Orthop\u00e9dagogue"},"image":{"@id":"https:\/\/audreydelaforge.com\/#\/schema\/logo\/image\/"},"sameAs":["https:\/\/www.facebook.com\/audreycateldelaforge","https:\/\/www.linkedin.com\/in\/audrey-catel-delaforge","https:\/\/www.instagram.com\/audrey_delaforge\/"]},{"@type":"Person","@id":"https:\/\/audreydelaforge.com\/#\/schema\/person\/b44bccc3f328e9802afbab74bb74495d","name":"audrey.catel.delaforge@gmail.com","image":{"@type":"ImageObject","inLanguage":"fr-FR","@id":"https:\/\/secure.gravatar.com\/avatar\/6d2d46023ee8ab957213dcdb0ea8dc964f367c205b281a7f789f0eb314dfafbf?s=96&d=mm&r=g","url":"https:\/\/secure.gravatar.com\/avatar\/6d2d46023ee8ab957213dcdb0ea8dc964f367c205b281a7f789f0eb314dfafbf?s=96&d=mm&r=g","contentUrl":"https:\/\/secure.gravatar.com\/avatar\/6d2d46023ee8ab957213dcdb0ea8dc964f367c205b281a7f789f0eb314dfafbf?s=96&d=mm&r=g","caption":"audrey.catel.delaforge@gmail.com"},"sameAs":["http:\/\/audreydelaforge.com"],"url":"https:\/\/audreydelaforge.com\/index.php\/author\/audrey-catel-delaforgegmail-com\/"}]}},"_links":{"self":[{"href":"https:\/\/audreydelaforge.com\/index.php\/wp-json\/wp\/v2\/posts\/1519","targetHints":{"allow":["GET"]}}],"collection":[{"href":"https:\/\/audreydelaforge.com\/index.php\/wp-json\/wp\/v2\/posts"}],"about":[{"href":"https:\/\/audreydelaforge.com\/index.php\/wp-json\/wp\/v2\/types\/post"}],"author":[{"embeddable":true,"href":"https:\/\/audreydelaforge.com\/index.php\/wp-json\/wp\/v2\/users\/1"}],"replies":[{"embeddable":true,"href":"https:\/\/audreydelaforge.com\/index.php\/wp-json\/wp\/v2\/comments?post=1519"}],"version-history":[{"count":0,"href":"https:\/\/audreydelaforge.com\/index.php\/wp-json\/wp\/v2\/posts\/1519\/revisions"}],"wp:featuredmedia":[{"embeddable":true,"href":"https:\/\/audreydelaforge.com\/index.php\/wp-json\/wp\/v2\/media\/1521"}],"wp:attachment":[{"href":"https:\/\/audreydelaforge.com\/index.php\/wp-json\/wp\/v2\/media?parent=1519"}],"wp:term":[{"taxonomy":"category","embeddable":true,"href":"https:\/\/audreydelaforge.com\/index.php\/wp-json\/wp\/v2\/categories?post=1519"},{"taxonomy":"post_tag","embeddable":true,"href":"https:\/\/audreydelaforge.com\/index.php\/wp-json\/wp\/v2\/tags?post=1519"}],"curies":[{"name":"wp","href":"https:\/\/api.w.org\/{rel}","templated":true}]}}