{"id":1530,"date":"2025-09-21T08:00:14","date_gmt":"2025-09-21T08:00:14","guid":{"rendered":"https:\/\/audreydelaforge.com\/?p=1530"},"modified":"2025-09-21T08:00:17","modified_gmt":"2025-09-21T08:00:17","slug":"le-role-de-lorthopedagogue-face-aux-decisions-medicales-et-institutionnelles-entre-soutien-clarification-et-respect-du-cadre","status":"publish","type":"post","link":"https:\/\/audreydelaforge.com\/index.php\/2025\/09\/21\/le-role-de-lorthopedagogue-face-aux-decisions-medicales-et-institutionnelles-entre-soutien-clarification-et-respect-du-cadre\/","title":{"rendered":"Le r\u00f4le de l\u2019orthop\u00e9dagogue face aux d\u00e9cisions m\u00e9dicales et institutionnelles : entre soutien, clarification et respect du cadre"},"content":{"rendered":"\n<figure class=\"wp-block-image size-large\"><img loading=\"lazy\" decoding=\"async\" width=\"1024\" height=\"683\" src=\"https:\/\/audreydelaforge.com\/wp-content\/uploads\/2025\/05\/95f93d6e-c752-4129-8239-2b31049f12a3-1024x683.jpeg\" alt=\"\" class=\"wp-image-1423\" srcset=\"https:\/\/audreydelaforge.com\/wp-content\/uploads\/2025\/05\/95f93d6e-c752-4129-8239-2b31049f12a3-1024x683.jpeg 1024w, https:\/\/audreydelaforge.com\/wp-content\/uploads\/2025\/05\/95f93d6e-c752-4129-8239-2b31049f12a3-300x200.jpeg 300w, https:\/\/audreydelaforge.com\/wp-content\/uploads\/2025\/05\/95f93d6e-c752-4129-8239-2b31049f12a3-768x512.jpeg 768w, https:\/\/audreydelaforge.com\/wp-content\/uploads\/2025\/05\/95f93d6e-c752-4129-8239-2b31049f12a3-930x620.jpeg 930w, https:\/\/audreydelaforge.com\/wp-content\/uploads\/2025\/05\/95f93d6e-c752-4129-8239-2b31049f12a3-600x400.jpeg 600w, https:\/\/audreydelaforge.com\/wp-content\/uploads\/2025\/05\/95f93d6e-c752-4129-8239-2b31049f12a3.jpeg 1536w\" sizes=\"auto, (max-width: 1024px) 100vw, 1024px\" \/><\/figure>\n\n\n\n<h2 class=\"wp-block-heading\">Comprendre les limites et la puissance de notre posture<\/h2>\n\n\n\n<p>Chaque semaine, je rencontre des familles d\u00e9sorient\u00e9es, des enseignants d\u00e9bord\u00e9s, et des enfants au milieu\u2026 pris dans les zones grises du syst\u00e8me \u00e9ducatif. Cette semaine encore, j\u2019ai accompagn\u00e9 trois familles confront\u00e9es \u00e0 des d\u00e9cisions discutables de la part des \u00e9quipes p\u00e9dagogiques ou \u00e0 des obstacles administratifs concernant les notifications de la MDPH.<\/p>\n\n\n\n<p>Ces situations me rappellent combien notre r\u00f4le, en tant qu\u2019orthop\u00e9dagogue, est \u00e0 la fois <strong>d\u00e9licat, essentiel et m\u00e9connu<\/strong>. Clarifions ensemble ce que nous pouvons \u2013 et ne pouvons pas \u2013 faire, au service de l\u2019enfant.<\/p>\n\n\n\n<h2 class=\"wp-block-heading\">\u274c Orthop\u00e9dagogue : pas de diagnostic, pas de commentaire m\u00e9dical<\/h2>\n\n\n\n<p>L\u2019orthop\u00e9dagogue n\u2019est <strong>ni m\u00e9decin, ni psychologue<\/strong>, et ne peut <strong>ni poser, ni commenter un diagnostic<\/strong>. Ce r\u00f4le appartient exclusivement aux professionnels de sant\u00e9 (neuropsychologues, p\u00e9dopsychiatres, neurop\u00e9diatres, etc.).<\/p>\n\n\n\n<p>\ud83d\udc49 Notre r\u00f4le commence <strong>une fois le diagnostic pos\u00e9<\/strong>, pour accompagner l\u2019\u00e9l\u00e8ve dans ses apprentissages, <strong>traduire les besoins rep\u00e9r\u00e9s en outils p\u00e9dagogiques concrets<\/strong>, et aider les familles \u00e0 mieux comprendre les am\u00e9nagements n\u00e9cessaires.<\/p>\n\n\n\n<p>Cette posture prot\u00e8ge l\u2019\u00e9l\u00e8ve, la famille\u2026 et l\u2019orthop\u00e9dagogue lui-m\u00eame.<\/p>\n\n\n\n<h2 class=\"wp-block-heading\">\ud83c\udf93 Les \u00e9quipes p\u00e9dagogiques : pas d\u2019interpr\u00e9tation des diagnostics<\/h2>\n\n\n\n<p>Il est fr\u00e9quent d\u2019entendre en r\u00e9union \u00e9ducative des remarques du type :<\/p>\n\n\n\n<blockquote class=\"wp-block-quote is-layout-flow wp-block-quote-is-layout-flow\">\n<p><em>\u201cIl n\u2019a pas besoin de tant d\u2019heures d\u2019AESH, il est autonome.\u201d<\/em><br><em>\u201cSon trouble n\u2019est pas si grave.\u201d<\/em><\/p>\n<\/blockquote>\n\n\n\n<p>Or, ces appr\u00e9ciations n\u2019ont <strong>aucune valeur l\u00e9gale ni m\u00e9dicale<\/strong>. L\u2019\u00e9quipe enseignante ne peut <strong>en aucun cas commenter un diagnostic<\/strong>, ni <strong>adapter \u00e0 sa convenance<\/strong> une notification MDPH.<\/p>\n\n\n\n<p>\ud83e\udde0 Rappelons que les troubles des apprentissages (dys-, TDAH, TSA\u2026) sont <strong>neurod\u00e9veloppementaux<\/strong>, c\u2019est-\u00e0-dire li\u00e9s \u00e0 une organisation c\u00e9r\u00e9brale particuli\u00e8re, valid\u00e9e par la recherche en neurosciences. Ils ne se \u201cvoient\u201d pas toujours, mais ont un <strong>impact r\u00e9el sur les fonctions ex\u00e9cutives<\/strong>, l\u2019attention, la m\u00e9moire de travail\u2026<\/p>\n\n\n\n<h2 class=\"wp-block-heading\">\ud83e\uddfe Les notifications MDPH s\u2019imposent \u00e0 l\u2019\u00e9tablissement<\/h2>\n\n\n\n<p>Une fois une d\u00e9cision prise par la MDPH (ex : 20h d\u2019AESH individualis\u00e9), <strong>elle doit \u00eatre appliqu\u00e9e<\/strong>.<br>Elle ne peut pas \u00eatre \u201cmodifi\u00e9e\u201d par l\u2019\u00e9tablissement ou \u201cr\u00e9interpr\u00e9t\u00e9e\u201d en fonction des moyens internes.<\/p>\n\n\n\n<p>Cette semaine, j\u2019ai suivi une \u00e9l\u00e8ve notifi\u00e9e pour 20h de pr\u00e9sence AESH, mais \u00e0 qui on n\u2019accorde que 5h, car \u00ab\u00a0il y a des cas plus graves\u00a0\u00bb. Ce <strong>n\u2019est pas l\u00e9gal<\/strong>.<\/p>\n\n\n\n<p>\ud83d\udc49 Dans ce cas, je rappelle toujours que les familles peuvent faire appel \u00e0 la DSDEN pour exiger <strong>le respect de la notification<\/strong>. Et oui : l\u2019orthop\u00e9dagogue peut jouer un r\u00f4le de <strong>soutien dans ces d\u00e9marches<\/strong>.<\/p>\n\n\n\n<h2 class=\"wp-block-heading\">\ud83d\udca1 Notre r\u00f4le : \u00e9clairer, relier, outiller<\/h2>\n\n\n\n<p>Loin d\u2019\u00eatre passifs, les orthop\u00e9dagogues ont un r\u00f4le crucial :<\/p>\n\n\n\n<ul class=\"wp-block-list\">\n<li>Expliquer aux familles les documents re\u00e7us (ESS, PPS, GEVASCO\u2026)<\/li>\n\n\n\n<li>Aider les enseignants \u00e0 <strong>comprendre les troubles cognitifs<\/strong> impliqu\u00e9s<\/li>\n\n\n\n<li>Proposer des <strong>adaptations p\u00e9dagogiques concr\u00e8tes<\/strong> (planification, d\u00e9composition des consignes, supports visuels\u2026)<\/li>\n\n\n\n<li>Former ou sensibiliser les \u00e9quipes quand les connaissances manquent<\/li>\n<\/ul>\n\n\n\n<p>\ud83c\udf93 Beaucoup d\u2019enseignants n\u2019ont pas \u00e9t\u00e9 form\u00e9s \u00e0 ces besoins sp\u00e9cifiques. Ce n\u2019est pas un reproche, mais un <strong>constat structurel<\/strong>. C\u2019est l\u00e0 que nous intervenons, avec bienveillance et rigueur.<\/p>\n\n\n\n<figure class=\"wp-block-image size-full\"><img loading=\"lazy\" decoding=\"async\" width=\"1024\" height=\"1024\" src=\"https:\/\/audreydelaforge.com\/wp-content\/uploads\/2025\/05\/ChatGPT-Image-25-mai-2025-07_38_39-1.png\" alt=\"\" class=\"wp-image-1396\" srcset=\"https:\/\/audreydelaforge.com\/wp-content\/uploads\/2025\/05\/ChatGPT-Image-25-mai-2025-07_38_39-1.png 1024w, https:\/\/audreydelaforge.com\/wp-content\/uploads\/2025\/05\/ChatGPT-Image-25-mai-2025-07_38_39-1-300x300.png 300w, https:\/\/audreydelaforge.com\/wp-content\/uploads\/2025\/05\/ChatGPT-Image-25-mai-2025-07_38_39-1-150x150.png 150w, https:\/\/audreydelaforge.com\/wp-content\/uploads\/2025\/05\/ChatGPT-Image-25-mai-2025-07_38_39-1-768x768.png 768w\" sizes=\"auto, (max-width: 1024px) 100vw, 1024px\" \/><\/figure>\n\n\n\n<h2 class=\"wp-block-heading\">\u270b Respecter les r\u00f4les, c\u2019est prot\u00e9ger les \u00e9l\u00e8ves<\/h2>\n\n\n\n<p>La confusion des r\u00f4les dessert tout le monde, en premier lieu <strong>les enfants \u00e0 besoins particuliers<\/strong>.<\/p>\n\n\n\n<p>Notre force, en tant qu\u2019orthop\u00e9dagogue, c\u2019est d\u2019intervenir <strong>au bon endroit<\/strong>, avec <strong>les bons outils<\/strong>, et en <strong>appui aux autres acteurs<\/strong>. Sans jamais empi\u00e9ter, mais toujours en soutenant.<\/p>\n\n\n\n<p>C\u2019est ce que je fais chaque jour, dans mes suivis avec les enfants, et dans mes \u00e9changes avec les familles et les \u00e9quipes. Parce que l\u2019\u00e9cole inclusive ne se d\u00e9cr\u00e8te pas : elle se construit.<\/p>\n\n\n\n<h2 class=\"wp-block-heading\">\ud83e\udd1d Besoin d\u2019un accompagnement ?<\/h2>\n\n\n\n<p>Tu es parent et tu ne sais plus vers qui te tourner face \u00e0 un refus d\u2019AESH ?<br>Tu es enseignant et tu aimerais mieux comprendre comment adapter ta p\u00e9dagogie pour un \u00e9l\u00e8ve atypique ?<br>Tu es perdu\u00b7e dans les acronymes et les d\u00e9marches MDPH ?<\/p>\n\n\n\n<p>\ud83d\udcec Je propose des suivis et accompagnements personnalis\u00e9s, pour :<\/p>\n\n\n\n<ul class=\"wp-block-list\">\n<li>Les <strong>enfants<\/strong> (rem\u00e9diation cognitive et strat\u00e9gies d\u2019apprentissage)<\/li>\n\n\n\n<li>Les <strong>familles<\/strong> (accompagnement des d\u00e9marches, compr\u00e9hension des enjeux)<\/li>\n\n\n\n<li>Les <strong>enseignants<\/strong> (formation, conseils, guidance)<\/li>\n<\/ul>\n\n\n\n<p>\ud83d\udc49<a href=\"https:\/\/audreydelaforge.com\/index.php\/accompagnement-parental-tdah\/\"> D\u00e9couvrir mes accompagnements<\/a><br>\ud83d\udc49 Ou me contacter directement <a>i<\/a><a href=\"audreyorthopedaogue02@gmail.com\">ci<\/a><\/p>\n\n\n\n<h2 class=\"wp-block-heading\">\u2728 Pour aller plus loin<\/h2>\n\n\n\n<p>\ud83c\udfa7 Une s\u00e9lection de livres que je recommande est disponible ici :<br>\ud83d\udc49 <a href=\"https:\/\/audreydelaforge.com\/index.php\/les-livres\/\">Mes lectures professionnelles \ud83d\udcda<\/a><\/p>\n\n\n\n<h3 class=\"wp-block-heading\"><\/h3>\n\n\n\n<p><strong>R\u00e9v\u00e9ler chaque potentiel, transformer les parcours, r\u00e9ussir ensemble.<\/strong><\/p>\n","protected":false},"excerpt":{"rendered":"<p>Comprendre les limites et la puissance de notre posture Chaque semaine, je rencontre des familles d\u00e9sorient\u00e9es, des enseignants d\u00e9bord\u00e9s, et des enfants au milieu\u2026 pris dans les zones grises du syst\u00e8me \u00e9ducatif. Cette semaine encore, j\u2019ai accompagn\u00e9 trois familles confront\u00e9es \u00e0 des d\u00e9cisions discutables de la part des \u00e9quipes p\u00e9dagogiques ou \u00e0 des obstacles administratifs&hellip;&nbsp;<a href=\"https:\/\/audreydelaforge.com\/index.php\/2025\/09\/21\/le-role-de-lorthopedagogue-face-aux-decisions-medicales-et-institutionnelles-entre-soutien-clarification-et-respect-du-cadre\/\" rel=\"bookmark\">Lire la suite &raquo;<span class=\"screen-reader-text\">Le r\u00f4le de l\u2019orthop\u00e9dagogue face aux d\u00e9cisions m\u00e9dicales et institutionnelles : entre soutien, clarification et respect du cadre<\/span><\/a><\/p>\n","protected":false},"author":1,"featured_media":1433,"comment_status":"closed","ping_status":"open","sticky":false,"template":"","format":"standard","meta":{"om_disable_all_campaigns":false,"neve_meta_sidebar":"","neve_meta_container":"","neve_meta_enable_content_width":"","neve_meta_content_width":0,"neve_meta_title_alignment":"","neve_meta_author_avatar":"","neve_post_elements_order":"","neve_meta_disable_header":"","neve_meta_disable_footer":"","neve_meta_disable_title":"","footnotes":""},"categories":[26],"tags":[],"class_list":["post-1530","post","type-post","status-publish","format-standard","has-post-thumbnail","hentry","category-fiche-pratique"],"yoast_head":"<!-- This site is optimized with the Yoast SEO plugin v27.5 - https:\/\/yoast.com\/product\/yoast-seo-wordpress\/ -->\n<title>Le r\u00f4le de l\u2019orthop\u00e9dagogue face aux d\u00e9cisions m\u00e9dicales et institutionnelles : entre soutien, clarification et respect du cadre ~ Audrey Delaforge, Orthop\u00e9dagogue<\/title>\n<meta name=\"robots\" content=\"index, follow, max-snippet:-1, max-image-preview:large, max-video-preview:-1\" \/>\n<link rel=\"canonical\" href=\"https:\/\/audreydelaforge.com\/index.php\/2025\/09\/21\/le-role-de-lorthopedagogue-face-aux-decisions-medicales-et-institutionnelles-entre-soutien-clarification-et-respect-du-cadre\/\" \/>\n<meta property=\"og:locale\" content=\"fr_FR\" \/>\n<meta property=\"og:type\" content=\"article\" \/>\n<meta property=\"og:title\" content=\"Le r\u00f4le de l\u2019orthop\u00e9dagogue face aux d\u00e9cisions m\u00e9dicales et institutionnelles : entre soutien, clarification et respect du cadre ~ Audrey Delaforge, Orthop\u00e9dagogue\" \/>\n<meta property=\"og:description\" content=\"Comprendre les limites et la puissance de notre posture Chaque semaine, je rencontre des familles d\u00e9sorient\u00e9es, des enseignants d\u00e9bord\u00e9s, et des enfants au milieu\u2026 pris dans les zones grises du syst\u00e8me \u00e9ducatif. Cette semaine encore, j\u2019ai accompagn\u00e9 trois familles confront\u00e9es \u00e0 des d\u00e9cisions discutables de la part des \u00e9quipes p\u00e9dagogiques ou \u00e0 des obstacles administratifs&hellip;&nbsp;Lire la suite &raquo;Le r\u00f4le de l\u2019orthop\u00e9dagogue face aux d\u00e9cisions m\u00e9dicales et institutionnelles : entre soutien, clarification et respect du cadre\" \/>\n<meta property=\"og:url\" content=\"https:\/\/audreydelaforge.com\/index.php\/2025\/09\/21\/le-role-de-lorthopedagogue-face-aux-decisions-medicales-et-institutionnelles-entre-soutien-clarification-et-respect-du-cadre\/\" \/>\n<meta property=\"og:site_name\" content=\"Audrey Delaforge, Orthop\u00e9dagogue\" \/>\n<meta property=\"article:publisher\" content=\"https:\/\/www.facebook.com\/audreycateldelaforge\" \/>\n<meta property=\"article:published_time\" content=\"2025-09-21T08:00:14+00:00\" \/>\n<meta property=\"article:modified_time\" content=\"2025-09-21T08:00:17+00:00\" \/>\n<meta property=\"og:image\" content=\"https:\/\/audreydelaforge.com\/wp-content\/uploads\/2025\/05\/2f86fbee-9ab9-4890-bf4b-c3474acf73b2.jpeg\" \/>\n\t<meta property=\"og:image:width\" content=\"1536\" \/>\n\t<meta property=\"og:image:height\" content=\"1024\" \/>\n\t<meta property=\"og:image:type\" content=\"image\/jpeg\" \/>\n<meta name=\"author\" content=\"audrey.catel.delaforge@gmail.com\" \/>\n<meta name=\"twitter:card\" content=\"summary_large_image\" \/>\n<meta name=\"twitter:label1\" content=\"\u00c9crit par\" \/>\n\t<meta name=\"twitter:data1\" content=\"audrey.catel.delaforge@gmail.com\" \/>\n\t<meta name=\"twitter:label2\" content=\"Dur\u00e9e de lecture estim\u00e9e\" \/>\n\t<meta name=\"twitter:data2\" content=\"4 minutes\" \/>\n<script type=\"application\/ld+json\" class=\"yoast-schema-graph\">{\"@context\":\"https:\\\/\\\/schema.org\",\"@graph\":[{\"@type\":\"Article\",\"@id\":\"https:\\\/\\\/audreydelaforge.com\\\/index.php\\\/2025\\\/09\\\/21\\\/le-role-de-lorthopedagogue-face-aux-decisions-medicales-et-institutionnelles-entre-soutien-clarification-et-respect-du-cadre\\\/#article\",\"isPartOf\":{\"@id\":\"https:\\\/\\\/audreydelaforge.com\\\/index.php\\\/2025\\\/09\\\/21\\\/le-role-de-lorthopedagogue-face-aux-decisions-medicales-et-institutionnelles-entre-soutien-clarification-et-respect-du-cadre\\\/\"},\"author\":{\"name\":\"audrey.catel.delaforge@gmail.com\",\"@id\":\"https:\\\/\\\/audreydelaforge.com\\\/#\\\/schema\\\/person\\\/b44bccc3f328e9802afbab74bb74495d\"},\"headline\":\"Le r\u00f4le de l\u2019orthop\u00e9dagogue face aux d\u00e9cisions m\u00e9dicales et institutionnelles : entre soutien, clarification et respect du cadre\",\"datePublished\":\"2025-09-21T08:00:14+00:00\",\"dateModified\":\"2025-09-21T08:00:17+00:00\",\"mainEntityOfPage\":{\"@id\":\"https:\\\/\\\/audreydelaforge.com\\\/index.php\\\/2025\\\/09\\\/21\\\/le-role-de-lorthopedagogue-face-aux-decisions-medicales-et-institutionnelles-entre-soutien-clarification-et-respect-du-cadre\\\/\"},\"wordCount\":791,\"publisher\":{\"@id\":\"https:\\\/\\\/audreydelaforge.com\\\/#organization\"},\"image\":{\"@id\":\"https:\\\/\\\/audreydelaforge.com\\\/index.php\\\/2025\\\/09\\\/21\\\/le-role-de-lorthopedagogue-face-aux-decisions-medicales-et-institutionnelles-entre-soutien-clarification-et-respect-du-cadre\\\/#primaryimage\"},\"thumbnailUrl\":\"https:\\\/\\\/audreydelaforge.com\\\/wp-content\\\/uploads\\\/2025\\\/05\\\/2f86fbee-9ab9-4890-bf4b-c3474acf73b2.jpeg\",\"articleSection\":[\"fiche pratique\"],\"inLanguage\":\"fr-FR\"},{\"@type\":\"WebPage\",\"@id\":\"https:\\\/\\\/audreydelaforge.com\\\/index.php\\\/2025\\\/09\\\/21\\\/le-role-de-lorthopedagogue-face-aux-decisions-medicales-et-institutionnelles-entre-soutien-clarification-et-respect-du-cadre\\\/\",\"url\":\"https:\\\/\\\/audreydelaforge.com\\\/index.php\\\/2025\\\/09\\\/21\\\/le-role-de-lorthopedagogue-face-aux-decisions-medicales-et-institutionnelles-entre-soutien-clarification-et-respect-du-cadre\\\/\",\"name\":\"Le r\u00f4le de l\u2019orthop\u00e9dagogue face aux d\u00e9cisions m\u00e9dicales et institutionnelles : entre soutien, clarification et respect du cadre ~ Audrey Delaforge, Orthop\u00e9dagogue\",\"isPartOf\":{\"@id\":\"https:\\\/\\\/audreydelaforge.com\\\/#website\"},\"primaryImageOfPage\":{\"@id\":\"https:\\\/\\\/audreydelaforge.com\\\/index.php\\\/2025\\\/09\\\/21\\\/le-role-de-lorthopedagogue-face-aux-decisions-medicales-et-institutionnelles-entre-soutien-clarification-et-respect-du-cadre\\\/#primaryimage\"},\"image\":{\"@id\":\"https:\\\/\\\/audreydelaforge.com\\\/index.php\\\/2025\\\/09\\\/21\\\/le-role-de-lorthopedagogue-face-aux-decisions-medicales-et-institutionnelles-entre-soutien-clarification-et-respect-du-cadre\\\/#primaryimage\"},\"thumbnailUrl\":\"https:\\\/\\\/audreydelaforge.com\\\/wp-content\\\/uploads\\\/2025\\\/05\\\/2f86fbee-9ab9-4890-bf4b-c3474acf73b2.jpeg\",\"datePublished\":\"2025-09-21T08:00:14+00:00\",\"dateModified\":\"2025-09-21T08:00:17+00:00\",\"breadcrumb\":{\"@id\":\"https:\\\/\\\/audreydelaforge.com\\\/index.php\\\/2025\\\/09\\\/21\\\/le-role-de-lorthopedagogue-face-aux-decisions-medicales-et-institutionnelles-entre-soutien-clarification-et-respect-du-cadre\\\/#breadcrumb\"},\"inLanguage\":\"fr-FR\",\"potentialAction\":[{\"@type\":\"ReadAction\",\"target\":[\"https:\\\/\\\/audreydelaforge.com\\\/index.php\\\/2025\\\/09\\\/21\\\/le-role-de-lorthopedagogue-face-aux-decisions-medicales-et-institutionnelles-entre-soutien-clarification-et-respect-du-cadre\\\/\"]}]},{\"@type\":\"ImageObject\",\"inLanguage\":\"fr-FR\",\"@id\":\"https:\\\/\\\/audreydelaforge.com\\\/index.php\\\/2025\\\/09\\\/21\\\/le-role-de-lorthopedagogue-face-aux-decisions-medicales-et-institutionnelles-entre-soutien-clarification-et-respect-du-cadre\\\/#primaryimage\",\"url\":\"https:\\\/\\\/audreydelaforge.com\\\/wp-content\\\/uploads\\\/2025\\\/05\\\/2f86fbee-9ab9-4890-bf4b-c3474acf73b2.jpeg\",\"contentUrl\":\"https:\\\/\\\/audreydelaforge.com\\\/wp-content\\\/uploads\\\/2025\\\/05\\\/2f86fbee-9ab9-4890-bf4b-c3474acf73b2.jpeg\",\"width\":1536,\"height\":1024},{\"@type\":\"BreadcrumbList\",\"@id\":\"https:\\\/\\\/audreydelaforge.com\\\/index.php\\\/2025\\\/09\\\/21\\\/le-role-de-lorthopedagogue-face-aux-decisions-medicales-et-institutionnelles-entre-soutien-clarification-et-respect-du-cadre\\\/#breadcrumb\",\"itemListElement\":[{\"@type\":\"ListItem\",\"position\":1,\"name\":\"Accueil\",\"item\":\"https:\\\/\\\/audreydelaforge.com\\\/\"},{\"@type\":\"ListItem\",\"position\":2,\"name\":\"Le r\u00f4le de l\u2019orthop\u00e9dagogue face aux d\u00e9cisions m\u00e9dicales et institutionnelles : entre soutien, clarification et respect du cadre\"}]},{\"@type\":\"WebSite\",\"@id\":\"https:\\\/\\\/audreydelaforge.com\\\/#website\",\"url\":\"https:\\\/\\\/audreydelaforge.com\\\/\",\"name\":\"Audrey Delaforge, Orthop\u00e9dagogue\",\"description\":\"L&#039;apprenant au centre du savoir\",\"publisher\":{\"@id\":\"https:\\\/\\\/audreydelaforge.com\\\/#organization\"},\"potentialAction\":[{\"@type\":\"SearchAction\",\"target\":{\"@type\":\"EntryPoint\",\"urlTemplate\":\"https:\\\/\\\/audreydelaforge.com\\\/?s={search_term_string}\"},\"query-input\":{\"@type\":\"PropertyValueSpecification\",\"valueRequired\":true,\"valueName\":\"search_term_string\"}}],\"inLanguage\":\"fr-FR\"},{\"@type\":\"Organization\",\"@id\":\"https:\\\/\\\/audreydelaforge.com\\\/#organization\",\"name\":\"Audrey Delaforge, Orthop\u00e9dagogue\",\"url\":\"https:\\\/\\\/audreydelaforge.com\\\/\",\"logo\":{\"@type\":\"ImageObject\",\"inLanguage\":\"fr-FR\",\"@id\":\"https:\\\/\\\/audreydelaforge.com\\\/#\\\/schema\\\/logo\\\/image\\\/\",\"url\":\"https:\\\/\\\/audreydelaforge.com\\\/wp-content\\\/uploads\\\/2022\\\/06\\\/Logo-orange-noir-avec-Audrey-1.png\",\"contentUrl\":\"https:\\\/\\\/audreydelaforge.com\\\/wp-content\\\/uploads\\\/2022\\\/06\\\/Logo-orange-noir-avec-Audrey-1.png\",\"width\":500,\"height\":500,\"caption\":\"Audrey Delaforge, Orthop\u00e9dagogue\"},\"image\":{\"@id\":\"https:\\\/\\\/audreydelaforge.com\\\/#\\\/schema\\\/logo\\\/image\\\/\"},\"sameAs\":[\"https:\\\/\\\/www.facebook.com\\\/audreycateldelaforge\",\"https:\\\/\\\/www.linkedin.com\\\/in\\\/audrey-catel-delaforge\",\"https:\\\/\\\/www.instagram.com\\\/audrey_delaforge\\\/\"]},{\"@type\":\"Person\",\"@id\":\"https:\\\/\\\/audreydelaforge.com\\\/#\\\/schema\\\/person\\\/b44bccc3f328e9802afbab74bb74495d\",\"name\":\"audrey.catel.delaforge@gmail.com\",\"image\":{\"@type\":\"ImageObject\",\"inLanguage\":\"fr-FR\",\"@id\":\"https:\\\/\\\/secure.gravatar.com\\\/avatar\\\/6d2d46023ee8ab957213dcdb0ea8dc964f367c205b281a7f789f0eb314dfafbf?s=96&d=mm&r=g\",\"url\":\"https:\\\/\\\/secure.gravatar.com\\\/avatar\\\/6d2d46023ee8ab957213dcdb0ea8dc964f367c205b281a7f789f0eb314dfafbf?s=96&d=mm&r=g\",\"contentUrl\":\"https:\\\/\\\/secure.gravatar.com\\\/avatar\\\/6d2d46023ee8ab957213dcdb0ea8dc964f367c205b281a7f789f0eb314dfafbf?s=96&d=mm&r=g\",\"caption\":\"audrey.catel.delaforge@gmail.com\"},\"sameAs\":[\"http:\\\/\\\/audreydelaforge.com\"],\"url\":\"https:\\\/\\\/audreydelaforge.com\\\/index.php\\\/author\\\/audrey-catel-delaforgegmail-com\\\/\"}]}<\/script>\n<!-- \/ Yoast SEO plugin. -->","yoast_head_json":{"title":"Le r\u00f4le de l\u2019orthop\u00e9dagogue face aux d\u00e9cisions m\u00e9dicales et institutionnelles : entre soutien, clarification et respect du cadre ~ Audrey Delaforge, Orthop\u00e9dagogue","robots":{"index":"index","follow":"follow","max-snippet":"max-snippet:-1","max-image-preview":"max-image-preview:large","max-video-preview":"max-video-preview:-1"},"canonical":"https:\/\/audreydelaforge.com\/index.php\/2025\/09\/21\/le-role-de-lorthopedagogue-face-aux-decisions-medicales-et-institutionnelles-entre-soutien-clarification-et-respect-du-cadre\/","og_locale":"fr_FR","og_type":"article","og_title":"Le r\u00f4le de l\u2019orthop\u00e9dagogue face aux d\u00e9cisions m\u00e9dicales et institutionnelles : entre soutien, clarification et respect du cadre ~ Audrey Delaforge, Orthop\u00e9dagogue","og_description":"Comprendre les limites et la puissance de notre posture Chaque semaine, je rencontre des familles d\u00e9sorient\u00e9es, des enseignants d\u00e9bord\u00e9s, et des enfants au milieu\u2026 pris dans les zones grises du syst\u00e8me \u00e9ducatif. Cette semaine encore, j\u2019ai accompagn\u00e9 trois familles confront\u00e9es \u00e0 des d\u00e9cisions discutables de la part des \u00e9quipes p\u00e9dagogiques ou \u00e0 des obstacles administratifs&hellip;&nbsp;Lire la suite &raquo;Le r\u00f4le de l\u2019orthop\u00e9dagogue face aux d\u00e9cisions m\u00e9dicales et institutionnelles : entre soutien, clarification et respect du cadre","og_url":"https:\/\/audreydelaforge.com\/index.php\/2025\/09\/21\/le-role-de-lorthopedagogue-face-aux-decisions-medicales-et-institutionnelles-entre-soutien-clarification-et-respect-du-cadre\/","og_site_name":"Audrey Delaforge, Orthop\u00e9dagogue","article_publisher":"https:\/\/www.facebook.com\/audreycateldelaforge","article_published_time":"2025-09-21T08:00:14+00:00","article_modified_time":"2025-09-21T08:00:17+00:00","og_image":[{"width":1536,"height":1024,"url":"https:\/\/audreydelaforge.com\/wp-content\/uploads\/2025\/05\/2f86fbee-9ab9-4890-bf4b-c3474acf73b2.jpeg","type":"image\/jpeg"}],"author":"audrey.catel.delaforge@gmail.com","twitter_card":"summary_large_image","twitter_misc":{"\u00c9crit par":"audrey.catel.delaforge@gmail.com","Dur\u00e9e de lecture estim\u00e9e":"4 minutes"},"schema":{"@context":"https:\/\/schema.org","@graph":[{"@type":"Article","@id":"https:\/\/audreydelaforge.com\/index.php\/2025\/09\/21\/le-role-de-lorthopedagogue-face-aux-decisions-medicales-et-institutionnelles-entre-soutien-clarification-et-respect-du-cadre\/#article","isPartOf":{"@id":"https:\/\/audreydelaforge.com\/index.php\/2025\/09\/21\/le-role-de-lorthopedagogue-face-aux-decisions-medicales-et-institutionnelles-entre-soutien-clarification-et-respect-du-cadre\/"},"author":{"name":"audrey.catel.delaforge@gmail.com","@id":"https:\/\/audreydelaforge.com\/#\/schema\/person\/b44bccc3f328e9802afbab74bb74495d"},"headline":"Le r\u00f4le de l\u2019orthop\u00e9dagogue face aux d\u00e9cisions m\u00e9dicales et institutionnelles : entre soutien, clarification et respect du cadre","datePublished":"2025-09-21T08:00:14+00:00","dateModified":"2025-09-21T08:00:17+00:00","mainEntityOfPage":{"@id":"https:\/\/audreydelaforge.com\/index.php\/2025\/09\/21\/le-role-de-lorthopedagogue-face-aux-decisions-medicales-et-institutionnelles-entre-soutien-clarification-et-respect-du-cadre\/"},"wordCount":791,"publisher":{"@id":"https:\/\/audreydelaforge.com\/#organization"},"image":{"@id":"https:\/\/audreydelaforge.com\/index.php\/2025\/09\/21\/le-role-de-lorthopedagogue-face-aux-decisions-medicales-et-institutionnelles-entre-soutien-clarification-et-respect-du-cadre\/#primaryimage"},"thumbnailUrl":"https:\/\/audreydelaforge.com\/wp-content\/uploads\/2025\/05\/2f86fbee-9ab9-4890-bf4b-c3474acf73b2.jpeg","articleSection":["fiche pratique"],"inLanguage":"fr-FR"},{"@type":"WebPage","@id":"https:\/\/audreydelaforge.com\/index.php\/2025\/09\/21\/le-role-de-lorthopedagogue-face-aux-decisions-medicales-et-institutionnelles-entre-soutien-clarification-et-respect-du-cadre\/","url":"https:\/\/audreydelaforge.com\/index.php\/2025\/09\/21\/le-role-de-lorthopedagogue-face-aux-decisions-medicales-et-institutionnelles-entre-soutien-clarification-et-respect-du-cadre\/","name":"Le r\u00f4le de l\u2019orthop\u00e9dagogue face aux d\u00e9cisions m\u00e9dicales et institutionnelles : entre soutien, clarification et respect du cadre ~ Audrey Delaforge, Orthop\u00e9dagogue","isPartOf":{"@id":"https:\/\/audreydelaforge.com\/#website"},"primaryImageOfPage":{"@id":"https:\/\/audreydelaforge.com\/index.php\/2025\/09\/21\/le-role-de-lorthopedagogue-face-aux-decisions-medicales-et-institutionnelles-entre-soutien-clarification-et-respect-du-cadre\/#primaryimage"},"image":{"@id":"https:\/\/audreydelaforge.com\/index.php\/2025\/09\/21\/le-role-de-lorthopedagogue-face-aux-decisions-medicales-et-institutionnelles-entre-soutien-clarification-et-respect-du-cadre\/#primaryimage"},"thumbnailUrl":"https:\/\/audreydelaforge.com\/wp-content\/uploads\/2025\/05\/2f86fbee-9ab9-4890-bf4b-c3474acf73b2.jpeg","datePublished":"2025-09-21T08:00:14+00:00","dateModified":"2025-09-21T08:00:17+00:00","breadcrumb":{"@id":"https:\/\/audreydelaforge.com\/index.php\/2025\/09\/21\/le-role-de-lorthopedagogue-face-aux-decisions-medicales-et-institutionnelles-entre-soutien-clarification-et-respect-du-cadre\/#breadcrumb"},"inLanguage":"fr-FR","potentialAction":[{"@type":"ReadAction","target":["https:\/\/audreydelaforge.com\/index.php\/2025\/09\/21\/le-role-de-lorthopedagogue-face-aux-decisions-medicales-et-institutionnelles-entre-soutien-clarification-et-respect-du-cadre\/"]}]},{"@type":"ImageObject","inLanguage":"fr-FR","@id":"https:\/\/audreydelaforge.com\/index.php\/2025\/09\/21\/le-role-de-lorthopedagogue-face-aux-decisions-medicales-et-institutionnelles-entre-soutien-clarification-et-respect-du-cadre\/#primaryimage","url":"https:\/\/audreydelaforge.com\/wp-content\/uploads\/2025\/05\/2f86fbee-9ab9-4890-bf4b-c3474acf73b2.jpeg","contentUrl":"https:\/\/audreydelaforge.com\/wp-content\/uploads\/2025\/05\/2f86fbee-9ab9-4890-bf4b-c3474acf73b2.jpeg","width":1536,"height":1024},{"@type":"BreadcrumbList","@id":"https:\/\/audreydelaforge.com\/index.php\/2025\/09\/21\/le-role-de-lorthopedagogue-face-aux-decisions-medicales-et-institutionnelles-entre-soutien-clarification-et-respect-du-cadre\/#breadcrumb","itemListElement":[{"@type":"ListItem","position":1,"name":"Accueil","item":"https:\/\/audreydelaforge.com\/"},{"@type":"ListItem","position":2,"name":"Le r\u00f4le de l\u2019orthop\u00e9dagogue face aux d\u00e9cisions m\u00e9dicales et institutionnelles : entre soutien, clarification et respect du cadre"}]},{"@type":"WebSite","@id":"https:\/\/audreydelaforge.com\/#website","url":"https:\/\/audreydelaforge.com\/","name":"Audrey Delaforge, Orthop\u00e9dagogue","description":"L&#039;apprenant au centre du savoir","publisher":{"@id":"https:\/\/audreydelaforge.com\/#organization"},"potentialAction":[{"@type":"SearchAction","target":{"@type":"EntryPoint","urlTemplate":"https:\/\/audreydelaforge.com\/?s={search_term_string}"},"query-input":{"@type":"PropertyValueSpecification","valueRequired":true,"valueName":"search_term_string"}}],"inLanguage":"fr-FR"},{"@type":"Organization","@id":"https:\/\/audreydelaforge.com\/#organization","name":"Audrey Delaforge, Orthop\u00e9dagogue","url":"https:\/\/audreydelaforge.com\/","logo":{"@type":"ImageObject","inLanguage":"fr-FR","@id":"https:\/\/audreydelaforge.com\/#\/schema\/logo\/image\/","url":"https:\/\/audreydelaforge.com\/wp-content\/uploads\/2022\/06\/Logo-orange-noir-avec-Audrey-1.png","contentUrl":"https:\/\/audreydelaforge.com\/wp-content\/uploads\/2022\/06\/Logo-orange-noir-avec-Audrey-1.png","width":500,"height":500,"caption":"Audrey Delaforge, Orthop\u00e9dagogue"},"image":{"@id":"https:\/\/audreydelaforge.com\/#\/schema\/logo\/image\/"},"sameAs":["https:\/\/www.facebook.com\/audreycateldelaforge","https:\/\/www.linkedin.com\/in\/audrey-catel-delaforge","https:\/\/www.instagram.com\/audrey_delaforge\/"]},{"@type":"Person","@id":"https:\/\/audreydelaforge.com\/#\/schema\/person\/b44bccc3f328e9802afbab74bb74495d","name":"audrey.catel.delaforge@gmail.com","image":{"@type":"ImageObject","inLanguage":"fr-FR","@id":"https:\/\/secure.gravatar.com\/avatar\/6d2d46023ee8ab957213dcdb0ea8dc964f367c205b281a7f789f0eb314dfafbf?s=96&d=mm&r=g","url":"https:\/\/secure.gravatar.com\/avatar\/6d2d46023ee8ab957213dcdb0ea8dc964f367c205b281a7f789f0eb314dfafbf?s=96&d=mm&r=g","contentUrl":"https:\/\/secure.gravatar.com\/avatar\/6d2d46023ee8ab957213dcdb0ea8dc964f367c205b281a7f789f0eb314dfafbf?s=96&d=mm&r=g","caption":"audrey.catel.delaforge@gmail.com"},"sameAs":["http:\/\/audreydelaforge.com"],"url":"https:\/\/audreydelaforge.com\/index.php\/author\/audrey-catel-delaforgegmail-com\/"}]}},"_links":{"self":[{"href":"https:\/\/audreydelaforge.com\/index.php\/wp-json\/wp\/v2\/posts\/1530","targetHints":{"allow":["GET"]}}],"collection":[{"href":"https:\/\/audreydelaforge.com\/index.php\/wp-json\/wp\/v2\/posts"}],"about":[{"href":"https:\/\/audreydelaforge.com\/index.php\/wp-json\/wp\/v2\/types\/post"}],"author":[{"embeddable":true,"href":"https:\/\/audreydelaforge.com\/index.php\/wp-json\/wp\/v2\/users\/1"}],"replies":[{"embeddable":true,"href":"https:\/\/audreydelaforge.com\/index.php\/wp-json\/wp\/v2\/comments?post=1530"}],"version-history":[{"count":0,"href":"https:\/\/audreydelaforge.com\/index.php\/wp-json\/wp\/v2\/posts\/1530\/revisions"}],"wp:featuredmedia":[{"embeddable":true,"href":"https:\/\/audreydelaforge.com\/index.php\/wp-json\/wp\/v2\/media\/1433"}],"wp:attachment":[{"href":"https:\/\/audreydelaforge.com\/index.php\/wp-json\/wp\/v2\/media?parent=1530"}],"wp:term":[{"taxonomy":"category","embeddable":true,"href":"https:\/\/audreydelaforge.com\/index.php\/wp-json\/wp\/v2\/categories?post=1530"},{"taxonomy":"post_tag","embeddable":true,"href":"https:\/\/audreydelaforge.com\/index.php\/wp-json\/wp\/v2\/tags?post=1530"}],"curies":[{"name":"wp","href":"https:\/\/api.w.org\/{rel}","templated":true}]}}