{"id":1548,"date":"2025-10-12T05:17:46","date_gmt":"2025-10-12T05:17:46","guid":{"rendered":"https:\/\/audreydelaforge.com\/?p=1548"},"modified":"2025-10-12T05:17:49","modified_gmt":"2025-10-12T05:17:49","slug":"vacances-dautomne-le-moment-cle-pour-mieux-comprendre-les-besoins-de-ton-enfant","status":"publish","type":"post","link":"https:\/\/audreydelaforge.com\/index.php\/2025\/10\/12\/vacances-dautomne-le-moment-cle-pour-mieux-comprendre-les-besoins-de-ton-enfant\/","title":{"rendered":"Vacances d\u2019automne : le moment cl\u00e9 pour mieux comprendre les besoins de ton enfant"},"content":{"rendered":"<div class=\"wp-block-image\">\n<figure class=\"aligncenter size-full is-resized\"><img loading=\"lazy\" decoding=\"async\" width=\"1024\" height=\"1024\" src=\"https:\/\/audreydelaforge.com\/wp-content\/uploads\/2025\/10\/ChatGPT-Image-12-oct.-2025-07_10_18.png\" alt=\"\" class=\"wp-image-1549\" style=\"width:346px;height:auto\" srcset=\"https:\/\/audreydelaforge.com\/wp-content\/uploads\/2025\/10\/ChatGPT-Image-12-oct.-2025-07_10_18.png 1024w, https:\/\/audreydelaforge.com\/wp-content\/uploads\/2025\/10\/ChatGPT-Image-12-oct.-2025-07_10_18-300x300.png 300w, https:\/\/audreydelaforge.com\/wp-content\/uploads\/2025\/10\/ChatGPT-Image-12-oct.-2025-07_10_18-150x150.png 150w, https:\/\/audreydelaforge.com\/wp-content\/uploads\/2025\/10\/ChatGPT-Image-12-oct.-2025-07_10_18-768x768.png 768w\" sizes=\"auto, (max-width: 1024px) 100vw, 1024px\" \/><\/figure>\n<\/div>\n\n\n<p>Les feuilles tombent, les temp\u00e9ratures rafra\u00eechissent\u2026 et avec elles, un besoin pressant de lever le pied. Apr\u00e8s plusieurs semaines de course entre cartables, devoirs, emplois du temps serr\u00e9s et ajustements scolaires, <strong>les vacances d\u2019automne arrivent comme une respiration bien m\u00e9rit\u00e9e<\/strong>.<\/p>\n\n\n\n<p>Mais pour beaucoup de familles, cette pause soul\u00e8ve aussi une foule de questions :<\/p>\n\n\n\n<p>\u201cPourquoi est-ce si compliqu\u00e9 depuis la rentr\u00e9e ?\u201d<br>\u201cMon enfant est-il en train de d\u00e9crocher ?\u201d<br>\u201cFaut-il attendre ou agir maintenant ?\u201d<\/p>\n\n\n\n<p>Et si, justement, ce moment \u00e9tait l\u2019occasion id\u00e9ale pour faire un pas de c\u00f4t\u00e9 et mieux comprendre ce qui se joue chez ton enfant ?<\/p>\n\n\n\n<h2 class=\"wp-block-heading\"><strong>\ud83c\udf42 Les vacances d\u2019automne, un r\u00e9v\u00e9lateur naturel<\/strong><\/h2>\n\n\n\n<p>La rentr\u00e9e scolaire agit un peu comme un r\u00e9v\u00e9lateur. En quelques semaines, elle met en lumi\u00e8re <strong>les forces comme les fragilit\u00e9s<\/strong>. Et certains signaux ne trompent pas :<\/p>\n\n\n\n<ul class=\"wp-block-list\">\n<li>Une fatigue inhabituelle, voire d\u00e8s le r\u00e9veil.<br><\/li>\n\n\n\n<li>Des devoirs qui tournent au bras de fer (ou \u00e0 la crise de larmes).<br><\/li>\n\n\n\n<li>Une d\u00e9motivation croissante, parfois accompagn\u00e9e de perte de confiance.<br><\/li>\n\n\n\n<li>Des remarques r\u00e9p\u00e9t\u00e9es des enseignants :<br>\u201cIl est dans la lune\u201d, \u201cElle ne suit pas\u201d, \u201cIl manque de m\u00e9thode\u201d, etc.<br><\/li>\n<\/ul>\n\n\n\n<p>\ud83d\udc49 Ces signes ne sont pas des verdicts. Ils ne traduisent pas forc\u00e9ment une pathologie ou un \u00e9chec. Mais <strong>ils m\u00e9ritent d\u2019\u00eatre \u00e9cout\u00e9s<\/strong>. Ils sont souvent les premiers indices d\u2019un d\u00e9calage entre ce qu\u2019on attend de l\u2019enfant\u2026 et ce dont il aurait vraiment besoin pour s\u2019\u00e9panouir.<\/p>\n\n\n\n<h2 class=\"wp-block-heading\"><strong>\ud83c\udf43 Pourquoi l\u2019automne est une p\u00e9riode strat\u00e9gique<\/strong><\/h2>\n\n\n\n<p>\u00c0 la diff\u00e9rence de l\u2019\u00e9t\u00e9, les <strong>vacances d\u2019automne s\u2019inscrivent au c\u0153ur du premier trimestre<\/strong>, alors que tout reste encore modulable. C\u2019est le moment parfait pour :<\/p>\n\n\n\n<ul class=\"wp-block-list\">\n<li><strong>Prendre du recul<\/strong> sur ce qui s\u2019est pass\u00e9 depuis la rentr\u00e9e.<br><\/li>\n\n\n\n<li>\u00c9viter que le stress ou les blocages ne s\u2019installent.<br><\/li>\n\n\n\n<li><strong>Agir de fa\u00e7on pr\u00e9coce<\/strong>, avant que les difficult\u00e9s ne deviennent chroniques.<br><\/li>\n<\/ul>\n\n\n\n<p>C\u2019est souvent \u00e0 cette p\u00e9riode que les familles me confient :<\/p>\n\n\n\n<p>\u201cOn sent que quelque chose coince\u2026 mais on ne sait pas trop par o\u00f9 commencer.\u201d<\/p>\n\n\n\n<h2 class=\"wp-block-heading\"><strong>\ud83c\udfaf L\u2019orthop\u00e9dagogie : un accompagnement sur-mesure pour y voir plus clair<\/strong><\/h2>\n\n\n\n<p><strong>L\u2019orthop\u00e9dagogie<\/strong>, c\u2019est un accompagnement \u00e9ducatif centr\u00e9 sur les besoins sp\u00e9cifiques d\u2019un enfant dans ses apprentissages. Elle propose un cadre \u00e0 la fois bienveillant, rigoureux et adaptatif pour faire le point sereinement.<\/p>\n\n\n\n<p>Voici ce qu\u2019on peut explorer ensemble :<\/p>\n\n\n\n<ul class=\"wp-block-list\">\n<li>\u2705 Un <strong>bilan orthop\u00e9dagogique personnalis\u00e9<\/strong> pour identifier ses forces, ses freins et ses besoins.<br><\/li>\n\n\n\n<li>\u2705 Une approche globale de l\u2019enfant (cognition, \u00e9motions, organisation).<br><\/li>\n\n\n\n<li>\u2705 Des <strong>outils concrets et des strat\u00e9gies<\/strong> qui respectent son rythme et son profil.<br><\/li>\n\n\n\n<li>\u2705 Une collaboration \u00e9troite avec toi, parent, et avec les enseignants si n\u00e9cessaire.<br><\/li>\n<\/ul>\n\n\n\n<p>\ud83d\udca1 L\u2019orthop\u00e9dagogie n\u2019est ni un diagnostic m\u00e9dical, ni du soutien scolaire au sens classique. C\u2019est une <strong>remise en mouvement<\/strong> de l\u2019enfant \u00e0 partir de l\u00e0 o\u00f9 il en est.<\/p>\n\n\n<div class=\"wp-block-image\">\n<figure class=\"aligncenter size-large is-resized\"><img loading=\"lazy\" decoding=\"async\" width=\"1024\" height=\"592\" src=\"https:\/\/audreydelaforge.com\/wp-content\/uploads\/2025\/10\/\ud83c\udfaf-Lorthopedagogie-_-un-accompagnement-sur-mesure-pour-y-voir-plus-clair-visual-selection-1024x592.png\" alt=\"\" class=\"wp-image-1550\" style=\"width:668px;height:auto\" srcset=\"https:\/\/audreydelaforge.com\/wp-content\/uploads\/2025\/10\/\ud83c\udfaf-Lorthopedagogie-_-un-accompagnement-sur-mesure-pour-y-voir-plus-clair-visual-selection-1024x592.png 1024w, https:\/\/audreydelaforge.com\/wp-content\/uploads\/2025\/10\/\ud83c\udfaf-Lorthopedagogie-_-un-accompagnement-sur-mesure-pour-y-voir-plus-clair-visual-selection-300x173.png 300w, https:\/\/audreydelaforge.com\/wp-content\/uploads\/2025\/10\/\ud83c\udfaf-Lorthopedagogie-_-un-accompagnement-sur-mesure-pour-y-voir-plus-clair-visual-selection-768x444.png 768w, https:\/\/audreydelaforge.com\/wp-content\/uploads\/2025\/10\/\ud83c\udfaf-Lorthopedagogie-_-un-accompagnement-sur-mesure-pour-y-voir-plus-clair-visual-selection-600x347.png 600w, https:\/\/audreydelaforge.com\/wp-content\/uploads\/2025\/10\/\ud83c\udfaf-Lorthopedagogie-_-un-accompagnement-sur-mesure-pour-y-voir-plus-clair-visual-selection.png 1080w\" sizes=\"auto, (max-width: 1024px) 100vw, 1024px\" \/><\/figure>\n<\/div>\n\n\n<h2 class=\"wp-block-heading\"><strong>\ud83c\udf75 Une pause utile pour se recentrer (et non pour \u201crattraper\u201d)<\/strong><\/h2>\n\n\n\n<p><strong>Non<\/strong>, ces vacances ne sont pas l\u00e0 pour \u00ab\u00a0tout remettre \u00e0 niveau\u00a0\u00bb.<br>Elles peuvent, en revanche, devenir un <strong>temps calme et propice \u00e0 la r\u00e9flexion<\/strong> :<\/p>\n\n\n\n<ul class=\"wp-block-list\">\n<li>Mon enfant comprend-il ce qu\u2019on attend de lui \u00e0 l\u2019\u00e9cole ?<br><\/li>\n\n\n\n<li>Quelles sont ses strat\u00e9gies d\u2019apprentissage ?<br><\/li>\n\n\n\n<li>A-t-il des outils pour m\u00e9moriser, s\u2019organiser, g\u00e9rer sa fatigue mentale ?<br><\/li>\n\n\n\n<li>Se sent-il en s\u00e9curit\u00e9 \u00e9motionnelle dans son environnement scolaire ?<br><\/li>\n<\/ul>\n\n\n\n<p>Ces questions, on peut les explorer ensemble, avec douceur, sans pression. L\u2019objectif n\u2019est pas de \u201cperformer\u201d, mais de <strong>retrouver du sens et de la confiance<\/strong>.<\/p>\n\n\n\n<h2 class=\"wp-block-heading\"><strong>\ud83c\udf1f Et si ces vacances \u00e9taient le vrai point de d\u00e9part ?<\/strong><\/h2>\n\n\n\n<p>Tu n\u2019as pas besoin d\u2019attendre un bulletin scolaire inqui\u00e9tant ou une r\u00e9union parents-profs pour r\u00e9agir.<br>Parfois, <strong>quelques s\u00e9ances cibl\u00e9es suffisent \u00e0 relancer une dynamique positive<\/strong>.<\/p>\n\n\n\n<p>\ud83d\udca1 Et si les vacances d\u2019automne devenaient le point de d\u00e9part d\u2019un nouveau regard sur les apprentissages de ton enfant ?<\/p>\n\n\n\n<h2 class=\"wp-block-heading\"><strong>\ud83e\udd1d Besoin d\u2019un coup de pouce ? Je t\u2019accompagne<\/strong><\/h2>\n\n\n<div class=\"wp-block-image\">\n<figure class=\"alignleft size-full is-resized\"><img loading=\"lazy\" decoding=\"async\" width=\"498\" height=\"147\" src=\"https:\/\/audreydelaforge.com\/wp-content\/uploads\/2025\/10\/Screenshot-2025-10-12-07.15.32.png\" alt=\"\" class=\"wp-image-1551\" style=\"width:535px;height:auto\" srcset=\"https:\/\/audreydelaforge.com\/wp-content\/uploads\/2025\/10\/Screenshot-2025-10-12-07.15.32.png 498w, https:\/\/audreydelaforge.com\/wp-content\/uploads\/2025\/10\/Screenshot-2025-10-12-07.15.32-300x89.png 300w\" sizes=\"auto, (max-width: 498px) 100vw, 498px\" \/><\/figure>\n<\/div>\n\n\n<p>Pendant les vacances, je propose des <strong>cr\u00e9neaux sp\u00e9cifiques pour r\u00e9aliser des bilans orthop\u00e9dagogiques<\/strong> ou d\u00e9marrer un accompagnement individualis\u00e9.<\/p>\n\n\n\n<p>Tu te poses des questions ? Tu as envie d\u2019\u00e9changer sur ta situation ?<br>\ud83d\udc49 <strong>Contacte-moi ici<\/strong> pour un premier \u00e9change, sans engagement :<br>\ud83d\udce9 [Ins\u00e8re ici le lien vers ton formulaire ou adresse mail professionnelle]<\/p>\n\n\n\n<p class=\"has-text-align-center\">Parfois, une \u00e9coute ext\u00e9rieure bienveillante suffit \u00e0 <strong>d\u00e9bloquer les choses<\/strong>.<\/p>\n\n\n\n<p><\/p>\n","protected":false},"excerpt":{"rendered":"<p>Les feuilles tombent, les temp\u00e9ratures rafra\u00eechissent\u2026 et avec elles, un besoin pressant de lever le pied. Apr\u00e8s plusieurs semaines de course entre cartables, devoirs, emplois du temps serr\u00e9s et ajustements scolaires, les vacances d\u2019automne arrivent comme une respiration bien m\u00e9rit\u00e9e. Mais pour beaucoup de familles, cette pause soul\u00e8ve aussi une foule de questions : \u201cPourquoi&hellip;&nbsp;<a href=\"https:\/\/audreydelaforge.com\/index.php\/2025\/10\/12\/vacances-dautomne-le-moment-cle-pour-mieux-comprendre-les-besoins-de-ton-enfant\/\" rel=\"bookmark\">Lire la suite &raquo;<span class=\"screen-reader-text\">Vacances d\u2019automne : le moment cl\u00e9 pour mieux comprendre les besoins de ton enfant<\/span><\/a><\/p>\n","protected":false},"author":1,"featured_media":1549,"comment_status":"closed","ping_status":"open","sticky":false,"template":"","format":"standard","meta":{"om_disable_all_campaigns":false,"neve_meta_sidebar":"","neve_meta_container":"","neve_meta_enable_content_width":"","neve_meta_content_width":0,"neve_meta_title_alignment":"","neve_meta_author_avatar":"","neve_post_elements_order":"","neve_meta_disable_header":"","neve_meta_disable_footer":"","neve_meta_disable_title":"","footnotes":""},"categories":[1],"tags":[],"class_list":["post-1548","post","type-post","status-publish","format-standard","has-post-thumbnail","hentry","category-uncategorized"],"yoast_head":"<!-- This site is optimized with the Yoast SEO plugin v27.5 - https:\/\/yoast.com\/product\/yoast-seo-wordpress\/ -->\n<title>Vacances d\u2019automne : le moment cl\u00e9 pour mieux comprendre les besoins de ton enfant ~ Audrey Delaforge, Orthop\u00e9dagogue<\/title>\n<meta name=\"description\" content=\"Les vacances d\u2019automne sont le moment id\u00e9al pour faire le point sur les besoins scolaires de ton enfant. Fatigue, difficult\u00e9s, perte de confiance : d\u00e9couvre comment l\u2019orthop\u00e9dagogie peut l\u2019aider \u00e0 retrouver \u00e9quilibre et motivation.\" \/>\n<meta name=\"robots\" content=\"index, follow, max-snippet:-1, max-image-preview:large, max-video-preview:-1\" \/>\n<link rel=\"canonical\" href=\"https:\/\/audreydelaforge.com\/index.php\/2025\/10\/12\/vacances-dautomne-le-moment-cle-pour-mieux-comprendre-les-besoins-de-ton-enfant\/\" \/>\n<meta property=\"og:locale\" content=\"fr_FR\" \/>\n<meta property=\"og:type\" content=\"article\" \/>\n<meta property=\"og:title\" content=\"Vacances d\u2019automne : le moment cl\u00e9 pour mieux comprendre les besoins de ton enfant ~ Audrey Delaforge, Orthop\u00e9dagogue\" \/>\n<meta property=\"og:description\" content=\"Les vacances d\u2019automne sont le moment id\u00e9al pour faire le point sur les besoins scolaires de ton enfant. Fatigue, difficult\u00e9s, perte de confiance : d\u00e9couvre comment l\u2019orthop\u00e9dagogie peut l\u2019aider \u00e0 retrouver \u00e9quilibre et motivation.\" \/>\n<meta property=\"og:url\" content=\"https:\/\/audreydelaforge.com\/index.php\/2025\/10\/12\/vacances-dautomne-le-moment-cle-pour-mieux-comprendre-les-besoins-de-ton-enfant\/\" \/>\n<meta property=\"og:site_name\" content=\"Audrey Delaforge, Orthop\u00e9dagogue\" \/>\n<meta property=\"article:publisher\" content=\"https:\/\/www.facebook.com\/audreycateldelaforge\" \/>\n<meta property=\"article:published_time\" content=\"2025-10-12T05:17:46+00:00\" \/>\n<meta property=\"article:modified_time\" content=\"2025-10-12T05:17:49+00:00\" \/>\n<meta property=\"og:image\" content=\"https:\/\/audreydelaforge.com\/wp-content\/uploads\/2025\/10\/ChatGPT-Image-12-oct.-2025-07_10_18.png\" \/>\n\t<meta property=\"og:image:width\" content=\"1024\" \/>\n\t<meta property=\"og:image:height\" content=\"1024\" \/>\n\t<meta property=\"og:image:type\" content=\"image\/png\" \/>\n<meta name=\"author\" content=\"audrey.catel.delaforge@gmail.com\" \/>\n<meta name=\"twitter:card\" content=\"summary_large_image\" \/>\n<meta name=\"twitter:label1\" content=\"\u00c9crit par\" \/>\n\t<meta name=\"twitter:data1\" content=\"audrey.catel.delaforge@gmail.com\" \/>\n\t<meta name=\"twitter:label2\" content=\"Dur\u00e9e de lecture estim\u00e9e\" \/>\n\t<meta name=\"twitter:data2\" content=\"4 minutes\" \/>\n<script type=\"application\/ld+json\" class=\"yoast-schema-graph\">{\"@context\":\"https:\\\/\\\/schema.org\",\"@graph\":[{\"@type\":\"Article\",\"@id\":\"https:\\\/\\\/audreydelaforge.com\\\/index.php\\\/2025\\\/10\\\/12\\\/vacances-dautomne-le-moment-cle-pour-mieux-comprendre-les-besoins-de-ton-enfant\\\/#article\",\"isPartOf\":{\"@id\":\"https:\\\/\\\/audreydelaforge.com\\\/index.php\\\/2025\\\/10\\\/12\\\/vacances-dautomne-le-moment-cle-pour-mieux-comprendre-les-besoins-de-ton-enfant\\\/\"},\"author\":{\"name\":\"audrey.catel.delaforge@gmail.com\",\"@id\":\"https:\\\/\\\/audreydelaforge.com\\\/#\\\/schema\\\/person\\\/b44bccc3f328e9802afbab74bb74495d\"},\"headline\":\"Vacances d\u2019automne : le moment cl\u00e9 pour mieux comprendre les besoins de ton enfant\",\"datePublished\":\"2025-10-12T05:17:46+00:00\",\"dateModified\":\"2025-10-12T05:17:49+00:00\",\"mainEntityOfPage\":{\"@id\":\"https:\\\/\\\/audreydelaforge.com\\\/index.php\\\/2025\\\/10\\\/12\\\/vacances-dautomne-le-moment-cle-pour-mieux-comprendre-les-besoins-de-ton-enfant\\\/\"},\"wordCount\":754,\"publisher\":{\"@id\":\"https:\\\/\\\/audreydelaforge.com\\\/#organization\"},\"image\":{\"@id\":\"https:\\\/\\\/audreydelaforge.com\\\/index.php\\\/2025\\\/10\\\/12\\\/vacances-dautomne-le-moment-cle-pour-mieux-comprendre-les-besoins-de-ton-enfant\\\/#primaryimage\"},\"thumbnailUrl\":\"https:\\\/\\\/audreydelaforge.com\\\/wp-content\\\/uploads\\\/2025\\\/10\\\/ChatGPT-Image-12-oct.-2025-07_10_18.png\",\"articleSection\":[\"Uncategorized\"],\"inLanguage\":\"fr-FR\"},{\"@type\":\"WebPage\",\"@id\":\"https:\\\/\\\/audreydelaforge.com\\\/index.php\\\/2025\\\/10\\\/12\\\/vacances-dautomne-le-moment-cle-pour-mieux-comprendre-les-besoins-de-ton-enfant\\\/\",\"url\":\"https:\\\/\\\/audreydelaforge.com\\\/index.php\\\/2025\\\/10\\\/12\\\/vacances-dautomne-le-moment-cle-pour-mieux-comprendre-les-besoins-de-ton-enfant\\\/\",\"name\":\"Vacances d\u2019automne : le moment cl\u00e9 pour mieux comprendre les besoins de ton enfant ~ Audrey Delaforge, Orthop\u00e9dagogue\",\"isPartOf\":{\"@id\":\"https:\\\/\\\/audreydelaforge.com\\\/#website\"},\"primaryImageOfPage\":{\"@id\":\"https:\\\/\\\/audreydelaforge.com\\\/index.php\\\/2025\\\/10\\\/12\\\/vacances-dautomne-le-moment-cle-pour-mieux-comprendre-les-besoins-de-ton-enfant\\\/#primaryimage\"},\"image\":{\"@id\":\"https:\\\/\\\/audreydelaforge.com\\\/index.php\\\/2025\\\/10\\\/12\\\/vacances-dautomne-le-moment-cle-pour-mieux-comprendre-les-besoins-de-ton-enfant\\\/#primaryimage\"},\"thumbnailUrl\":\"https:\\\/\\\/audreydelaforge.com\\\/wp-content\\\/uploads\\\/2025\\\/10\\\/ChatGPT-Image-12-oct.-2025-07_10_18.png\",\"datePublished\":\"2025-10-12T05:17:46+00:00\",\"dateModified\":\"2025-10-12T05:17:49+00:00\",\"description\":\"Les vacances d\u2019automne sont le moment id\u00e9al pour faire le point sur les besoins scolaires de ton enfant. Fatigue, difficult\u00e9s, perte de confiance : d\u00e9couvre comment l\u2019orthop\u00e9dagogie peut l\u2019aider \u00e0 retrouver \u00e9quilibre et motivation.\",\"breadcrumb\":{\"@id\":\"https:\\\/\\\/audreydelaforge.com\\\/index.php\\\/2025\\\/10\\\/12\\\/vacances-dautomne-le-moment-cle-pour-mieux-comprendre-les-besoins-de-ton-enfant\\\/#breadcrumb\"},\"inLanguage\":\"fr-FR\",\"potentialAction\":[{\"@type\":\"ReadAction\",\"target\":[\"https:\\\/\\\/audreydelaforge.com\\\/index.php\\\/2025\\\/10\\\/12\\\/vacances-dautomne-le-moment-cle-pour-mieux-comprendre-les-besoins-de-ton-enfant\\\/\"]}]},{\"@type\":\"ImageObject\",\"inLanguage\":\"fr-FR\",\"@id\":\"https:\\\/\\\/audreydelaforge.com\\\/index.php\\\/2025\\\/10\\\/12\\\/vacances-dautomne-le-moment-cle-pour-mieux-comprendre-les-besoins-de-ton-enfant\\\/#primaryimage\",\"url\":\"https:\\\/\\\/audreydelaforge.com\\\/wp-content\\\/uploads\\\/2025\\\/10\\\/ChatGPT-Image-12-oct.-2025-07_10_18.png\",\"contentUrl\":\"https:\\\/\\\/audreydelaforge.com\\\/wp-content\\\/uploads\\\/2025\\\/10\\\/ChatGPT-Image-12-oct.-2025-07_10_18.png\",\"width\":1024,\"height\":1024},{\"@type\":\"BreadcrumbList\",\"@id\":\"https:\\\/\\\/audreydelaforge.com\\\/index.php\\\/2025\\\/10\\\/12\\\/vacances-dautomne-le-moment-cle-pour-mieux-comprendre-les-besoins-de-ton-enfant\\\/#breadcrumb\",\"itemListElement\":[{\"@type\":\"ListItem\",\"position\":1,\"name\":\"Accueil\",\"item\":\"https:\\\/\\\/audreydelaforge.com\\\/\"},{\"@type\":\"ListItem\",\"position\":2,\"name\":\"Vacances d\u2019automne : le moment cl\u00e9 pour mieux comprendre les besoins de ton enfant\"}]},{\"@type\":\"WebSite\",\"@id\":\"https:\\\/\\\/audreydelaforge.com\\\/#website\",\"url\":\"https:\\\/\\\/audreydelaforge.com\\\/\",\"name\":\"Audrey Delaforge, Orthop\u00e9dagogue\",\"description\":\"L&#039;apprenant au centre du savoir\",\"publisher\":{\"@id\":\"https:\\\/\\\/audreydelaforge.com\\\/#organization\"},\"potentialAction\":[{\"@type\":\"SearchAction\",\"target\":{\"@type\":\"EntryPoint\",\"urlTemplate\":\"https:\\\/\\\/audreydelaforge.com\\\/?s={search_term_string}\"},\"query-input\":{\"@type\":\"PropertyValueSpecification\",\"valueRequired\":true,\"valueName\":\"search_term_string\"}}],\"inLanguage\":\"fr-FR\"},{\"@type\":\"Organization\",\"@id\":\"https:\\\/\\\/audreydelaforge.com\\\/#organization\",\"name\":\"Audrey Delaforge, Orthop\u00e9dagogue\",\"url\":\"https:\\\/\\\/audreydelaforge.com\\\/\",\"logo\":{\"@type\":\"ImageObject\",\"inLanguage\":\"fr-FR\",\"@id\":\"https:\\\/\\\/audreydelaforge.com\\\/#\\\/schema\\\/logo\\\/image\\\/\",\"url\":\"https:\\\/\\\/audreydelaforge.com\\\/wp-content\\\/uploads\\\/2022\\\/06\\\/Logo-orange-noir-avec-Audrey-1.png\",\"contentUrl\":\"https:\\\/\\\/audreydelaforge.com\\\/wp-content\\\/uploads\\\/2022\\\/06\\\/Logo-orange-noir-avec-Audrey-1.png\",\"width\":500,\"height\":500,\"caption\":\"Audrey Delaforge, Orthop\u00e9dagogue\"},\"image\":{\"@id\":\"https:\\\/\\\/audreydelaforge.com\\\/#\\\/schema\\\/logo\\\/image\\\/\"},\"sameAs\":[\"https:\\\/\\\/www.facebook.com\\\/audreycateldelaforge\",\"https:\\\/\\\/www.linkedin.com\\\/in\\\/audrey-catel-delaforge\",\"https:\\\/\\\/www.instagram.com\\\/audrey_delaforge\\\/\"]},{\"@type\":\"Person\",\"@id\":\"https:\\\/\\\/audreydelaforge.com\\\/#\\\/schema\\\/person\\\/b44bccc3f328e9802afbab74bb74495d\",\"name\":\"audrey.catel.delaforge@gmail.com\",\"image\":{\"@type\":\"ImageObject\",\"inLanguage\":\"fr-FR\",\"@id\":\"https:\\\/\\\/secure.gravatar.com\\\/avatar\\\/6d2d46023ee8ab957213dcdb0ea8dc964f367c205b281a7f789f0eb314dfafbf?s=96&d=mm&r=g\",\"url\":\"https:\\\/\\\/secure.gravatar.com\\\/avatar\\\/6d2d46023ee8ab957213dcdb0ea8dc964f367c205b281a7f789f0eb314dfafbf?s=96&d=mm&r=g\",\"contentUrl\":\"https:\\\/\\\/secure.gravatar.com\\\/avatar\\\/6d2d46023ee8ab957213dcdb0ea8dc964f367c205b281a7f789f0eb314dfafbf?s=96&d=mm&r=g\",\"caption\":\"audrey.catel.delaforge@gmail.com\"},\"sameAs\":[\"http:\\\/\\\/audreydelaforge.com\"],\"url\":\"https:\\\/\\\/audreydelaforge.com\\\/index.php\\\/author\\\/audrey-catel-delaforgegmail-com\\\/\"}]}<\/script>\n<!-- \/ Yoast SEO plugin. -->","yoast_head_json":{"title":"Vacances d\u2019automne : le moment cl\u00e9 pour mieux comprendre les besoins de ton enfant ~ Audrey Delaforge, Orthop\u00e9dagogue","description":"Les vacances d\u2019automne sont le moment id\u00e9al pour faire le point sur les besoins scolaires de ton enfant. Fatigue, difficult\u00e9s, perte de confiance : d\u00e9couvre comment l\u2019orthop\u00e9dagogie peut l\u2019aider \u00e0 retrouver \u00e9quilibre et motivation.","robots":{"index":"index","follow":"follow","max-snippet":"max-snippet:-1","max-image-preview":"max-image-preview:large","max-video-preview":"max-video-preview:-1"},"canonical":"https:\/\/audreydelaforge.com\/index.php\/2025\/10\/12\/vacances-dautomne-le-moment-cle-pour-mieux-comprendre-les-besoins-de-ton-enfant\/","og_locale":"fr_FR","og_type":"article","og_title":"Vacances d\u2019automne : le moment cl\u00e9 pour mieux comprendre les besoins de ton enfant ~ Audrey Delaforge, Orthop\u00e9dagogue","og_description":"Les vacances d\u2019automne sont le moment id\u00e9al pour faire le point sur les besoins scolaires de ton enfant. Fatigue, difficult\u00e9s, perte de confiance : d\u00e9couvre comment l\u2019orthop\u00e9dagogie peut l\u2019aider \u00e0 retrouver \u00e9quilibre et motivation.","og_url":"https:\/\/audreydelaforge.com\/index.php\/2025\/10\/12\/vacances-dautomne-le-moment-cle-pour-mieux-comprendre-les-besoins-de-ton-enfant\/","og_site_name":"Audrey Delaforge, Orthop\u00e9dagogue","article_publisher":"https:\/\/www.facebook.com\/audreycateldelaforge","article_published_time":"2025-10-12T05:17:46+00:00","article_modified_time":"2025-10-12T05:17:49+00:00","og_image":[{"width":1024,"height":1024,"url":"https:\/\/audreydelaforge.com\/wp-content\/uploads\/2025\/10\/ChatGPT-Image-12-oct.-2025-07_10_18.png","type":"image\/png"}],"author":"audrey.catel.delaforge@gmail.com","twitter_card":"summary_large_image","twitter_misc":{"\u00c9crit par":"audrey.catel.delaforge@gmail.com","Dur\u00e9e de lecture estim\u00e9e":"4 minutes"},"schema":{"@context":"https:\/\/schema.org","@graph":[{"@type":"Article","@id":"https:\/\/audreydelaforge.com\/index.php\/2025\/10\/12\/vacances-dautomne-le-moment-cle-pour-mieux-comprendre-les-besoins-de-ton-enfant\/#article","isPartOf":{"@id":"https:\/\/audreydelaforge.com\/index.php\/2025\/10\/12\/vacances-dautomne-le-moment-cle-pour-mieux-comprendre-les-besoins-de-ton-enfant\/"},"author":{"name":"audrey.catel.delaforge@gmail.com","@id":"https:\/\/audreydelaforge.com\/#\/schema\/person\/b44bccc3f328e9802afbab74bb74495d"},"headline":"Vacances d\u2019automne : le moment cl\u00e9 pour mieux comprendre les besoins de ton enfant","datePublished":"2025-10-12T05:17:46+00:00","dateModified":"2025-10-12T05:17:49+00:00","mainEntityOfPage":{"@id":"https:\/\/audreydelaforge.com\/index.php\/2025\/10\/12\/vacances-dautomne-le-moment-cle-pour-mieux-comprendre-les-besoins-de-ton-enfant\/"},"wordCount":754,"publisher":{"@id":"https:\/\/audreydelaforge.com\/#organization"},"image":{"@id":"https:\/\/audreydelaforge.com\/index.php\/2025\/10\/12\/vacances-dautomne-le-moment-cle-pour-mieux-comprendre-les-besoins-de-ton-enfant\/#primaryimage"},"thumbnailUrl":"https:\/\/audreydelaforge.com\/wp-content\/uploads\/2025\/10\/ChatGPT-Image-12-oct.-2025-07_10_18.png","articleSection":["Uncategorized"],"inLanguage":"fr-FR"},{"@type":"WebPage","@id":"https:\/\/audreydelaforge.com\/index.php\/2025\/10\/12\/vacances-dautomne-le-moment-cle-pour-mieux-comprendre-les-besoins-de-ton-enfant\/","url":"https:\/\/audreydelaforge.com\/index.php\/2025\/10\/12\/vacances-dautomne-le-moment-cle-pour-mieux-comprendre-les-besoins-de-ton-enfant\/","name":"Vacances d\u2019automne : le moment cl\u00e9 pour mieux comprendre les besoins de ton enfant ~ Audrey Delaforge, Orthop\u00e9dagogue","isPartOf":{"@id":"https:\/\/audreydelaforge.com\/#website"},"primaryImageOfPage":{"@id":"https:\/\/audreydelaforge.com\/index.php\/2025\/10\/12\/vacances-dautomne-le-moment-cle-pour-mieux-comprendre-les-besoins-de-ton-enfant\/#primaryimage"},"image":{"@id":"https:\/\/audreydelaforge.com\/index.php\/2025\/10\/12\/vacances-dautomne-le-moment-cle-pour-mieux-comprendre-les-besoins-de-ton-enfant\/#primaryimage"},"thumbnailUrl":"https:\/\/audreydelaforge.com\/wp-content\/uploads\/2025\/10\/ChatGPT-Image-12-oct.-2025-07_10_18.png","datePublished":"2025-10-12T05:17:46+00:00","dateModified":"2025-10-12T05:17:49+00:00","description":"Les vacances d\u2019automne sont le moment id\u00e9al pour faire le point sur les besoins scolaires de ton enfant. Fatigue, difficult\u00e9s, perte de confiance : d\u00e9couvre comment l\u2019orthop\u00e9dagogie peut l\u2019aider \u00e0 retrouver \u00e9quilibre et motivation.","breadcrumb":{"@id":"https:\/\/audreydelaforge.com\/index.php\/2025\/10\/12\/vacances-dautomne-le-moment-cle-pour-mieux-comprendre-les-besoins-de-ton-enfant\/#breadcrumb"},"inLanguage":"fr-FR","potentialAction":[{"@type":"ReadAction","target":["https:\/\/audreydelaforge.com\/index.php\/2025\/10\/12\/vacances-dautomne-le-moment-cle-pour-mieux-comprendre-les-besoins-de-ton-enfant\/"]}]},{"@type":"ImageObject","inLanguage":"fr-FR","@id":"https:\/\/audreydelaforge.com\/index.php\/2025\/10\/12\/vacances-dautomne-le-moment-cle-pour-mieux-comprendre-les-besoins-de-ton-enfant\/#primaryimage","url":"https:\/\/audreydelaforge.com\/wp-content\/uploads\/2025\/10\/ChatGPT-Image-12-oct.-2025-07_10_18.png","contentUrl":"https:\/\/audreydelaforge.com\/wp-content\/uploads\/2025\/10\/ChatGPT-Image-12-oct.-2025-07_10_18.png","width":1024,"height":1024},{"@type":"BreadcrumbList","@id":"https:\/\/audreydelaforge.com\/index.php\/2025\/10\/12\/vacances-dautomne-le-moment-cle-pour-mieux-comprendre-les-besoins-de-ton-enfant\/#breadcrumb","itemListElement":[{"@type":"ListItem","position":1,"name":"Accueil","item":"https:\/\/audreydelaforge.com\/"},{"@type":"ListItem","position":2,"name":"Vacances d\u2019automne : le moment cl\u00e9 pour mieux comprendre les besoins de ton enfant"}]},{"@type":"WebSite","@id":"https:\/\/audreydelaforge.com\/#website","url":"https:\/\/audreydelaforge.com\/","name":"Audrey Delaforge, Orthop\u00e9dagogue","description":"L&#039;apprenant au centre du savoir","publisher":{"@id":"https:\/\/audreydelaforge.com\/#organization"},"potentialAction":[{"@type":"SearchAction","target":{"@type":"EntryPoint","urlTemplate":"https:\/\/audreydelaforge.com\/?s={search_term_string}"},"query-input":{"@type":"PropertyValueSpecification","valueRequired":true,"valueName":"search_term_string"}}],"inLanguage":"fr-FR"},{"@type":"Organization","@id":"https:\/\/audreydelaforge.com\/#organization","name":"Audrey Delaforge, Orthop\u00e9dagogue","url":"https:\/\/audreydelaforge.com\/","logo":{"@type":"ImageObject","inLanguage":"fr-FR","@id":"https:\/\/audreydelaforge.com\/#\/schema\/logo\/image\/","url":"https:\/\/audreydelaforge.com\/wp-content\/uploads\/2022\/06\/Logo-orange-noir-avec-Audrey-1.png","contentUrl":"https:\/\/audreydelaforge.com\/wp-content\/uploads\/2022\/06\/Logo-orange-noir-avec-Audrey-1.png","width":500,"height":500,"caption":"Audrey Delaforge, Orthop\u00e9dagogue"},"image":{"@id":"https:\/\/audreydelaforge.com\/#\/schema\/logo\/image\/"},"sameAs":["https:\/\/www.facebook.com\/audreycateldelaforge","https:\/\/www.linkedin.com\/in\/audrey-catel-delaforge","https:\/\/www.instagram.com\/audrey_delaforge\/"]},{"@type":"Person","@id":"https:\/\/audreydelaforge.com\/#\/schema\/person\/b44bccc3f328e9802afbab74bb74495d","name":"audrey.catel.delaforge@gmail.com","image":{"@type":"ImageObject","inLanguage":"fr-FR","@id":"https:\/\/secure.gravatar.com\/avatar\/6d2d46023ee8ab957213dcdb0ea8dc964f367c205b281a7f789f0eb314dfafbf?s=96&d=mm&r=g","url":"https:\/\/secure.gravatar.com\/avatar\/6d2d46023ee8ab957213dcdb0ea8dc964f367c205b281a7f789f0eb314dfafbf?s=96&d=mm&r=g","contentUrl":"https:\/\/secure.gravatar.com\/avatar\/6d2d46023ee8ab957213dcdb0ea8dc964f367c205b281a7f789f0eb314dfafbf?s=96&d=mm&r=g","caption":"audrey.catel.delaforge@gmail.com"},"sameAs":["http:\/\/audreydelaforge.com"],"url":"https:\/\/audreydelaforge.com\/index.php\/author\/audrey-catel-delaforgegmail-com\/"}]}},"_links":{"self":[{"href":"https:\/\/audreydelaforge.com\/index.php\/wp-json\/wp\/v2\/posts\/1548","targetHints":{"allow":["GET"]}}],"collection":[{"href":"https:\/\/audreydelaforge.com\/index.php\/wp-json\/wp\/v2\/posts"}],"about":[{"href":"https:\/\/audreydelaforge.com\/index.php\/wp-json\/wp\/v2\/types\/post"}],"author":[{"embeddable":true,"href":"https:\/\/audreydelaforge.com\/index.php\/wp-json\/wp\/v2\/users\/1"}],"replies":[{"embeddable":true,"href":"https:\/\/audreydelaforge.com\/index.php\/wp-json\/wp\/v2\/comments?post=1548"}],"version-history":[{"count":0,"href":"https:\/\/audreydelaforge.com\/index.php\/wp-json\/wp\/v2\/posts\/1548\/revisions"}],"wp:featuredmedia":[{"embeddable":true,"href":"https:\/\/audreydelaforge.com\/index.php\/wp-json\/wp\/v2\/media\/1549"}],"wp:attachment":[{"href":"https:\/\/audreydelaforge.com\/index.php\/wp-json\/wp\/v2\/media?parent=1548"}],"wp:term":[{"taxonomy":"category","embeddable":true,"href":"https:\/\/audreydelaforge.com\/index.php\/wp-json\/wp\/v2\/categories?post=1548"},{"taxonomy":"post_tag","embeddable":true,"href":"https:\/\/audreydelaforge.com\/index.php\/wp-json\/wp\/v2\/tags?post=1548"}],"curies":[{"name":"wp","href":"https:\/\/api.w.org\/{rel}","templated":true}]}}