{"id":1561,"date":"2025-10-24T07:58:56","date_gmt":"2025-10-24T07:58:56","guid":{"rendered":"https:\/\/audreydelaforge.com\/?p=1561"},"modified":"2025-10-24T08:01:52","modified_gmt":"2025-10-24T08:01:52","slug":"mener-un-projet-avec-methode-quand-lorthopedagogie-sinvite-dans-lorganisation","status":"publish","type":"post","link":"https:\/\/audreydelaforge.com\/index.php\/2025\/10\/24\/mener-un-projet-avec-methode-quand-lorthopedagogie-sinvite-dans-lorganisation\/","title":{"rendered":"Mener un projet avec m\u00e9thode : quand l\u2019orthop\u00e9dagogie s\u2019invite dans l\u2019organisation"},"content":{"rendered":"\n<p class=\"has-text-align-center\"><em>\u00ab L\u2019organisation n\u2019est pas mon point fort\u2026 et pourtant, c\u2019est elle qui a tout chang\u00e9. \u00bb<\/em><\/p>\n\n\n\n<p>Durant une p\u00e9riode de pause professionnelle, on pourrait s\u2019attendre \u00e0 un rythme plus l\u00e9ger. Et pourtant, c\u2019est souvent le moment o\u00f9 les projets personnels reprennent de l\u2019\u00e9lan. C\u2019est ce que j\u2019ai v\u00e9cu r\u00e9cemment en travaillant sur la cr\u00e9ation d\u2019un module de formation. Un projet dense, passionnant\u2026 mais qui demandait une rigueur que je n\u2019ai pas toujours naturellement.<\/p>\n\n\n\n<p>Alors, comment avancer efficacement sans s\u2019\u00e9puiser ? En appliquant, presque sans m\u2019en rendre compte, des principes d\u2019<strong>orthop\u00e9dagogie<\/strong> \u00e0 ma propre m\u00e9thode de travail.<\/p>\n\n\n<div class=\"wp-block-image\">\n<figure class=\"aligncenter size-large is-resized\"><img loading=\"lazy\" decoding=\"async\" width=\"768\" height=\"1024\" src=\"https:\/\/audreydelaforge.com\/wp-content\/uploads\/2025\/10\/1000030124-768x1024.jpg\" alt=\"\" class=\"wp-image-1562\" style=\"width:305px;height:auto\" srcset=\"https:\/\/audreydelaforge.com\/wp-content\/uploads\/2025\/10\/1000030124-768x1024.jpg 768w, https:\/\/audreydelaforge.com\/wp-content\/uploads\/2025\/10\/1000030124-225x300.jpg 225w, https:\/\/audreydelaforge.com\/wp-content\/uploads\/2025\/10\/1000030124-1152x1536.jpg 1152w, https:\/\/audreydelaforge.com\/wp-content\/uploads\/2025\/10\/1000030124-1536x2048.jpg 1536w, https:\/\/audreydelaforge.com\/wp-content\/uploads\/2025\/10\/1000030124-600x800.jpg 600w, https:\/\/audreydelaforge.com\/wp-content\/uploads\/2025\/10\/1000030124-scaled.jpg 1920w\" sizes=\"auto, (max-width: 768px) 100vw, 768px\" \/><\/figure>\n<\/div>\n\n\n<h2 class=\"wp-block-heading\"><strong>Apprendre \u00e0 s\u2019organiser\u2026 comme on apprend \u00e0 apprendre<\/strong><\/h2>\n\n\n\n<p>En orthop\u00e9dagogie, on part toujours des besoins, des forces et des d\u00e9fis de l\u2019apprenant. Ici, l\u2019apprenant, c\u2019\u00e9tait moi ! Je savais ce qui me freinait : la difficult\u00e9 \u00e0 maintenir une organisation sur le long terme, la tendance \u00e0 me disperser, la fatigue face \u00e0 des t\u00e2ches r\u00e9p\u00e9titives. Mais je connaissais aussi mes leviers : le go\u00fbt de l\u2019esth\u00e9tique, le besoin de sens, l\u2019envie de voir concr\u00e8tement mes progr\u00e8s.<\/p>\n\n\n\n<p>C\u2019est exactement ce que vivent beaucoup d\u2019\u00e9l\u00e8ves : ils ne manquent ni de volont\u00e9 ni de capacit\u00e9s, mais ont besoin d\u2019une m\u00e9thode adapt\u00e9e \u00e0 leur fonctionnement cognitif et affectif.<\/p>\n\n\n\n<h2 class=\"wp-block-heading\"><strong>Structurer les t\u00e2ches pour visualiser les avanc\u00e9es<\/strong><\/h2>\n\n\n\n<p>Pour ce projet, j\u2019ai donc adopt\u00e9 une d\u00e9marche tr\u00e8s visuelle et progressive :<\/p>\n\n\n\n<ul class=\"wp-block-list\">\n<li><strong>D\u00e9composer chaque t\u00e2che<\/strong> en sous-t\u00e2ches pr\u00e9cises et actionnables.<br><\/li>\n\n\n\n<li><strong>Cr\u00e9er des gabarits<\/strong> pour garder une coh\u00e9rence de structure et de mise en page.<br><\/li>\n\n\n\n<li><strong>Utiliser un tableau de suivi<\/strong>, avec des cases \u00e0 tamponner pour chaque action r\u00e9alis\u00e9e. L&rsquo;effet visuel est imm\u00e9diat et gratifiant : chaque tampon devient une petite victoire !<br><\/li>\n\n\n\n<li><strong>Organiser mon mat\u00e9riel<\/strong> de mani\u00e8re \u00e0 ce qu\u2019il soit toujours accessible, \u00e9vitant ainsi la perte de temps et d\u2019\u00e9nergie li\u00e9e \u00e0 la recherche.<br><\/li>\n<\/ul>\n\n\n\n<p>\ud83d\udc49 Cela ressemble \u00e9trangement \u00e0 un <strong>classeur d\u2019\u00e9l\u00e8ve bien pens\u00e9<\/strong> : des intercalaires pour structurer, des fiches claires, des codes couleur\u2026 L\u2019objectif est le m\u00eame : <strong>r\u00e9duire la charge cognitive<\/strong> pour se concentrer sur l\u2019essentiel.<\/p>\n\n\n\n<h2 class=\"wp-block-heading\"><strong>S\u2019appuyer sur le plaisir sensoriel et esth\u00e9tique<\/strong><\/h2>\n\n\n\n<p>Tu le sais peut-\u00eatre, mais le lien affectif au mat\u00e9riel peut \u00eatre un levier puissant. J\u2019ai sorti mes plus beaux stylos-plumes, mes feutres color\u00e9s, mes stickers favoris. J\u2019ai choisi un joli carnet fleuri qui donne envie d\u2019\u00e9crire. Chaque page est soign\u00e9e, d\u00e9cor\u00e9e, accueillante.<\/p>\n\n\n\n<p>Ce soin donn\u00e9 \u00e0 la forme n\u2019est pas superficiel : <strong>il engage l\u2019attention, stimule la motivation, et donne envie de revenir<\/strong>. C\u2019est la m\u00eame logique que lorsqu\u2019un \u00e9l\u00e8ve prend plaisir \u00e0 compl\u00e9ter un cahier propre, personnalis\u00e9, dans lequel il se sent \u00ab\u00a0chez lui\u00a0\u00bb.<\/p>\n\n\n<div class=\"wp-block-image\">\n<figure class=\"aligncenter size-large is-resized\"><img loading=\"lazy\" decoding=\"async\" width=\"768\" height=\"1024\" src=\"https:\/\/audreydelaforge.com\/wp-content\/uploads\/2025\/10\/1000030125-1-1-768x1024.jpg\" alt=\"\" class=\"wp-image-1564\" style=\"width:288px;height:auto\" srcset=\"https:\/\/audreydelaforge.com\/wp-content\/uploads\/2025\/10\/1000030125-1-1-768x1024.jpg 768w, https:\/\/audreydelaforge.com\/wp-content\/uploads\/2025\/10\/1000030125-1-1-225x300.jpg 225w, https:\/\/audreydelaforge.com\/wp-content\/uploads\/2025\/10\/1000030125-1-1-1152x1536.jpg 1152w, https:\/\/audreydelaforge.com\/wp-content\/uploads\/2025\/10\/1000030125-1-1-1536x2048.jpg 1536w, https:\/\/audreydelaforge.com\/wp-content\/uploads\/2025\/10\/1000030125-1-1-600x800.jpg 600w, https:\/\/audreydelaforge.com\/wp-content\/uploads\/2025\/10\/1000030125-1-1-scaled.jpg 1920w\" sizes=\"auto, (max-width: 768px) 100vw, 768px\" \/><\/figure>\n<\/div>\n\n\n<h2 class=\"wp-block-heading\"><strong>Anticiper les moments de baisse d\u2019\u00e9nergie<\/strong><\/h2>\n\n\n\n<p>J\u2019ai aussi not\u00e9 dans mon carnet les <strong>dates-cl\u00e9s<\/strong>, les \u00e9tapes \u00e0 franchir, les \u00e9ventuelles baisses de motivation. Pouvoir me relire, constater mes avanc\u00e9es pass\u00e9es, m\u2019a permis de rester ancr\u00e9e dans une dynamique positive. Ce <strong>retour r\u00e9flexif<\/strong> est central en orthop\u00e9dagogie : apprendre \u00e0 se conna\u00eetre pour mieux r\u00e9guler son effort.<\/p>\n\n\n\n<p>M\u00eame les t\u00e2ches les plus complexes sont devenues abordables. Et m\u00eame si le projet \u00e9volue, je ne perds pas pied, car je vois clairement ce qui est fait, ce qui reste \u00e0 faire, et comment chaque \u00e9l\u00e9ment s\u2019articule dans un tout coh\u00e9rent.<\/p>\n\n\n\n<h2 class=\"wp-block-heading\"><strong>Et si on appliquait cela aux \u00e9l\u00e8ves ?<\/strong><\/h2>\n\n\n\n<p>Cette exp\u00e9rience personnelle m\u2019a rappel\u00e9 \u00e0 quel point une <strong>m\u00e9thodologie adapt\u00e9e<\/strong> peut transformer la fa\u00e7on de travailler. Pas en imposant une m\u00e9thode universelle, mais en <strong>proposant des outils personnalis\u00e9s<\/strong>, sensoriels, visuels, concrets, qui aident \u00e0 structurer l\u2019action et \u00e0 donner du sens \u00e0 chaque \u00e9tape.<\/p>\n\n\n\n<p>Quelques id\u00e9es transposables en classe ou \u00e0 la maison :<\/p>\n\n\n\n<ul class=\"wp-block-list\">\n<li>Proposer un <strong>cahier de suivi<\/strong> visuel avec des codes couleurs ou des autocollants.<br><\/li>\n\n\n\n<li>Cr\u00e9er des <strong>tableaux de progression<\/strong> \u00e0 tamponner ou cocher.<br><\/li>\n\n\n\n<li>Mettre \u00e0 disposition du <strong>mat\u00e9riel plaisant<\/strong> : stylos, carnets, pochettes organis\u00e9es.<br><\/li>\n\n\n\n<li>Encourager la <strong>d\u00e9composition des t\u00e2ches<\/strong> et l\u2019usage de <strong>mod\u00e8les ou gabarits<\/strong>.<br><\/li>\n\n\n\n<li>Int\u00e9grer des temps de retour sur soi : \u201cQu\u2019est-ce que j\u2019ai appris aujourd\u2019hui ? Qu\u2019est-ce qui a bien fonctionn\u00e9 ?\u201d<br><\/li>\n<\/ul>\n\n\n\n<h2 class=\"wp-block-heading\"><strong>Conclusion : L&rsquo;organisation comme comp\u00e9tence \u00e0 cultiver<\/strong><\/h2>\n\n\n\n<p>On parle souvent d&rsquo;organisation comme d&rsquo;une qualit\u00e9 inn\u00e9e. Mais c\u2019est surtout une comp\u00e9tence <strong>qu\u2019on peut d\u00e9velopper<\/strong> \u2014 chez soi comme chez les \u00e9l\u00e8ves \u2014 \u00e0 condition de trouver <strong>les bons appuis, les bons outils, les bons rituels<\/strong>.<\/p>\n\n\n\n<p>Ce projet m\u2019a appris que l\u2019efficacit\u00e9 n\u2019est pas une question de nature, mais de structuration adapt\u00e9e. Et que l\u2019orthop\u00e9dagogie, m\u00eame en dehors du contexte scolaire, reste une pr\u00e9cieuse alli\u00e9e.<\/p>\n","protected":false},"excerpt":{"rendered":"<p>\u00ab L\u2019organisation n\u2019est pas mon point fort\u2026 et pourtant, c\u2019est elle qui a tout chang\u00e9. \u00bb Durant une p\u00e9riode de pause professionnelle, on pourrait s\u2019attendre \u00e0 un rythme plus l\u00e9ger. Et pourtant, c\u2019est souvent le moment o\u00f9 les projets personnels reprennent de l\u2019\u00e9lan. C\u2019est ce que j\u2019ai v\u00e9cu r\u00e9cemment en travaillant sur la cr\u00e9ation d\u2019un&hellip;&nbsp;<a href=\"https:\/\/audreydelaforge.com\/index.php\/2025\/10\/24\/mener-un-projet-avec-methode-quand-lorthopedagogie-sinvite-dans-lorganisation\/\" rel=\"bookmark\">Lire la suite &raquo;<span class=\"screen-reader-text\">Mener un projet avec m\u00e9thode : quand l\u2019orthop\u00e9dagogie s\u2019invite dans l\u2019organisation<\/span><\/a><\/p>\n","protected":false},"author":1,"featured_media":1563,"comment_status":"closed","ping_status":"open","sticky":false,"template":"","format":"standard","meta":{"om_disable_all_campaigns":false,"neve_meta_sidebar":"","neve_meta_container":"","neve_meta_enable_content_width":"","neve_meta_content_width":0,"neve_meta_title_alignment":"","neve_meta_author_avatar":"","neve_post_elements_order":"","neve_meta_disable_header":"","neve_meta_disable_footer":"","neve_meta_disable_title":"","footnotes":""},"categories":[1],"tags":[],"class_list":["post-1561","post","type-post","status-publish","format-standard","has-post-thumbnail","hentry","category-uncategorized"],"yoast_head":"<!-- This site is optimized with the Yoast SEO plugin v27.5 - https:\/\/yoast.com\/product\/yoast-seo-wordpress\/ -->\n<title>Mener un projet avec m\u00e9thode : quand l\u2019orthop\u00e9dagogie s\u2019invite dans l\u2019organisation ~ Audrey Delaforge, Orthop\u00e9dagogue<\/title>\n<meta name=\"description\" content=\"Comment appliquer une m\u00e9thode d&#039;organisation efficace gr\u00e2ce \u00e0 l&#039;orthop\u00e9dagogie ? Retour d&#039;exp\u00e9rience inspirant pour structurer un projet, avec des outils visuels, concrets et motivants.\" \/>\n<meta name=\"robots\" content=\"index, follow, max-snippet:-1, max-image-preview:large, max-video-preview:-1\" \/>\n<link rel=\"canonical\" href=\"https:\/\/audreydelaforge.com\/index.php\/2025\/10\/24\/mener-un-projet-avec-methode-quand-lorthopedagogie-sinvite-dans-lorganisation\/\" \/>\n<meta property=\"og:locale\" content=\"fr_FR\" \/>\n<meta property=\"og:type\" content=\"article\" \/>\n<meta property=\"og:title\" content=\"Mener un projet avec m\u00e9thode : quand l\u2019orthop\u00e9dagogie s\u2019invite dans l\u2019organisation ~ Audrey Delaforge, Orthop\u00e9dagogue\" \/>\n<meta property=\"og:description\" content=\"Comment appliquer une m\u00e9thode d&#039;organisation efficace gr\u00e2ce \u00e0 l&#039;orthop\u00e9dagogie ? Retour d&#039;exp\u00e9rience inspirant pour structurer un projet, avec des outils visuels, concrets et motivants.\" \/>\n<meta property=\"og:url\" content=\"https:\/\/audreydelaforge.com\/index.php\/2025\/10\/24\/mener-un-projet-avec-methode-quand-lorthopedagogie-sinvite-dans-lorganisation\/\" \/>\n<meta property=\"og:site_name\" content=\"Audrey Delaforge, Orthop\u00e9dagogue\" \/>\n<meta property=\"article:publisher\" content=\"https:\/\/www.facebook.com\/audreycateldelaforge\" \/>\n<meta property=\"article:published_time\" content=\"2025-10-24T07:58:56+00:00\" \/>\n<meta property=\"article:modified_time\" content=\"2025-10-24T08:01:52+00:00\" \/>\n<meta property=\"og:image\" content=\"https:\/\/audreydelaforge.com\/wp-content\/uploads\/2025\/10\/1000030125-1-scaled.jpg\" \/>\n\t<meta property=\"og:image:width\" content=\"1920\" \/>\n\t<meta property=\"og:image:height\" content=\"2560\" \/>\n\t<meta property=\"og:image:type\" content=\"image\/jpeg\" \/>\n<meta name=\"author\" content=\"audrey.catel.delaforge@gmail.com\" \/>\n<meta name=\"twitter:card\" content=\"summary_large_image\" \/>\n<meta name=\"twitter:label1\" content=\"\u00c9crit par\" \/>\n\t<meta name=\"twitter:data1\" content=\"audrey.catel.delaforge@gmail.com\" \/>\n\t<meta name=\"twitter:label2\" content=\"Dur\u00e9e de lecture estim\u00e9e\" \/>\n\t<meta name=\"twitter:data2\" content=\"4 minutes\" \/>\n<script type=\"application\/ld+json\" class=\"yoast-schema-graph\">{\"@context\":\"https:\\\/\\\/schema.org\",\"@graph\":[{\"@type\":\"Article\",\"@id\":\"https:\\\/\\\/audreydelaforge.com\\\/index.php\\\/2025\\\/10\\\/24\\\/mener-un-projet-avec-methode-quand-lorthopedagogie-sinvite-dans-lorganisation\\\/#article\",\"isPartOf\":{\"@id\":\"https:\\\/\\\/audreydelaforge.com\\\/index.php\\\/2025\\\/10\\\/24\\\/mener-un-projet-avec-methode-quand-lorthopedagogie-sinvite-dans-lorganisation\\\/\"},\"author\":{\"name\":\"audrey.catel.delaforge@gmail.com\",\"@id\":\"https:\\\/\\\/audreydelaforge.com\\\/#\\\/schema\\\/person\\\/b44bccc3f328e9802afbab74bb74495d\"},\"headline\":\"Mener un projet avec m\u00e9thode : quand l\u2019orthop\u00e9dagogie s\u2019invite dans l\u2019organisation\",\"datePublished\":\"2025-10-24T07:58:56+00:00\",\"dateModified\":\"2025-10-24T08:01:52+00:00\",\"mainEntityOfPage\":{\"@id\":\"https:\\\/\\\/audreydelaforge.com\\\/index.php\\\/2025\\\/10\\\/24\\\/mener-un-projet-avec-methode-quand-lorthopedagogie-sinvite-dans-lorganisation\\\/\"},\"wordCount\":830,\"publisher\":{\"@id\":\"https:\\\/\\\/audreydelaforge.com\\\/#organization\"},\"image\":{\"@id\":\"https:\\\/\\\/audreydelaforge.com\\\/index.php\\\/2025\\\/10\\\/24\\\/mener-un-projet-avec-methode-quand-lorthopedagogie-sinvite-dans-lorganisation\\\/#primaryimage\"},\"thumbnailUrl\":\"https:\\\/\\\/audreydelaforge.com\\\/wp-content\\\/uploads\\\/2025\\\/10\\\/1000030125-1-scaled.jpg\",\"articleSection\":[\"Uncategorized\"],\"inLanguage\":\"fr-FR\"},{\"@type\":\"WebPage\",\"@id\":\"https:\\\/\\\/audreydelaforge.com\\\/index.php\\\/2025\\\/10\\\/24\\\/mener-un-projet-avec-methode-quand-lorthopedagogie-sinvite-dans-lorganisation\\\/\",\"url\":\"https:\\\/\\\/audreydelaforge.com\\\/index.php\\\/2025\\\/10\\\/24\\\/mener-un-projet-avec-methode-quand-lorthopedagogie-sinvite-dans-lorganisation\\\/\",\"name\":\"Mener un projet avec m\u00e9thode : quand l\u2019orthop\u00e9dagogie s\u2019invite dans l\u2019organisation ~ Audrey Delaforge, Orthop\u00e9dagogue\",\"isPartOf\":{\"@id\":\"https:\\\/\\\/audreydelaforge.com\\\/#website\"},\"primaryImageOfPage\":{\"@id\":\"https:\\\/\\\/audreydelaforge.com\\\/index.php\\\/2025\\\/10\\\/24\\\/mener-un-projet-avec-methode-quand-lorthopedagogie-sinvite-dans-lorganisation\\\/#primaryimage\"},\"image\":{\"@id\":\"https:\\\/\\\/audreydelaforge.com\\\/index.php\\\/2025\\\/10\\\/24\\\/mener-un-projet-avec-methode-quand-lorthopedagogie-sinvite-dans-lorganisation\\\/#primaryimage\"},\"thumbnailUrl\":\"https:\\\/\\\/audreydelaforge.com\\\/wp-content\\\/uploads\\\/2025\\\/10\\\/1000030125-1-scaled.jpg\",\"datePublished\":\"2025-10-24T07:58:56+00:00\",\"dateModified\":\"2025-10-24T08:01:52+00:00\",\"description\":\"Comment appliquer une m\u00e9thode d'organisation efficace gr\u00e2ce \u00e0 l'orthop\u00e9dagogie ? Retour d'exp\u00e9rience inspirant pour structurer un projet, avec des outils visuels, concrets et motivants.\",\"breadcrumb\":{\"@id\":\"https:\\\/\\\/audreydelaforge.com\\\/index.php\\\/2025\\\/10\\\/24\\\/mener-un-projet-avec-methode-quand-lorthopedagogie-sinvite-dans-lorganisation\\\/#breadcrumb\"},\"inLanguage\":\"fr-FR\",\"potentialAction\":[{\"@type\":\"ReadAction\",\"target\":[\"https:\\\/\\\/audreydelaforge.com\\\/index.php\\\/2025\\\/10\\\/24\\\/mener-un-projet-avec-methode-quand-lorthopedagogie-sinvite-dans-lorganisation\\\/\"]}]},{\"@type\":\"ImageObject\",\"inLanguage\":\"fr-FR\",\"@id\":\"https:\\\/\\\/audreydelaforge.com\\\/index.php\\\/2025\\\/10\\\/24\\\/mener-un-projet-avec-methode-quand-lorthopedagogie-sinvite-dans-lorganisation\\\/#primaryimage\",\"url\":\"https:\\\/\\\/audreydelaforge.com\\\/wp-content\\\/uploads\\\/2025\\\/10\\\/1000030125-1-scaled.jpg\",\"contentUrl\":\"https:\\\/\\\/audreydelaforge.com\\\/wp-content\\\/uploads\\\/2025\\\/10\\\/1000030125-1-scaled.jpg\",\"width\":1920,\"height\":2560},{\"@type\":\"BreadcrumbList\",\"@id\":\"https:\\\/\\\/audreydelaforge.com\\\/index.php\\\/2025\\\/10\\\/24\\\/mener-un-projet-avec-methode-quand-lorthopedagogie-sinvite-dans-lorganisation\\\/#breadcrumb\",\"itemListElement\":[{\"@type\":\"ListItem\",\"position\":1,\"name\":\"Accueil\",\"item\":\"https:\\\/\\\/audreydelaforge.com\\\/\"},{\"@type\":\"ListItem\",\"position\":2,\"name\":\"Mener un projet avec m\u00e9thode : quand l\u2019orthop\u00e9dagogie s\u2019invite dans l\u2019organisation\"}]},{\"@type\":\"WebSite\",\"@id\":\"https:\\\/\\\/audreydelaforge.com\\\/#website\",\"url\":\"https:\\\/\\\/audreydelaforge.com\\\/\",\"name\":\"Audrey Delaforge, Orthop\u00e9dagogue\",\"description\":\"L&#039;apprenant au centre du savoir\",\"publisher\":{\"@id\":\"https:\\\/\\\/audreydelaforge.com\\\/#organization\"},\"potentialAction\":[{\"@type\":\"SearchAction\",\"target\":{\"@type\":\"EntryPoint\",\"urlTemplate\":\"https:\\\/\\\/audreydelaforge.com\\\/?s={search_term_string}\"},\"query-input\":{\"@type\":\"PropertyValueSpecification\",\"valueRequired\":true,\"valueName\":\"search_term_string\"}}],\"inLanguage\":\"fr-FR\"},{\"@type\":\"Organization\",\"@id\":\"https:\\\/\\\/audreydelaforge.com\\\/#organization\",\"name\":\"Audrey Delaforge, Orthop\u00e9dagogue\",\"url\":\"https:\\\/\\\/audreydelaforge.com\\\/\",\"logo\":{\"@type\":\"ImageObject\",\"inLanguage\":\"fr-FR\",\"@id\":\"https:\\\/\\\/audreydelaforge.com\\\/#\\\/schema\\\/logo\\\/image\\\/\",\"url\":\"https:\\\/\\\/audreydelaforge.com\\\/wp-content\\\/uploads\\\/2022\\\/06\\\/Logo-orange-noir-avec-Audrey-1.png\",\"contentUrl\":\"https:\\\/\\\/audreydelaforge.com\\\/wp-content\\\/uploads\\\/2022\\\/06\\\/Logo-orange-noir-avec-Audrey-1.png\",\"width\":500,\"height\":500,\"caption\":\"Audrey Delaforge, Orthop\u00e9dagogue\"},\"image\":{\"@id\":\"https:\\\/\\\/audreydelaforge.com\\\/#\\\/schema\\\/logo\\\/image\\\/\"},\"sameAs\":[\"https:\\\/\\\/www.facebook.com\\\/audreycateldelaforge\",\"https:\\\/\\\/www.linkedin.com\\\/in\\\/audrey-catel-delaforge\",\"https:\\\/\\\/www.instagram.com\\\/audrey_delaforge\\\/\"]},{\"@type\":\"Person\",\"@id\":\"https:\\\/\\\/audreydelaforge.com\\\/#\\\/schema\\\/person\\\/b44bccc3f328e9802afbab74bb74495d\",\"name\":\"audrey.catel.delaforge@gmail.com\",\"image\":{\"@type\":\"ImageObject\",\"inLanguage\":\"fr-FR\",\"@id\":\"https:\\\/\\\/secure.gravatar.com\\\/avatar\\\/6d2d46023ee8ab957213dcdb0ea8dc964f367c205b281a7f789f0eb314dfafbf?s=96&d=mm&r=g\",\"url\":\"https:\\\/\\\/secure.gravatar.com\\\/avatar\\\/6d2d46023ee8ab957213dcdb0ea8dc964f367c205b281a7f789f0eb314dfafbf?s=96&d=mm&r=g\",\"contentUrl\":\"https:\\\/\\\/secure.gravatar.com\\\/avatar\\\/6d2d46023ee8ab957213dcdb0ea8dc964f367c205b281a7f789f0eb314dfafbf?s=96&d=mm&r=g\",\"caption\":\"audrey.catel.delaforge@gmail.com\"},\"sameAs\":[\"http:\\\/\\\/audreydelaforge.com\"],\"url\":\"https:\\\/\\\/audreydelaforge.com\\\/index.php\\\/author\\\/audrey-catel-delaforgegmail-com\\\/\"}]}<\/script>\n<!-- \/ Yoast SEO plugin. -->","yoast_head_json":{"title":"Mener un projet avec m\u00e9thode : quand l\u2019orthop\u00e9dagogie s\u2019invite dans l\u2019organisation ~ Audrey Delaforge, Orthop\u00e9dagogue","description":"Comment appliquer une m\u00e9thode d'organisation efficace gr\u00e2ce \u00e0 l'orthop\u00e9dagogie ? Retour d'exp\u00e9rience inspirant pour structurer un projet, avec des outils visuels, concrets et motivants.","robots":{"index":"index","follow":"follow","max-snippet":"max-snippet:-1","max-image-preview":"max-image-preview:large","max-video-preview":"max-video-preview:-1"},"canonical":"https:\/\/audreydelaforge.com\/index.php\/2025\/10\/24\/mener-un-projet-avec-methode-quand-lorthopedagogie-sinvite-dans-lorganisation\/","og_locale":"fr_FR","og_type":"article","og_title":"Mener un projet avec m\u00e9thode : quand l\u2019orthop\u00e9dagogie s\u2019invite dans l\u2019organisation ~ Audrey Delaforge, Orthop\u00e9dagogue","og_description":"Comment appliquer une m\u00e9thode d'organisation efficace gr\u00e2ce \u00e0 l'orthop\u00e9dagogie ? Retour d'exp\u00e9rience inspirant pour structurer un projet, avec des outils visuels, concrets et motivants.","og_url":"https:\/\/audreydelaforge.com\/index.php\/2025\/10\/24\/mener-un-projet-avec-methode-quand-lorthopedagogie-sinvite-dans-lorganisation\/","og_site_name":"Audrey Delaforge, Orthop\u00e9dagogue","article_publisher":"https:\/\/www.facebook.com\/audreycateldelaforge","article_published_time":"2025-10-24T07:58:56+00:00","article_modified_time":"2025-10-24T08:01:52+00:00","og_image":[{"width":1920,"height":2560,"url":"https:\/\/audreydelaforge.com\/wp-content\/uploads\/2025\/10\/1000030125-1-scaled.jpg","type":"image\/jpeg"}],"author":"audrey.catel.delaforge@gmail.com","twitter_card":"summary_large_image","twitter_misc":{"\u00c9crit par":"audrey.catel.delaforge@gmail.com","Dur\u00e9e de lecture estim\u00e9e":"4 minutes"},"schema":{"@context":"https:\/\/schema.org","@graph":[{"@type":"Article","@id":"https:\/\/audreydelaforge.com\/index.php\/2025\/10\/24\/mener-un-projet-avec-methode-quand-lorthopedagogie-sinvite-dans-lorganisation\/#article","isPartOf":{"@id":"https:\/\/audreydelaforge.com\/index.php\/2025\/10\/24\/mener-un-projet-avec-methode-quand-lorthopedagogie-sinvite-dans-lorganisation\/"},"author":{"name":"audrey.catel.delaforge@gmail.com","@id":"https:\/\/audreydelaforge.com\/#\/schema\/person\/b44bccc3f328e9802afbab74bb74495d"},"headline":"Mener un projet avec m\u00e9thode : quand l\u2019orthop\u00e9dagogie s\u2019invite dans l\u2019organisation","datePublished":"2025-10-24T07:58:56+00:00","dateModified":"2025-10-24T08:01:52+00:00","mainEntityOfPage":{"@id":"https:\/\/audreydelaforge.com\/index.php\/2025\/10\/24\/mener-un-projet-avec-methode-quand-lorthopedagogie-sinvite-dans-lorganisation\/"},"wordCount":830,"publisher":{"@id":"https:\/\/audreydelaforge.com\/#organization"},"image":{"@id":"https:\/\/audreydelaforge.com\/index.php\/2025\/10\/24\/mener-un-projet-avec-methode-quand-lorthopedagogie-sinvite-dans-lorganisation\/#primaryimage"},"thumbnailUrl":"https:\/\/audreydelaforge.com\/wp-content\/uploads\/2025\/10\/1000030125-1-scaled.jpg","articleSection":["Uncategorized"],"inLanguage":"fr-FR"},{"@type":"WebPage","@id":"https:\/\/audreydelaforge.com\/index.php\/2025\/10\/24\/mener-un-projet-avec-methode-quand-lorthopedagogie-sinvite-dans-lorganisation\/","url":"https:\/\/audreydelaforge.com\/index.php\/2025\/10\/24\/mener-un-projet-avec-methode-quand-lorthopedagogie-sinvite-dans-lorganisation\/","name":"Mener un projet avec m\u00e9thode : quand l\u2019orthop\u00e9dagogie s\u2019invite dans l\u2019organisation ~ Audrey Delaforge, Orthop\u00e9dagogue","isPartOf":{"@id":"https:\/\/audreydelaforge.com\/#website"},"primaryImageOfPage":{"@id":"https:\/\/audreydelaforge.com\/index.php\/2025\/10\/24\/mener-un-projet-avec-methode-quand-lorthopedagogie-sinvite-dans-lorganisation\/#primaryimage"},"image":{"@id":"https:\/\/audreydelaforge.com\/index.php\/2025\/10\/24\/mener-un-projet-avec-methode-quand-lorthopedagogie-sinvite-dans-lorganisation\/#primaryimage"},"thumbnailUrl":"https:\/\/audreydelaforge.com\/wp-content\/uploads\/2025\/10\/1000030125-1-scaled.jpg","datePublished":"2025-10-24T07:58:56+00:00","dateModified":"2025-10-24T08:01:52+00:00","description":"Comment appliquer une m\u00e9thode d'organisation efficace gr\u00e2ce \u00e0 l'orthop\u00e9dagogie ? Retour d'exp\u00e9rience inspirant pour structurer un projet, avec des outils visuels, concrets et motivants.","breadcrumb":{"@id":"https:\/\/audreydelaforge.com\/index.php\/2025\/10\/24\/mener-un-projet-avec-methode-quand-lorthopedagogie-sinvite-dans-lorganisation\/#breadcrumb"},"inLanguage":"fr-FR","potentialAction":[{"@type":"ReadAction","target":["https:\/\/audreydelaforge.com\/index.php\/2025\/10\/24\/mener-un-projet-avec-methode-quand-lorthopedagogie-sinvite-dans-lorganisation\/"]}]},{"@type":"ImageObject","inLanguage":"fr-FR","@id":"https:\/\/audreydelaforge.com\/index.php\/2025\/10\/24\/mener-un-projet-avec-methode-quand-lorthopedagogie-sinvite-dans-lorganisation\/#primaryimage","url":"https:\/\/audreydelaforge.com\/wp-content\/uploads\/2025\/10\/1000030125-1-scaled.jpg","contentUrl":"https:\/\/audreydelaforge.com\/wp-content\/uploads\/2025\/10\/1000030125-1-scaled.jpg","width":1920,"height":2560},{"@type":"BreadcrumbList","@id":"https:\/\/audreydelaforge.com\/index.php\/2025\/10\/24\/mener-un-projet-avec-methode-quand-lorthopedagogie-sinvite-dans-lorganisation\/#breadcrumb","itemListElement":[{"@type":"ListItem","position":1,"name":"Accueil","item":"https:\/\/audreydelaforge.com\/"},{"@type":"ListItem","position":2,"name":"Mener un projet avec m\u00e9thode : quand l\u2019orthop\u00e9dagogie s\u2019invite dans l\u2019organisation"}]},{"@type":"WebSite","@id":"https:\/\/audreydelaforge.com\/#website","url":"https:\/\/audreydelaforge.com\/","name":"Audrey Delaforge, Orthop\u00e9dagogue","description":"L&#039;apprenant au centre du savoir","publisher":{"@id":"https:\/\/audreydelaforge.com\/#organization"},"potentialAction":[{"@type":"SearchAction","target":{"@type":"EntryPoint","urlTemplate":"https:\/\/audreydelaforge.com\/?s={search_term_string}"},"query-input":{"@type":"PropertyValueSpecification","valueRequired":true,"valueName":"search_term_string"}}],"inLanguage":"fr-FR"},{"@type":"Organization","@id":"https:\/\/audreydelaforge.com\/#organization","name":"Audrey Delaforge, Orthop\u00e9dagogue","url":"https:\/\/audreydelaforge.com\/","logo":{"@type":"ImageObject","inLanguage":"fr-FR","@id":"https:\/\/audreydelaforge.com\/#\/schema\/logo\/image\/","url":"https:\/\/audreydelaforge.com\/wp-content\/uploads\/2022\/06\/Logo-orange-noir-avec-Audrey-1.png","contentUrl":"https:\/\/audreydelaforge.com\/wp-content\/uploads\/2022\/06\/Logo-orange-noir-avec-Audrey-1.png","width":500,"height":500,"caption":"Audrey Delaforge, Orthop\u00e9dagogue"},"image":{"@id":"https:\/\/audreydelaforge.com\/#\/schema\/logo\/image\/"},"sameAs":["https:\/\/www.facebook.com\/audreycateldelaforge","https:\/\/www.linkedin.com\/in\/audrey-catel-delaforge","https:\/\/www.instagram.com\/audrey_delaforge\/"]},{"@type":"Person","@id":"https:\/\/audreydelaforge.com\/#\/schema\/person\/b44bccc3f328e9802afbab74bb74495d","name":"audrey.catel.delaforge@gmail.com","image":{"@type":"ImageObject","inLanguage":"fr-FR","@id":"https:\/\/secure.gravatar.com\/avatar\/6d2d46023ee8ab957213dcdb0ea8dc964f367c205b281a7f789f0eb314dfafbf?s=96&d=mm&r=g","url":"https:\/\/secure.gravatar.com\/avatar\/6d2d46023ee8ab957213dcdb0ea8dc964f367c205b281a7f789f0eb314dfafbf?s=96&d=mm&r=g","contentUrl":"https:\/\/secure.gravatar.com\/avatar\/6d2d46023ee8ab957213dcdb0ea8dc964f367c205b281a7f789f0eb314dfafbf?s=96&d=mm&r=g","caption":"audrey.catel.delaforge@gmail.com"},"sameAs":["http:\/\/audreydelaforge.com"],"url":"https:\/\/audreydelaforge.com\/index.php\/author\/audrey-catel-delaforgegmail-com\/"}]}},"_links":{"self":[{"href":"https:\/\/audreydelaforge.com\/index.php\/wp-json\/wp\/v2\/posts\/1561","targetHints":{"allow":["GET"]}}],"collection":[{"href":"https:\/\/audreydelaforge.com\/index.php\/wp-json\/wp\/v2\/posts"}],"about":[{"href":"https:\/\/audreydelaforge.com\/index.php\/wp-json\/wp\/v2\/types\/post"}],"author":[{"embeddable":true,"href":"https:\/\/audreydelaforge.com\/index.php\/wp-json\/wp\/v2\/users\/1"}],"replies":[{"embeddable":true,"href":"https:\/\/audreydelaforge.com\/index.php\/wp-json\/wp\/v2\/comments?post=1561"}],"version-history":[{"count":0,"href":"https:\/\/audreydelaforge.com\/index.php\/wp-json\/wp\/v2\/posts\/1561\/revisions"}],"wp:featuredmedia":[{"embeddable":true,"href":"https:\/\/audreydelaforge.com\/index.php\/wp-json\/wp\/v2\/media\/1563"}],"wp:attachment":[{"href":"https:\/\/audreydelaforge.com\/index.php\/wp-json\/wp\/v2\/media?parent=1561"}],"wp:term":[{"taxonomy":"category","embeddable":true,"href":"https:\/\/audreydelaforge.com\/index.php\/wp-json\/wp\/v2\/categories?post=1561"},{"taxonomy":"post_tag","embeddable":true,"href":"https:\/\/audreydelaforge.com\/index.php\/wp-json\/wp\/v2\/tags?post=1561"}],"curies":[{"name":"wp","href":"https:\/\/api.w.org\/{rel}","templated":true}]}}