{"id":1588,"date":"2025-11-09T08:42:02","date_gmt":"2025-11-09T08:42:02","guid":{"rendered":"https:\/\/audreydelaforge.com\/?p=1588"},"modified":"2025-11-09T08:42:05","modified_gmt":"2025-11-09T08:42:05","slug":"lhyperfocalisation-lumiere-sur-un-mecanisme-aussi-invisible-quepuisant","status":"publish","type":"post","link":"https:\/\/audreydelaforge.com\/index.php\/2025\/11\/09\/lhyperfocalisation-lumiere-sur-un-mecanisme-aussi-invisible-quepuisant\/","title":{"rendered":"L\u2019hyperfocalisation : lumi\u00e8re sur un m\u00e9canisme aussi invisible qu\u2019\u00e9puisant"},"content":{"rendered":"\n<h3 class=\"wp-block-heading\"><\/h3>\n\n\n\n<p>Quand on parle du TDAH (trouble du d\u00e9ficit de l\u2019attention avec ou sans hyperactivit\u00e9), l\u2019image qui vient le plus souvent en t\u00eate, c\u2019est celle d\u2019un cerveau dispers\u00e9, constamment distrait, incapable de se concentrer. Mais la r\u00e9alit\u00e9 est bien plus complexe\u2026 et parfois paradoxale.<\/p>\n\n\n\n<p>L\u2019un des aspects les plus m\u00e9connus \u2013 et pourtant profond\u00e9ment marquant \u2013 du TDAH, c\u2019est <strong>l\u2019hyperfocalisation<\/strong>. Un \u00e9tat de concentration extr\u00eame, qui peut sembler enviable, mais qui cache en r\u00e9alit\u00e9 une <strong>grande fatigue cognitive et \u00e9motionnelle<\/strong>.<\/p>\n\n\n\n<p>Dans cet article, je te propose de mieux comprendre ce ph\u00e9nom\u00e8ne \u00e0 travers trois prismes :<br>\ud83d\udc49 mon v\u00e9cu personnel,<br>\ud83d\udc49 une explication des m\u00e9canismes neurologiques en jeu,<br>\ud83d\udc49 et des pistes concr\u00e8tes pour apprendre \u00e0 vivre avec, sans s\u2019\u00e9puiser.<\/p>\n\n\n<div class=\"wp-block-image\">\n<figure class=\"aligncenter size-full\"><img loading=\"lazy\" decoding=\"async\" width=\"315\" height=\"258\" src=\"https:\/\/audreydelaforge.com\/wp-content\/uploads\/2025\/11\/Screenshot-2025-11-02-07.54.37.png\" alt=\"\" class=\"wp-image-1582\" srcset=\"https:\/\/audreydelaforge.com\/wp-content\/uploads\/2025\/11\/Screenshot-2025-11-02-07.54.37.png 315w, https:\/\/audreydelaforge.com\/wp-content\/uploads\/2025\/11\/Screenshot-2025-11-02-07.54.37-300x246.png 300w\" sizes=\"auto, (max-width: 315px) 100vw, 315px\" \/><\/figure>\n<\/div>\n\n\n<h3 class=\"wp-block-heading\">Mon exp\u00e9rience : entre performance et \u00e9puisement<\/h3>\n\n\n\n<p>Il y a des jours o\u00f9 je me sens compl\u00e8tement vid\u00e9(e), sans trop savoir pourquoi. Et puis je r\u00e9alise : je viens de passer plusieurs heures en <strong>hyperfocus<\/strong>. Ce moment o\u00f9 mon cerveau s\u2019agrippe \u00e0 une t\u00e2che, souvent passionnante, et ne me l\u00e2che plus.<\/p>\n\n\n\n<p>Je travaille sans voir le temps passer. J\u2019oublie de manger, de boire, de bouger. Mon attention est verrouill\u00e9e sur un seul objectif. Cela peut para\u00eetre efficace, productif, impressionnant. Et parfois, \u00e7a l\u2019est. Mais <strong>\u00e0 quel prix ?<\/strong><\/p>\n\n\n\n<p>Ce n\u2019est pas une concentration fluide et r\u00e9gul\u00e9e. C\u2019est une <strong>intensit\u00e9 extr\u00eame<\/strong>, qui me laisse souvent <strong>\u00e9puis\u00e9(e), frustr\u00e9(e)<\/strong>, incapable de reprendre un rythme \u00e9quilibr\u00e9 apr\u00e8s coup.<\/p>\n\n\n\n<p>Cette fatigue n\u2019est pas qu\u2019une question de sommeil. C\u2019est <strong>une fatigue neurologique<\/strong>, une cons\u00e9quence directe de la mani\u00e8re dont mon cerveau fonctionne. Et je sais que je ne suis pas seul(e) dans ce cas.<\/p>\n\n\n\n<h3 class=\"wp-block-heading\">Que se passe-t-il dans le cerveau pendant l\u2019hyperfocalisation ?<\/h3>\n\n\n\n<p>L\u2019hyperfocalisation n\u2019est pas une capacit\u00e9 \u201cen plus\u201d, c\u2019est un <strong>sympt\u00f4me d\u2019un syst\u00e8me attentionnel qui peine \u00e0 se r\u00e9guler<\/strong>.<\/p>\n\n\n\n<p>Chez les personnes avec un TDAH, la r\u00e9gulation de l\u2019attention est perturb\u00e9e, notamment \u00e0 cause de <strong>d\u00e9s\u00e9quilibres dans les circuits dopaminergiques<\/strong>. R\u00e9sultat : le cerveau peine \u00e0 \u201cactiver\u201d la bonne intensit\u00e9 attentionnelle au bon moment.<\/p>\n\n\n\n<p>Deux \u00e9tats extr\u00eames peuvent alors se manifester :<\/p>\n\n\n\n<ul class=\"wp-block-list\">\n<li>soit une <strong>dispersion<\/strong>, une incapacit\u00e9 \u00e0 se concentrer ;<\/li>\n\n\n\n<li>soit une <strong>hyperfocalisation<\/strong>, une concentration rigide et intense sur un seul sujet.<\/li>\n<\/ul>\n\n\n\n<p>Cette derni\u00e8re est souvent d\u00e9clench\u00e9e par <strong>une t\u00e2che tr\u00e8s stimulante \u00e9motionnellement<\/strong>, ou per\u00e7ue comme urgente \/ passionnante. Le cerveau suractive certains circuits, notamment ceux li\u00e9s \u00e0 la dopamine et au cortex pr\u00e9frontal, et <strong>se bloque litt\u00e9ralement<\/strong> sur l&rsquo;activit\u00e9.<\/p>\n\n\n\n<p>Le souci ?<br>Ce m\u00e9canisme ne tient pas longtemps. Il <strong>br\u00fble beaucoup d\u2019\u00e9nergie<\/strong> mentale, et ne permet pas de passer souplement d\u2019une t\u00e2che \u00e0 une autre (flexibilit\u00e9 cognitive r\u00e9duite).<\/p>\n\n\n\n<p>C\u2019est comme si le cerveau fonctionnait avec un bouton \u00ab\u00a0off\u00a0\u00bb ou \u00ab\u00a0turbo\u00a0\u00bb\u2026 mais sans \u00ab\u00a0mode normal\u00a0\u00bb.<\/p>\n\n\n\n<h3 class=\"wp-block-heading\">Comment vivre avec l\u2019hyperfocalisation sans s\u2019\u00e9puiser ?<\/h3>\n\n\n\n<p>L\u2019id\u00e9e n\u2019est pas d\u2019\u00e9liminer l\u2019hyperfocalisation \u2013 c\u2019est impossible et parfois m\u00eame pr\u00e9cieux \u2013 mais d\u2019apprendre \u00e0 <strong>l\u2019apprivoiser<\/strong> et \u00e0 <strong>poser des balises protectrices<\/strong>.<\/p>\n\n\n\n<p>Voici quelques pistes concr\u00e8tes :<\/p>\n\n\n\n<h4 class=\"wp-block-heading\">1. <strong>Programmer des rappels externes r\u00e9guliers<\/strong><\/h4>\n\n\n\n<p>Utilise des alarmes douces (musique, minuteur visuel, montre vibrante) pour v\u00e9rifier o\u00f9 tu en es, faire des pauses, te reconnecter \u00e0 ton corps.<\/p>\n\n\n\n<p>2. <strong>Observer les d\u00e9clencheurs<\/strong><\/p>\n\n\n\n<p>Note les situations qui favorisent ton hyperfocus : heure de la journ\u00e9e, type de t\u00e2che, environnement&#8230; Mieux tu les connais, mieux tu peux t\u2019y pr\u00e9parer.<\/p>\n\n\n\n<h4 class=\"wp-block-heading\">3. <strong>Pr\u00e9parer l\u2019environnement<\/strong><\/h4>\n\n\n\n<p>Garde \u00e0 port\u00e9e de main eau, encas, carnet de pause\u2026 pour ne pas n\u00e9gliger tes besoins de base quand l\u2019hyperfocalisation survient.<\/p>\n\n\n\n<h4 class=\"wp-block-heading\"> 4. <strong>En parler \u00e0 ton entourage<\/strong><\/h4>\n\n\n\n<p>Cela permet d\u2019obtenir du soutien, de poser des limites claires (\u00ab\u00a0je suis en phase de focus, mais je m\u2019arr\u00eate \u00e0 15h\u00a0\u00bb) et de ne pas culpabiliser apr\u00e8s coup.<\/p>\n\n\n\n<h4 class=\"wp-block-heading\">5. <strong>Pr\u00e9voir du temps de r\u00e9cup\u00e9ration<\/strong><\/h4>\n\n\n\n<p>L\u2019hyperfocalisation vide le r\u00e9servoir. Autorise-toi des phases de repos (et pas forc\u00e9ment \u00ab\u00a0productives\u00a0\u00bb) apr\u00e8s une session intense.<\/p>\n\n\n<div class=\"wp-block-image\">\n<figure class=\"aligncenter size-full\"><img loading=\"lazy\" decoding=\"async\" width=\"855\" height=\"756\" src=\"https:\/\/audreydelaforge.com\/wp-content\/uploads\/2025\/11\/Screenshot-2025-11-09-09.40.19.png\" alt=\"\" class=\"wp-image-1589\" srcset=\"https:\/\/audreydelaforge.com\/wp-content\/uploads\/2025\/11\/Screenshot-2025-11-09-09.40.19.png 855w, https:\/\/audreydelaforge.com\/wp-content\/uploads\/2025\/11\/Screenshot-2025-11-09-09.40.19-300x265.png 300w, https:\/\/audreydelaforge.com\/wp-content\/uploads\/2025\/11\/Screenshot-2025-11-09-09.40.19-768x679.png 768w, https:\/\/audreydelaforge.com\/wp-content\/uploads\/2025\/11\/Screenshot-2025-11-09-09.40.19-600x531.png 600w\" sizes=\"auto, (max-width: 855px) 100vw, 855px\" \/><\/figure>\n<\/div>\n\n\n<h3 class=\"wp-block-heading\">Une autre mani\u00e8re de voir l\u2019attention<\/h3>\n\n\n\n<p>L\u2019hyperfocalisation peut \u00eatre v\u00e9cue comme un super-pouvoir\u2026 ou comme un pi\u00e8ge. Tout d\u00e9pend de comment on la comprend et de l\u2019espace qu\u2019on lui donne dans notre quotidien.<\/p>\n\n\n\n<p>Plut\u00f4t que de lutter contre elle, je t\u2019invite \u00e0 <strong>mieux la conna\u00eetre<\/strong>, \u00e0 rep\u00e9rer ce qu\u2019elle t\u2019apporte, ce qu\u2019elle te co\u00fbte, et comment tu peux <strong>retrouver un \u00e9quilibre durable<\/strong>.<\/p>\n\n\n\n<p>Parce que r\u00e9v\u00e9ler ton potentiel, c\u2019est aussi <strong>honorer ton \u00e9nergie<\/strong> et apprendre \u00e0 naviguer avec tes propres rythmes.<\/p>\n\n\n\n<h3 class=\"wp-block-heading\">Pour aller plus loin :<\/h3>\n\n\n\n<ul class=\"wp-block-list\">\n<li>Barkley, R. A. (2015). <em>Taking Charge of Adult ADHD<\/em>.<\/li>\n\n\n\n<li>Brown, T. E. (2009). <em>A New Understanding of ADHD in Children and Adults<\/em>.<\/li>\n\n\n\n<li>Podcast \u00ab\u00a0Neurodivergent Insights\u00a0\u00bb \u2013 \u00e9pisode sur l\u2019hyperfocus<\/li>\n<\/ul>\n\n\n\n<h3 class=\"wp-block-heading\">Conclusion<\/h3>\n\n\n\n<p>L\u2019hyperfocalisation fait partie int\u00e9grante du fonctionnement TDAH. Elle n\u2019est ni un d\u00e9faut, ni une force absolue, mais un <strong>m\u00e9canisme neurologique<\/strong> qu\u2019il est essentiel de comprendre pour mieux l\u2019apprivoiser.<\/p>\n\n\n\n<p>Si tu te reconnais dans cette fatigue \u00ab\u00a0post-hyperfocus\u00a0\u00bb, sache que tu n\u2019es pas seul(e). Apprendre \u00e0 g\u00e9rer son attention, c\u2019est un chemin. Et tu avances d\u00e9j\u00e0 en t\u2019informant, en t\u2019observant, et en prenant soin de toi.<\/p>\n\n\n\n<p><\/p>\n","protected":false},"excerpt":{"rendered":"<p>Quand on parle du TDAH (trouble du d\u00e9ficit de l\u2019attention avec ou sans hyperactivit\u00e9), l\u2019image qui vient le plus souvent en t\u00eate, c\u2019est celle d\u2019un cerveau dispers\u00e9, constamment distrait, incapable de se concentrer. Mais la r\u00e9alit\u00e9 est bien plus complexe\u2026 et parfois paradoxale. L\u2019un des aspects les plus m\u00e9connus \u2013 et pourtant profond\u00e9ment marquant \u2013&hellip;&nbsp;<a href=\"https:\/\/audreydelaforge.com\/index.php\/2025\/11\/09\/lhyperfocalisation-lumiere-sur-un-mecanisme-aussi-invisible-quepuisant\/\" rel=\"bookmark\">Lire la suite &raquo;<span class=\"screen-reader-text\">L\u2019hyperfocalisation : lumi\u00e8re sur un m\u00e9canisme aussi invisible qu\u2019\u00e9puisant<\/span><\/a><\/p>\n","protected":false},"author":1,"featured_media":1589,"comment_status":"closed","ping_status":"open","sticky":false,"template":"","format":"standard","meta":{"om_disable_all_campaigns":false,"neve_meta_sidebar":"","neve_meta_container":"","neve_meta_enable_content_width":"","neve_meta_content_width":0,"neve_meta_title_alignment":"","neve_meta_author_avatar":"","neve_post_elements_order":"","neve_meta_disable_header":"","neve_meta_disable_footer":"","neve_meta_disable_title":"","footnotes":""},"categories":[1],"tags":[],"class_list":["post-1588","post","type-post","status-publish","format-standard","has-post-thumbnail","hentry","category-uncategorized"],"yoast_head":"<!-- This site is optimized with the Yoast SEO plugin v27.5 - https:\/\/yoast.com\/product\/yoast-seo-wordpress\/ -->\n<title>L\u2019hyperfocalisation : lumi\u00e8re sur un m\u00e9canisme aussi invisible qu\u2019\u00e9puisant ~ Audrey Delaforge, Orthop\u00e9dagogue<\/title>\n<meta name=\"description\" content=\"Hyperfocalisation et TDAH : un ph\u00e9nom\u00e8ne souvent m\u00e9connu, \u00e0 la fois \u00e9puisant et fascinant. D\u00e9couvre ses m\u00e9canismes neurologiques, ses impacts au quotidien, et des cl\u00e9s concr\u00e8tes pour mieux vivre avec.\" \/>\n<meta name=\"robots\" content=\"index, follow, max-snippet:-1, max-image-preview:large, max-video-preview:-1\" \/>\n<link rel=\"canonical\" href=\"https:\/\/audreydelaforge.com\/index.php\/2025\/11\/09\/lhyperfocalisation-lumiere-sur-un-mecanisme-aussi-invisible-quepuisant\/\" \/>\n<meta property=\"og:locale\" content=\"fr_FR\" \/>\n<meta property=\"og:type\" content=\"article\" \/>\n<meta property=\"og:title\" content=\"L\u2019hyperfocalisation : lumi\u00e8re sur un m\u00e9canisme aussi invisible qu\u2019\u00e9puisant ~ Audrey Delaforge, Orthop\u00e9dagogue\" \/>\n<meta property=\"og:description\" content=\"Hyperfocalisation et TDAH : un ph\u00e9nom\u00e8ne souvent m\u00e9connu, \u00e0 la fois \u00e9puisant et fascinant. D\u00e9couvre ses m\u00e9canismes neurologiques, ses impacts au quotidien, et des cl\u00e9s concr\u00e8tes pour mieux vivre avec.\" \/>\n<meta property=\"og:url\" content=\"https:\/\/audreydelaforge.com\/index.php\/2025\/11\/09\/lhyperfocalisation-lumiere-sur-un-mecanisme-aussi-invisible-quepuisant\/\" \/>\n<meta property=\"og:site_name\" content=\"Audrey Delaforge, Orthop\u00e9dagogue\" \/>\n<meta property=\"article:publisher\" content=\"https:\/\/www.facebook.com\/audreycateldelaforge\" \/>\n<meta property=\"article:published_time\" content=\"2025-11-09T08:42:02+00:00\" \/>\n<meta property=\"article:modified_time\" content=\"2025-11-09T08:42:05+00:00\" \/>\n<meta property=\"og:image\" content=\"https:\/\/audreydelaforge.com\/wp-content\/uploads\/2025\/11\/Screenshot-2025-11-09-09.40.19.png\" \/>\n\t<meta property=\"og:image:width\" content=\"855\" \/>\n\t<meta property=\"og:image:height\" content=\"756\" \/>\n\t<meta property=\"og:image:type\" content=\"image\/png\" \/>\n<meta name=\"author\" content=\"audrey.catel.delaforge@gmail.com\" \/>\n<meta name=\"twitter:card\" content=\"summary_large_image\" \/>\n<meta name=\"twitter:label1\" content=\"\u00c9crit par\" \/>\n\t<meta name=\"twitter:data1\" content=\"audrey.catel.delaforge@gmail.com\" \/>\n\t<meta name=\"twitter:label2\" content=\"Dur\u00e9e de lecture estim\u00e9e\" \/>\n\t<meta name=\"twitter:data2\" content=\"4 minutes\" \/>\n<script type=\"application\/ld+json\" class=\"yoast-schema-graph\">{\"@context\":\"https:\\\/\\\/schema.org\",\"@graph\":[{\"@type\":\"Article\",\"@id\":\"https:\\\/\\\/audreydelaforge.com\\\/index.php\\\/2025\\\/11\\\/09\\\/lhyperfocalisation-lumiere-sur-un-mecanisme-aussi-invisible-quepuisant\\\/#article\",\"isPartOf\":{\"@id\":\"https:\\\/\\\/audreydelaforge.com\\\/index.php\\\/2025\\\/11\\\/09\\\/lhyperfocalisation-lumiere-sur-un-mecanisme-aussi-invisible-quepuisant\\\/\"},\"author\":{\"name\":\"audrey.catel.delaforge@gmail.com\",\"@id\":\"https:\\\/\\\/audreydelaforge.com\\\/#\\\/schema\\\/person\\\/b44bccc3f328e9802afbab74bb74495d\"},\"headline\":\"L\u2019hyperfocalisation : lumi\u00e8re sur un m\u00e9canisme aussi invisible qu\u2019\u00e9puisant\",\"datePublished\":\"2025-11-09T08:42:02+00:00\",\"dateModified\":\"2025-11-09T08:42:05+00:00\",\"mainEntityOfPage\":{\"@id\":\"https:\\\/\\\/audreydelaforge.com\\\/index.php\\\/2025\\\/11\\\/09\\\/lhyperfocalisation-lumiere-sur-un-mecanisme-aussi-invisible-quepuisant\\\/\"},\"wordCount\":904,\"publisher\":{\"@id\":\"https:\\\/\\\/audreydelaforge.com\\\/#organization\"},\"image\":{\"@id\":\"https:\\\/\\\/audreydelaforge.com\\\/index.php\\\/2025\\\/11\\\/09\\\/lhyperfocalisation-lumiere-sur-un-mecanisme-aussi-invisible-quepuisant\\\/#primaryimage\"},\"thumbnailUrl\":\"https:\\\/\\\/audreydelaforge.com\\\/wp-content\\\/uploads\\\/2025\\\/11\\\/Screenshot-2025-11-09-09.40.19.png\",\"articleSection\":[\"Uncategorized\"],\"inLanguage\":\"fr-FR\"},{\"@type\":\"WebPage\",\"@id\":\"https:\\\/\\\/audreydelaforge.com\\\/index.php\\\/2025\\\/11\\\/09\\\/lhyperfocalisation-lumiere-sur-un-mecanisme-aussi-invisible-quepuisant\\\/\",\"url\":\"https:\\\/\\\/audreydelaforge.com\\\/index.php\\\/2025\\\/11\\\/09\\\/lhyperfocalisation-lumiere-sur-un-mecanisme-aussi-invisible-quepuisant\\\/\",\"name\":\"L\u2019hyperfocalisation : lumi\u00e8re sur un m\u00e9canisme aussi invisible qu\u2019\u00e9puisant ~ Audrey Delaforge, Orthop\u00e9dagogue\",\"isPartOf\":{\"@id\":\"https:\\\/\\\/audreydelaforge.com\\\/#website\"},\"primaryImageOfPage\":{\"@id\":\"https:\\\/\\\/audreydelaforge.com\\\/index.php\\\/2025\\\/11\\\/09\\\/lhyperfocalisation-lumiere-sur-un-mecanisme-aussi-invisible-quepuisant\\\/#primaryimage\"},\"image\":{\"@id\":\"https:\\\/\\\/audreydelaforge.com\\\/index.php\\\/2025\\\/11\\\/09\\\/lhyperfocalisation-lumiere-sur-un-mecanisme-aussi-invisible-quepuisant\\\/#primaryimage\"},\"thumbnailUrl\":\"https:\\\/\\\/audreydelaforge.com\\\/wp-content\\\/uploads\\\/2025\\\/11\\\/Screenshot-2025-11-09-09.40.19.png\",\"datePublished\":\"2025-11-09T08:42:02+00:00\",\"dateModified\":\"2025-11-09T08:42:05+00:00\",\"description\":\"Hyperfocalisation et TDAH : un ph\u00e9nom\u00e8ne souvent m\u00e9connu, \u00e0 la fois \u00e9puisant et fascinant. D\u00e9couvre ses m\u00e9canismes neurologiques, ses impacts au quotidien, et des cl\u00e9s concr\u00e8tes pour mieux vivre avec.\",\"breadcrumb\":{\"@id\":\"https:\\\/\\\/audreydelaforge.com\\\/index.php\\\/2025\\\/11\\\/09\\\/lhyperfocalisation-lumiere-sur-un-mecanisme-aussi-invisible-quepuisant\\\/#breadcrumb\"},\"inLanguage\":\"fr-FR\",\"potentialAction\":[{\"@type\":\"ReadAction\",\"target\":[\"https:\\\/\\\/audreydelaforge.com\\\/index.php\\\/2025\\\/11\\\/09\\\/lhyperfocalisation-lumiere-sur-un-mecanisme-aussi-invisible-quepuisant\\\/\"]}]},{\"@type\":\"ImageObject\",\"inLanguage\":\"fr-FR\",\"@id\":\"https:\\\/\\\/audreydelaforge.com\\\/index.php\\\/2025\\\/11\\\/09\\\/lhyperfocalisation-lumiere-sur-un-mecanisme-aussi-invisible-quepuisant\\\/#primaryimage\",\"url\":\"https:\\\/\\\/audreydelaforge.com\\\/wp-content\\\/uploads\\\/2025\\\/11\\\/Screenshot-2025-11-09-09.40.19.png\",\"contentUrl\":\"https:\\\/\\\/audreydelaforge.com\\\/wp-content\\\/uploads\\\/2025\\\/11\\\/Screenshot-2025-11-09-09.40.19.png\",\"width\":855,\"height\":756},{\"@type\":\"BreadcrumbList\",\"@id\":\"https:\\\/\\\/audreydelaforge.com\\\/index.php\\\/2025\\\/11\\\/09\\\/lhyperfocalisation-lumiere-sur-un-mecanisme-aussi-invisible-quepuisant\\\/#breadcrumb\",\"itemListElement\":[{\"@type\":\"ListItem\",\"position\":1,\"name\":\"Accueil\",\"item\":\"https:\\\/\\\/audreydelaforge.com\\\/\"},{\"@type\":\"ListItem\",\"position\":2,\"name\":\"L\u2019hyperfocalisation : lumi\u00e8re sur un m\u00e9canisme aussi invisible qu\u2019\u00e9puisant\"}]},{\"@type\":\"WebSite\",\"@id\":\"https:\\\/\\\/audreydelaforge.com\\\/#website\",\"url\":\"https:\\\/\\\/audreydelaforge.com\\\/\",\"name\":\"Audrey Delaforge, Orthop\u00e9dagogue\",\"description\":\"L&#039;apprenant au centre du savoir\",\"publisher\":{\"@id\":\"https:\\\/\\\/audreydelaforge.com\\\/#organization\"},\"potentialAction\":[{\"@type\":\"SearchAction\",\"target\":{\"@type\":\"EntryPoint\",\"urlTemplate\":\"https:\\\/\\\/audreydelaforge.com\\\/?s={search_term_string}\"},\"query-input\":{\"@type\":\"PropertyValueSpecification\",\"valueRequired\":true,\"valueName\":\"search_term_string\"}}],\"inLanguage\":\"fr-FR\"},{\"@type\":\"Organization\",\"@id\":\"https:\\\/\\\/audreydelaforge.com\\\/#organization\",\"name\":\"Audrey Delaforge, Orthop\u00e9dagogue\",\"url\":\"https:\\\/\\\/audreydelaforge.com\\\/\",\"logo\":{\"@type\":\"ImageObject\",\"inLanguage\":\"fr-FR\",\"@id\":\"https:\\\/\\\/audreydelaforge.com\\\/#\\\/schema\\\/logo\\\/image\\\/\",\"url\":\"https:\\\/\\\/audreydelaforge.com\\\/wp-content\\\/uploads\\\/2022\\\/06\\\/Logo-orange-noir-avec-Audrey-1.png\",\"contentUrl\":\"https:\\\/\\\/audreydelaforge.com\\\/wp-content\\\/uploads\\\/2022\\\/06\\\/Logo-orange-noir-avec-Audrey-1.png\",\"width\":500,\"height\":500,\"caption\":\"Audrey Delaforge, Orthop\u00e9dagogue\"},\"image\":{\"@id\":\"https:\\\/\\\/audreydelaforge.com\\\/#\\\/schema\\\/logo\\\/image\\\/\"},\"sameAs\":[\"https:\\\/\\\/www.facebook.com\\\/audreycateldelaforge\",\"https:\\\/\\\/www.linkedin.com\\\/in\\\/audrey-catel-delaforge\",\"https:\\\/\\\/www.instagram.com\\\/audrey_delaforge\\\/\"]},{\"@type\":\"Person\",\"@id\":\"https:\\\/\\\/audreydelaforge.com\\\/#\\\/schema\\\/person\\\/b44bccc3f328e9802afbab74bb74495d\",\"name\":\"audrey.catel.delaforge@gmail.com\",\"image\":{\"@type\":\"ImageObject\",\"inLanguage\":\"fr-FR\",\"@id\":\"https:\\\/\\\/secure.gravatar.com\\\/avatar\\\/6d2d46023ee8ab957213dcdb0ea8dc964f367c205b281a7f789f0eb314dfafbf?s=96&d=mm&r=g\",\"url\":\"https:\\\/\\\/secure.gravatar.com\\\/avatar\\\/6d2d46023ee8ab957213dcdb0ea8dc964f367c205b281a7f789f0eb314dfafbf?s=96&d=mm&r=g\",\"contentUrl\":\"https:\\\/\\\/secure.gravatar.com\\\/avatar\\\/6d2d46023ee8ab957213dcdb0ea8dc964f367c205b281a7f789f0eb314dfafbf?s=96&d=mm&r=g\",\"caption\":\"audrey.catel.delaforge@gmail.com\"},\"sameAs\":[\"http:\\\/\\\/audreydelaforge.com\"],\"url\":\"https:\\\/\\\/audreydelaforge.com\\\/index.php\\\/author\\\/audrey-catel-delaforgegmail-com\\\/\"}]}<\/script>\n<!-- \/ Yoast SEO plugin. -->","yoast_head_json":{"title":"L\u2019hyperfocalisation : lumi\u00e8re sur un m\u00e9canisme aussi invisible qu\u2019\u00e9puisant ~ Audrey Delaforge, Orthop\u00e9dagogue","description":"Hyperfocalisation et TDAH : un ph\u00e9nom\u00e8ne souvent m\u00e9connu, \u00e0 la fois \u00e9puisant et fascinant. D\u00e9couvre ses m\u00e9canismes neurologiques, ses impacts au quotidien, et des cl\u00e9s concr\u00e8tes pour mieux vivre avec.","robots":{"index":"index","follow":"follow","max-snippet":"max-snippet:-1","max-image-preview":"max-image-preview:large","max-video-preview":"max-video-preview:-1"},"canonical":"https:\/\/audreydelaforge.com\/index.php\/2025\/11\/09\/lhyperfocalisation-lumiere-sur-un-mecanisme-aussi-invisible-quepuisant\/","og_locale":"fr_FR","og_type":"article","og_title":"L\u2019hyperfocalisation : lumi\u00e8re sur un m\u00e9canisme aussi invisible qu\u2019\u00e9puisant ~ Audrey Delaforge, Orthop\u00e9dagogue","og_description":"Hyperfocalisation et TDAH : un ph\u00e9nom\u00e8ne souvent m\u00e9connu, \u00e0 la fois \u00e9puisant et fascinant. D\u00e9couvre ses m\u00e9canismes neurologiques, ses impacts au quotidien, et des cl\u00e9s concr\u00e8tes pour mieux vivre avec.","og_url":"https:\/\/audreydelaforge.com\/index.php\/2025\/11\/09\/lhyperfocalisation-lumiere-sur-un-mecanisme-aussi-invisible-quepuisant\/","og_site_name":"Audrey Delaforge, Orthop\u00e9dagogue","article_publisher":"https:\/\/www.facebook.com\/audreycateldelaforge","article_published_time":"2025-11-09T08:42:02+00:00","article_modified_time":"2025-11-09T08:42:05+00:00","og_image":[{"width":855,"height":756,"url":"https:\/\/audreydelaforge.com\/wp-content\/uploads\/2025\/11\/Screenshot-2025-11-09-09.40.19.png","type":"image\/png"}],"author":"audrey.catel.delaforge@gmail.com","twitter_card":"summary_large_image","twitter_misc":{"\u00c9crit par":"audrey.catel.delaforge@gmail.com","Dur\u00e9e de lecture estim\u00e9e":"4 minutes"},"schema":{"@context":"https:\/\/schema.org","@graph":[{"@type":"Article","@id":"https:\/\/audreydelaforge.com\/index.php\/2025\/11\/09\/lhyperfocalisation-lumiere-sur-un-mecanisme-aussi-invisible-quepuisant\/#article","isPartOf":{"@id":"https:\/\/audreydelaforge.com\/index.php\/2025\/11\/09\/lhyperfocalisation-lumiere-sur-un-mecanisme-aussi-invisible-quepuisant\/"},"author":{"name":"audrey.catel.delaforge@gmail.com","@id":"https:\/\/audreydelaforge.com\/#\/schema\/person\/b44bccc3f328e9802afbab74bb74495d"},"headline":"L\u2019hyperfocalisation : lumi\u00e8re sur un m\u00e9canisme aussi invisible qu\u2019\u00e9puisant","datePublished":"2025-11-09T08:42:02+00:00","dateModified":"2025-11-09T08:42:05+00:00","mainEntityOfPage":{"@id":"https:\/\/audreydelaforge.com\/index.php\/2025\/11\/09\/lhyperfocalisation-lumiere-sur-un-mecanisme-aussi-invisible-quepuisant\/"},"wordCount":904,"publisher":{"@id":"https:\/\/audreydelaforge.com\/#organization"},"image":{"@id":"https:\/\/audreydelaforge.com\/index.php\/2025\/11\/09\/lhyperfocalisation-lumiere-sur-un-mecanisme-aussi-invisible-quepuisant\/#primaryimage"},"thumbnailUrl":"https:\/\/audreydelaforge.com\/wp-content\/uploads\/2025\/11\/Screenshot-2025-11-09-09.40.19.png","articleSection":["Uncategorized"],"inLanguage":"fr-FR"},{"@type":"WebPage","@id":"https:\/\/audreydelaforge.com\/index.php\/2025\/11\/09\/lhyperfocalisation-lumiere-sur-un-mecanisme-aussi-invisible-quepuisant\/","url":"https:\/\/audreydelaforge.com\/index.php\/2025\/11\/09\/lhyperfocalisation-lumiere-sur-un-mecanisme-aussi-invisible-quepuisant\/","name":"L\u2019hyperfocalisation : lumi\u00e8re sur un m\u00e9canisme aussi invisible qu\u2019\u00e9puisant ~ Audrey Delaforge, Orthop\u00e9dagogue","isPartOf":{"@id":"https:\/\/audreydelaforge.com\/#website"},"primaryImageOfPage":{"@id":"https:\/\/audreydelaforge.com\/index.php\/2025\/11\/09\/lhyperfocalisation-lumiere-sur-un-mecanisme-aussi-invisible-quepuisant\/#primaryimage"},"image":{"@id":"https:\/\/audreydelaforge.com\/index.php\/2025\/11\/09\/lhyperfocalisation-lumiere-sur-un-mecanisme-aussi-invisible-quepuisant\/#primaryimage"},"thumbnailUrl":"https:\/\/audreydelaforge.com\/wp-content\/uploads\/2025\/11\/Screenshot-2025-11-09-09.40.19.png","datePublished":"2025-11-09T08:42:02+00:00","dateModified":"2025-11-09T08:42:05+00:00","description":"Hyperfocalisation et TDAH : un ph\u00e9nom\u00e8ne souvent m\u00e9connu, \u00e0 la fois \u00e9puisant et fascinant. D\u00e9couvre ses m\u00e9canismes neurologiques, ses impacts au quotidien, et des cl\u00e9s concr\u00e8tes pour mieux vivre avec.","breadcrumb":{"@id":"https:\/\/audreydelaforge.com\/index.php\/2025\/11\/09\/lhyperfocalisation-lumiere-sur-un-mecanisme-aussi-invisible-quepuisant\/#breadcrumb"},"inLanguage":"fr-FR","potentialAction":[{"@type":"ReadAction","target":["https:\/\/audreydelaforge.com\/index.php\/2025\/11\/09\/lhyperfocalisation-lumiere-sur-un-mecanisme-aussi-invisible-quepuisant\/"]}]},{"@type":"ImageObject","inLanguage":"fr-FR","@id":"https:\/\/audreydelaforge.com\/index.php\/2025\/11\/09\/lhyperfocalisation-lumiere-sur-un-mecanisme-aussi-invisible-quepuisant\/#primaryimage","url":"https:\/\/audreydelaforge.com\/wp-content\/uploads\/2025\/11\/Screenshot-2025-11-09-09.40.19.png","contentUrl":"https:\/\/audreydelaforge.com\/wp-content\/uploads\/2025\/11\/Screenshot-2025-11-09-09.40.19.png","width":855,"height":756},{"@type":"BreadcrumbList","@id":"https:\/\/audreydelaforge.com\/index.php\/2025\/11\/09\/lhyperfocalisation-lumiere-sur-un-mecanisme-aussi-invisible-quepuisant\/#breadcrumb","itemListElement":[{"@type":"ListItem","position":1,"name":"Accueil","item":"https:\/\/audreydelaforge.com\/"},{"@type":"ListItem","position":2,"name":"L\u2019hyperfocalisation : lumi\u00e8re sur un m\u00e9canisme aussi invisible qu\u2019\u00e9puisant"}]},{"@type":"WebSite","@id":"https:\/\/audreydelaforge.com\/#website","url":"https:\/\/audreydelaforge.com\/","name":"Audrey Delaforge, Orthop\u00e9dagogue","description":"L&#039;apprenant au centre du savoir","publisher":{"@id":"https:\/\/audreydelaforge.com\/#organization"},"potentialAction":[{"@type":"SearchAction","target":{"@type":"EntryPoint","urlTemplate":"https:\/\/audreydelaforge.com\/?s={search_term_string}"},"query-input":{"@type":"PropertyValueSpecification","valueRequired":true,"valueName":"search_term_string"}}],"inLanguage":"fr-FR"},{"@type":"Organization","@id":"https:\/\/audreydelaforge.com\/#organization","name":"Audrey Delaforge, Orthop\u00e9dagogue","url":"https:\/\/audreydelaforge.com\/","logo":{"@type":"ImageObject","inLanguage":"fr-FR","@id":"https:\/\/audreydelaforge.com\/#\/schema\/logo\/image\/","url":"https:\/\/audreydelaforge.com\/wp-content\/uploads\/2022\/06\/Logo-orange-noir-avec-Audrey-1.png","contentUrl":"https:\/\/audreydelaforge.com\/wp-content\/uploads\/2022\/06\/Logo-orange-noir-avec-Audrey-1.png","width":500,"height":500,"caption":"Audrey Delaforge, Orthop\u00e9dagogue"},"image":{"@id":"https:\/\/audreydelaforge.com\/#\/schema\/logo\/image\/"},"sameAs":["https:\/\/www.facebook.com\/audreycateldelaforge","https:\/\/www.linkedin.com\/in\/audrey-catel-delaforge","https:\/\/www.instagram.com\/audrey_delaforge\/"]},{"@type":"Person","@id":"https:\/\/audreydelaforge.com\/#\/schema\/person\/b44bccc3f328e9802afbab74bb74495d","name":"audrey.catel.delaforge@gmail.com","image":{"@type":"ImageObject","inLanguage":"fr-FR","@id":"https:\/\/secure.gravatar.com\/avatar\/6d2d46023ee8ab957213dcdb0ea8dc964f367c205b281a7f789f0eb314dfafbf?s=96&d=mm&r=g","url":"https:\/\/secure.gravatar.com\/avatar\/6d2d46023ee8ab957213dcdb0ea8dc964f367c205b281a7f789f0eb314dfafbf?s=96&d=mm&r=g","contentUrl":"https:\/\/secure.gravatar.com\/avatar\/6d2d46023ee8ab957213dcdb0ea8dc964f367c205b281a7f789f0eb314dfafbf?s=96&d=mm&r=g","caption":"audrey.catel.delaforge@gmail.com"},"sameAs":["http:\/\/audreydelaforge.com"],"url":"https:\/\/audreydelaforge.com\/index.php\/author\/audrey-catel-delaforgegmail-com\/"}]}},"_links":{"self":[{"href":"https:\/\/audreydelaforge.com\/index.php\/wp-json\/wp\/v2\/posts\/1588","targetHints":{"allow":["GET"]}}],"collection":[{"href":"https:\/\/audreydelaforge.com\/index.php\/wp-json\/wp\/v2\/posts"}],"about":[{"href":"https:\/\/audreydelaforge.com\/index.php\/wp-json\/wp\/v2\/types\/post"}],"author":[{"embeddable":true,"href":"https:\/\/audreydelaforge.com\/index.php\/wp-json\/wp\/v2\/users\/1"}],"replies":[{"embeddable":true,"href":"https:\/\/audreydelaforge.com\/index.php\/wp-json\/wp\/v2\/comments?post=1588"}],"version-history":[{"count":0,"href":"https:\/\/audreydelaforge.com\/index.php\/wp-json\/wp\/v2\/posts\/1588\/revisions"}],"wp:featuredmedia":[{"embeddable":true,"href":"https:\/\/audreydelaforge.com\/index.php\/wp-json\/wp\/v2\/media\/1589"}],"wp:attachment":[{"href":"https:\/\/audreydelaforge.com\/index.php\/wp-json\/wp\/v2\/media?parent=1588"}],"wp:term":[{"taxonomy":"category","embeddable":true,"href":"https:\/\/audreydelaforge.com\/index.php\/wp-json\/wp\/v2\/categories?post=1588"},{"taxonomy":"post_tag","embeddable":true,"href":"https:\/\/audreydelaforge.com\/index.php\/wp-json\/wp\/v2\/tags?post=1588"}],"curies":[{"name":"wp","href":"https:\/\/api.w.org\/{rel}","templated":true}]}}