{"id":1648,"date":"2025-12-13T07:51:55","date_gmt":"2025-12-13T07:51:55","guid":{"rendered":"https:\/\/audreydelaforge.com\/?p=1648"},"modified":"2025-12-13T07:51:57","modified_gmt":"2025-12-13T07:51:57","slug":"adaptations-eleves-tnd-fatigue-cognitive","status":"publish","type":"post","link":"https:\/\/audreydelaforge.com\/index.php\/2025\/12\/13\/adaptations-eleves-tnd-fatigue-cognitive\/","title":{"rendered":"\ud83d\udc53 Lunettes invisibles et fatigue r\u00e9elle : comprendre et respecter les adaptations pour les \u00e9l\u00e8ves \u00e0 TND"},"content":{"rendered":"\n<blockquote class=\"wp-block-quote is-layout-flow wp-block-quote-is-layout-flow\">\n<p><em>\u201cTu ne retirerais pas les lunettes d\u2019un enfant myope en pensant qu\u2019il exag\u00e8re sa vision floue.\u201d<\/em><\/p>\n<\/blockquote>\n\n\n\n<p>Et pourtant\u2026 C\u2019est ce que vivent chaque jour de nombreux \u00e9l\u00e8ves porteurs de <strong>TND<\/strong> (troubles du neurod\u00e9veloppement), \u00e0 qui l\u2019on refuse \u2014 ou que l\u2019on oublie \u2014 d\u2019appliquer les adaptations pourtant recommand\u00e9es pour eux.<\/p>\n\n\n\n<figure class=\"wp-block-image size-large\"><img loading=\"lazy\" decoding=\"async\" width=\"1024\" height=\"683\" src=\"https:\/\/audreydelaforge.com\/wp-content\/uploads\/2025\/12\/ChatGPT-Image-13-dec.-2025-08_46_50-1024x683.png\" alt=\"\" class=\"wp-image-1649\" srcset=\"https:\/\/audreydelaforge.com\/wp-content\/uploads\/2025\/12\/ChatGPT-Image-13-dec.-2025-08_46_50-1024x683.png 1024w, https:\/\/audreydelaforge.com\/wp-content\/uploads\/2025\/12\/ChatGPT-Image-13-dec.-2025-08_46_50-300x200.png 300w, https:\/\/audreydelaforge.com\/wp-content\/uploads\/2025\/12\/ChatGPT-Image-13-dec.-2025-08_46_50-768x512.png 768w, https:\/\/audreydelaforge.com\/wp-content\/uploads\/2025\/12\/ChatGPT-Image-13-dec.-2025-08_46_50-930x620.png 930w, https:\/\/audreydelaforge.com\/wp-content\/uploads\/2025\/12\/ChatGPT-Image-13-dec.-2025-08_46_50-600x400.png 600w, https:\/\/audreydelaforge.com\/wp-content\/uploads\/2025\/12\/ChatGPT-Image-13-dec.-2025-08_46_50.png 1536w\" sizes=\"auto, (max-width: 1024px) 100vw, 1024px\" \/><\/figure>\n\n\n\n<p>Parce que leurs troubles ne se voient pas.<br>Parce que leurs efforts sont silencieux.<br>Parce qu\u2019ils ont appris \u00e0 compenser, co\u00fbte que co\u00fbte.<\/p>\n\n\n\n<p>Dans cet article, je t\u2019invite \u00e0 chausser ces fameuses <strong>lunettes invisibles<\/strong>, celles qui permettent de mieux comprendre la r\u00e9alit\u00e9 quotidienne de ces \u00e9l\u00e8ves.<br>Pour que leurs besoins ne soient plus ni minimis\u00e9s, ni oubli\u00e9s.<br>Pour que l\u2019<strong>\u00e9quit\u00e9 scolaire<\/strong> ne soit plus un principe abstrait, mais une pratique r\u00e9elle.<\/p>\n\n\n\n<p><\/p>\n\n\n\n<h2 class=\"wp-block-heading\"> Pr\u00e9conisations non appliqu\u00e9es : pourquoi \u00e7a coince encore dans le syst\u00e8me scolaire ?<\/h2>\n\n\n\n<p>Les \u00e9l\u00e8ves \u00e0 TND b\u00e9n\u00e9ficient souvent de bilans, de diagnostics, de notifications MDPH\u2026 Et donc de <strong>pr\u00e9conisations p\u00e9dagogiques<\/strong> : temps major\u00e9, consignes simplifi\u00e9es, outils num\u00e9riques, place adapt\u00e9e, reformulations\u2026<\/p>\n\n\n\n<p>Mais dans la r\u00e9alit\u00e9 du terrain, <strong>ces adaptations sont trop souvent ignor\u00e9es, appliqu\u00e9es partiellement ou ponctuellement<\/strong>.<\/p>\n\n\n\n<h3 class=\"wp-block-heading\">Pourquoi ces recommandations ne sont-elles pas toujours respect\u00e9es ?<\/h3>\n\n\n\n<ul class=\"wp-block-list\">\n<li><strong>Par manque de connaissance des TND<\/strong> : Beaucoup d\u2019enseignants, d\u2019AESH ou de personnels \u00e9ducatifs n\u2019ont pas \u00e9t\u00e9 form\u00e9s aux sp\u00e9cificit\u00e9s de ces profils. Ils peuvent se sentir d\u00e9munis ou incertains sur la mise en \u0153uvre.<\/li>\n\n\n\n<li><strong>Par surcharge professionnelle<\/strong> : Adapter demande du temps, de l\u2019\u00e9nergie, de l\u2019anticipation\u2026 Dans des contextes tendus, cela peut para\u00eetre \u201cen plus\u201d.<\/li>\n\n\n\n<li><strong>Par culture du soup\u00e7on<\/strong> : \u201cIl n\u2019a pas l\u2019air en difficult\u00e9\u201d, \u201celle y arrive quand elle veut\u201d, \u201cc\u2019est de la complaisance\u201d\u2026 Ces jugements refl\u00e8tent un <strong>biais fr\u00e9quent<\/strong> : celui qui nie l\u2019effort invisible.<\/li>\n<\/ul>\n\n\n\n<p><\/p>\n\n\n\n<h3 class=\"wp-block-heading\"><strong>Ce que je vois en formation\u2026<\/strong><\/h3>\n\n\n\n<blockquote class=\"wp-block-quote is-layout-flow wp-block-quote-is-layout-flow\">\n<p>Quand je forme des \u00e9quipes p\u00e9dagogiques, je pose souvent cette question :<br>\u201cCombien parmi vous ont d\u00e9j\u00e0 lu une notification MDPH en entier ?\u201d<br>Les mains se l\u00e8vent timidement.<br>Puis je demande : \u201cEt combien ont appliqu\u00e9 toutes les adaptations au quotidien ?\u201d<br>L\u00e0, un silence s\u2019installe. Pas par manque de volont\u00e9, mais parce que <strong>le syst\u00e8me ne facilite pas la mise en \u0153uvre, et que la culture du doute est encore tr\u00e8s pr\u00e9sente<\/strong>.<\/p>\n<\/blockquote>\n\n\n\n<blockquote class=\"wp-block-quote is-layout-flow wp-block-quote-is-layout-flow\">\n<p>C\u2019est dans ces \u00e9changes que je mesure combien il est crucial de rappeler que ces adaptations <strong>ne sont pas des faveurs<\/strong>, mais des <strong>droits pour les \u00e9l\u00e8ves<\/strong>. Et des <strong>leviers d\u2019\u00e9quit\u00e9 p\u00e9dagogique<\/strong>.<\/p>\n<\/blockquote>\n\n\n\n<p><\/p>\n\n\n\n<h2 class=\"wp-block-heading\">TND et compensation : rendre visible l\u2019invisible<\/h2>\n\n\n\n<p>Les \u00e9l\u00e8ves \u00e0 TND ne demandent pas un traitement de faveur.<br>Ils demandent \u00e0 ce qu\u2019on respecte leur <strong>fonctionnement cognitif sp\u00e9cifique<\/strong>.<\/p>\n\n\n\n<h3 class=\"wp-block-heading\">Des efforts immenses, souvent invisibles<\/h3>\n\n\n\n<ul class=\"wp-block-list\">\n<li>Un \u00e9l\u00e8ve avec un TDAH para\u00eet calme\u2026 mais il se <strong>bat int\u00e9rieurement<\/strong> pour rester assis.<\/li>\n\n\n\n<li>Une \u00e9l\u00e8ve avec un trouble du langage \u00e9crit lit \u00e0 haute voix\u2026 parce qu\u2019elle a <strong>m\u00e9moris\u00e9 le texte<\/strong> \u00e0 l\u2019avance.<\/li>\n\n\n\n<li>Un ado TSA semble participer activement\u2026 mais il a <strong>pass\u00e9 la veille \u00e0 anticiper les questions sociales<\/strong> qu\u2019on pourrait lui poser.<\/li>\n<\/ul>\n\n\n\n<p>Ces m\u00e9canismes de <strong>compensation<\/strong> sont de v\u00e9ritables performances.<br>Mais ils ont un co\u00fbt : <strong>la fatigue, le stress, l\u2019anxi\u00e9t\u00e9, parfois l\u2019effondrement<\/strong>.<\/p>\n\n\n\n<p>Appliquer les adaptations, c\u2019est <strong>all\u00e9ger cette charge invisible<\/strong>. Ce n\u2019est pas tricher. C\u2019est <strong>permettre \u00e0 chacun d\u2019acc\u00e9der \u00e0 l\u2019apprentissage \u00e0 armes \u00e9gales<\/strong>.<\/p>\n\n\n\n<p><\/p>\n\n\n\n<h2 class=\"wp-block-heading\"> Ce que les neurosciences nous disent des TND<\/h2>\n\n\n\n<p>Les derni\u00e8res avanc\u00e9es en neurosciences invitent \u00e0 <strong>changer de vocabulaire et de regard<\/strong>. On parle aujourd\u2019hui de <strong>TND \u2013 troubles du neurod\u00e9veloppement<\/strong>, et non plus seulement de \u201ctroubles dys\u201d.<\/p>\n\n\n\n<h3 class=\"wp-block-heading\">Pourquoi ce changement est important<\/h3>\n\n\n\n<ul class=\"wp-block-list\">\n<li>Parce qu\u2019un \u00e9l\u00e8ve n\u2019est <strong>pas juste dyslexique, ou dyspraxique<\/strong> : il peut pr\u00e9senter <strong>plusieurs troubles simultan\u00e9ment<\/strong>.<\/li>\n\n\n\n<li>Parce que ces troubles sont <strong>durables, pr\u00e9coces, et impactent l\u2019ensemble du d\u00e9veloppement<\/strong>.<\/li>\n\n\n\n<li>Parce qu\u2019ils rel\u00e8vent d\u2019un <strong>fonctionnement c\u00e9r\u00e9bral sp\u00e9cifique<\/strong>, et non d\u2019un manque de volont\u00e9 ou de motivation.<\/li>\n<\/ul>\n\n\n\n<h3 class=\"wp-block-heading\">Ce que cela implique en classe<\/h3>\n\n\n\n<p>Les recherches montrent que <strong>les \u00e9l\u00e8ves \u00e0 TND peuvent progresser<\/strong>, \u00e0 condition que leur environnement soit adapt\u00e9.<br>Voici quelques exemples de <strong>besoins sp\u00e9cifiques bien identifi\u00e9s<\/strong> :<\/p>\n\n\n\n<ul class=\"wp-block-list\">\n<li>Un \u00e9l\u00e8ve avec un <strong>TDAH<\/strong> a besoin de pauses fr\u00e9quentes, de supports visuels, d\u2019un cadre temporel structur\u00e9.<\/li>\n\n\n\n<li>Un \u00e9l\u00e8ve avec un <strong>trouble du langage \u00e9crit<\/strong> peut utiliser un ordinateur avec dict\u00e9e vocale, ou b\u00e9n\u00e9ficier de supports audio.<\/li>\n\n\n\n<li>Un jeune <strong>autiste<\/strong> sera plus serein dans un environnement pr\u00e9visible, clair et sensoriellement apais\u00e9.<\/li>\n<\/ul>\n\n\n\n<p>\ud83d\udc49 Ces besoins ne sont pas exceptionnels. Ils sont <strong>reconnus et document\u00e9s<\/strong>.<br>\ud83d\udc49 Les ignorer, c\u2019est exposer ces \u00e9l\u00e8ves \u00e0 l\u2019\u00e9chec, \u00e0 la perte d\u2019estime de soi\u2026 et \u00e0 une grande <strong>fatigue cognitive<\/strong><\/p>\n\n\n\n<p><\/p>\n\n\n\n<h2 class=\"wp-block-heading\">Fatigue cognitive : un co\u00fbt silencieux mais r\u00e9el<\/h2>\n\n\n\n<p>La <strong>fatigue cognitive<\/strong>, c\u2019est l\u2019une des cons\u00e9quences les plus sous-estim\u00e9es des TND. Et pourtant, elle est <strong>au c\u0153ur des difficult\u00e9s scolaires<\/strong> de nombreux \u00e9l\u00e8ves.<\/p>\n\n\n\n<h3 class=\"wp-block-heading\">Imagine un \u00e9l\u00e8ve qui, chaque jour, doit\u2026<\/h3>\n\n\n\n<ul class=\"wp-block-list\">\n<li>Traduire des consignes implicites<\/li>\n\n\n\n<li>Lire un texte en luttant contre ses troubles visuo-attentionnels<\/li>\n\n\n\n<li>G\u00e9rer le bruit, les lumi\u00e8res, l\u2019agitation autour de lui<\/li>\n\n\n\n<li>Se contr\u00f4ler pour ne pas bouger, ne pas r\u00e9agir, ne pas d\u00e9border<\/li>\n<\/ul>\n\n\n\n<p>C\u2019est une <strong>charge mentale permanente<\/strong>, \u00e9puisante.<br>Et c\u2019est souvent <strong>invisible<\/strong>.<\/p>\n\n\n\n<p>Cette fatigue peut mener \u00e0 des troubles du comportement, \u00e0 un refus scolaire, \u00e0 un \u00e9puisement \u00e9motionnel.<br>\ud83d\udc49 L\u2019un des meilleurs moyens de la pr\u00e9venir, c\u2019est\u2026 <strong>l\u2019application rigoureuse des adaptations.<\/strong><\/p>\n\n\n\n<p><\/p>\n\n\n\n<h2 class=\"wp-block-heading\">Les mots qui blessent, les regards qui figent<\/h2>\n\n\n\n<p>Les \u00e9l\u00e8ves \u00e0 TND souffrent rarement de leurs troubles en eux-m\u00eames. Ce qui les blesse, ce sont <strong>les jugements qui les accompagnent<\/strong>.<\/p>\n\n\n\n<h3 class=\"wp-block-heading\">\u201cFain\u00e9ant\u201d, \u201ccapricieuse\u201d, \u201cprovocateur\u201d, \u00ab\u00a0bizarre\u00a0\u00bb, \u201cdans la lune\u201d\u2026<\/h3>\n\n\n\n<p>Ces \u00e9tiquettes, encore trop fr\u00e9quentes, traduisent un <strong>biais d\u2019interpr\u00e9tation courant<\/strong> :<br>on <strong>attribue \u00e0 l\u2019intention ce qui rel\u00e8ve du trouble<\/strong>.<\/p>\n\n\n\n<p>Un comportement d\u00e9routant est souvent <strong>le sympt\u00f4me d\u2019un effort invisible<\/strong>, d\u2019une surcharge, d\u2019une strat\u00e9gie de survie.<\/p>\n\n\n\n<blockquote class=\"wp-block-quote is-layout-flow wp-block-quote-is-layout-flow\">\n<p>Ces mots blessent. Les regards aussi.<br>Et petit \u00e0 petit, <strong>l\u2019estime de soi s\u2019effondre<\/strong>. L\u2019\u00e9l\u00e8ve se replie. Se m\u00e9fie de lui-m\u00eame. Se met en \u00e9chec.<\/p>\n<\/blockquote>\n\n\n\n<figure class=\"wp-block-image size-large is-resized\"><img loading=\"lazy\" decoding=\"async\" width=\"1024\" height=\"683\" src=\"https:\/\/audreydelaforge.com\/wp-content\/uploads\/2025\/12\/ChatGPT-Image-13-dec.-2025-08_49_35-1024x683.png\" alt=\"\" class=\"wp-image-1650\" style=\"aspect-ratio:1.4992805755395684;width:1065px;height:auto\" srcset=\"https:\/\/audreydelaforge.com\/wp-content\/uploads\/2025\/12\/ChatGPT-Image-13-dec.-2025-08_49_35-1024x683.png 1024w, https:\/\/audreydelaforge.com\/wp-content\/uploads\/2025\/12\/ChatGPT-Image-13-dec.-2025-08_49_35-300x200.png 300w, https:\/\/audreydelaforge.com\/wp-content\/uploads\/2025\/12\/ChatGPT-Image-13-dec.-2025-08_49_35-768x512.png 768w, https:\/\/audreydelaforge.com\/wp-content\/uploads\/2025\/12\/ChatGPT-Image-13-dec.-2025-08_49_35-930x620.png 930w, https:\/\/audreydelaforge.com\/wp-content\/uploads\/2025\/12\/ChatGPT-Image-13-dec.-2025-08_49_35-600x400.png 600w, https:\/\/audreydelaforge.com\/wp-content\/uploads\/2025\/12\/ChatGPT-Image-13-dec.-2025-08_49_35.png 1536w\" sizes=\"auto, (max-width: 1024px) 100vw, 1024px\" \/><\/figure>\n\n\n\n<h3 class=\"wp-block-heading\">Ce que je vois en formation\u2026<\/h3>\n\n\n\n<blockquote class=\"wp-block-quote is-layout-flow wp-block-quote-is-layout-flow\">\n<p>Lors d\u2019ateliers en \u00e9quipe, je propose parfois de relire des bulletins scolaires \u00e0 travers le prisme des TND.<br>On y d\u00e9couvre, souvent sans s\u2019en rendre compte, des formulations stigmatisantes : \u201cmanque de motivation\u201d, \u201cefforts irr\u00e9guliers\u201d, \u201ctrop distrait\u201d\u2026<br>Et l\u00e0, un vrai d\u00e9clic se produit.<br>On comprend que <strong>le vocabulaire n\u2019est pas neutre<\/strong>.<br>Qu\u2019il peut blesser, enfermer, mais aussi <strong>ouvrir un espace d\u2019empathie et de compr\u00e9hension<\/strong>.<\/p>\n<\/blockquote>\n\n\n\n<p><\/p>\n\n\n\n<h3 class=\"wp-block-heading\">Changer de posture : du soup\u00e7on \u00e0 l\u2019accompagnement<\/h3>\n\n\n\n<p>Changer cette r\u00e9alit\u00e9, \u00e7a commence par un engagement collectif :<\/p>\n\n\n\n<ul class=\"wp-block-list\">\n<li>\ud83d\udd0d <strong>Observer sans juger<\/strong><\/li>\n\n\n\n<li>\u2753 <strong>Questionner sans soup\u00e7onner<\/strong><\/li>\n\n\n\n<li>\ud83e\udd1d <strong>Accompagner sans infantiliser<\/strong><\/li>\n<\/ul>\n\n\n\n<p>Ce n\u2019est pas la s\u00e9v\u00e9rit\u00e9 qui fait grandir.<br>C\u2019est un <strong>regard ajust\u00e9, professionnel, confiant<\/strong>.<\/p>\n\n\n\n<p><\/p>\n\n\n\n<h2 class=\"wp-block-heading\">Rendre l\u2019invisible visible<\/h2>\n\n\n\n<p>Tu n\u2019as pas \u00e0 \u00eatre expert\u00b7e des TND pour faire la diff\u00e9rence.<\/p>\n\n\n\n<p>Tu peux commencer par <strong>croire l\u2019\u00e9l\u00e8ve<\/strong>, par <strong>appliquer ce qui lui est recommand\u00e9<\/strong>, par <strong>\u00e9couter ce qu\u2019il ne dit pas toujours avec des mots<\/strong>.<\/p>\n\n\n\n<p>Parce que ces lunettes invisibles existent bel et bien.<br>Et qu\u2019il est temps, ensemble, <strong>de les reconna\u00eetre, de les faire exister, de les respecter<\/strong>.*<\/p>\n\n\n\n<p><\/p>\n\n\n\n<p>\ud83d\udccc <strong>\u00c0 lire aussi<\/strong> :<br>\ud83d\udc49 <a href=\"https:\/\/audreydelaforge.com\/index.php\/2025\/11\/22\/tdah-fatigue-chronique\/\">https:\/\/audreydelaforge.com\/index.php\/2025\/11\/22\/tdah-fatigue-chronique\/<\/a><\/p>\n\n\n\n<p><br>\ud83c\udf93 <em>\u201cR\u00e9v\u00e9ler chaque potentiel, transformer les parcours, r\u00e9ussir ensemble.\u201d<\/em><\/p>\n\n\n\n<p><\/p>\n","protected":false},"excerpt":{"rendered":"<p>\u201cTu ne retirerais pas les lunettes d\u2019un enfant myope en pensant qu\u2019il exag\u00e8re sa vision floue.\u201d Et pourtant\u2026 C\u2019est ce que vivent chaque jour de nombreux \u00e9l\u00e8ves porteurs de TND (troubles du neurod\u00e9veloppement), \u00e0 qui l\u2019on refuse \u2014 ou que l\u2019on oublie \u2014 d\u2019appliquer les adaptations pourtant recommand\u00e9es pour eux. Parce que leurs troubles ne&hellip;&nbsp;<a href=\"https:\/\/audreydelaforge.com\/index.php\/2025\/12\/13\/adaptations-eleves-tnd-fatigue-cognitive\/\" rel=\"bookmark\">Lire la suite &raquo;<span class=\"screen-reader-text\">\ud83d\udc53 Lunettes invisibles et fatigue r\u00e9elle : comprendre et respecter les adaptations pour les \u00e9l\u00e8ves \u00e0 TND<\/span><\/a><\/p>\n","protected":false},"author":1,"featured_media":1649,"comment_status":"closed","ping_status":"open","sticky":false,"template":"","format":"standard","meta":{"om_disable_all_campaigns":false,"neve_meta_sidebar":"","neve_meta_container":"","neve_meta_enable_content_width":"","neve_meta_content_width":0,"neve_meta_title_alignment":"","neve_meta_author_avatar":"","neve_post_elements_order":"","neve_meta_disable_header":"","neve_meta_disable_footer":"","neve_meta_disable_title":"","footnotes":""},"categories":[26],"tags":[],"class_list":["post-1648","post","type-post","status-publish","format-standard","has-post-thumbnail","hentry","category-fiche-pratique"],"yoast_head":"<!-- This site is optimized with the Yoast SEO plugin v27.5 - https:\/\/yoast.com\/product\/yoast-seo-wordpress\/ -->\n<title>\ud83d\udc53 Lunettes invisibles et fatigue r\u00e9elle : comprendre et respecter les adaptations pour les \u00e9l\u00e8ves \u00e0 TND ~ Audrey Delaforge, Orthop\u00e9dagogue<\/title>\n<meta name=\"description\" content=\"Les \u00e9l\u00e8ves \u00e0 TND d\u00e9ploient des efforts invisibles \u00e0 l\u2019\u00e9cole. Adaptations, fatigue cognitive, stigmatisation : comment mieux les accompagner ?\" \/>\n<meta name=\"robots\" content=\"index, follow, max-snippet:-1, max-image-preview:large, max-video-preview:-1\" \/>\n<link rel=\"canonical\" href=\"https:\/\/audreydelaforge.com\/index.php\/2025\/12\/13\/adaptations-eleves-tnd-fatigue-cognitive\/\" \/>\n<meta property=\"og:locale\" content=\"fr_FR\" \/>\n<meta property=\"og:type\" content=\"article\" \/>\n<meta property=\"og:title\" content=\"\ud83d\udc53 Lunettes invisibles et fatigue r\u00e9elle : comprendre et respecter les adaptations pour les \u00e9l\u00e8ves \u00e0 TND ~ Audrey Delaforge, Orthop\u00e9dagogue\" \/>\n<meta property=\"og:description\" content=\"Les \u00e9l\u00e8ves \u00e0 TND d\u00e9ploient des efforts invisibles \u00e0 l\u2019\u00e9cole. Adaptations, fatigue cognitive, stigmatisation : comment mieux les accompagner ?\" \/>\n<meta property=\"og:url\" content=\"https:\/\/audreydelaforge.com\/index.php\/2025\/12\/13\/adaptations-eleves-tnd-fatigue-cognitive\/\" \/>\n<meta property=\"og:site_name\" content=\"Audrey Delaforge, Orthop\u00e9dagogue\" \/>\n<meta property=\"article:publisher\" content=\"https:\/\/www.facebook.com\/audreycateldelaforge\" \/>\n<meta property=\"article:published_time\" content=\"2025-12-13T07:51:55+00:00\" \/>\n<meta property=\"article:modified_time\" content=\"2025-12-13T07:51:57+00:00\" \/>\n<meta property=\"og:image\" content=\"https:\/\/audreydelaforge.com\/wp-content\/uploads\/2025\/12\/ChatGPT-Image-13-dec.-2025-08_46_50-1024x683.png\" \/>\n\t<meta property=\"og:image:width\" content=\"1024\" \/>\n\t<meta property=\"og:image:height\" content=\"683\" \/>\n\t<meta property=\"og:image:type\" content=\"image\/png\" \/>\n<meta name=\"author\" content=\"audrey.catel.delaforge@gmail.com\" \/>\n<meta name=\"twitter:card\" content=\"summary_large_image\" \/>\n<meta name=\"twitter:label1\" content=\"\u00c9crit par\" \/>\n\t<meta name=\"twitter:data1\" content=\"audrey.catel.delaforge@gmail.com\" \/>\n\t<meta name=\"twitter:label2\" content=\"Dur\u00e9e de lecture estim\u00e9e\" \/>\n\t<meta name=\"twitter:data2\" content=\"6 minutes\" \/>\n<script type=\"application\/ld+json\" class=\"yoast-schema-graph\">{\"@context\":\"https:\\\/\\\/schema.org\",\"@graph\":[{\"@type\":\"Article\",\"@id\":\"https:\\\/\\\/audreydelaforge.com\\\/index.php\\\/2025\\\/12\\\/13\\\/adaptations-eleves-tnd-fatigue-cognitive\\\/#article\",\"isPartOf\":{\"@id\":\"https:\\\/\\\/audreydelaforge.com\\\/index.php\\\/2025\\\/12\\\/13\\\/adaptations-eleves-tnd-fatigue-cognitive\\\/\"},\"author\":{\"name\":\"audrey.catel.delaforge@gmail.com\",\"@id\":\"https:\\\/\\\/audreydelaforge.com\\\/#\\\/schema\\\/person\\\/b44bccc3f328e9802afbab74bb74495d\"},\"headline\":\"\ud83d\udc53 Lunettes invisibles et fatigue r\u00e9elle : comprendre et respecter les adaptations pour les \u00e9l\u00e8ves \u00e0 TND\",\"datePublished\":\"2025-12-13T07:51:55+00:00\",\"dateModified\":\"2025-12-13T07:51:57+00:00\",\"mainEntityOfPage\":{\"@id\":\"https:\\\/\\\/audreydelaforge.com\\\/index.php\\\/2025\\\/12\\\/13\\\/adaptations-eleves-tnd-fatigue-cognitive\\\/\"},\"wordCount\":1280,\"publisher\":{\"@id\":\"https:\\\/\\\/audreydelaforge.com\\\/#organization\"},\"image\":{\"@id\":\"https:\\\/\\\/audreydelaforge.com\\\/index.php\\\/2025\\\/12\\\/13\\\/adaptations-eleves-tnd-fatigue-cognitive\\\/#primaryimage\"},\"thumbnailUrl\":\"https:\\\/\\\/audreydelaforge.com\\\/wp-content\\\/uploads\\\/2025\\\/12\\\/ChatGPT-Image-13-dec.-2025-08_46_50.png\",\"articleSection\":[\"fiche pratique\"],\"inLanguage\":\"fr-FR\"},{\"@type\":\"WebPage\",\"@id\":\"https:\\\/\\\/audreydelaforge.com\\\/index.php\\\/2025\\\/12\\\/13\\\/adaptations-eleves-tnd-fatigue-cognitive\\\/\",\"url\":\"https:\\\/\\\/audreydelaforge.com\\\/index.php\\\/2025\\\/12\\\/13\\\/adaptations-eleves-tnd-fatigue-cognitive\\\/\",\"name\":\"\ud83d\udc53 Lunettes invisibles et fatigue r\u00e9elle : comprendre et respecter les adaptations pour les \u00e9l\u00e8ves \u00e0 TND ~ Audrey Delaforge, Orthop\u00e9dagogue\",\"isPartOf\":{\"@id\":\"https:\\\/\\\/audreydelaforge.com\\\/#website\"},\"primaryImageOfPage\":{\"@id\":\"https:\\\/\\\/audreydelaforge.com\\\/index.php\\\/2025\\\/12\\\/13\\\/adaptations-eleves-tnd-fatigue-cognitive\\\/#primaryimage\"},\"image\":{\"@id\":\"https:\\\/\\\/audreydelaforge.com\\\/index.php\\\/2025\\\/12\\\/13\\\/adaptations-eleves-tnd-fatigue-cognitive\\\/#primaryimage\"},\"thumbnailUrl\":\"https:\\\/\\\/audreydelaforge.com\\\/wp-content\\\/uploads\\\/2025\\\/12\\\/ChatGPT-Image-13-dec.-2025-08_46_50.png\",\"datePublished\":\"2025-12-13T07:51:55+00:00\",\"dateModified\":\"2025-12-13T07:51:57+00:00\",\"description\":\"Les \u00e9l\u00e8ves \u00e0 TND d\u00e9ploient des efforts invisibles \u00e0 l\u2019\u00e9cole. Adaptations, fatigue cognitive, stigmatisation : comment mieux les accompagner ?\",\"breadcrumb\":{\"@id\":\"https:\\\/\\\/audreydelaforge.com\\\/index.php\\\/2025\\\/12\\\/13\\\/adaptations-eleves-tnd-fatigue-cognitive\\\/#breadcrumb\"},\"inLanguage\":\"fr-FR\",\"potentialAction\":[{\"@type\":\"ReadAction\",\"target\":[\"https:\\\/\\\/audreydelaforge.com\\\/index.php\\\/2025\\\/12\\\/13\\\/adaptations-eleves-tnd-fatigue-cognitive\\\/\"]}]},{\"@type\":\"ImageObject\",\"inLanguage\":\"fr-FR\",\"@id\":\"https:\\\/\\\/audreydelaforge.com\\\/index.php\\\/2025\\\/12\\\/13\\\/adaptations-eleves-tnd-fatigue-cognitive\\\/#primaryimage\",\"url\":\"https:\\\/\\\/audreydelaforge.com\\\/wp-content\\\/uploads\\\/2025\\\/12\\\/ChatGPT-Image-13-dec.-2025-08_46_50.png\",\"contentUrl\":\"https:\\\/\\\/audreydelaforge.com\\\/wp-content\\\/uploads\\\/2025\\\/12\\\/ChatGPT-Image-13-dec.-2025-08_46_50.png\",\"width\":1536,\"height\":1024},{\"@type\":\"BreadcrumbList\",\"@id\":\"https:\\\/\\\/audreydelaforge.com\\\/index.php\\\/2025\\\/12\\\/13\\\/adaptations-eleves-tnd-fatigue-cognitive\\\/#breadcrumb\",\"itemListElement\":[{\"@type\":\"ListItem\",\"position\":1,\"name\":\"Accueil\",\"item\":\"https:\\\/\\\/audreydelaforge.com\\\/\"},{\"@type\":\"ListItem\",\"position\":2,\"name\":\"\ud83d\udc53 Lunettes invisibles et fatigue r\u00e9elle : comprendre et respecter les adaptations pour les \u00e9l\u00e8ves \u00e0 TND\"}]},{\"@type\":\"WebSite\",\"@id\":\"https:\\\/\\\/audreydelaforge.com\\\/#website\",\"url\":\"https:\\\/\\\/audreydelaforge.com\\\/\",\"name\":\"Audrey Delaforge, Orthop\u00e9dagogue\",\"description\":\"L&#039;apprenant au centre du savoir\",\"publisher\":{\"@id\":\"https:\\\/\\\/audreydelaforge.com\\\/#organization\"},\"potentialAction\":[{\"@type\":\"SearchAction\",\"target\":{\"@type\":\"EntryPoint\",\"urlTemplate\":\"https:\\\/\\\/audreydelaforge.com\\\/?s={search_term_string}\"},\"query-input\":{\"@type\":\"PropertyValueSpecification\",\"valueRequired\":true,\"valueName\":\"search_term_string\"}}],\"inLanguage\":\"fr-FR\"},{\"@type\":\"Organization\",\"@id\":\"https:\\\/\\\/audreydelaforge.com\\\/#organization\",\"name\":\"Audrey Delaforge, Orthop\u00e9dagogue\",\"url\":\"https:\\\/\\\/audreydelaforge.com\\\/\",\"logo\":{\"@type\":\"ImageObject\",\"inLanguage\":\"fr-FR\",\"@id\":\"https:\\\/\\\/audreydelaforge.com\\\/#\\\/schema\\\/logo\\\/image\\\/\",\"url\":\"https:\\\/\\\/audreydelaforge.com\\\/wp-content\\\/uploads\\\/2022\\\/06\\\/Logo-orange-noir-avec-Audrey-1.png\",\"contentUrl\":\"https:\\\/\\\/audreydelaforge.com\\\/wp-content\\\/uploads\\\/2022\\\/06\\\/Logo-orange-noir-avec-Audrey-1.png\",\"width\":500,\"height\":500,\"caption\":\"Audrey Delaforge, Orthop\u00e9dagogue\"},\"image\":{\"@id\":\"https:\\\/\\\/audreydelaforge.com\\\/#\\\/schema\\\/logo\\\/image\\\/\"},\"sameAs\":[\"https:\\\/\\\/www.facebook.com\\\/audreycateldelaforge\",\"https:\\\/\\\/www.linkedin.com\\\/in\\\/audrey-catel-delaforge\",\"https:\\\/\\\/www.instagram.com\\\/audrey_delaforge\\\/\"]},{\"@type\":\"Person\",\"@id\":\"https:\\\/\\\/audreydelaforge.com\\\/#\\\/schema\\\/person\\\/b44bccc3f328e9802afbab74bb74495d\",\"name\":\"audrey.catel.delaforge@gmail.com\",\"image\":{\"@type\":\"ImageObject\",\"inLanguage\":\"fr-FR\",\"@id\":\"https:\\\/\\\/secure.gravatar.com\\\/avatar\\\/6d2d46023ee8ab957213dcdb0ea8dc964f367c205b281a7f789f0eb314dfafbf?s=96&d=mm&r=g\",\"url\":\"https:\\\/\\\/secure.gravatar.com\\\/avatar\\\/6d2d46023ee8ab957213dcdb0ea8dc964f367c205b281a7f789f0eb314dfafbf?s=96&d=mm&r=g\",\"contentUrl\":\"https:\\\/\\\/secure.gravatar.com\\\/avatar\\\/6d2d46023ee8ab957213dcdb0ea8dc964f367c205b281a7f789f0eb314dfafbf?s=96&d=mm&r=g\",\"caption\":\"audrey.catel.delaforge@gmail.com\"},\"sameAs\":[\"http:\\\/\\\/audreydelaforge.com\"],\"url\":\"https:\\\/\\\/audreydelaforge.com\\\/index.php\\\/author\\\/audrey-catel-delaforgegmail-com\\\/\"}]}<\/script>\n<!-- \/ Yoast SEO plugin. -->","yoast_head_json":{"title":"\ud83d\udc53 Lunettes invisibles et fatigue r\u00e9elle : comprendre et respecter les adaptations pour les \u00e9l\u00e8ves \u00e0 TND ~ Audrey Delaforge, Orthop\u00e9dagogue","description":"Les \u00e9l\u00e8ves \u00e0 TND d\u00e9ploient des efforts invisibles \u00e0 l\u2019\u00e9cole. Adaptations, fatigue cognitive, stigmatisation : comment mieux les accompagner ?","robots":{"index":"index","follow":"follow","max-snippet":"max-snippet:-1","max-image-preview":"max-image-preview:large","max-video-preview":"max-video-preview:-1"},"canonical":"https:\/\/audreydelaforge.com\/index.php\/2025\/12\/13\/adaptations-eleves-tnd-fatigue-cognitive\/","og_locale":"fr_FR","og_type":"article","og_title":"\ud83d\udc53 Lunettes invisibles et fatigue r\u00e9elle : comprendre et respecter les adaptations pour les \u00e9l\u00e8ves \u00e0 TND ~ Audrey Delaforge, Orthop\u00e9dagogue","og_description":"Les \u00e9l\u00e8ves \u00e0 TND d\u00e9ploient des efforts invisibles \u00e0 l\u2019\u00e9cole. Adaptations, fatigue cognitive, stigmatisation : comment mieux les accompagner ?","og_url":"https:\/\/audreydelaforge.com\/index.php\/2025\/12\/13\/adaptations-eleves-tnd-fatigue-cognitive\/","og_site_name":"Audrey Delaforge, Orthop\u00e9dagogue","article_publisher":"https:\/\/www.facebook.com\/audreycateldelaforge","article_published_time":"2025-12-13T07:51:55+00:00","article_modified_time":"2025-12-13T07:51:57+00:00","og_image":[{"width":1024,"height":683,"url":"https:\/\/audreydelaforge.com\/wp-content\/uploads\/2025\/12\/ChatGPT-Image-13-dec.-2025-08_46_50-1024x683.png","type":"image\/png"}],"author":"audrey.catel.delaforge@gmail.com","twitter_card":"summary_large_image","twitter_misc":{"\u00c9crit par":"audrey.catel.delaforge@gmail.com","Dur\u00e9e de lecture estim\u00e9e":"6 minutes"},"schema":{"@context":"https:\/\/schema.org","@graph":[{"@type":"Article","@id":"https:\/\/audreydelaforge.com\/index.php\/2025\/12\/13\/adaptations-eleves-tnd-fatigue-cognitive\/#article","isPartOf":{"@id":"https:\/\/audreydelaforge.com\/index.php\/2025\/12\/13\/adaptations-eleves-tnd-fatigue-cognitive\/"},"author":{"name":"audrey.catel.delaforge@gmail.com","@id":"https:\/\/audreydelaforge.com\/#\/schema\/person\/b44bccc3f328e9802afbab74bb74495d"},"headline":"\ud83d\udc53 Lunettes invisibles et fatigue r\u00e9elle : comprendre et respecter les adaptations pour les \u00e9l\u00e8ves \u00e0 TND","datePublished":"2025-12-13T07:51:55+00:00","dateModified":"2025-12-13T07:51:57+00:00","mainEntityOfPage":{"@id":"https:\/\/audreydelaforge.com\/index.php\/2025\/12\/13\/adaptations-eleves-tnd-fatigue-cognitive\/"},"wordCount":1280,"publisher":{"@id":"https:\/\/audreydelaforge.com\/#organization"},"image":{"@id":"https:\/\/audreydelaforge.com\/index.php\/2025\/12\/13\/adaptations-eleves-tnd-fatigue-cognitive\/#primaryimage"},"thumbnailUrl":"https:\/\/audreydelaforge.com\/wp-content\/uploads\/2025\/12\/ChatGPT-Image-13-dec.-2025-08_46_50.png","articleSection":["fiche pratique"],"inLanguage":"fr-FR"},{"@type":"WebPage","@id":"https:\/\/audreydelaforge.com\/index.php\/2025\/12\/13\/adaptations-eleves-tnd-fatigue-cognitive\/","url":"https:\/\/audreydelaforge.com\/index.php\/2025\/12\/13\/adaptations-eleves-tnd-fatigue-cognitive\/","name":"\ud83d\udc53 Lunettes invisibles et fatigue r\u00e9elle : comprendre et respecter les adaptations pour les \u00e9l\u00e8ves \u00e0 TND ~ Audrey Delaforge, Orthop\u00e9dagogue","isPartOf":{"@id":"https:\/\/audreydelaforge.com\/#website"},"primaryImageOfPage":{"@id":"https:\/\/audreydelaforge.com\/index.php\/2025\/12\/13\/adaptations-eleves-tnd-fatigue-cognitive\/#primaryimage"},"image":{"@id":"https:\/\/audreydelaforge.com\/index.php\/2025\/12\/13\/adaptations-eleves-tnd-fatigue-cognitive\/#primaryimage"},"thumbnailUrl":"https:\/\/audreydelaforge.com\/wp-content\/uploads\/2025\/12\/ChatGPT-Image-13-dec.-2025-08_46_50.png","datePublished":"2025-12-13T07:51:55+00:00","dateModified":"2025-12-13T07:51:57+00:00","description":"Les \u00e9l\u00e8ves \u00e0 TND d\u00e9ploient des efforts invisibles \u00e0 l\u2019\u00e9cole. Adaptations, fatigue cognitive, stigmatisation : comment mieux les accompagner ?","breadcrumb":{"@id":"https:\/\/audreydelaforge.com\/index.php\/2025\/12\/13\/adaptations-eleves-tnd-fatigue-cognitive\/#breadcrumb"},"inLanguage":"fr-FR","potentialAction":[{"@type":"ReadAction","target":["https:\/\/audreydelaforge.com\/index.php\/2025\/12\/13\/adaptations-eleves-tnd-fatigue-cognitive\/"]}]},{"@type":"ImageObject","inLanguage":"fr-FR","@id":"https:\/\/audreydelaforge.com\/index.php\/2025\/12\/13\/adaptations-eleves-tnd-fatigue-cognitive\/#primaryimage","url":"https:\/\/audreydelaforge.com\/wp-content\/uploads\/2025\/12\/ChatGPT-Image-13-dec.-2025-08_46_50.png","contentUrl":"https:\/\/audreydelaforge.com\/wp-content\/uploads\/2025\/12\/ChatGPT-Image-13-dec.-2025-08_46_50.png","width":1536,"height":1024},{"@type":"BreadcrumbList","@id":"https:\/\/audreydelaforge.com\/index.php\/2025\/12\/13\/adaptations-eleves-tnd-fatigue-cognitive\/#breadcrumb","itemListElement":[{"@type":"ListItem","position":1,"name":"Accueil","item":"https:\/\/audreydelaforge.com\/"},{"@type":"ListItem","position":2,"name":"\ud83d\udc53 Lunettes invisibles et fatigue r\u00e9elle : comprendre et respecter les adaptations pour les \u00e9l\u00e8ves \u00e0 TND"}]},{"@type":"WebSite","@id":"https:\/\/audreydelaforge.com\/#website","url":"https:\/\/audreydelaforge.com\/","name":"Audrey Delaforge, Orthop\u00e9dagogue","description":"L&#039;apprenant au centre du savoir","publisher":{"@id":"https:\/\/audreydelaforge.com\/#organization"},"potentialAction":[{"@type":"SearchAction","target":{"@type":"EntryPoint","urlTemplate":"https:\/\/audreydelaforge.com\/?s={search_term_string}"},"query-input":{"@type":"PropertyValueSpecification","valueRequired":true,"valueName":"search_term_string"}}],"inLanguage":"fr-FR"},{"@type":"Organization","@id":"https:\/\/audreydelaforge.com\/#organization","name":"Audrey Delaforge, Orthop\u00e9dagogue","url":"https:\/\/audreydelaforge.com\/","logo":{"@type":"ImageObject","inLanguage":"fr-FR","@id":"https:\/\/audreydelaforge.com\/#\/schema\/logo\/image\/","url":"https:\/\/audreydelaforge.com\/wp-content\/uploads\/2022\/06\/Logo-orange-noir-avec-Audrey-1.png","contentUrl":"https:\/\/audreydelaforge.com\/wp-content\/uploads\/2022\/06\/Logo-orange-noir-avec-Audrey-1.png","width":500,"height":500,"caption":"Audrey Delaforge, Orthop\u00e9dagogue"},"image":{"@id":"https:\/\/audreydelaforge.com\/#\/schema\/logo\/image\/"},"sameAs":["https:\/\/www.facebook.com\/audreycateldelaforge","https:\/\/www.linkedin.com\/in\/audrey-catel-delaforge","https:\/\/www.instagram.com\/audrey_delaforge\/"]},{"@type":"Person","@id":"https:\/\/audreydelaforge.com\/#\/schema\/person\/b44bccc3f328e9802afbab74bb74495d","name":"audrey.catel.delaforge@gmail.com","image":{"@type":"ImageObject","inLanguage":"fr-FR","@id":"https:\/\/secure.gravatar.com\/avatar\/6d2d46023ee8ab957213dcdb0ea8dc964f367c205b281a7f789f0eb314dfafbf?s=96&d=mm&r=g","url":"https:\/\/secure.gravatar.com\/avatar\/6d2d46023ee8ab957213dcdb0ea8dc964f367c205b281a7f789f0eb314dfafbf?s=96&d=mm&r=g","contentUrl":"https:\/\/secure.gravatar.com\/avatar\/6d2d46023ee8ab957213dcdb0ea8dc964f367c205b281a7f789f0eb314dfafbf?s=96&d=mm&r=g","caption":"audrey.catel.delaforge@gmail.com"},"sameAs":["http:\/\/audreydelaforge.com"],"url":"https:\/\/audreydelaforge.com\/index.php\/author\/audrey-catel-delaforgegmail-com\/"}]}},"_links":{"self":[{"href":"https:\/\/audreydelaforge.com\/index.php\/wp-json\/wp\/v2\/posts\/1648","targetHints":{"allow":["GET"]}}],"collection":[{"href":"https:\/\/audreydelaforge.com\/index.php\/wp-json\/wp\/v2\/posts"}],"about":[{"href":"https:\/\/audreydelaforge.com\/index.php\/wp-json\/wp\/v2\/types\/post"}],"author":[{"embeddable":true,"href":"https:\/\/audreydelaforge.com\/index.php\/wp-json\/wp\/v2\/users\/1"}],"replies":[{"embeddable":true,"href":"https:\/\/audreydelaforge.com\/index.php\/wp-json\/wp\/v2\/comments?post=1648"}],"version-history":[{"count":0,"href":"https:\/\/audreydelaforge.com\/index.php\/wp-json\/wp\/v2\/posts\/1648\/revisions"}],"wp:featuredmedia":[{"embeddable":true,"href":"https:\/\/audreydelaforge.com\/index.php\/wp-json\/wp\/v2\/media\/1649"}],"wp:attachment":[{"href":"https:\/\/audreydelaforge.com\/index.php\/wp-json\/wp\/v2\/media?parent=1648"}],"wp:term":[{"taxonomy":"category","embeddable":true,"href":"https:\/\/audreydelaforge.com\/index.php\/wp-json\/wp\/v2\/categories?post=1648"},{"taxonomy":"post_tag","embeddable":true,"href":"https:\/\/audreydelaforge.com\/index.php\/wp-json\/wp\/v2\/tags?post=1648"}],"curies":[{"name":"wp","href":"https:\/\/api.w.org\/{rel}","templated":true}]}}