{"id":1654,"date":"2025-12-20T08:28:57","date_gmt":"2025-12-20T08:28:57","guid":{"rendered":"https:\/\/audreydelaforge.com\/?p=1654"},"modified":"2025-12-20T08:28:59","modified_gmt":"2025-12-20T08:28:59","slug":"importance-preconisations-scolaires-orthopedagogue-coordination","status":"publish","type":"post","link":"https:\/\/audreydelaforge.com\/index.php\/2025\/12\/20\/importance-preconisations-scolaires-orthopedagogue-coordination\/","title":{"rendered":"Faire vivre les pr\u00e9conisations : un levier de r\u00e9ussite pour les \u00e9l\u00e8ves \u00e0 besoins sp\u00e9cifiques"},"content":{"rendered":"<div class=\"wp-block-image\">\n<figure class=\"aligncenter size-large is-resized\"><img loading=\"lazy\" decoding=\"async\" width=\"1024\" height=\"683\" src=\"https:\/\/audreydelaforge.com\/wp-content\/uploads\/2025\/12\/ChatGPT-Image-20-dec.-2025-09_17_14-1024x683.png\" alt=\"\" class=\"wp-image-1655\" style=\"width:1170px;height:auto\" srcset=\"https:\/\/audreydelaforge.com\/wp-content\/uploads\/2025\/12\/ChatGPT-Image-20-dec.-2025-09_17_14-1024x683.png 1024w, https:\/\/audreydelaforge.com\/wp-content\/uploads\/2025\/12\/ChatGPT-Image-20-dec.-2025-09_17_14-300x200.png 300w, https:\/\/audreydelaforge.com\/wp-content\/uploads\/2025\/12\/ChatGPT-Image-20-dec.-2025-09_17_14-768x512.png 768w, https:\/\/audreydelaforge.com\/wp-content\/uploads\/2025\/12\/ChatGPT-Image-20-dec.-2025-09_17_14-930x620.png 930w, https:\/\/audreydelaforge.com\/wp-content\/uploads\/2025\/12\/ChatGPT-Image-20-dec.-2025-09_17_14-600x400.png 600w, https:\/\/audreydelaforge.com\/wp-content\/uploads\/2025\/12\/ChatGPT-Image-20-dec.-2025-09_17_14.png 1536w\" sizes=\"auto, (max-width: 1024px) 100vw, 1024px\" \/><\/figure>\n<\/div>\n\n\n<blockquote class=\"wp-block-quote is-layout-flow wp-block-quote-is-layout-flow\">\n<p><em>\u201cOn a fait tous ces bilans\u2026 et pourtant, \u00e0 l\u2019\u00e9cole, rien ne change.\u201d<\/em><\/p>\n<\/blockquote>\n\n\n\n<p>Cette phrase, je l\u2019entends r\u00e9guli\u00e8rement. Du c\u00f4t\u00e9 des parents, elle traduit une profonde fatigue, une forme d\u2019incompr\u00e9hension. Du c\u00f4t\u00e9 des professionnels de l\u2019\u00e9ducation, elle fait \u00e9cho \u00e0 une r\u00e9alit\u00e9 : celle de pr\u00e9conisations scolaires bien formul\u00e9es, mais trop souvent peu ou mal mises en \u0153uvre.<\/p>\n\n\n\n<p>Et pourtant, derri\u00e8re chaque compte-rendu de bilan ou chaque diagnostic \u2014 qu\u2019il s\u2019agisse de TDAH, de troubles dys ou d\u2019autres profils d\u2019\u00e9l\u00e8ves \u00e0 besoins sp\u00e9cifiques \u2014 il y a un enfant. Un \u00e9l\u00e8ve qui ne demande qu\u2019\u00e0 apprendre, \u00e0 grandir, \u00e0 s\u2019\u00e9panouir dans un cadre adapt\u00e9.<\/p>\n\n\n\n<p>Alors, comment s\u2019assurer que ces recommandations deviennent des leviers concrets pour sa r\u00e9ussite ? Quel r\u00f4le peut jouer l\u2019orthop\u00e9dagogue dans cette d\u00e9marche ? Explorons ensemble cette mission de coordination bienveillante, essentielle \u00e0 un parcours scolaire apais\u00e9.<\/p>\n\n\n\n<p><\/p>\n\n\n\n<h2 class=\"wp-block-heading\">Pourquoi les pr\u00e9conisations scolaires ne sont-elles pas toujours suivies ?<\/h2>\n\n\n\n<p>Il ne s\u2019agit jamais d\u2019un manque de volont\u00e9. Et pourtant, entre les intentions et la r\u00e9alit\u00e9 de terrain, un foss\u00e9 peut se creuser.<\/p>\n\n\n\n<p>Voici quelques raisons fr\u00e9quentes observ\u00e9es :<\/p>\n\n\n\n<ul class=\"wp-block-list\">\n<li><strong>Manque de temps et de moyens<\/strong> dans les \u00e9tablissements pour mettre en place les am\u00e9nagements scolaires n\u00e9cessaires<\/li>\n\n\n\n<li><strong>M\u00e9sentente ou m\u00e9connaissance<\/strong> des diagnostics m\u00e9dicaux et des recommandations associ\u00e9es<\/li>\n\n\n\n<li><strong>Communication difficile<\/strong> entre les diff\u00e9rents acteurs : famille, enseignants, professionnels de sant\u00e9<\/li>\n\n\n\n<li><strong>Rotation fr\u00e9quente<\/strong> des enseignants ou des AESH, qui complique la continuit\u00e9 des suivis<\/li>\n\n\n\n<li><strong>Sentiment d\u2019ill\u00e9gitimit\u00e9<\/strong> des parents \u00e0 insister pour l&rsquo;application des pr\u00e9conisations<\/li>\n<\/ul>\n\n\n\n<p>R\u00e9sultat : l\u2019\u00e9l\u00e8ve avance tant bien que mal, avec des efforts redoubl\u00e9s\u2026 et souvent un sentiment d\u2019\u00e9chec ou de d\u00e9calage qui s\u2019installe.<\/p>\n\n\n\n<p><\/p>\n\n\n\n<h2 class=\"wp-block-heading\">Les cons\u00e9quences sur l\u2019\u00e9l\u00e8ve\u2026 et sa famille<\/h2>\n\n\n\n<p>Lorsqu\u2019un diagnostic est pos\u00e9, c\u2019est souvent un soulagement : on comprend mieux le fonctionnement de l\u2019enfant, ses forces, ses besoins. Mais lorsque rien ne bouge sur le terrain, cette lumi\u00e8re devient source de frustration.<\/p>\n\n\n\n<p>Pour l\u2019\u00e9l\u00e8ve, cela peut se traduire par :<\/p>\n\n\n\n<ul class=\"wp-block-list\">\n<li>Une <strong>perte de confiance en soi<\/strong><\/li>\n\n\n\n<li>Une <strong>d\u00e9motivation<\/strong> progressive<\/li>\n\n\n\n<li>Des <strong>troubles du comportement ou du sommeil<\/strong><\/li>\n\n\n\n<li>Une <strong>fatigue chronique<\/strong>, mentale et physique<\/li>\n<\/ul>\n\n\n\n<p>Et pour les parents :<\/p>\n\n\n\n<ul class=\"wp-block-list\">\n<li>Un <strong>sentiment d\u2019impuissance<\/strong><\/li>\n\n\n\n<li>Le <strong>fardeau mental<\/strong> de devoir \u00ab\u00a0porter\u00a0\u00bb seuls le parcours scolaire de leur enfant<\/li>\n\n\n\n<li>Parfois m\u00eame une forme de <strong>d\u00e9couragement face \u00e0 l\u2019institution<\/strong><\/li>\n<\/ul>\n\n\n\n<p><\/p>\n\n\n\n<h2 class=\"wp-block-heading\">Le r\u00f4le de l\u2019orthop\u00e9dagogue : un lien entre tous, au service de l\u2019\u00e9l\u00e8ve<\/h2>\n\n\n\n<p>C\u2019est ici que mon m\u00e9tier prend tout son sens.<\/p>\n\n\n\n<p>En tant qu\u2019orthop\u00e9dagogue, j\u2019interviens \u00e0 la crois\u00e9e des chemins entre la famille, l\u2019\u00e9cole et les professionnels de sant\u00e9. Mon r\u00f4le est d\u2019accompagner l\u2019\u00e9l\u00e8ve de mani\u00e8re individualis\u00e9e, tout en facilitant la <strong>coordination p\u00e9dagogique<\/strong> n\u00e9cessaire \u00e0 la mise en place des <strong>am\u00e9nagements scolaires<\/strong> recommand\u00e9s.<\/p>\n\n\n\n<h3 class=\"wp-block-heading\">Concr\u00e8tement, cela passe par :<\/h3>\n\n\n\n<ul class=\"wp-block-list\">\n<li><strong>L\u2019analyse d\u00e9taill\u00e9e des bilans<\/strong> (neuropsychologique, orthophonique, psychomoteur, etc.)<\/li>\n\n\n\n<li>La <strong>traduction p\u00e9dagogique<\/strong> des pr\u00e9conisations : qu\u2019est-ce qu\u2019on met en place, quand, comment, pourquoi ?<\/li>\n\n\n\n<li>Des <strong>s\u00e9ances personnalis\u00e9es<\/strong> avec l\u2019\u00e9l\u00e8ve pour d\u00e9velopper des strat\u00e9gies d\u2019apprentissage efficaces<\/li>\n\n\n\n<li>Un <strong>accompagnement des familles<\/strong> pour qu\u2019elles se sentent l\u00e9gitimes, inform\u00e9es, entendues<\/li>\n\n\n\n<li>Une <strong>communication avec l\u2019\u00e9quipe enseignante<\/strong>, dans un esprit de collaboration respectueux<\/li>\n\n\n\n<li>Et, lorsque c\u2019est pertinent, <strong>ma participation aux ESS<\/strong> (\u00c9quipes de Suivi de Scolarisation), en visio ou en pr\u00e9sentiel, \u00e0 la demande des familles, pour porter la voix des besoins sp\u00e9cifiques de l\u2019\u00e9l\u00e8ve<\/li>\n<\/ul>\n\n\n<div class=\"wp-block-image\">\n<figure class=\"aligncenter size-full is-resized\"><img loading=\"lazy\" decoding=\"async\" width=\"912\" height=\"696\" src=\"https:\/\/audreydelaforge.com\/wp-content\/uploads\/2025\/12\/visual-selection.png\" alt=\"\" class=\"wp-image-1656\" style=\"aspect-ratio:1.3103805971992393;width:832px;height:auto\" srcset=\"https:\/\/audreydelaforge.com\/wp-content\/uploads\/2025\/12\/visual-selection.png 912w, https:\/\/audreydelaforge.com\/wp-content\/uploads\/2025\/12\/visual-selection-300x229.png 300w, https:\/\/audreydelaforge.com\/wp-content\/uploads\/2025\/12\/visual-selection-768x586.png 768w, https:\/\/audreydelaforge.com\/wp-content\/uploads\/2025\/12\/visual-selection-600x458.png 600w\" sizes=\"auto, (max-width: 912px) 100vw, 912px\" \/><\/figure>\n<\/div>\n\n\n<h2 class=\"wp-block-heading\">Une mission reconnue et soutenue<\/h2>\n\n\n\n<p>Lors d\u2019un r\u00e9cent \u00e9change avec un inspecteur de circonscription, nous avons partag\u00e9 cette conviction commune : <strong>il est imp\u00e9ratif de rappeler la l\u00e9gitimit\u00e9 des bilans et des diagnostics m\u00e9dicaux.<\/strong><\/p>\n\n\n\n<p>Trop souvent, ceux-ci sont per\u00e7us comme de simples \u201cdocuments \u00e0 lire\u201d, alors qu\u2019ils devraient \u00eatre consid\u00e9r\u00e9s comme des <strong>outils d\u2019inclusion puissants<\/strong>. Refuser de les prendre en compte, c\u2019est invisibiliser le fonctionnement cognitif d\u2019un \u00e9l\u00e8ve \u2014 et manquer une chance de l\u2019aider \u00e0 progresser dans un cadre respectueux de ses besoins.<\/p>\n\n\n\n<p>L\u2019inspecteur insistait lui aussi sur l\u2019importance de <strong>valoriser le travail de coordination<\/strong>, en reconnaissant le r\u00f4le cl\u00e9 de l\u2019orthop\u00e9dagogue dans l\u2019\u00e9cosyst\u00e8me \u00e9ducatif.<\/p>\n\n\n\n<p><\/p>\n\n\n\n<h2 class=\"wp-block-heading\">Faire vivre les pr\u00e9conisations, c\u2019est offrir du sens et du mieux-\u00eatre \u00e0 l\u2019\u00e9l\u00e8ve<\/h2>\n\n\n\n<p>Chaque fois qu\u2019un enseignant adapte son \u00e9valuation, qu\u2019un AESH ajuste son accompagnement, ou qu\u2019un parent comprend mieux les besoins de son enfant\u2026 on avance. Ce sont des petites victoires qui, mises bout \u00e0 bout, changent le quotidien de l\u2019\u00e9l\u00e8ve.<\/p>\n\n\n\n<p>\ud83d\udc49 Ce n\u2019est pas une question de perfection, mais de <strong>coh\u00e9rence et d\u2019humanit\u00e9<\/strong><br>\ud83d\udc49 Ce n\u2019est pas une charge en plus, c\u2019est une chance de mieux faire ensemble<\/p>\n\n\n\n<p><\/p>\n\n\n\n<h2 class=\"wp-block-heading\">\ud83d\udca1 Envie d\u2019y voir plus clair pour ton enfant ?<\/h2>\n\n\n\n<p>Si ton enfant est concern\u00e9 par un <strong>TDAH<\/strong>, des troubles des apprentissages ou tout autre <strong>profil \u00e0 besoins sp\u00e9cifiques<\/strong>, je t\u2019invite \u00e0 d\u00e9couvrir l\u2019accompagnement :<br>\ud83d\udc49 <strong><a href=\"https:\/\/audreydelaforge.com\/index.php\/bilan-de-situation-enfant-tdah\/\">Bilan de situation \u2013 Enfant TDAH (et autres profils)<\/a><\/strong><\/p>\n\n\n\n<p>C\u2019est un point de d\u00e9part concret pour faire le lien entre les bilans, l\u2019\u00e9cole et le quotidien de ton enfant \u2014 avec bienveillance, expertise et coordination.<\/p>\n\n\n\n<p><strong>Ensemble, faisons des pr\u00e9conisations un v\u00e9ritable tremplin pour les \u00e9l\u00e8ves \u00e0 besoins sp\u00e9cifiques.<\/strong> \ud83d\udc9b<\/p>\n\n\n\n<p><\/p>\n","protected":false},"excerpt":{"rendered":"<p>\u201cOn a fait tous ces bilans\u2026 et pourtant, \u00e0 l\u2019\u00e9cole, rien ne change.\u201d Cette phrase, je l\u2019entends r\u00e9guli\u00e8rement. Du c\u00f4t\u00e9 des parents, elle traduit une profonde fatigue, une forme d\u2019incompr\u00e9hension. Du c\u00f4t\u00e9 des professionnels de l\u2019\u00e9ducation, elle fait \u00e9cho \u00e0 une r\u00e9alit\u00e9 : celle de pr\u00e9conisations scolaires bien formul\u00e9es, mais trop souvent peu ou mal&hellip;&nbsp;<a href=\"https:\/\/audreydelaforge.com\/index.php\/2025\/12\/20\/importance-preconisations-scolaires-orthopedagogue-coordination\/\" rel=\"bookmark\">Lire la suite &raquo;<span class=\"screen-reader-text\">Faire vivre les pr\u00e9conisations : un levier de r\u00e9ussite pour les \u00e9l\u00e8ves \u00e0 besoins sp\u00e9cifiques<\/span><\/a><\/p>\n","protected":false},"author":1,"featured_media":1655,"comment_status":"closed","ping_status":"open","sticky":false,"template":"","format":"standard","meta":{"om_disable_all_campaigns":false,"neve_meta_sidebar":"","neve_meta_container":"","neve_meta_enable_content_width":"","neve_meta_content_width":0,"neve_meta_title_alignment":"","neve_meta_author_avatar":"","neve_post_elements_order":"","neve_meta_disable_header":"","neve_meta_disable_footer":"","neve_meta_disable_title":"","footnotes":""},"categories":[25,19],"tags":[],"class_list":["post-1654","post","type-post","status-publish","format-standard","has-post-thumbnail","hentry","category-dispositifs","category-orthopedagogie"],"yoast_head":"<!-- This site is optimized with the Yoast SEO plugin v27.5 - https:\/\/yoast.com\/product\/yoast-seo-wordpress\/ -->\n<title>Faire vivre les pr\u00e9conisations : un levier de r\u00e9ussite pour les \u00e9l\u00e8ves \u00e0 besoins sp\u00e9cifiques ~ Audrey Delaforge, Orthop\u00e9dagogue<\/title>\n<meta name=\"description\" content=\"Pourquoi les pr\u00e9conisations issues des bilans sont essentielles pour les \u00e9l\u00e8ves \u00e0 besoins sp\u00e9cifiques ? D\u00e9couvre le r\u00f4le de l\u2019orthop\u00e9dagogue comme coordinateur entre familles, \u00e9cole et professionnels de sant\u00e9\" \/>\n<meta name=\"robots\" content=\"index, follow, max-snippet:-1, max-image-preview:large, max-video-preview:-1\" \/>\n<link rel=\"canonical\" href=\"https:\/\/audreydelaforge.com\/index.php\/2025\/12\/20\/importance-preconisations-scolaires-orthopedagogue-coordination\/\" \/>\n<meta property=\"og:locale\" content=\"fr_FR\" \/>\n<meta property=\"og:type\" content=\"article\" \/>\n<meta property=\"og:title\" content=\"Faire vivre les pr\u00e9conisations : un levier de r\u00e9ussite pour les \u00e9l\u00e8ves \u00e0 besoins sp\u00e9cifiques ~ Audrey Delaforge, Orthop\u00e9dagogue\" \/>\n<meta property=\"og:description\" content=\"Pourquoi les pr\u00e9conisations issues des bilans sont essentielles pour les \u00e9l\u00e8ves \u00e0 besoins sp\u00e9cifiques ? D\u00e9couvre le r\u00f4le de l\u2019orthop\u00e9dagogue comme coordinateur entre familles, \u00e9cole et professionnels de sant\u00e9\" \/>\n<meta property=\"og:url\" content=\"https:\/\/audreydelaforge.com\/index.php\/2025\/12\/20\/importance-preconisations-scolaires-orthopedagogue-coordination\/\" \/>\n<meta property=\"og:site_name\" content=\"Audrey Delaforge, Orthop\u00e9dagogue\" \/>\n<meta property=\"article:publisher\" content=\"https:\/\/www.facebook.com\/audreycateldelaforge\" \/>\n<meta property=\"article:published_time\" content=\"2025-12-20T08:28:57+00:00\" \/>\n<meta property=\"article:modified_time\" content=\"2025-12-20T08:28:59+00:00\" \/>\n<meta property=\"og:image\" content=\"https:\/\/audreydelaforge.com\/wp-content\/uploads\/2025\/12\/ChatGPT-Image-20-dec.-2025-09_17_14-1024x683.png\" \/>\n\t<meta property=\"og:image:width\" content=\"1024\" \/>\n\t<meta property=\"og:image:height\" content=\"683\" \/>\n\t<meta property=\"og:image:type\" content=\"image\/png\" \/>\n<meta name=\"author\" content=\"audrey.catel.delaforge@gmail.com\" \/>\n<meta name=\"twitter:card\" content=\"summary_large_image\" \/>\n<meta name=\"twitter:label1\" content=\"\u00c9crit par\" \/>\n\t<meta name=\"twitter:data1\" content=\"audrey.catel.delaforge@gmail.com\" \/>\n\t<meta name=\"twitter:label2\" content=\"Dur\u00e9e de lecture estim\u00e9e\" \/>\n\t<meta name=\"twitter:data2\" content=\"5 minutes\" \/>\n<script type=\"application\/ld+json\" class=\"yoast-schema-graph\">{\"@context\":\"https:\\\/\\\/schema.org\",\"@graph\":[{\"@type\":\"Article\",\"@id\":\"https:\\\/\\\/audreydelaforge.com\\\/index.php\\\/2025\\\/12\\\/20\\\/importance-preconisations-scolaires-orthopedagogue-coordination\\\/#article\",\"isPartOf\":{\"@id\":\"https:\\\/\\\/audreydelaforge.com\\\/index.php\\\/2025\\\/12\\\/20\\\/importance-preconisations-scolaires-orthopedagogue-coordination\\\/\"},\"author\":{\"name\":\"audrey.catel.delaforge@gmail.com\",\"@id\":\"https:\\\/\\\/audreydelaforge.com\\\/#\\\/schema\\\/person\\\/b44bccc3f328e9802afbab74bb74495d\"},\"headline\":\"Faire vivre les pr\u00e9conisations : un levier de r\u00e9ussite pour les \u00e9l\u00e8ves \u00e0 besoins sp\u00e9cifiques\",\"datePublished\":\"2025-12-20T08:28:57+00:00\",\"dateModified\":\"2025-12-20T08:28:59+00:00\",\"mainEntityOfPage\":{\"@id\":\"https:\\\/\\\/audreydelaforge.com\\\/index.php\\\/2025\\\/12\\\/20\\\/importance-preconisations-scolaires-orthopedagogue-coordination\\\/\"},\"wordCount\":924,\"publisher\":{\"@id\":\"https:\\\/\\\/audreydelaforge.com\\\/#organization\"},\"image\":{\"@id\":\"https:\\\/\\\/audreydelaforge.com\\\/index.php\\\/2025\\\/12\\\/20\\\/importance-preconisations-scolaires-orthopedagogue-coordination\\\/#primaryimage\"},\"thumbnailUrl\":\"https:\\\/\\\/audreydelaforge.com\\\/wp-content\\\/uploads\\\/2025\\\/12\\\/ChatGPT-Image-20-dec.-2025-09_17_14.png\",\"articleSection\":[\"Dispositifs\",\"Orthop\u00e9dagogie\"],\"inLanguage\":\"fr-FR\"},{\"@type\":\"WebPage\",\"@id\":\"https:\\\/\\\/audreydelaforge.com\\\/index.php\\\/2025\\\/12\\\/20\\\/importance-preconisations-scolaires-orthopedagogue-coordination\\\/\",\"url\":\"https:\\\/\\\/audreydelaforge.com\\\/index.php\\\/2025\\\/12\\\/20\\\/importance-preconisations-scolaires-orthopedagogue-coordination\\\/\",\"name\":\"Faire vivre les pr\u00e9conisations : un levier de r\u00e9ussite pour les \u00e9l\u00e8ves \u00e0 besoins sp\u00e9cifiques ~ Audrey Delaforge, Orthop\u00e9dagogue\",\"isPartOf\":{\"@id\":\"https:\\\/\\\/audreydelaforge.com\\\/#website\"},\"primaryImageOfPage\":{\"@id\":\"https:\\\/\\\/audreydelaforge.com\\\/index.php\\\/2025\\\/12\\\/20\\\/importance-preconisations-scolaires-orthopedagogue-coordination\\\/#primaryimage\"},\"image\":{\"@id\":\"https:\\\/\\\/audreydelaforge.com\\\/index.php\\\/2025\\\/12\\\/20\\\/importance-preconisations-scolaires-orthopedagogue-coordination\\\/#primaryimage\"},\"thumbnailUrl\":\"https:\\\/\\\/audreydelaforge.com\\\/wp-content\\\/uploads\\\/2025\\\/12\\\/ChatGPT-Image-20-dec.-2025-09_17_14.png\",\"datePublished\":\"2025-12-20T08:28:57+00:00\",\"dateModified\":\"2025-12-20T08:28:59+00:00\",\"description\":\"Pourquoi les pr\u00e9conisations issues des bilans sont essentielles pour les \u00e9l\u00e8ves \u00e0 besoins sp\u00e9cifiques ? D\u00e9couvre le r\u00f4le de l\u2019orthop\u00e9dagogue comme coordinateur entre familles, \u00e9cole et professionnels de sant\u00e9\",\"breadcrumb\":{\"@id\":\"https:\\\/\\\/audreydelaforge.com\\\/index.php\\\/2025\\\/12\\\/20\\\/importance-preconisations-scolaires-orthopedagogue-coordination\\\/#breadcrumb\"},\"inLanguage\":\"fr-FR\",\"potentialAction\":[{\"@type\":\"ReadAction\",\"target\":[\"https:\\\/\\\/audreydelaforge.com\\\/index.php\\\/2025\\\/12\\\/20\\\/importance-preconisations-scolaires-orthopedagogue-coordination\\\/\"]}]},{\"@type\":\"ImageObject\",\"inLanguage\":\"fr-FR\",\"@id\":\"https:\\\/\\\/audreydelaforge.com\\\/index.php\\\/2025\\\/12\\\/20\\\/importance-preconisations-scolaires-orthopedagogue-coordination\\\/#primaryimage\",\"url\":\"https:\\\/\\\/audreydelaforge.com\\\/wp-content\\\/uploads\\\/2025\\\/12\\\/ChatGPT-Image-20-dec.-2025-09_17_14.png\",\"contentUrl\":\"https:\\\/\\\/audreydelaforge.com\\\/wp-content\\\/uploads\\\/2025\\\/12\\\/ChatGPT-Image-20-dec.-2025-09_17_14.png\",\"width\":1536,\"height\":1024},{\"@type\":\"BreadcrumbList\",\"@id\":\"https:\\\/\\\/audreydelaforge.com\\\/index.php\\\/2025\\\/12\\\/20\\\/importance-preconisations-scolaires-orthopedagogue-coordination\\\/#breadcrumb\",\"itemListElement\":[{\"@type\":\"ListItem\",\"position\":1,\"name\":\"Accueil\",\"item\":\"https:\\\/\\\/audreydelaforge.com\\\/\"},{\"@type\":\"ListItem\",\"position\":2,\"name\":\"Faire vivre les pr\u00e9conisations : un levier de r\u00e9ussite pour les \u00e9l\u00e8ves \u00e0 besoins sp\u00e9cifiques\"}]},{\"@type\":\"WebSite\",\"@id\":\"https:\\\/\\\/audreydelaforge.com\\\/#website\",\"url\":\"https:\\\/\\\/audreydelaforge.com\\\/\",\"name\":\"Audrey Delaforge, Orthop\u00e9dagogue\",\"description\":\"L&#039;apprenant au centre du savoir\",\"publisher\":{\"@id\":\"https:\\\/\\\/audreydelaforge.com\\\/#organization\"},\"potentialAction\":[{\"@type\":\"SearchAction\",\"target\":{\"@type\":\"EntryPoint\",\"urlTemplate\":\"https:\\\/\\\/audreydelaforge.com\\\/?s={search_term_string}\"},\"query-input\":{\"@type\":\"PropertyValueSpecification\",\"valueRequired\":true,\"valueName\":\"search_term_string\"}}],\"inLanguage\":\"fr-FR\"},{\"@type\":\"Organization\",\"@id\":\"https:\\\/\\\/audreydelaforge.com\\\/#organization\",\"name\":\"Audrey Delaforge, Orthop\u00e9dagogue\",\"url\":\"https:\\\/\\\/audreydelaforge.com\\\/\",\"logo\":{\"@type\":\"ImageObject\",\"inLanguage\":\"fr-FR\",\"@id\":\"https:\\\/\\\/audreydelaforge.com\\\/#\\\/schema\\\/logo\\\/image\\\/\",\"url\":\"https:\\\/\\\/audreydelaforge.com\\\/wp-content\\\/uploads\\\/2022\\\/06\\\/Logo-orange-noir-avec-Audrey-1.png\",\"contentUrl\":\"https:\\\/\\\/audreydelaforge.com\\\/wp-content\\\/uploads\\\/2022\\\/06\\\/Logo-orange-noir-avec-Audrey-1.png\",\"width\":500,\"height\":500,\"caption\":\"Audrey Delaforge, Orthop\u00e9dagogue\"},\"image\":{\"@id\":\"https:\\\/\\\/audreydelaforge.com\\\/#\\\/schema\\\/logo\\\/image\\\/\"},\"sameAs\":[\"https:\\\/\\\/www.facebook.com\\\/audreycateldelaforge\",\"https:\\\/\\\/www.linkedin.com\\\/in\\\/audrey-catel-delaforge\",\"https:\\\/\\\/www.instagram.com\\\/audrey_delaforge\\\/\"]},{\"@type\":\"Person\",\"@id\":\"https:\\\/\\\/audreydelaforge.com\\\/#\\\/schema\\\/person\\\/b44bccc3f328e9802afbab74bb74495d\",\"name\":\"audrey.catel.delaforge@gmail.com\",\"image\":{\"@type\":\"ImageObject\",\"inLanguage\":\"fr-FR\",\"@id\":\"https:\\\/\\\/secure.gravatar.com\\\/avatar\\\/6d2d46023ee8ab957213dcdb0ea8dc964f367c205b281a7f789f0eb314dfafbf?s=96&d=mm&r=g\",\"url\":\"https:\\\/\\\/secure.gravatar.com\\\/avatar\\\/6d2d46023ee8ab957213dcdb0ea8dc964f367c205b281a7f789f0eb314dfafbf?s=96&d=mm&r=g\",\"contentUrl\":\"https:\\\/\\\/secure.gravatar.com\\\/avatar\\\/6d2d46023ee8ab957213dcdb0ea8dc964f367c205b281a7f789f0eb314dfafbf?s=96&d=mm&r=g\",\"caption\":\"audrey.catel.delaforge@gmail.com\"},\"sameAs\":[\"http:\\\/\\\/audreydelaforge.com\"],\"url\":\"https:\\\/\\\/audreydelaforge.com\\\/index.php\\\/author\\\/audrey-catel-delaforgegmail-com\\\/\"}]}<\/script>\n<!-- \/ Yoast SEO plugin. -->","yoast_head_json":{"title":"Faire vivre les pr\u00e9conisations : un levier de r\u00e9ussite pour les \u00e9l\u00e8ves \u00e0 besoins sp\u00e9cifiques ~ Audrey Delaforge, Orthop\u00e9dagogue","description":"Pourquoi les pr\u00e9conisations issues des bilans sont essentielles pour les \u00e9l\u00e8ves \u00e0 besoins sp\u00e9cifiques ? D\u00e9couvre le r\u00f4le de l\u2019orthop\u00e9dagogue comme coordinateur entre familles, \u00e9cole et professionnels de sant\u00e9","robots":{"index":"index","follow":"follow","max-snippet":"max-snippet:-1","max-image-preview":"max-image-preview:large","max-video-preview":"max-video-preview:-1"},"canonical":"https:\/\/audreydelaforge.com\/index.php\/2025\/12\/20\/importance-preconisations-scolaires-orthopedagogue-coordination\/","og_locale":"fr_FR","og_type":"article","og_title":"Faire vivre les pr\u00e9conisations : un levier de r\u00e9ussite pour les \u00e9l\u00e8ves \u00e0 besoins sp\u00e9cifiques ~ Audrey Delaforge, Orthop\u00e9dagogue","og_description":"Pourquoi les pr\u00e9conisations issues des bilans sont essentielles pour les \u00e9l\u00e8ves \u00e0 besoins sp\u00e9cifiques ? D\u00e9couvre le r\u00f4le de l\u2019orthop\u00e9dagogue comme coordinateur entre familles, \u00e9cole et professionnels de sant\u00e9","og_url":"https:\/\/audreydelaforge.com\/index.php\/2025\/12\/20\/importance-preconisations-scolaires-orthopedagogue-coordination\/","og_site_name":"Audrey Delaforge, Orthop\u00e9dagogue","article_publisher":"https:\/\/www.facebook.com\/audreycateldelaforge","article_published_time":"2025-12-20T08:28:57+00:00","article_modified_time":"2025-12-20T08:28:59+00:00","og_image":[{"width":1024,"height":683,"url":"https:\/\/audreydelaforge.com\/wp-content\/uploads\/2025\/12\/ChatGPT-Image-20-dec.-2025-09_17_14-1024x683.png","type":"image\/png"}],"author":"audrey.catel.delaforge@gmail.com","twitter_card":"summary_large_image","twitter_misc":{"\u00c9crit par":"audrey.catel.delaforge@gmail.com","Dur\u00e9e de lecture estim\u00e9e":"5 minutes"},"schema":{"@context":"https:\/\/schema.org","@graph":[{"@type":"Article","@id":"https:\/\/audreydelaforge.com\/index.php\/2025\/12\/20\/importance-preconisations-scolaires-orthopedagogue-coordination\/#article","isPartOf":{"@id":"https:\/\/audreydelaforge.com\/index.php\/2025\/12\/20\/importance-preconisations-scolaires-orthopedagogue-coordination\/"},"author":{"name":"audrey.catel.delaforge@gmail.com","@id":"https:\/\/audreydelaforge.com\/#\/schema\/person\/b44bccc3f328e9802afbab74bb74495d"},"headline":"Faire vivre les pr\u00e9conisations : un levier de r\u00e9ussite pour les \u00e9l\u00e8ves \u00e0 besoins sp\u00e9cifiques","datePublished":"2025-12-20T08:28:57+00:00","dateModified":"2025-12-20T08:28:59+00:00","mainEntityOfPage":{"@id":"https:\/\/audreydelaforge.com\/index.php\/2025\/12\/20\/importance-preconisations-scolaires-orthopedagogue-coordination\/"},"wordCount":924,"publisher":{"@id":"https:\/\/audreydelaforge.com\/#organization"},"image":{"@id":"https:\/\/audreydelaforge.com\/index.php\/2025\/12\/20\/importance-preconisations-scolaires-orthopedagogue-coordination\/#primaryimage"},"thumbnailUrl":"https:\/\/audreydelaforge.com\/wp-content\/uploads\/2025\/12\/ChatGPT-Image-20-dec.-2025-09_17_14.png","articleSection":["Dispositifs","Orthop\u00e9dagogie"],"inLanguage":"fr-FR"},{"@type":"WebPage","@id":"https:\/\/audreydelaforge.com\/index.php\/2025\/12\/20\/importance-preconisations-scolaires-orthopedagogue-coordination\/","url":"https:\/\/audreydelaforge.com\/index.php\/2025\/12\/20\/importance-preconisations-scolaires-orthopedagogue-coordination\/","name":"Faire vivre les pr\u00e9conisations : un levier de r\u00e9ussite pour les \u00e9l\u00e8ves \u00e0 besoins sp\u00e9cifiques ~ Audrey Delaforge, Orthop\u00e9dagogue","isPartOf":{"@id":"https:\/\/audreydelaforge.com\/#website"},"primaryImageOfPage":{"@id":"https:\/\/audreydelaforge.com\/index.php\/2025\/12\/20\/importance-preconisations-scolaires-orthopedagogue-coordination\/#primaryimage"},"image":{"@id":"https:\/\/audreydelaforge.com\/index.php\/2025\/12\/20\/importance-preconisations-scolaires-orthopedagogue-coordination\/#primaryimage"},"thumbnailUrl":"https:\/\/audreydelaforge.com\/wp-content\/uploads\/2025\/12\/ChatGPT-Image-20-dec.-2025-09_17_14.png","datePublished":"2025-12-20T08:28:57+00:00","dateModified":"2025-12-20T08:28:59+00:00","description":"Pourquoi les pr\u00e9conisations issues des bilans sont essentielles pour les \u00e9l\u00e8ves \u00e0 besoins sp\u00e9cifiques ? D\u00e9couvre le r\u00f4le de l\u2019orthop\u00e9dagogue comme coordinateur entre familles, \u00e9cole et professionnels de sant\u00e9","breadcrumb":{"@id":"https:\/\/audreydelaforge.com\/index.php\/2025\/12\/20\/importance-preconisations-scolaires-orthopedagogue-coordination\/#breadcrumb"},"inLanguage":"fr-FR","potentialAction":[{"@type":"ReadAction","target":["https:\/\/audreydelaforge.com\/index.php\/2025\/12\/20\/importance-preconisations-scolaires-orthopedagogue-coordination\/"]}]},{"@type":"ImageObject","inLanguage":"fr-FR","@id":"https:\/\/audreydelaforge.com\/index.php\/2025\/12\/20\/importance-preconisations-scolaires-orthopedagogue-coordination\/#primaryimage","url":"https:\/\/audreydelaforge.com\/wp-content\/uploads\/2025\/12\/ChatGPT-Image-20-dec.-2025-09_17_14.png","contentUrl":"https:\/\/audreydelaforge.com\/wp-content\/uploads\/2025\/12\/ChatGPT-Image-20-dec.-2025-09_17_14.png","width":1536,"height":1024},{"@type":"BreadcrumbList","@id":"https:\/\/audreydelaforge.com\/index.php\/2025\/12\/20\/importance-preconisations-scolaires-orthopedagogue-coordination\/#breadcrumb","itemListElement":[{"@type":"ListItem","position":1,"name":"Accueil","item":"https:\/\/audreydelaforge.com\/"},{"@type":"ListItem","position":2,"name":"Faire vivre les pr\u00e9conisations : un levier de r\u00e9ussite pour les \u00e9l\u00e8ves \u00e0 besoins sp\u00e9cifiques"}]},{"@type":"WebSite","@id":"https:\/\/audreydelaforge.com\/#website","url":"https:\/\/audreydelaforge.com\/","name":"Audrey Delaforge, Orthop\u00e9dagogue","description":"L&#039;apprenant au centre du savoir","publisher":{"@id":"https:\/\/audreydelaforge.com\/#organization"},"potentialAction":[{"@type":"SearchAction","target":{"@type":"EntryPoint","urlTemplate":"https:\/\/audreydelaforge.com\/?s={search_term_string}"},"query-input":{"@type":"PropertyValueSpecification","valueRequired":true,"valueName":"search_term_string"}}],"inLanguage":"fr-FR"},{"@type":"Organization","@id":"https:\/\/audreydelaforge.com\/#organization","name":"Audrey Delaforge, Orthop\u00e9dagogue","url":"https:\/\/audreydelaforge.com\/","logo":{"@type":"ImageObject","inLanguage":"fr-FR","@id":"https:\/\/audreydelaforge.com\/#\/schema\/logo\/image\/","url":"https:\/\/audreydelaforge.com\/wp-content\/uploads\/2022\/06\/Logo-orange-noir-avec-Audrey-1.png","contentUrl":"https:\/\/audreydelaforge.com\/wp-content\/uploads\/2022\/06\/Logo-orange-noir-avec-Audrey-1.png","width":500,"height":500,"caption":"Audrey Delaforge, Orthop\u00e9dagogue"},"image":{"@id":"https:\/\/audreydelaforge.com\/#\/schema\/logo\/image\/"},"sameAs":["https:\/\/www.facebook.com\/audreycateldelaforge","https:\/\/www.linkedin.com\/in\/audrey-catel-delaforge","https:\/\/www.instagram.com\/audrey_delaforge\/"]},{"@type":"Person","@id":"https:\/\/audreydelaforge.com\/#\/schema\/person\/b44bccc3f328e9802afbab74bb74495d","name":"audrey.catel.delaforge@gmail.com","image":{"@type":"ImageObject","inLanguage":"fr-FR","@id":"https:\/\/secure.gravatar.com\/avatar\/6d2d46023ee8ab957213dcdb0ea8dc964f367c205b281a7f789f0eb314dfafbf?s=96&d=mm&r=g","url":"https:\/\/secure.gravatar.com\/avatar\/6d2d46023ee8ab957213dcdb0ea8dc964f367c205b281a7f789f0eb314dfafbf?s=96&d=mm&r=g","contentUrl":"https:\/\/secure.gravatar.com\/avatar\/6d2d46023ee8ab957213dcdb0ea8dc964f367c205b281a7f789f0eb314dfafbf?s=96&d=mm&r=g","caption":"audrey.catel.delaforge@gmail.com"},"sameAs":["http:\/\/audreydelaforge.com"],"url":"https:\/\/audreydelaforge.com\/index.php\/author\/audrey-catel-delaforgegmail-com\/"}]}},"_links":{"self":[{"href":"https:\/\/audreydelaforge.com\/index.php\/wp-json\/wp\/v2\/posts\/1654","targetHints":{"allow":["GET"]}}],"collection":[{"href":"https:\/\/audreydelaforge.com\/index.php\/wp-json\/wp\/v2\/posts"}],"about":[{"href":"https:\/\/audreydelaforge.com\/index.php\/wp-json\/wp\/v2\/types\/post"}],"author":[{"embeddable":true,"href":"https:\/\/audreydelaforge.com\/index.php\/wp-json\/wp\/v2\/users\/1"}],"replies":[{"embeddable":true,"href":"https:\/\/audreydelaforge.com\/index.php\/wp-json\/wp\/v2\/comments?post=1654"}],"version-history":[{"count":0,"href":"https:\/\/audreydelaforge.com\/index.php\/wp-json\/wp\/v2\/posts\/1654\/revisions"}],"wp:featuredmedia":[{"embeddable":true,"href":"https:\/\/audreydelaforge.com\/index.php\/wp-json\/wp\/v2\/media\/1655"}],"wp:attachment":[{"href":"https:\/\/audreydelaforge.com\/index.php\/wp-json\/wp\/v2\/media?parent=1654"}],"wp:term":[{"taxonomy":"category","embeddable":true,"href":"https:\/\/audreydelaforge.com\/index.php\/wp-json\/wp\/v2\/categories?post=1654"},{"taxonomy":"post_tag","embeddable":true,"href":"https:\/\/audreydelaforge.com\/index.php\/wp-json\/wp\/v2\/tags?post=1654"}],"curies":[{"name":"wp","href":"https:\/\/api.w.org\/{rel}","templated":true}]}}