{"id":1685,"date":"2025-12-28T06:51:32","date_gmt":"2025-12-28T06:51:32","guid":{"rendered":"https:\/\/audreydelaforge.com\/?p=1685"},"modified":"2025-12-28T06:51:34","modified_gmt":"2025-12-28T06:51:34","slug":"reprise-scolaire-routines-enfants","status":"publish","type":"post","link":"https:\/\/audreydelaforge.com\/index.php\/2025\/12\/28\/reprise-scolaire-routines-enfants\/","title":{"rendered":"Structurer pour rassurer : accompagner la reprise avec des routines"},"content":{"rendered":"\n<blockquote class=\"wp-block-quote is-layout-flow wp-block-quote-is-layout-flow\">\n<p><em>\u00ab\u00a0Les routines nous ancrent, m\u00eame quand tout change autour de nous.\u00a0\u00bb<\/em><\/p>\n<\/blockquote>\n\n\n\n<figure class=\"wp-block-image size-large\"><img loading=\"lazy\" decoding=\"async\" width=\"1024\" height=\"683\" src=\"https:\/\/audreydelaforge.com\/wp-content\/uploads\/2025\/12\/ChatGPT-Image-28-dec.-2025-07_46_09-1024x683.png\" alt=\"\" class=\"wp-image-1686\" srcset=\"https:\/\/audreydelaforge.com\/wp-content\/uploads\/2025\/12\/ChatGPT-Image-28-dec.-2025-07_46_09-1024x683.png 1024w, https:\/\/audreydelaforge.com\/wp-content\/uploads\/2025\/12\/ChatGPT-Image-28-dec.-2025-07_46_09-300x200.png 300w, https:\/\/audreydelaforge.com\/wp-content\/uploads\/2025\/12\/ChatGPT-Image-28-dec.-2025-07_46_09-768x512.png 768w, https:\/\/audreydelaforge.com\/wp-content\/uploads\/2025\/12\/ChatGPT-Image-28-dec.-2025-07_46_09-930x620.png 930w, https:\/\/audreydelaforge.com\/wp-content\/uploads\/2025\/12\/ChatGPT-Image-28-dec.-2025-07_46_09-600x400.png 600w, https:\/\/audreydelaforge.com\/wp-content\/uploads\/2025\/12\/ChatGPT-Image-28-dec.-2025-07_46_09.png 1536w\" sizes=\"auto, (max-width: 1024px) 100vw, 1024px\" \/><\/figure>\n\n\n\n<p>Vacances scolaires, arr\u00eat maladie, d\u00e9m\u00e9nagement\u2026 les coupures dans le rythme d\u2019un enfant font partie de la vie. Mais elles laissent souvent des traces : fatigue, tensions, perte de rep\u00e8res. Et au moment de reprendre, beaucoup de familles constatent une baisse de motivation ou des comportements inhabituels.<\/p>\n\n\n\n<p>Et si, au lieu de forcer le red\u00e9marrage, on pensait \u00e0 <strong>pr\u00e9parer un terrain plus stable<\/strong> ?<br>Et si les <strong>routines du quotidien<\/strong> devenaient un appui pr\u00e9cieux pour aider les enfants \u00e0 retrouver s\u00e9curit\u00e9, concentration et autonomie ?<\/p>\n\n\n\n<p>Dans cet article, je te propose de d\u00e9couvrir comment <strong>des routines simples, r\u00e9guli\u00e8res et souples<\/strong> peuvent faire toute la diff\u00e9rence, en particulier pour les enfants neuroatypiques ou en situation de fragilit\u00e9 scolaire.<\/p>\n\n\n\n<p><\/p>\n\n\n\n<h2 class=\"wp-block-heading\">Pourquoi les enfants ont besoin de routines ?<\/h2>\n\n\n\n<p>Les routines ne sont pas de simples automatismes : ce sont <strong>des rep\u00e8res structurants<\/strong>, qui permettent \u00e0 l\u2019enfant de savoir ce qui va se passer, dans quel ordre, et comment s\u2019y pr\u00e9parer.<\/p>\n\n\n\n<p>\ud83d\udc49 <strong>Elles cr\u00e9ent un sentiment de s\u00e9curit\u00e9 int\u00e9rieure<\/strong>, essentiel pour apprendre sereinement.<br>\ud83d\udc49 <strong>Elles facilitent les transitions<\/strong>, souvent v\u00e9cues comme difficiles (passer du jeu aux devoirs, du week-end \u00e0 l\u2019\u00e9cole\u2026).<br>\ud83d\udc49 <strong>Elles soutiennent la concentration<\/strong>, en r\u00e9duisant la charge mentale li\u00e9e \u00e0 l\u2019impr\u00e9vu.<\/p>\n\n\n\n<p>En orthop\u00e9dagogie, on observe que <strong>les enfants ayant des troubles d\u2019apprentissage ou un profil neuroatypique s\u2019appuient fortement sur ces routines<\/strong> pour organiser leurs actions, anticiper les \u00e9tapes et se sentir comp\u00e9tents.<\/p>\n\n\n\n<p>\ud83d\udccc Une routine bien construite, c\u2019est un <strong>rep\u00e8re qui s\u00e9curise sans enfermer<\/strong>.<\/p>\n\n\n\n<p><\/p>\n\n\n\n<h2 class=\"wp-block-heading\">Des exemples de routines pour accompagner la reprise<\/h2>\n\n\n\n<p>Tu n\u2019as pas besoin de r\u00e9volutionner l\u2019organisation familiale ou scolaire. L\u2019id\u00e9e est plut\u00f4t d\u2019<strong>ancrer quelques routines r\u00e9guli\u00e8res<\/strong>, simples et personnalis\u00e9es, pour redonner du cadre et du souffle aux journ\u00e9es.<\/p>\n\n\n\n<h3 class=\"wp-block-heading\">\u2600\ufe0f La routine du matin<\/h3>\n\n\n\n<ul class=\"wp-block-list\">\n<li><strong>Expression \u00e9motionnelle<\/strong> : une carte m\u00e9t\u00e9o des \u00e9motions, un dessin ou un mot pour dire comment on se sent.<\/li>\n\n\n\n<li><strong>Petit moment d\u2019ancrage<\/strong> : trois respirations, \u00e9tirement, ou simplement un c\u00e2lin.<\/li>\n\n\n\n<li><strong>Phrase-cl\u00e9 du jour<\/strong> : \u201cJe fais de mon mieux\u201d, \u201cAujourd\u2019hui, j\u2019avance \u00e0 mon rythme\u201d.<\/li>\n<\/ul>\n\n\n\n<h3 class=\"wp-block-heading\">\ud83d\udcda La routine des devoirs<\/h3>\n\n\n\n<ul class=\"wp-block-list\">\n<li><strong>Installation du poste de travail<\/strong> : toujours au m\u00eame endroit, avec les outils \u00e0 port\u00e9e de main.<\/li>\n\n\n\n<li><strong>Lancement ritualis\u00e9<\/strong> : allumer une petite lampe, choisir une couleur de stylo, minute de silence ou de concentration.<\/li>\n\n\n\n<li><strong>Pause visuelle planifi\u00e9e<\/strong> : sablier, timer ou pictogramme pour structurer les temps de travail.<\/li>\n<\/ul>\n\n\n\n<h3 class=\"wp-block-heading\">\ud83c\udf19 La routine du soir<\/h3>\n\n\n\n<ul class=\"wp-block-list\">\n<li><strong>Bilan positif<\/strong> : \u201cQu\u2019est-ce que j\u2019ai bien fait aujourd\u2019hui ?\u201d<\/li>\n\n\n\n<li><strong>Pr\u00e9paration du lendemain<\/strong> : choisir ses v\u00eatements, v\u00e9rifier le cartable, visualiser le d\u00e9roulement du matin.<\/li>\n\n\n\n<li><strong>Moment de calme<\/strong> : histoire, musique douce, moment de partage sans \u00e9crans.<\/li>\n<\/ul>\n\n\n\n<h3 class=\"wp-block-heading\">\ud83c\udf92 Routines en classe ou en accompagnement<\/h3>\n\n\n\n<ul class=\"wp-block-list\">\n<li><strong>Code sonore pour changer d\u2019activit\u00e9<\/strong> : carillon, chanson, signal doux.<\/li>\n\n\n\n<li><strong>Objets rep\u00e8res<\/strong> : une balle anti-stress, une image de transition, un objet \u00e0 manipuler.<\/li>\n\n\n\n<li><strong>Mini-transition corporelle<\/strong> : \u00e9tirement, auto-massage, posture dynamique.<\/li>\n<\/ul>\n\n\n\n<p>\ud83d\udca1 Ces routines sont d\u2019autant plus efficaces qu\u2019elles sont <strong>personnalis\u00e9es, souples et co-construites avec l\u2019enfant<\/strong>.<\/p>\n\n\n\n<h2 class=\"wp-block-heading\">Ce que ces routines changent vraiment<\/h2>\n\n\n\n<p>Avec quelques routines bien choisies, tu peux observer :<\/p>\n\n\n\n<ul class=\"wp-block-list\">\n<li>\u2705 Moins de r\u00e9sistance au moment de se mettre au travail<\/li>\n\n\n\n<li>\u2705 Moins de stress dans les transitions (matin, devoirs, coucher\u2026)<\/li>\n\n\n\n<li>\u2705 Plus d\u2019autonomie et de sentiment de comp\u00e9tence<\/li>\n\n\n\n<li>\u2705 Une ambiance plus apais\u00e9e, \u00e0 la maison comme en classe<\/li>\n<\/ul>\n\n\n\n<p>Les routines <strong>ne \u201cdisciplinent\u201d pas l\u2019enfant au sens autoritaire<\/strong>, elles <strong>l\u2019aident \u00e0 prendre appui sur un cadre qu\u2019il conna\u00eet et qu\u2019il peut anticiper<\/strong>. Ce cadre le rend plus libre, plus disponible, plus confiant.<\/p>\n\n\n\n<h2 class=\"wp-block-heading\">Le regard de l\u2019orthop\u00e9dagogue<\/h2>\n\n\n\n<p>Dans ma pratique, je constate que <strong>les routines gagnent en efficacit\u00e9 quand elles sont pens\u00e9es \u201cavec\u201d l\u2019enfant, pas \u201cpour\u201d lui<\/strong>.<\/p>\n\n\n\n<p>Elles doivent s\u2019adapter \u00e0 son \u00e2ge, \u00e0 ses forces, \u00e0 ses d\u00e9fis. Un enfant TDAH n\u2019aura pas les m\u00eames besoins de structure qu\u2019un enfant dyslexique ou hypersensible. D\u2019o\u00f9 l\u2019importance de :<\/p>\n\n\n\n<ul class=\"wp-block-list\">\n<li>\ud83d\udc49 Proposer des routines <strong>\u00e9volutives<\/strong>, jamais fig\u00e9es<\/li>\n\n\n\n<li>\ud83d\udc49 Lire les signaux d\u2019alerte : si la routine devient une source de tension, c\u2019est qu\u2019elle ne convient plus<\/li>\n\n\n\n<li>\ud83d\udc49 Valoriser la progression : chaque petit pas compte<\/li>\n<\/ul>\n\n\n\n<p>L\u2019objectif, ce n\u2019est pas de rigidifier le quotidien, mais <strong>d\u2019installer des points d\u2019appui pour mieux naviguer les changements<\/strong>.<\/p>\n\n\n\n<figure class=\"wp-block-image size-large\"><img loading=\"lazy\" decoding=\"async\" width=\"1024\" height=\"683\" src=\"https:\/\/audreydelaforge.com\/wp-content\/uploads\/2025\/12\/ChatGPT-Image-28-dec.-2025-07_50_12-1024x683.png\" alt=\"\" class=\"wp-image-1687\" srcset=\"https:\/\/audreydelaforge.com\/wp-content\/uploads\/2025\/12\/ChatGPT-Image-28-dec.-2025-07_50_12-1024x683.png 1024w, https:\/\/audreydelaforge.com\/wp-content\/uploads\/2025\/12\/ChatGPT-Image-28-dec.-2025-07_50_12-300x200.png 300w, https:\/\/audreydelaforge.com\/wp-content\/uploads\/2025\/12\/ChatGPT-Image-28-dec.-2025-07_50_12-768x512.png 768w, https:\/\/audreydelaforge.com\/wp-content\/uploads\/2025\/12\/ChatGPT-Image-28-dec.-2025-07_50_12-930x620.png 930w, https:\/\/audreydelaforge.com\/wp-content\/uploads\/2025\/12\/ChatGPT-Image-28-dec.-2025-07_50_12-600x400.png 600w, https:\/\/audreydelaforge.com\/wp-content\/uploads\/2025\/12\/ChatGPT-Image-28-dec.-2025-07_50_12.png 1536w\" sizes=\"auto, (max-width: 1024px) 100vw, 1024px\" \/><\/figure>\n\n\n\n<h2 class=\"wp-block-heading\">Et si on reprenait\u2026 autrement ?<\/h2>\n\n\n\n<p>La reprise apr\u00e8s une coupure n\u2019a pas besoin d\u2019\u00eatre parfaite, rapide ou performante.<br>Elle peut \u00eatre <strong>progressive, humaine, structur\u00e9e avec douceur<\/strong>.<\/p>\n\n\n\n<p>En mettant en place quelques routines bien choisies, tu offres \u00e0 l\u2019enfant <strong>un terrain connu<\/strong> o\u00f9 il peut retrouver ses marques, se sentir comp\u00e9tent, et se relancer dans les apprentissages.<\/p>\n\n\n\n<p>\ud83c\udfaf <em>R\u00e9v\u00e9ler chaque potentiel, transformer les parcours, r\u00e9ussir ensemble.<\/em><\/p>\n\n\n\n<p><\/p>\n","protected":false},"excerpt":{"rendered":"<p>\u00ab\u00a0Les routines nous ancrent, m\u00eame quand tout change autour de nous.\u00a0\u00bb Vacances scolaires, arr\u00eat maladie, d\u00e9m\u00e9nagement\u2026 les coupures dans le rythme d\u2019un enfant font partie de la vie. Mais elles laissent souvent des traces : fatigue, tensions, perte de rep\u00e8res. Et au moment de reprendre, beaucoup de familles constatent une baisse de motivation ou des&hellip;&nbsp;<a href=\"https:\/\/audreydelaforge.com\/index.php\/2025\/12\/28\/reprise-scolaire-routines-enfants\/\" rel=\"bookmark\">Lire la suite &raquo;<span class=\"screen-reader-text\">Structurer pour rassurer : accompagner la reprise avec des routines<\/span><\/a><\/p>\n","protected":false},"author":1,"featured_media":1686,"comment_status":"closed","ping_status":"open","sticky":false,"template":"","format":"standard","meta":{"om_disable_all_campaigns":false,"neve_meta_sidebar":"","neve_meta_container":"","neve_meta_enable_content_width":"","neve_meta_content_width":0,"neve_meta_title_alignment":"","neve_meta_author_avatar":"","neve_post_elements_order":"","neve_meta_disable_header":"","neve_meta_disable_footer":"","neve_meta_disable_title":"","footnotes":""},"categories":[1],"tags":[],"class_list":["post-1685","post","type-post","status-publish","format-standard","has-post-thumbnail","hentry","category-uncategorized"],"yoast_head":"<!-- This site is optimized with the Yoast SEO plugin v27.5 - https:\/\/yoast.com\/product\/yoast-seo-wordpress\/ -->\n<title>Structurer pour rassurer : accompagner la reprise avec des routines ~ Audrey Delaforge, Orthop\u00e9dagogue<\/title>\n<meta name=\"description\" content=\"Apr\u00e8s une coupure scolaire, les routines offrent des rep\u00e8res rassurants. D\u00e9couvre comment les adapter pour soutenir la reprise, surtout chez les enfants neuroatypiques.\" \/>\n<meta name=\"robots\" content=\"index, follow, max-snippet:-1, max-image-preview:large, max-video-preview:-1\" \/>\n<link rel=\"canonical\" href=\"https:\/\/audreydelaforge.com\/index.php\/2025\/12\/28\/reprise-scolaire-routines-enfants\/\" \/>\n<meta property=\"og:locale\" content=\"fr_FR\" \/>\n<meta property=\"og:type\" content=\"article\" \/>\n<meta property=\"og:title\" content=\"Structurer pour rassurer : accompagner la reprise avec des routines ~ Audrey Delaforge, Orthop\u00e9dagogue\" \/>\n<meta property=\"og:description\" content=\"Apr\u00e8s une coupure scolaire, les routines offrent des rep\u00e8res rassurants. D\u00e9couvre comment les adapter pour soutenir la reprise, surtout chez les enfants neuroatypiques.\" \/>\n<meta property=\"og:url\" content=\"https:\/\/audreydelaforge.com\/index.php\/2025\/12\/28\/reprise-scolaire-routines-enfants\/\" \/>\n<meta property=\"og:site_name\" content=\"Audrey Delaforge, Orthop\u00e9dagogue\" \/>\n<meta property=\"article:publisher\" content=\"https:\/\/www.facebook.com\/audreycateldelaforge\" \/>\n<meta property=\"article:published_time\" content=\"2025-12-28T06:51:32+00:00\" \/>\n<meta property=\"article:modified_time\" content=\"2025-12-28T06:51:34+00:00\" \/>\n<meta property=\"og:image\" content=\"https:\/\/audreydelaforge.com\/wp-content\/uploads\/2025\/12\/ChatGPT-Image-28-dec.-2025-07_46_09.png\" \/>\n\t<meta property=\"og:image:width\" content=\"1536\" \/>\n\t<meta property=\"og:image:height\" content=\"1024\" \/>\n\t<meta property=\"og:image:type\" content=\"image\/png\" \/>\n<meta name=\"author\" content=\"audrey.catel.delaforge@gmail.com\" \/>\n<meta name=\"twitter:card\" content=\"summary_large_image\" \/>\n<meta name=\"twitter:label1\" content=\"\u00c9crit par\" \/>\n\t<meta name=\"twitter:data1\" content=\"audrey.catel.delaforge@gmail.com\" \/>\n\t<meta name=\"twitter:label2\" content=\"Dur\u00e9e de lecture estim\u00e9e\" \/>\n\t<meta name=\"twitter:data2\" content=\"4 minutes\" \/>\n<script type=\"application\/ld+json\" class=\"yoast-schema-graph\">{\"@context\":\"https:\\\/\\\/schema.org\",\"@graph\":[{\"@type\":\"Article\",\"@id\":\"https:\\\/\\\/audreydelaforge.com\\\/index.php\\\/2025\\\/12\\\/28\\\/reprise-scolaire-routines-enfants\\\/#article\",\"isPartOf\":{\"@id\":\"https:\\\/\\\/audreydelaforge.com\\\/index.php\\\/2025\\\/12\\\/28\\\/reprise-scolaire-routines-enfants\\\/\"},\"author\":{\"name\":\"audrey.catel.delaforge@gmail.com\",\"@id\":\"https:\\\/\\\/audreydelaforge.com\\\/#\\\/schema\\\/person\\\/b44bccc3f328e9802afbab74bb74495d\"},\"headline\":\"Structurer pour rassurer : accompagner la reprise avec des routines\",\"datePublished\":\"2025-12-28T06:51:32+00:00\",\"dateModified\":\"2025-12-28T06:51:34+00:00\",\"mainEntityOfPage\":{\"@id\":\"https:\\\/\\\/audreydelaforge.com\\\/index.php\\\/2025\\\/12\\\/28\\\/reprise-scolaire-routines-enfants\\\/\"},\"wordCount\":809,\"publisher\":{\"@id\":\"https:\\\/\\\/audreydelaforge.com\\\/#organization\"},\"image\":{\"@id\":\"https:\\\/\\\/audreydelaforge.com\\\/index.php\\\/2025\\\/12\\\/28\\\/reprise-scolaire-routines-enfants\\\/#primaryimage\"},\"thumbnailUrl\":\"https:\\\/\\\/audreydelaforge.com\\\/wp-content\\\/uploads\\\/2025\\\/12\\\/ChatGPT-Image-28-dec.-2025-07_46_09.png\",\"articleSection\":[\"Uncategorized\"],\"inLanguage\":\"fr-FR\"},{\"@type\":\"WebPage\",\"@id\":\"https:\\\/\\\/audreydelaforge.com\\\/index.php\\\/2025\\\/12\\\/28\\\/reprise-scolaire-routines-enfants\\\/\",\"url\":\"https:\\\/\\\/audreydelaforge.com\\\/index.php\\\/2025\\\/12\\\/28\\\/reprise-scolaire-routines-enfants\\\/\",\"name\":\"Structurer pour rassurer : accompagner la reprise avec des routines ~ Audrey Delaforge, Orthop\u00e9dagogue\",\"isPartOf\":{\"@id\":\"https:\\\/\\\/audreydelaforge.com\\\/#website\"},\"primaryImageOfPage\":{\"@id\":\"https:\\\/\\\/audreydelaforge.com\\\/index.php\\\/2025\\\/12\\\/28\\\/reprise-scolaire-routines-enfants\\\/#primaryimage\"},\"image\":{\"@id\":\"https:\\\/\\\/audreydelaforge.com\\\/index.php\\\/2025\\\/12\\\/28\\\/reprise-scolaire-routines-enfants\\\/#primaryimage\"},\"thumbnailUrl\":\"https:\\\/\\\/audreydelaforge.com\\\/wp-content\\\/uploads\\\/2025\\\/12\\\/ChatGPT-Image-28-dec.-2025-07_46_09.png\",\"datePublished\":\"2025-12-28T06:51:32+00:00\",\"dateModified\":\"2025-12-28T06:51:34+00:00\",\"description\":\"Apr\u00e8s une coupure scolaire, les routines offrent des rep\u00e8res rassurants. D\u00e9couvre comment les adapter pour soutenir la reprise, surtout chez les enfants neuroatypiques.\",\"breadcrumb\":{\"@id\":\"https:\\\/\\\/audreydelaforge.com\\\/index.php\\\/2025\\\/12\\\/28\\\/reprise-scolaire-routines-enfants\\\/#breadcrumb\"},\"inLanguage\":\"fr-FR\",\"potentialAction\":[{\"@type\":\"ReadAction\",\"target\":[\"https:\\\/\\\/audreydelaforge.com\\\/index.php\\\/2025\\\/12\\\/28\\\/reprise-scolaire-routines-enfants\\\/\"]}]},{\"@type\":\"ImageObject\",\"inLanguage\":\"fr-FR\",\"@id\":\"https:\\\/\\\/audreydelaforge.com\\\/index.php\\\/2025\\\/12\\\/28\\\/reprise-scolaire-routines-enfants\\\/#primaryimage\",\"url\":\"https:\\\/\\\/audreydelaforge.com\\\/wp-content\\\/uploads\\\/2025\\\/12\\\/ChatGPT-Image-28-dec.-2025-07_46_09.png\",\"contentUrl\":\"https:\\\/\\\/audreydelaforge.com\\\/wp-content\\\/uploads\\\/2025\\\/12\\\/ChatGPT-Image-28-dec.-2025-07_46_09.png\",\"width\":1536,\"height\":1024},{\"@type\":\"BreadcrumbList\",\"@id\":\"https:\\\/\\\/audreydelaforge.com\\\/index.php\\\/2025\\\/12\\\/28\\\/reprise-scolaire-routines-enfants\\\/#breadcrumb\",\"itemListElement\":[{\"@type\":\"ListItem\",\"position\":1,\"name\":\"Accueil\",\"item\":\"https:\\\/\\\/audreydelaforge.com\\\/\"},{\"@type\":\"ListItem\",\"position\":2,\"name\":\"Structurer pour rassurer : accompagner la reprise avec des routines\"}]},{\"@type\":\"WebSite\",\"@id\":\"https:\\\/\\\/audreydelaforge.com\\\/#website\",\"url\":\"https:\\\/\\\/audreydelaforge.com\\\/\",\"name\":\"Audrey Delaforge, Orthop\u00e9dagogue\",\"description\":\"L&#039;apprenant au centre du savoir\",\"publisher\":{\"@id\":\"https:\\\/\\\/audreydelaforge.com\\\/#organization\"},\"potentialAction\":[{\"@type\":\"SearchAction\",\"target\":{\"@type\":\"EntryPoint\",\"urlTemplate\":\"https:\\\/\\\/audreydelaforge.com\\\/?s={search_term_string}\"},\"query-input\":{\"@type\":\"PropertyValueSpecification\",\"valueRequired\":true,\"valueName\":\"search_term_string\"}}],\"inLanguage\":\"fr-FR\"},{\"@type\":\"Organization\",\"@id\":\"https:\\\/\\\/audreydelaforge.com\\\/#organization\",\"name\":\"Audrey Delaforge, Orthop\u00e9dagogue\",\"url\":\"https:\\\/\\\/audreydelaforge.com\\\/\",\"logo\":{\"@type\":\"ImageObject\",\"inLanguage\":\"fr-FR\",\"@id\":\"https:\\\/\\\/audreydelaforge.com\\\/#\\\/schema\\\/logo\\\/image\\\/\",\"url\":\"https:\\\/\\\/audreydelaforge.com\\\/wp-content\\\/uploads\\\/2022\\\/06\\\/Logo-orange-noir-avec-Audrey-1.png\",\"contentUrl\":\"https:\\\/\\\/audreydelaforge.com\\\/wp-content\\\/uploads\\\/2022\\\/06\\\/Logo-orange-noir-avec-Audrey-1.png\",\"width\":500,\"height\":500,\"caption\":\"Audrey Delaforge, Orthop\u00e9dagogue\"},\"image\":{\"@id\":\"https:\\\/\\\/audreydelaforge.com\\\/#\\\/schema\\\/logo\\\/image\\\/\"},\"sameAs\":[\"https:\\\/\\\/www.facebook.com\\\/audreycateldelaforge\",\"https:\\\/\\\/www.linkedin.com\\\/in\\\/audrey-catel-delaforge\",\"https:\\\/\\\/www.instagram.com\\\/audrey_delaforge\\\/\"]},{\"@type\":\"Person\",\"@id\":\"https:\\\/\\\/audreydelaforge.com\\\/#\\\/schema\\\/person\\\/b44bccc3f328e9802afbab74bb74495d\",\"name\":\"audrey.catel.delaforge@gmail.com\",\"image\":{\"@type\":\"ImageObject\",\"inLanguage\":\"fr-FR\",\"@id\":\"https:\\\/\\\/secure.gravatar.com\\\/avatar\\\/6d2d46023ee8ab957213dcdb0ea8dc964f367c205b281a7f789f0eb314dfafbf?s=96&d=mm&r=g\",\"url\":\"https:\\\/\\\/secure.gravatar.com\\\/avatar\\\/6d2d46023ee8ab957213dcdb0ea8dc964f367c205b281a7f789f0eb314dfafbf?s=96&d=mm&r=g\",\"contentUrl\":\"https:\\\/\\\/secure.gravatar.com\\\/avatar\\\/6d2d46023ee8ab957213dcdb0ea8dc964f367c205b281a7f789f0eb314dfafbf?s=96&d=mm&r=g\",\"caption\":\"audrey.catel.delaforge@gmail.com\"},\"sameAs\":[\"http:\\\/\\\/audreydelaforge.com\"],\"url\":\"https:\\\/\\\/audreydelaforge.com\\\/index.php\\\/author\\\/audrey-catel-delaforgegmail-com\\\/\"}]}<\/script>\n<!-- \/ Yoast SEO plugin. -->","yoast_head_json":{"title":"Structurer pour rassurer : accompagner la reprise avec des routines ~ Audrey Delaforge, Orthop\u00e9dagogue","description":"Apr\u00e8s une coupure scolaire, les routines offrent des rep\u00e8res rassurants. D\u00e9couvre comment les adapter pour soutenir la reprise, surtout chez les enfants neuroatypiques.","robots":{"index":"index","follow":"follow","max-snippet":"max-snippet:-1","max-image-preview":"max-image-preview:large","max-video-preview":"max-video-preview:-1"},"canonical":"https:\/\/audreydelaforge.com\/index.php\/2025\/12\/28\/reprise-scolaire-routines-enfants\/","og_locale":"fr_FR","og_type":"article","og_title":"Structurer pour rassurer : accompagner la reprise avec des routines ~ Audrey Delaforge, Orthop\u00e9dagogue","og_description":"Apr\u00e8s une coupure scolaire, les routines offrent des rep\u00e8res rassurants. D\u00e9couvre comment les adapter pour soutenir la reprise, surtout chez les enfants neuroatypiques.","og_url":"https:\/\/audreydelaforge.com\/index.php\/2025\/12\/28\/reprise-scolaire-routines-enfants\/","og_site_name":"Audrey Delaforge, Orthop\u00e9dagogue","article_publisher":"https:\/\/www.facebook.com\/audreycateldelaforge","article_published_time":"2025-12-28T06:51:32+00:00","article_modified_time":"2025-12-28T06:51:34+00:00","og_image":[{"width":1536,"height":1024,"url":"https:\/\/audreydelaforge.com\/wp-content\/uploads\/2025\/12\/ChatGPT-Image-28-dec.-2025-07_46_09.png","type":"image\/png"}],"author":"audrey.catel.delaforge@gmail.com","twitter_card":"summary_large_image","twitter_misc":{"\u00c9crit par":"audrey.catel.delaforge@gmail.com","Dur\u00e9e de lecture estim\u00e9e":"4 minutes"},"schema":{"@context":"https:\/\/schema.org","@graph":[{"@type":"Article","@id":"https:\/\/audreydelaforge.com\/index.php\/2025\/12\/28\/reprise-scolaire-routines-enfants\/#article","isPartOf":{"@id":"https:\/\/audreydelaforge.com\/index.php\/2025\/12\/28\/reprise-scolaire-routines-enfants\/"},"author":{"name":"audrey.catel.delaforge@gmail.com","@id":"https:\/\/audreydelaforge.com\/#\/schema\/person\/b44bccc3f328e9802afbab74bb74495d"},"headline":"Structurer pour rassurer : accompagner la reprise avec des routines","datePublished":"2025-12-28T06:51:32+00:00","dateModified":"2025-12-28T06:51:34+00:00","mainEntityOfPage":{"@id":"https:\/\/audreydelaforge.com\/index.php\/2025\/12\/28\/reprise-scolaire-routines-enfants\/"},"wordCount":809,"publisher":{"@id":"https:\/\/audreydelaforge.com\/#organization"},"image":{"@id":"https:\/\/audreydelaforge.com\/index.php\/2025\/12\/28\/reprise-scolaire-routines-enfants\/#primaryimage"},"thumbnailUrl":"https:\/\/audreydelaforge.com\/wp-content\/uploads\/2025\/12\/ChatGPT-Image-28-dec.-2025-07_46_09.png","articleSection":["Uncategorized"],"inLanguage":"fr-FR"},{"@type":"WebPage","@id":"https:\/\/audreydelaforge.com\/index.php\/2025\/12\/28\/reprise-scolaire-routines-enfants\/","url":"https:\/\/audreydelaforge.com\/index.php\/2025\/12\/28\/reprise-scolaire-routines-enfants\/","name":"Structurer pour rassurer : accompagner la reprise avec des routines ~ Audrey Delaforge, Orthop\u00e9dagogue","isPartOf":{"@id":"https:\/\/audreydelaforge.com\/#website"},"primaryImageOfPage":{"@id":"https:\/\/audreydelaforge.com\/index.php\/2025\/12\/28\/reprise-scolaire-routines-enfants\/#primaryimage"},"image":{"@id":"https:\/\/audreydelaforge.com\/index.php\/2025\/12\/28\/reprise-scolaire-routines-enfants\/#primaryimage"},"thumbnailUrl":"https:\/\/audreydelaforge.com\/wp-content\/uploads\/2025\/12\/ChatGPT-Image-28-dec.-2025-07_46_09.png","datePublished":"2025-12-28T06:51:32+00:00","dateModified":"2025-12-28T06:51:34+00:00","description":"Apr\u00e8s une coupure scolaire, les routines offrent des rep\u00e8res rassurants. D\u00e9couvre comment les adapter pour soutenir la reprise, surtout chez les enfants neuroatypiques.","breadcrumb":{"@id":"https:\/\/audreydelaforge.com\/index.php\/2025\/12\/28\/reprise-scolaire-routines-enfants\/#breadcrumb"},"inLanguage":"fr-FR","potentialAction":[{"@type":"ReadAction","target":["https:\/\/audreydelaforge.com\/index.php\/2025\/12\/28\/reprise-scolaire-routines-enfants\/"]}]},{"@type":"ImageObject","inLanguage":"fr-FR","@id":"https:\/\/audreydelaforge.com\/index.php\/2025\/12\/28\/reprise-scolaire-routines-enfants\/#primaryimage","url":"https:\/\/audreydelaforge.com\/wp-content\/uploads\/2025\/12\/ChatGPT-Image-28-dec.-2025-07_46_09.png","contentUrl":"https:\/\/audreydelaforge.com\/wp-content\/uploads\/2025\/12\/ChatGPT-Image-28-dec.-2025-07_46_09.png","width":1536,"height":1024},{"@type":"BreadcrumbList","@id":"https:\/\/audreydelaforge.com\/index.php\/2025\/12\/28\/reprise-scolaire-routines-enfants\/#breadcrumb","itemListElement":[{"@type":"ListItem","position":1,"name":"Accueil","item":"https:\/\/audreydelaforge.com\/"},{"@type":"ListItem","position":2,"name":"Structurer pour rassurer : accompagner la reprise avec des routines"}]},{"@type":"WebSite","@id":"https:\/\/audreydelaforge.com\/#website","url":"https:\/\/audreydelaforge.com\/","name":"Audrey Delaforge, Orthop\u00e9dagogue","description":"L&#039;apprenant au centre du savoir","publisher":{"@id":"https:\/\/audreydelaforge.com\/#organization"},"potentialAction":[{"@type":"SearchAction","target":{"@type":"EntryPoint","urlTemplate":"https:\/\/audreydelaforge.com\/?s={search_term_string}"},"query-input":{"@type":"PropertyValueSpecification","valueRequired":true,"valueName":"search_term_string"}}],"inLanguage":"fr-FR"},{"@type":"Organization","@id":"https:\/\/audreydelaforge.com\/#organization","name":"Audrey Delaforge, Orthop\u00e9dagogue","url":"https:\/\/audreydelaforge.com\/","logo":{"@type":"ImageObject","inLanguage":"fr-FR","@id":"https:\/\/audreydelaforge.com\/#\/schema\/logo\/image\/","url":"https:\/\/audreydelaforge.com\/wp-content\/uploads\/2022\/06\/Logo-orange-noir-avec-Audrey-1.png","contentUrl":"https:\/\/audreydelaforge.com\/wp-content\/uploads\/2022\/06\/Logo-orange-noir-avec-Audrey-1.png","width":500,"height":500,"caption":"Audrey Delaforge, Orthop\u00e9dagogue"},"image":{"@id":"https:\/\/audreydelaforge.com\/#\/schema\/logo\/image\/"},"sameAs":["https:\/\/www.facebook.com\/audreycateldelaforge","https:\/\/www.linkedin.com\/in\/audrey-catel-delaforge","https:\/\/www.instagram.com\/audrey_delaforge\/"]},{"@type":"Person","@id":"https:\/\/audreydelaforge.com\/#\/schema\/person\/b44bccc3f328e9802afbab74bb74495d","name":"audrey.catel.delaforge@gmail.com","image":{"@type":"ImageObject","inLanguage":"fr-FR","@id":"https:\/\/secure.gravatar.com\/avatar\/6d2d46023ee8ab957213dcdb0ea8dc964f367c205b281a7f789f0eb314dfafbf?s=96&d=mm&r=g","url":"https:\/\/secure.gravatar.com\/avatar\/6d2d46023ee8ab957213dcdb0ea8dc964f367c205b281a7f789f0eb314dfafbf?s=96&d=mm&r=g","contentUrl":"https:\/\/secure.gravatar.com\/avatar\/6d2d46023ee8ab957213dcdb0ea8dc964f367c205b281a7f789f0eb314dfafbf?s=96&d=mm&r=g","caption":"audrey.catel.delaforge@gmail.com"},"sameAs":["http:\/\/audreydelaforge.com"],"url":"https:\/\/audreydelaforge.com\/index.php\/author\/audrey-catel-delaforgegmail-com\/"}]}},"_links":{"self":[{"href":"https:\/\/audreydelaforge.com\/index.php\/wp-json\/wp\/v2\/posts\/1685","targetHints":{"allow":["GET"]}}],"collection":[{"href":"https:\/\/audreydelaforge.com\/index.php\/wp-json\/wp\/v2\/posts"}],"about":[{"href":"https:\/\/audreydelaforge.com\/index.php\/wp-json\/wp\/v2\/types\/post"}],"author":[{"embeddable":true,"href":"https:\/\/audreydelaforge.com\/index.php\/wp-json\/wp\/v2\/users\/1"}],"replies":[{"embeddable":true,"href":"https:\/\/audreydelaforge.com\/index.php\/wp-json\/wp\/v2\/comments?post=1685"}],"version-history":[{"count":0,"href":"https:\/\/audreydelaforge.com\/index.php\/wp-json\/wp\/v2\/posts\/1685\/revisions"}],"wp:featuredmedia":[{"embeddable":true,"href":"https:\/\/audreydelaforge.com\/index.php\/wp-json\/wp\/v2\/media\/1686"}],"wp:attachment":[{"href":"https:\/\/audreydelaforge.com\/index.php\/wp-json\/wp\/v2\/media?parent=1685"}],"wp:term":[{"taxonomy":"category","embeddable":true,"href":"https:\/\/audreydelaforge.com\/index.php\/wp-json\/wp\/v2\/categories?post=1685"},{"taxonomy":"post_tag","embeddable":true,"href":"https:\/\/audreydelaforge.com\/index.php\/wp-json\/wp\/v2\/tags?post=1685"}],"curies":[{"name":"wp","href":"https:\/\/api.w.org\/{rel}","templated":true}]}}