{"id":1746,"date":"2026-01-11T07:43:18","date_gmt":"2026-01-11T07:43:18","guid":{"rendered":"https:\/\/audreydelaforge.com\/?p=1746"},"modified":"2026-01-11T07:43:19","modified_gmt":"2026-01-11T07:43:19","slug":"image-mentale-aphantasie-apprentissages","status":"publish","type":"post","link":"https:\/\/audreydelaforge.com\/index.php\/2026\/01\/11\/image-mentale-aphantasie-apprentissages\/","title":{"rendered":"Et si ton cerveau n\u2019imaginait rien ? Comprendre l\u2019image mentale\u2026 et son absence"},"content":{"rendered":"\n<p><em>Tu vois une pomme quand on te dit \u00ab pomme \u00bb ? Rouge, brillante, pos\u00e9e sur une table ? Ou rien du tout, juste le mot qui r\u00e9sonne ?<\/em><\/p>\n\n\n\n<p>Pour beaucoup, visualiser mentalement est un r\u00e9flexe. On \u00ab voit dans sa t\u00eate \u00bb une sc\u00e8ne, un souvenir, un mot. Mais pour d\u2019autres, ce n\u2019est pas le cas. Leur esprit reste noir, comme un \u00e9cran \u00e9teint. Ce ph\u00e9nom\u00e8ne a un nom : <strong>l\u2019aphantasie<\/strong>. Et il a des cons\u00e9quences bien r\u00e9elles sur les <strong>apprentissages<\/strong>.<\/p>\n\n\n\n<p>Dans cet article, je t\u2019emm\u00e8ne explorer les <strong>images mentales<\/strong>, comprendre ce qu\u2019il se passe quand elles sont absentes, et d\u00e9couvrir comment <strong>adapter ta p\u00e9dagogie<\/strong> pour rendre l\u2019\u00e9cole plus inclusive. Parce qu\u2019en orthop\u00e9dagogie, c\u2019est souvent ce qu\u2019on ne voit pas qui m\u00e9rite le plus d\u2019attention.<\/p>\n\n\n<div class=\"wp-block-image\">\n<figure class=\"aligncenter size-large is-resized\"><img loading=\"lazy\" decoding=\"async\" width=\"1024\" height=\"683\" src=\"https:\/\/audreydelaforge.com\/wp-content\/uploads\/2026\/01\/ChatGPT-Image-11-janv.-2026-08_32_14-1024x683.png\" alt=\"\" class=\"wp-image-1747\" style=\"width:669px;height:auto\" srcset=\"https:\/\/audreydelaforge.com\/wp-content\/uploads\/2026\/01\/ChatGPT-Image-11-janv.-2026-08_32_14-1024x683.png 1024w, https:\/\/audreydelaforge.com\/wp-content\/uploads\/2026\/01\/ChatGPT-Image-11-janv.-2026-08_32_14-300x200.png 300w, https:\/\/audreydelaforge.com\/wp-content\/uploads\/2026\/01\/ChatGPT-Image-11-janv.-2026-08_32_14-768x512.png 768w, https:\/\/audreydelaforge.com\/wp-content\/uploads\/2026\/01\/ChatGPT-Image-11-janv.-2026-08_32_14-930x620.png 930w, https:\/\/audreydelaforge.com\/wp-content\/uploads\/2026\/01\/ChatGPT-Image-11-janv.-2026-08_32_14-600x400.png 600w, https:\/\/audreydelaforge.com\/wp-content\/uploads\/2026\/01\/ChatGPT-Image-11-janv.-2026-08_32_14.png 1536w\" sizes=\"auto, (max-width: 1024px) 100vw, 1024px\" \/><\/figure>\n<\/div>\n\n\n<h2 class=\"wp-block-heading\">Qu\u2019est-ce qu\u2019une image mentale ?<\/h2>\n\n\n\n<p>On parle d\u2019image mentale quand tu arrives \u00e0 <strong>\u00e9voquer dans ton esprit une sc\u00e8ne, un objet ou une action sans qu\u2019ils soient pr\u00e9sents physiquement<\/strong>. C\u2019est comme si tu projetais un film dans ta t\u00eate.<\/p>\n\n\n\n<h3 class=\"wp-block-heading\">Ce que disent les neurosciences<\/h3>\n\n\n\n<p>Du point de vue des <strong>neurosciences cognitives<\/strong>, faire appara\u00eetre une image mentale active des zones c\u00e9r\u00e9brales similaires \u00e0 celles engag\u00e9es lors de la perception r\u00e9elle. Notamment :<\/p>\n\n\n\n<ul class=\"wp-block-list\">\n<li>Les <strong>aires visuelles<\/strong> (m\u00eame si rien n\u2019est physiquement vu)<\/li>\n\n\n\n<li>Le <strong>cortex associatif<\/strong>, qui relie informations sensorielles, souvenirs et concepts<\/li>\n\n\n\n<li>La <strong>m\u00e9moire de travail<\/strong>, qui permet de manipuler mentalement des informations<\/li>\n<\/ul>\n\n\n\n<p>Ces images internes jouent un <strong>r\u00f4le cl\u00e9 dans les apprentissages<\/strong> : m\u00e9moriser une orthographe, se repr\u00e9senter une sc\u00e8ne de lecture, anticiper un d\u00e9placement dans l\u2019espace, r\u00e9soudre un probl\u00e8me math\u00e9matique\u2026<\/p>\n\n\n\n<p>Mais alors, que se passe-t-il quand ce m\u00e9canisme ne fonctionne pas ?<\/p>\n\n\n\n<p><\/p>\n\n\n\n<h2 class=\"wp-block-heading\">Quand cette image mentale n\u2019existe pas<\/h2>\n\n\n\n<p>Certaines personnes ne g\u00e9n\u00e8rent <strong>aucune image mentale<\/strong>. Aucune. Ce ph\u00e9nom\u00e8ne s\u2019appelle <strong>l\u2019aphantasie<\/strong>. Il ne s\u2019agit pas d\u2019un trouble psychologique, mais d\u2019une <strong>diff\u00e9rence neurologique<\/strong>, encore peu connue et souvent incomprise.<\/p>\n\n\n\n<h3 class=\"wp-block-heading\">Aphantasie : une autre mani\u00e8re de penser<\/h3>\n\n\n\n<p>Les personnes avec aphantasie peuvent parfaitement comprendre une description, reconna\u00eetre des objets, m\u00e9moriser\u2026 mais <strong>elles ne \u00ab voient \u00bb rien int\u00e9rieurement<\/strong>. C\u2019est comme si leur esprit restait opaque, m\u00eame en essayant tr\u00e8s fort de visualiser.<\/p>\n\n\n\n<p>L\u2019aphantasie peut \u00eatre :<\/p>\n\n\n\n<ul class=\"wp-block-list\">\n<li><strong>Totale<\/strong> : aucune image n\u2019est produite<\/li>\n\n\n\n<li><strong>Partielle<\/strong> : des images floues ou tr\u00e8s fugaces<\/li>\n\n\n\n<li><strong>Sp\u00e9cifique<\/strong> : certaines modalit\u00e9s sont absentes (ex. : pas d\u2019images visuelles mais des sons mentaux)<\/li>\n<\/ul>\n\n\n\n<p>Ce n\u2019est ni une pathologie, ni une d\u00e9ficience. Mais <strong>une autre mani\u00e8re d\u2019acc\u00e9der \u00e0 l\u2019information<\/strong>.<\/p>\n\n\n\n<p>\ud83d\udc49 <em>Je me souviens d\u2019un jeune que j\u2019accompagnais. Quand je lui proposais un exercice de visualisation pour m\u00e9moriser un mot, il me regardait, perplexe : \u201cMais je ne vois rien, moi !\u201d Ce n\u2019est qu\u2019en explorant son fonctionnement qu\u2019on a mis un mot sur cette singularit\u00e9. Il s\u2019est senti profond\u00e9ment soulag\u00e9.<\/em><\/p>\n\n\n\n<p><\/p>\n\n\n\n<h2 class=\"wp-block-heading\">Quels impacts \u00e0 l\u2019\u00e9cole ?<\/h2>\n\n\n\n<p>L\u2019\u00e9cole, souvent, repose sur l\u2019implicite de la visualisation. Sans image mentale, certains \u00e9l\u00e8ves peuvent se sentir en d\u00e9calage, voire en \u00e9chec, sans qu\u2019on en comprenne la raison.<\/p>\n\n\n\n<h3 class=\"wp-block-heading\">Les apprentissages concern\u00e9s<\/h3>\n\n\n\n<ul class=\"wp-block-list\">\n<li><strong>Lecture<\/strong> : difficult\u00e9 \u00e0 se repr\u00e9senter les sc\u00e8nes, les personnages<\/li>\n\n\n\n<li><strong>Orthographe<\/strong> : m\u00e9morisation visuelle limit\u00e9e<\/li>\n\n\n\n<li><strong>Compr\u00e9hension<\/strong> : en particulier des consignes abstraites<\/li>\n\n\n\n<li><strong>Orientation spatiale<\/strong> : se rep\u00e9rer, anticiper un trajet mentalement<\/li>\n\n\n\n<li><strong>M\u00e9moire<\/strong> : manque de \u201csupport visuel int\u00e9rieur\u201d pour retenir<\/li>\n<\/ul>\n\n\n\n<h3 class=\"wp-block-heading\">Malentendus p\u00e9dagogiques<\/h3>\n\n\n\n<p>Ces \u00e9l\u00e8ves peuvent \u00eatre per\u00e7us comme :<\/p>\n\n\n\n<ul class=\"wp-block-list\">\n<li>\u201cdans la lune\u201d<\/li>\n\n\n\n<li>\u201cpeu concentr\u00e9s\u201d<\/li>\n\n\n\n<li>\u201csans imagination\u201d<\/li>\n<\/ul>\n\n\n\n<p>Alors qu\u2019ils mobilisent en r\u00e9alit\u00e9 <strong>d\u2019autres strat\u00e9gies cognitives<\/strong>, souvent moins visibles.<\/p>\n\n\n\n<p>Et quand l\u2019\u00e9l\u00e8ve sent qu\u2019il ne fait \u201cpas comme les autres\u201d ? <strong>L\u2019estime de soi vacille.<\/strong> La motivation aussi. L\u2019isolement guette.<\/p>\n\n\n\n<p><\/p>\n\n\n\n<h2 class=\"wp-block-heading\">Comment accompagner autrement ?<\/h2>\n\n\n\n<p>Heureusement, il existe des <strong>strat\u00e9gies p\u00e9dagogiques efficaces<\/strong> pour soutenir les \u00e9l\u00e8ves sans image mentale\u2026 et enrichir ta pratique pour tous.<\/p>\n\n\n\n<h3 class=\"wp-block-heading\">Diversifier les canaux d\u2019apprentissage<\/h3>\n\n\n\n<ul class=\"wp-block-list\">\n<li><strong>Auditif<\/strong> : verbaliser, faire entendre, raconter<\/li>\n\n\n\n<li><strong>Kinesth\u00e9sique<\/strong> : manipuler, bouger, toucher<\/li>\n\n\n\n<li><strong>Verbal<\/strong> : d\u00e9crire \u00e0 haute voix ce qu\u2019on ne voit pas<\/li>\n<\/ul>\n\n\n\n<h3 class=\"wp-block-heading\">Soutenir par l\u2019environnement<\/h3>\n\n\n\n<ul class=\"wp-block-list\">\n<li>Utiliser des <strong>supports visuels concrets<\/strong> (sch\u00e9mas, cartes, images)<\/li>\n\n\n\n<li>Encourager les <strong>manipulations<\/strong> pour ancrer les concepts<\/li>\n\n\n\n<li>Proposer des <strong>visualisations guid\u00e9es<\/strong> (avec des mots, des gestes, des supports), m\u00eame si l\u2019image ne se forme pas spontan\u00e9ment<\/li>\n<\/ul>\n\n\n\n<h3 class=\"wp-block-heading\">Repenser la norme<\/h3>\n\n\n\n<ul class=\"wp-block-list\">\n<li>Ne pas chercher \u00e0 \u201ccorriger\u201d l\u2019aphantasie, mais \u00e0 <strong>l\u2019int\u00e9grer comme une variation du fonctionnement cognitif<\/strong><\/li>\n\n\n\n<li>Valoriser d\u2019autres formes d\u2019intelligence et de cr\u00e9ativit\u00e9<\/li>\n<\/ul>\n\n\n\n<p>L\u2019enjeu est double : <strong>adapter sans stigmatiser<\/strong>, <strong>personnaliser sans exclure<\/strong>. C\u2019est tout l\u2019art de la <strong>p\u00e9dagogie diff\u00e9renci\u00e9e<\/strong> et de l\u2019<strong>accompagnement personnalis\u00e9<\/strong>.<\/p>\n\n\n<div class=\"wp-block-image\">\n<figure class=\"aligncenter size-full\"><img loading=\"lazy\" decoding=\"async\" width=\"632\" height=\"612\" src=\"https:\/\/audreydelaforge.com\/wp-content\/uploads\/2026\/01\/visual-selection.png\" alt=\"\" class=\"wp-image-1749\" srcset=\"https:\/\/audreydelaforge.com\/wp-content\/uploads\/2026\/01\/visual-selection.png 632w, https:\/\/audreydelaforge.com\/wp-content\/uploads\/2026\/01\/visual-selection-300x291.png 300w, https:\/\/audreydelaforge.com\/wp-content\/uploads\/2026\/01\/visual-selection-600x581.png 600w\" sizes=\"auto, (max-width: 632px) 100vw, 632px\" \/><\/figure>\n<\/div>\n\n\n<h2 class=\"wp-block-heading\">Et si on apprenait aussi \u00e0 enseigner sans image mentale ?<\/h2>\n\n\n\n<p>Rendre visibles les invisibles, c\u2019est \u00e7a, le c\u0153ur de l\u2019<strong>orthop\u00e9dagogie<\/strong>. C\u2019est reconna\u00eetre que derri\u00e8re chaque difficult\u00e9 se cache une logique, une mani\u00e8re de penser, un monde int\u00e9rieur singulier.<\/p>\n\n\n\n<p>Alors oui, peut-\u00eatre que certains cerveaux n\u2019imaginent rien.<\/p>\n\n\n\n<p>Mais ils comprennent autrement. Apprennent autrement. R\u00e9ussissent autrement.<\/p>\n\n\n\n<p>Et si on osait interroger nos automatismes p\u00e9dagogiques ? Si on ouvrait l\u2019espace \u00e0 toutes les fa\u00e7ons d\u2019apprendre ? C\u2019est ainsi que l\u2019\u00e9cole devient vraiment inclusive.<\/p>\n\n\n\n<p>\u2728 <em>Et toi, comment prends-tu en compte l\u2019invisible dans ta pratique ?<\/em><\/p>\n\n\n\n<p><\/p>\n","protected":false},"excerpt":{"rendered":"<p>Tu vois une pomme quand on te dit \u00ab pomme \u00bb ? Rouge, brillante, pos\u00e9e sur une table ? Ou rien du tout, juste le mot qui r\u00e9sonne ? Pour beaucoup, visualiser mentalement est un r\u00e9flexe. On \u00ab voit dans sa t\u00eate \u00bb une sc\u00e8ne, un souvenir, un mot. Mais pour d\u2019autres, ce n\u2019est pas&hellip;&nbsp;<a href=\"https:\/\/audreydelaforge.com\/index.php\/2026\/01\/11\/image-mentale-aphantasie-apprentissages\/\" rel=\"bookmark\">Lire la suite &raquo;<span class=\"screen-reader-text\">Et si ton cerveau n\u2019imaginait rien ? Comprendre l\u2019image mentale\u2026 et son absence<\/span><\/a><\/p>\n","protected":false},"author":1,"featured_media":1747,"comment_status":"closed","ping_status":"open","sticky":false,"template":"","format":"standard","meta":{"om_disable_all_campaigns":false,"neve_meta_sidebar":"","neve_meta_container":"","neve_meta_enable_content_width":"","neve_meta_content_width":0,"neve_meta_title_alignment":"","neve_meta_author_avatar":"","neve_post_elements_order":"","neve_meta_disable_header":"","neve_meta_disable_footer":"","neve_meta_disable_title":"","footnotes":""},"categories":[20,19],"tags":[],"class_list":["post-1746","post","type-post","status-publish","format-standard","has-post-thumbnail","hentry","category-conception-pedagogique","category-orthopedagogie"],"yoast_head":"<!-- This site is optimized with the Yoast SEO plugin v27.5 - https:\/\/yoast.com\/product\/yoast-seo-wordpress\/ -->\n<title>Et si ton cerveau n\u2019imaginait rien ? Comprendre l\u2019image mentale\u2026 et son absence ~ Audrey Delaforge, Orthop\u00e9dagogue<\/title>\n<meta name=\"description\" content=\"Et si ton cerveau n\u2019imaginait rien ? D\u00e9couvre ce qu\u2019est l\u2019image mentale, l\u2019aphantasie et leurs impacts sur les apprentissages. Une exploration p\u00e9dagogique pour mieux accompagner la diversit\u00e9 cognitive.\" \/>\n<meta name=\"robots\" content=\"index, follow, max-snippet:-1, max-image-preview:large, max-video-preview:-1\" \/>\n<link rel=\"canonical\" href=\"https:\/\/audreydelaforge.com\/index.php\/2026\/01\/11\/image-mentale-aphantasie-apprentissages\/\" \/>\n<meta property=\"og:locale\" content=\"fr_FR\" \/>\n<meta property=\"og:type\" content=\"article\" \/>\n<meta property=\"og:title\" content=\"Et si ton cerveau n\u2019imaginait rien ? Comprendre l\u2019image mentale\u2026 et son absence ~ Audrey Delaforge, Orthop\u00e9dagogue\" \/>\n<meta property=\"og:description\" content=\"Et si ton cerveau n\u2019imaginait rien ? D\u00e9couvre ce qu\u2019est l\u2019image mentale, l\u2019aphantasie et leurs impacts sur les apprentissages. Une exploration p\u00e9dagogique pour mieux accompagner la diversit\u00e9 cognitive.\" \/>\n<meta property=\"og:url\" content=\"https:\/\/audreydelaforge.com\/index.php\/2026\/01\/11\/image-mentale-aphantasie-apprentissages\/\" \/>\n<meta property=\"og:site_name\" content=\"Audrey Delaforge, Orthop\u00e9dagogue\" \/>\n<meta property=\"article:publisher\" content=\"https:\/\/www.facebook.com\/audreycateldelaforge\" \/>\n<meta property=\"article:published_time\" content=\"2026-01-11T07:43:18+00:00\" \/>\n<meta property=\"article:modified_time\" content=\"2026-01-11T07:43:19+00:00\" \/>\n<meta property=\"og:image\" content=\"https:\/\/audreydelaforge.com\/wp-content\/uploads\/2026\/01\/ChatGPT-Image-11-janv.-2026-08_32_14.png\" \/>\n\t<meta property=\"og:image:width\" content=\"1536\" \/>\n\t<meta property=\"og:image:height\" content=\"1024\" \/>\n\t<meta property=\"og:image:type\" content=\"image\/png\" \/>\n<meta name=\"author\" content=\"audrey.catel.delaforge@gmail.com\" \/>\n<meta name=\"twitter:card\" content=\"summary_large_image\" \/>\n<meta name=\"twitter:label1\" content=\"\u00c9crit par\" \/>\n\t<meta name=\"twitter:data1\" content=\"audrey.catel.delaforge@gmail.com\" \/>\n\t<meta name=\"twitter:label2\" content=\"Dur\u00e9e de lecture estim\u00e9e\" \/>\n\t<meta name=\"twitter:data2\" content=\"5 minutes\" \/>\n<script type=\"application\/ld+json\" class=\"yoast-schema-graph\">{\"@context\":\"https:\\\/\\\/schema.org\",\"@graph\":[{\"@type\":\"Article\",\"@id\":\"https:\\\/\\\/audreydelaforge.com\\\/index.php\\\/2026\\\/01\\\/11\\\/image-mentale-aphantasie-apprentissages\\\/#article\",\"isPartOf\":{\"@id\":\"https:\\\/\\\/audreydelaforge.com\\\/index.php\\\/2026\\\/01\\\/11\\\/image-mentale-aphantasie-apprentissages\\\/\"},\"author\":{\"name\":\"audrey.catel.delaforge@gmail.com\",\"@id\":\"https:\\\/\\\/audreydelaforge.com\\\/#\\\/schema\\\/person\\\/b44bccc3f328e9802afbab74bb74495d\"},\"headline\":\"Et si ton cerveau n\u2019imaginait rien ? Comprendre l\u2019image mentale\u2026 et son absence\",\"datePublished\":\"2026-01-11T07:43:18+00:00\",\"dateModified\":\"2026-01-11T07:43:19+00:00\",\"mainEntityOfPage\":{\"@id\":\"https:\\\/\\\/audreydelaforge.com\\\/index.php\\\/2026\\\/01\\\/11\\\/image-mentale-aphantasie-apprentissages\\\/\"},\"wordCount\":917,\"publisher\":{\"@id\":\"https:\\\/\\\/audreydelaforge.com\\\/#organization\"},\"image\":{\"@id\":\"https:\\\/\\\/audreydelaforge.com\\\/index.php\\\/2026\\\/01\\\/11\\\/image-mentale-aphantasie-apprentissages\\\/#primaryimage\"},\"thumbnailUrl\":\"https:\\\/\\\/audreydelaforge.com\\\/wp-content\\\/uploads\\\/2026\\\/01\\\/ChatGPT-Image-11-janv.-2026-08_32_14.png\",\"articleSection\":[\"Conception p\u00e9dagogique\",\"Orthop\u00e9dagogie\"],\"inLanguage\":\"fr-FR\"},{\"@type\":\"WebPage\",\"@id\":\"https:\\\/\\\/audreydelaforge.com\\\/index.php\\\/2026\\\/01\\\/11\\\/image-mentale-aphantasie-apprentissages\\\/\",\"url\":\"https:\\\/\\\/audreydelaforge.com\\\/index.php\\\/2026\\\/01\\\/11\\\/image-mentale-aphantasie-apprentissages\\\/\",\"name\":\"Et si ton cerveau n\u2019imaginait rien ? Comprendre l\u2019image mentale\u2026 et son absence ~ Audrey Delaforge, Orthop\u00e9dagogue\",\"isPartOf\":{\"@id\":\"https:\\\/\\\/audreydelaforge.com\\\/#website\"},\"primaryImageOfPage\":{\"@id\":\"https:\\\/\\\/audreydelaforge.com\\\/index.php\\\/2026\\\/01\\\/11\\\/image-mentale-aphantasie-apprentissages\\\/#primaryimage\"},\"image\":{\"@id\":\"https:\\\/\\\/audreydelaforge.com\\\/index.php\\\/2026\\\/01\\\/11\\\/image-mentale-aphantasie-apprentissages\\\/#primaryimage\"},\"thumbnailUrl\":\"https:\\\/\\\/audreydelaforge.com\\\/wp-content\\\/uploads\\\/2026\\\/01\\\/ChatGPT-Image-11-janv.-2026-08_32_14.png\",\"datePublished\":\"2026-01-11T07:43:18+00:00\",\"dateModified\":\"2026-01-11T07:43:19+00:00\",\"description\":\"Et si ton cerveau n\u2019imaginait rien ? D\u00e9couvre ce qu\u2019est l\u2019image mentale, l\u2019aphantasie et leurs impacts sur les apprentissages. Une exploration p\u00e9dagogique pour mieux accompagner la diversit\u00e9 cognitive.\",\"breadcrumb\":{\"@id\":\"https:\\\/\\\/audreydelaforge.com\\\/index.php\\\/2026\\\/01\\\/11\\\/image-mentale-aphantasie-apprentissages\\\/#breadcrumb\"},\"inLanguage\":\"fr-FR\",\"potentialAction\":[{\"@type\":\"ReadAction\",\"target\":[\"https:\\\/\\\/audreydelaforge.com\\\/index.php\\\/2026\\\/01\\\/11\\\/image-mentale-aphantasie-apprentissages\\\/\"]}]},{\"@type\":\"ImageObject\",\"inLanguage\":\"fr-FR\",\"@id\":\"https:\\\/\\\/audreydelaforge.com\\\/index.php\\\/2026\\\/01\\\/11\\\/image-mentale-aphantasie-apprentissages\\\/#primaryimage\",\"url\":\"https:\\\/\\\/audreydelaforge.com\\\/wp-content\\\/uploads\\\/2026\\\/01\\\/ChatGPT-Image-11-janv.-2026-08_32_14.png\",\"contentUrl\":\"https:\\\/\\\/audreydelaforge.com\\\/wp-content\\\/uploads\\\/2026\\\/01\\\/ChatGPT-Image-11-janv.-2026-08_32_14.png\",\"width\":1536,\"height\":1024},{\"@type\":\"BreadcrumbList\",\"@id\":\"https:\\\/\\\/audreydelaforge.com\\\/index.php\\\/2026\\\/01\\\/11\\\/image-mentale-aphantasie-apprentissages\\\/#breadcrumb\",\"itemListElement\":[{\"@type\":\"ListItem\",\"position\":1,\"name\":\"Accueil\",\"item\":\"https:\\\/\\\/audreydelaforge.com\\\/\"},{\"@type\":\"ListItem\",\"position\":2,\"name\":\"Et si ton cerveau n\u2019imaginait rien ? Comprendre l\u2019image mentale\u2026 et son absence\"}]},{\"@type\":\"WebSite\",\"@id\":\"https:\\\/\\\/audreydelaforge.com\\\/#website\",\"url\":\"https:\\\/\\\/audreydelaforge.com\\\/\",\"name\":\"Audrey Delaforge, Orthop\u00e9dagogue\",\"description\":\"L&#039;apprenant au centre du savoir\",\"publisher\":{\"@id\":\"https:\\\/\\\/audreydelaforge.com\\\/#organization\"},\"potentialAction\":[{\"@type\":\"SearchAction\",\"target\":{\"@type\":\"EntryPoint\",\"urlTemplate\":\"https:\\\/\\\/audreydelaforge.com\\\/?s={search_term_string}\"},\"query-input\":{\"@type\":\"PropertyValueSpecification\",\"valueRequired\":true,\"valueName\":\"search_term_string\"}}],\"inLanguage\":\"fr-FR\"},{\"@type\":\"Organization\",\"@id\":\"https:\\\/\\\/audreydelaforge.com\\\/#organization\",\"name\":\"Audrey Delaforge, Orthop\u00e9dagogue\",\"url\":\"https:\\\/\\\/audreydelaforge.com\\\/\",\"logo\":{\"@type\":\"ImageObject\",\"inLanguage\":\"fr-FR\",\"@id\":\"https:\\\/\\\/audreydelaforge.com\\\/#\\\/schema\\\/logo\\\/image\\\/\",\"url\":\"https:\\\/\\\/audreydelaforge.com\\\/wp-content\\\/uploads\\\/2022\\\/06\\\/Logo-orange-noir-avec-Audrey-1.png\",\"contentUrl\":\"https:\\\/\\\/audreydelaforge.com\\\/wp-content\\\/uploads\\\/2022\\\/06\\\/Logo-orange-noir-avec-Audrey-1.png\",\"width\":500,\"height\":500,\"caption\":\"Audrey Delaforge, Orthop\u00e9dagogue\"},\"image\":{\"@id\":\"https:\\\/\\\/audreydelaforge.com\\\/#\\\/schema\\\/logo\\\/image\\\/\"},\"sameAs\":[\"https:\\\/\\\/www.facebook.com\\\/audreycateldelaforge\",\"https:\\\/\\\/www.linkedin.com\\\/in\\\/audrey-catel-delaforge\",\"https:\\\/\\\/www.instagram.com\\\/audrey_delaforge\\\/\"]},{\"@type\":\"Person\",\"@id\":\"https:\\\/\\\/audreydelaforge.com\\\/#\\\/schema\\\/person\\\/b44bccc3f328e9802afbab74bb74495d\",\"name\":\"audrey.catel.delaforge@gmail.com\",\"image\":{\"@type\":\"ImageObject\",\"inLanguage\":\"fr-FR\",\"@id\":\"https:\\\/\\\/secure.gravatar.com\\\/avatar\\\/6d2d46023ee8ab957213dcdb0ea8dc964f367c205b281a7f789f0eb314dfafbf?s=96&d=mm&r=g\",\"url\":\"https:\\\/\\\/secure.gravatar.com\\\/avatar\\\/6d2d46023ee8ab957213dcdb0ea8dc964f367c205b281a7f789f0eb314dfafbf?s=96&d=mm&r=g\",\"contentUrl\":\"https:\\\/\\\/secure.gravatar.com\\\/avatar\\\/6d2d46023ee8ab957213dcdb0ea8dc964f367c205b281a7f789f0eb314dfafbf?s=96&d=mm&r=g\",\"caption\":\"audrey.catel.delaforge@gmail.com\"},\"sameAs\":[\"http:\\\/\\\/audreydelaforge.com\"],\"url\":\"https:\\\/\\\/audreydelaforge.com\\\/index.php\\\/author\\\/audrey-catel-delaforgegmail-com\\\/\"}]}<\/script>\n<!-- \/ Yoast SEO plugin. -->","yoast_head_json":{"title":"Et si ton cerveau n\u2019imaginait rien ? Comprendre l\u2019image mentale\u2026 et son absence ~ Audrey Delaforge, Orthop\u00e9dagogue","description":"Et si ton cerveau n\u2019imaginait rien ? D\u00e9couvre ce qu\u2019est l\u2019image mentale, l\u2019aphantasie et leurs impacts sur les apprentissages. Une exploration p\u00e9dagogique pour mieux accompagner la diversit\u00e9 cognitive.","robots":{"index":"index","follow":"follow","max-snippet":"max-snippet:-1","max-image-preview":"max-image-preview:large","max-video-preview":"max-video-preview:-1"},"canonical":"https:\/\/audreydelaforge.com\/index.php\/2026\/01\/11\/image-mentale-aphantasie-apprentissages\/","og_locale":"fr_FR","og_type":"article","og_title":"Et si ton cerveau n\u2019imaginait rien ? Comprendre l\u2019image mentale\u2026 et son absence ~ Audrey Delaforge, Orthop\u00e9dagogue","og_description":"Et si ton cerveau n\u2019imaginait rien ? D\u00e9couvre ce qu\u2019est l\u2019image mentale, l\u2019aphantasie et leurs impacts sur les apprentissages. Une exploration p\u00e9dagogique pour mieux accompagner la diversit\u00e9 cognitive.","og_url":"https:\/\/audreydelaforge.com\/index.php\/2026\/01\/11\/image-mentale-aphantasie-apprentissages\/","og_site_name":"Audrey Delaforge, Orthop\u00e9dagogue","article_publisher":"https:\/\/www.facebook.com\/audreycateldelaforge","article_published_time":"2026-01-11T07:43:18+00:00","article_modified_time":"2026-01-11T07:43:19+00:00","og_image":[{"width":1536,"height":1024,"url":"https:\/\/audreydelaforge.com\/wp-content\/uploads\/2026\/01\/ChatGPT-Image-11-janv.-2026-08_32_14.png","type":"image\/png"}],"author":"audrey.catel.delaforge@gmail.com","twitter_card":"summary_large_image","twitter_misc":{"\u00c9crit par":"audrey.catel.delaforge@gmail.com","Dur\u00e9e de lecture estim\u00e9e":"5 minutes"},"schema":{"@context":"https:\/\/schema.org","@graph":[{"@type":"Article","@id":"https:\/\/audreydelaforge.com\/index.php\/2026\/01\/11\/image-mentale-aphantasie-apprentissages\/#article","isPartOf":{"@id":"https:\/\/audreydelaforge.com\/index.php\/2026\/01\/11\/image-mentale-aphantasie-apprentissages\/"},"author":{"name":"audrey.catel.delaforge@gmail.com","@id":"https:\/\/audreydelaforge.com\/#\/schema\/person\/b44bccc3f328e9802afbab74bb74495d"},"headline":"Et si ton cerveau n\u2019imaginait rien ? Comprendre l\u2019image mentale\u2026 et son absence","datePublished":"2026-01-11T07:43:18+00:00","dateModified":"2026-01-11T07:43:19+00:00","mainEntityOfPage":{"@id":"https:\/\/audreydelaforge.com\/index.php\/2026\/01\/11\/image-mentale-aphantasie-apprentissages\/"},"wordCount":917,"publisher":{"@id":"https:\/\/audreydelaforge.com\/#organization"},"image":{"@id":"https:\/\/audreydelaforge.com\/index.php\/2026\/01\/11\/image-mentale-aphantasie-apprentissages\/#primaryimage"},"thumbnailUrl":"https:\/\/audreydelaforge.com\/wp-content\/uploads\/2026\/01\/ChatGPT-Image-11-janv.-2026-08_32_14.png","articleSection":["Conception p\u00e9dagogique","Orthop\u00e9dagogie"],"inLanguage":"fr-FR"},{"@type":"WebPage","@id":"https:\/\/audreydelaforge.com\/index.php\/2026\/01\/11\/image-mentale-aphantasie-apprentissages\/","url":"https:\/\/audreydelaforge.com\/index.php\/2026\/01\/11\/image-mentale-aphantasie-apprentissages\/","name":"Et si ton cerveau n\u2019imaginait rien ? Comprendre l\u2019image mentale\u2026 et son absence ~ Audrey Delaforge, Orthop\u00e9dagogue","isPartOf":{"@id":"https:\/\/audreydelaforge.com\/#website"},"primaryImageOfPage":{"@id":"https:\/\/audreydelaforge.com\/index.php\/2026\/01\/11\/image-mentale-aphantasie-apprentissages\/#primaryimage"},"image":{"@id":"https:\/\/audreydelaforge.com\/index.php\/2026\/01\/11\/image-mentale-aphantasie-apprentissages\/#primaryimage"},"thumbnailUrl":"https:\/\/audreydelaforge.com\/wp-content\/uploads\/2026\/01\/ChatGPT-Image-11-janv.-2026-08_32_14.png","datePublished":"2026-01-11T07:43:18+00:00","dateModified":"2026-01-11T07:43:19+00:00","description":"Et si ton cerveau n\u2019imaginait rien ? D\u00e9couvre ce qu\u2019est l\u2019image mentale, l\u2019aphantasie et leurs impacts sur les apprentissages. Une exploration p\u00e9dagogique pour mieux accompagner la diversit\u00e9 cognitive.","breadcrumb":{"@id":"https:\/\/audreydelaforge.com\/index.php\/2026\/01\/11\/image-mentale-aphantasie-apprentissages\/#breadcrumb"},"inLanguage":"fr-FR","potentialAction":[{"@type":"ReadAction","target":["https:\/\/audreydelaforge.com\/index.php\/2026\/01\/11\/image-mentale-aphantasie-apprentissages\/"]}]},{"@type":"ImageObject","inLanguage":"fr-FR","@id":"https:\/\/audreydelaforge.com\/index.php\/2026\/01\/11\/image-mentale-aphantasie-apprentissages\/#primaryimage","url":"https:\/\/audreydelaforge.com\/wp-content\/uploads\/2026\/01\/ChatGPT-Image-11-janv.-2026-08_32_14.png","contentUrl":"https:\/\/audreydelaforge.com\/wp-content\/uploads\/2026\/01\/ChatGPT-Image-11-janv.-2026-08_32_14.png","width":1536,"height":1024},{"@type":"BreadcrumbList","@id":"https:\/\/audreydelaforge.com\/index.php\/2026\/01\/11\/image-mentale-aphantasie-apprentissages\/#breadcrumb","itemListElement":[{"@type":"ListItem","position":1,"name":"Accueil","item":"https:\/\/audreydelaforge.com\/"},{"@type":"ListItem","position":2,"name":"Et si ton cerveau n\u2019imaginait rien ? Comprendre l\u2019image mentale\u2026 et son absence"}]},{"@type":"WebSite","@id":"https:\/\/audreydelaforge.com\/#website","url":"https:\/\/audreydelaforge.com\/","name":"Audrey Delaforge, Orthop\u00e9dagogue","description":"L&#039;apprenant au centre du savoir","publisher":{"@id":"https:\/\/audreydelaforge.com\/#organization"},"potentialAction":[{"@type":"SearchAction","target":{"@type":"EntryPoint","urlTemplate":"https:\/\/audreydelaforge.com\/?s={search_term_string}"},"query-input":{"@type":"PropertyValueSpecification","valueRequired":true,"valueName":"search_term_string"}}],"inLanguage":"fr-FR"},{"@type":"Organization","@id":"https:\/\/audreydelaforge.com\/#organization","name":"Audrey Delaforge, Orthop\u00e9dagogue","url":"https:\/\/audreydelaforge.com\/","logo":{"@type":"ImageObject","inLanguage":"fr-FR","@id":"https:\/\/audreydelaforge.com\/#\/schema\/logo\/image\/","url":"https:\/\/audreydelaforge.com\/wp-content\/uploads\/2022\/06\/Logo-orange-noir-avec-Audrey-1.png","contentUrl":"https:\/\/audreydelaforge.com\/wp-content\/uploads\/2022\/06\/Logo-orange-noir-avec-Audrey-1.png","width":500,"height":500,"caption":"Audrey Delaforge, Orthop\u00e9dagogue"},"image":{"@id":"https:\/\/audreydelaforge.com\/#\/schema\/logo\/image\/"},"sameAs":["https:\/\/www.facebook.com\/audreycateldelaforge","https:\/\/www.linkedin.com\/in\/audrey-catel-delaforge","https:\/\/www.instagram.com\/audrey_delaforge\/"]},{"@type":"Person","@id":"https:\/\/audreydelaforge.com\/#\/schema\/person\/b44bccc3f328e9802afbab74bb74495d","name":"audrey.catel.delaforge@gmail.com","image":{"@type":"ImageObject","inLanguage":"fr-FR","@id":"https:\/\/secure.gravatar.com\/avatar\/6d2d46023ee8ab957213dcdb0ea8dc964f367c205b281a7f789f0eb314dfafbf?s=96&d=mm&r=g","url":"https:\/\/secure.gravatar.com\/avatar\/6d2d46023ee8ab957213dcdb0ea8dc964f367c205b281a7f789f0eb314dfafbf?s=96&d=mm&r=g","contentUrl":"https:\/\/secure.gravatar.com\/avatar\/6d2d46023ee8ab957213dcdb0ea8dc964f367c205b281a7f789f0eb314dfafbf?s=96&d=mm&r=g","caption":"audrey.catel.delaforge@gmail.com"},"sameAs":["http:\/\/audreydelaforge.com"],"url":"https:\/\/audreydelaforge.com\/index.php\/author\/audrey-catel-delaforgegmail-com\/"}]}},"_links":{"self":[{"href":"https:\/\/audreydelaforge.com\/index.php\/wp-json\/wp\/v2\/posts\/1746","targetHints":{"allow":["GET"]}}],"collection":[{"href":"https:\/\/audreydelaforge.com\/index.php\/wp-json\/wp\/v2\/posts"}],"about":[{"href":"https:\/\/audreydelaforge.com\/index.php\/wp-json\/wp\/v2\/types\/post"}],"author":[{"embeddable":true,"href":"https:\/\/audreydelaforge.com\/index.php\/wp-json\/wp\/v2\/users\/1"}],"replies":[{"embeddable":true,"href":"https:\/\/audreydelaforge.com\/index.php\/wp-json\/wp\/v2\/comments?post=1746"}],"version-history":[{"count":1,"href":"https:\/\/audreydelaforge.com\/index.php\/wp-json\/wp\/v2\/posts\/1746\/revisions"}],"predecessor-version":[{"id":1750,"href":"https:\/\/audreydelaforge.com\/index.php\/wp-json\/wp\/v2\/posts\/1746\/revisions\/1750"}],"wp:featuredmedia":[{"embeddable":true,"href":"https:\/\/audreydelaforge.com\/index.php\/wp-json\/wp\/v2\/media\/1747"}],"wp:attachment":[{"href":"https:\/\/audreydelaforge.com\/index.php\/wp-json\/wp\/v2\/media?parent=1746"}],"wp:term":[{"taxonomy":"category","embeddable":true,"href":"https:\/\/audreydelaforge.com\/index.php\/wp-json\/wp\/v2\/categories?post=1746"},{"taxonomy":"post_tag","embeddable":true,"href":"https:\/\/audreydelaforge.com\/index.php\/wp-json\/wp\/v2\/tags?post=1746"}],"curies":[{"name":"wp","href":"https:\/\/api.w.org\/{rel}","templated":true}]}}