{"id":1777,"date":"2026-02-15T07:21:49","date_gmt":"2026-02-15T07:21:49","guid":{"rendered":"https:\/\/audreydelaforge.com\/?p=1777"},"modified":"2026-02-15T07:21:50","modified_gmt":"2026-02-15T07:21:50","slug":"sortir-du-mythe-de-lautisme-unique-penser-en-profils-reevaluer-chaque-annee-ecouter-les-parents","status":"publish","type":"post","link":"https:\/\/audreydelaforge.com\/index.php\/2026\/02\/15\/sortir-du-mythe-de-lautisme-unique-penser-en-profils-reevaluer-chaque-annee-ecouter-les-parents\/","title":{"rendered":"Sortir du mythe de l\u2019autisme unique : penser en profils, r\u00e9\u00e9valuer chaque ann\u00e9e, \u00e9couter les parents"},"content":{"rendered":"\n<p>\u00ab Il est autiste. \u00bb<\/p>\n\n\n\n<p>Combien de fois cette phrase est-elle prononc\u00e9e comme si elle r\u00e9sumait tout ? Comme si elle expliquait d\u2019un bloc les forces, les fragilit\u00e9s, les comportements, les besoins scolaires et les perspectives d\u2019avenir d\u2019un enfant.<\/p>\n\n\n\n<p>Pourtant, les <strong>recommandations HAS autisme<\/strong> sont claires : il n\u2019existe pas <em>un<\/em> autisme, mais une diversit\u00e9 de profils, en constante \u00e9volution. Penser l\u2019autisme comme une entit\u00e9 fig\u00e9e est non seulement scientifiquement inexact, mais aussi contre-productif sur le plan \u00e9ducatif.<\/p>\n\n\n\n<p><a href=\"https:\/\/www.has-sante.fr\/jcms\/p_3113170\/fr\/autisme\">https:\/\/www.has-sante.fr\/jcms\/p_3113170\/fr\/autisme<\/a><\/p>\n\n\n\n<p>Sortir du mythe de l\u2019autisme unique, c\u2019est accepter une r\u00e9alit\u00e9 plus complexe \u2014 mais infiniment plus f\u00e9conde : celle du <strong>spectre<\/strong>, de la variabilit\u00e9 d\u00e9veloppementale, et de l\u2019ajustement continu des accompagnements.<\/p>\n\n\n<div class=\"wp-block-image\">\n<figure class=\"aligncenter size-large is-resized\"><img loading=\"lazy\" decoding=\"async\" width=\"1024\" height=\"683\" src=\"https:\/\/audreydelaforge.com\/wp-content\/uploads\/2026\/02\/ChatGPT-Image-15-fevr.-2026-08_06_06-1024x683.png\" alt=\"\" class=\"wp-image-1778\" style=\"width:705px;height:auto\" srcset=\"https:\/\/audreydelaforge.com\/wp-content\/uploads\/2026\/02\/ChatGPT-Image-15-fevr.-2026-08_06_06-1024x683.png 1024w, https:\/\/audreydelaforge.com\/wp-content\/uploads\/2026\/02\/ChatGPT-Image-15-fevr.-2026-08_06_06-300x200.png 300w, https:\/\/audreydelaforge.com\/wp-content\/uploads\/2026\/02\/ChatGPT-Image-15-fevr.-2026-08_06_06-768x512.png 768w, https:\/\/audreydelaforge.com\/wp-content\/uploads\/2026\/02\/ChatGPT-Image-15-fevr.-2026-08_06_06-930x620.png 930w, https:\/\/audreydelaforge.com\/wp-content\/uploads\/2026\/02\/ChatGPT-Image-15-fevr.-2026-08_06_06-600x400.png 600w, https:\/\/audreydelaforge.com\/wp-content\/uploads\/2026\/02\/ChatGPT-Image-15-fevr.-2026-08_06_06.png 1536w\" sizes=\"auto, (max-width: 1024px) 100vw, 1024px\" \/><\/figure>\n<\/div>\n\n\n<h2 class=\"wp-block-heading\">L\u2019autisme comme spectre : comprendre la diversit\u00e9 des profils<\/h2>\n\n\n\n<p>Le trouble du spectre de l\u2019autisme (TSA) est, par d\u00e9finition, un <strong>spectre<\/strong>. Cette notion n\u2019est pas d\u00e9corative. Elle renvoie \u00e0 une <strong>variabilit\u00e9 interindividuelle majeure<\/strong>.<\/p>\n\n\n\n<p>Deux enfants avec un diagnostic de TSA peuvent pr\u00e9senter :<\/p>\n\n\n\n<ul class=\"wp-block-list\">\n<li>des niveaux tr\u00e8s diff\u00e9rents de langage,<\/li>\n\n\n\n<li>des profils cognitifs contrast\u00e9s,<\/li>\n\n\n\n<li>des capacit\u00e9s d\u2019adaptation variables,<\/li>\n\n\n\n<li>des modalit\u00e9s sensorielles sp\u00e9cifiques,<\/li>\n\n\n\n<li>des trajectoires d\u00e9veloppementales distinctes.<\/li>\n<\/ul>\n\n\n\n<p>Les recommandations de la Haute Autorit\u00e9 de Sant\u00e9 insistent sur l\u2019importance d\u2019une <strong>\u00e9valuation fonctionnelle individualis\u00e9e<\/strong>, et non sur une cat\u00e9gorisation globale.<\/p>\n\n\n\n<h3 class=\"wp-block-heading\">Un diagnostic n\u2019est pas un profil<\/h3>\n\n\n\n<p>Le diagnostic identifie un ensemble de crit\u00e8res cliniques.<br>Mais il ne dit pas :<\/p>\n\n\n\n<ul class=\"wp-block-list\">\n<li>comment l\u2019enfant apprend,<\/li>\n\n\n\n<li>ce qui le r\u00e9gule,<\/li>\n\n\n\n<li>ce qui le surcharge,<\/li>\n\n\n\n<li>ce qui le motive,<\/li>\n\n\n\n<li>ni comment il \u00e9voluera.<\/li>\n<\/ul>\n\n\n\n<p>En orthop\u00e9dagogie et TSA, nous travaillons pr\u00e9cis\u00e9ment \u00e0 cet endroit : comprendre le <strong>fonctionnement cognitif et adaptatif<\/strong> pour construire un accompagnement individualis\u00e9 autisme r\u00e9ellement ajust\u00e9.<\/p>\n\n\n\n<p>Penser en profils, c\u2019est passer d\u2019une logique d\u2019\u00e9tiquette \u00e0 une logique de compr\u00e9hension fine.<\/p>\n\n\n\n<h2 class=\"wp-block-heading\">Pourquoi un accompagnement fig\u00e9 est contre-productif<\/h2>\n\n\n\n<p>Un enfant de 4 ans avec TSA n\u2019est pas le m\u00eame \u00e0 7 ans.<br>Un \u00e9l\u00e8ve de CM1 n\u2019aura pas les m\u00eames besoins en 5e.<\/p>\n\n\n\n<p>Pourtant, dans la r\u00e9alit\u00e9 de terrain (\u00e9cole, m\u00e9dico-social, famille), il arrive que l\u2019accompagnement reste fig\u00e9 :<\/p>\n\n\n\n<ul class=\"wp-block-list\">\n<li>m\u00eames objectifs pendant plusieurs ann\u00e9es,<\/li>\n\n\n\n<li>m\u00eames supports,<\/li>\n\n\n\n<li>m\u00eames strat\u00e9gies,<\/li>\n\n\n\n<li>m\u00eames am\u00e9nagements, sans r\u00e9\u00e9valuation de leur pertinence.<\/li>\n<\/ul>\n\n\n\n<p>Or, le d\u00e9veloppement est dynamique.<\/p>\n\n\n\n<h3 class=\"wp-block-heading\">La plasticit\u00e9 d\u00e9veloppementale change la donne<\/h3>\n\n\n\n<p>Les neurosciences du d\u00e9veloppement montrent que le cerveau de l\u2019enfant est en constante transformation. Les comp\u00e9tences sociales, langagi\u00e8res, ex\u00e9cutives et adaptatives \u00e9voluent.<\/p>\n\n\n\n<p>Un enfant peut :<\/p>\n\n\n\n<ul class=\"wp-block-list\">\n<li>gagner en autonomie,<\/li>\n\n\n\n<li>d\u00e9velopper de nouvelles strat\u00e9gies,<\/li>\n\n\n\n<li>manifester des comp\u00e9tences jusque-l\u00e0 peu visibles,<\/li>\n\n\n\n<li>ou au contraire rencontrer de nouvelles difficult\u00e9s li\u00e9es aux exigences scolaires.<\/li>\n<\/ul>\n\n\n\n<p>Ne pas ajuster les interventions revient \u00e0 ignorer cette plasticit\u00e9.<\/p>\n\n\n\n<p>Un accompagnement fig\u00e9 peut :<\/p>\n\n\n\n<ul class=\"wp-block-list\">\n<li>freiner la progression,<\/li>\n\n\n\n<li>sous-estimer les capacit\u00e9s,<\/li>\n\n\n\n<li>maintenir des objectifs devenus obsol\u00e8tes,<\/li>\n\n\n\n<li>g\u00e9n\u00e9rer de la frustration.<\/li>\n<\/ul>\n\n\n\n<p>L\u2019ajustement des objectifs n\u2019est pas un luxe : c\u2019est une n\u00e9cessit\u00e9 scientifique.<\/p>\n\n\n<div class=\"wp-block-image\">\n<figure class=\"aligncenter size-large is-resized\"><img loading=\"lazy\" decoding=\"async\" width=\"1024\" height=\"683\" src=\"https:\/\/audreydelaforge.com\/wp-content\/uploads\/2026\/02\/ChatGPT-Image-15-fevr.-2026-08_08_18-1024x683.png\" alt=\"\" class=\"wp-image-1779\" style=\"width:733px;height:auto\" srcset=\"https:\/\/audreydelaforge.com\/wp-content\/uploads\/2026\/02\/ChatGPT-Image-15-fevr.-2026-08_08_18-1024x683.png 1024w, https:\/\/audreydelaforge.com\/wp-content\/uploads\/2026\/02\/ChatGPT-Image-15-fevr.-2026-08_08_18-300x200.png 300w, https:\/\/audreydelaforge.com\/wp-content\/uploads\/2026\/02\/ChatGPT-Image-15-fevr.-2026-08_08_18-768x512.png 768w, https:\/\/audreydelaforge.com\/wp-content\/uploads\/2026\/02\/ChatGPT-Image-15-fevr.-2026-08_08_18-930x620.png 930w, https:\/\/audreydelaforge.com\/wp-content\/uploads\/2026\/02\/ChatGPT-Image-15-fevr.-2026-08_08_18-600x400.png 600w, https:\/\/audreydelaforge.com\/wp-content\/uploads\/2026\/02\/ChatGPT-Image-15-fevr.-2026-08_08_18.png 1536w\" sizes=\"auto, (max-width: 1024px) 100vw, 1024px\" \/><\/figure>\n<\/div>\n\n\n<h2 class=\"wp-block-heading\">L\u2019\u00e9valuation annuelle : une exigence scientifique et strat\u00e9gique<\/h2>\n\n\n\n<p>Les <strong>recommandations HAS autisme<\/strong> soulignent l\u2019importance d\u2019une r\u00e9\u00e9valuation r\u00e9guli\u00e8re du fonctionnement de l\u2019enfant.<br>L\u2019<strong>\u00e9valuation annuelle TSA<\/strong> n\u2019est pas une formalit\u00e9 administrative : c\u2019est un outil strat\u00e9gique.<\/p>\n\n\n\n<h3 class=\"wp-block-heading\">Pourquoi r\u00e9\u00e9valuer chaque ann\u00e9e ?<\/h3>\n\n\n\n<p>Parce que l\u2019on ne peut pas piloter un projet personnalis\u00e9 sans indicateurs actualis\u00e9s.<\/p>\n\n\n\n<p>Une \u00e9valuation annuelle permet de :<\/p>\n\n\n\n<ul class=\"wp-block-list\">\n<li>mesurer les indicateurs de progression,<\/li>\n\n\n\n<li>identifier les comp\u00e9tences \u00e9mergentes,<\/li>\n\n\n\n<li>rep\u00e9rer les points de fragilit\u00e9 nouveaux,<\/li>\n\n\n\n<li>ajuster les priorit\u00e9s \u00e9ducatives,<\/li>\n\n\n\n<li>red\u00e9finir les modalit\u00e9s d\u2019accompagnement.<\/li>\n<\/ul>\n\n\n\n<p>En contexte scolaire, cela signifie interroger :<\/p>\n\n\n\n<ul class=\"wp-block-list\">\n<li>la compr\u00e9hension des consignes,<\/li>\n\n\n\n<li>la r\u00e9gulation \u00e9motionnelle,<\/li>\n\n\n\n<li>l\u2019attention soutenue,<\/li>\n\n\n\n<li>la flexibilit\u00e9 cognitive,<\/li>\n\n\n\n<li>les interactions avec les pairs,<\/li>\n\n\n\n<li>l\u2019acc\u00e8s aux apprentissages.<\/li>\n<\/ul>\n\n\n\n<h3 class=\"wp-block-heading\">R\u00e9\u00e9valuer, ce n\u2019est pas repartir de z\u00e9ro<\/h3>\n\n\n\n<p>C\u2019est affiner.<\/p>\n\n\n\n<p>C\u2019est passer d\u2019un accompagnement bas\u00e9 sur une photographie ancienne \u00e0 un projet construit sur des donn\u00e9es actuelles.<\/p>\n\n\n\n<p>Dans la pratique orthop\u00e9dagogique, cette r\u00e9\u00e9valuation s\u2019appuie sur :<\/p>\n\n\n\n<ul class=\"wp-block-list\">\n<li>l\u2019observation en situation r\u00e9elle,<\/li>\n\n\n\n<li>l\u2019analyse des productions scolaires,<\/li>\n\n\n\n<li>l\u2019\u00e9valuation des fonctions ex\u00e9cutives,<\/li>\n\n\n\n<li>le recueil des donn\u00e9es familiales,<\/li>\n\n\n\n<li>la coordination avec l\u2019\u00e9quipe \u00e9ducative.<\/li>\n<\/ul>\n\n\n\n<p>L\u2019\u00e9valuation annuelle TSA devient alors un levier d\u2019ajustement, et non un simple rituel institutionnel.<\/p>\n\n\n\n<h2 class=\"wp-block-heading\">L\u2019expertise parentale comme donn\u00e9e clinique indispensable<\/h2>\n\n\n\n<p>Il existe un autre mythe, plus discret : celui selon lequel le professionnel serait l\u2019unique d\u00e9tenteur de l\u2019expertise.<\/p>\n\n\n\n<p>Or, le <strong>r\u00f4le des parents autisme<\/strong> est central.<\/p>\n\n\n\n<p>Les parents sont :<\/p>\n\n\n\n<ul class=\"wp-block-list\">\n<li>les observateurs longitudinaux du d\u00e9veloppement,<\/li>\n\n\n\n<li>les premiers t\u00e9moins des \u00e9volutions subtiles,<\/li>\n\n\n\n<li>les d\u00e9tenteurs d\u2019informations contextuelles essentielles,<\/li>\n\n\n\n<li>les partenaires du quotidien.<\/li>\n<\/ul>\n\n\n\n<h3 class=\"wp-block-heading\">L\u2019expertise parentale, une donn\u00e9e clinique<\/h3>\n\n\n\n<p>Dans une approche rigoureuse, les observations parentales ne sont pas anecdotiques. Elles constituent une <strong>donn\u00e9e clinique \u00e0 part enti\u00e8re<\/strong>.<\/p>\n\n\n\n<p>Les parents peuvent signaler :<\/p>\n\n\n\n<ul class=\"wp-block-list\">\n<li>une am\u00e9lioration de la communication spontan\u00e9e,<\/li>\n\n\n\n<li>une fatigue accrue li\u00e9e \u00e0 l\u2019\u00e9cole,<\/li>\n\n\n\n<li>une hypersensibilit\u00e9 nouvelle,<\/li>\n\n\n\n<li>un changement dans la gestion des transitions,<\/li>\n\n\n\n<li>des comp\u00e9tences \u00e9mergentes \u00e0 domicile.<\/li>\n<\/ul>\n\n\n\n<p>Ces \u00e9l\u00e9ments permettent d\u2019affiner l\u2019\u00e9valuation fonctionnelle.<\/p>\n\n\n\n<p>Exclure les parents du processus d\u2019ajustement, c\u2019est se priver d\u2019une source d\u2019informations pr\u00e9cieuse.<\/p>\n\n\n\n<h3 class=\"wp-block-heading\">La co-construction du projet personnalis\u00e9<\/h3>\n\n\n\n<p>Les recommandations actuelles insistent sur la co-construction.<\/p>\n\n\n\n<p>Un projet personnalis\u00e9 efficace repose sur :<\/p>\n\n\n\n<ul class=\"wp-block-list\">\n<li>des objectifs partag\u00e9s,<\/li>\n\n\n\n<li>des priorit\u00e9s discut\u00e9es,<\/li>\n\n\n\n<li>une articulation \u00e9cole-famille-m\u00e9dico-social,<\/li>\n\n\n\n<li>une communication r\u00e9guli\u00e8re.<\/li>\n<\/ul>\n\n\n\n<p>Dans la r\u00e9alit\u00e9 de terrain, cela suppose :<\/p>\n\n\n\n<ul class=\"wp-block-list\">\n<li>des temps d\u2019\u00e9change formalis\u00e9s,<\/li>\n\n\n\n<li>une \u00e9coute active,<\/li>\n\n\n\n<li>une reconnaissance des comp\u00e9tences parentales,<\/li>\n\n\n\n<li>une transparence sur les indicateurs de progression.<\/li>\n<\/ul>\n\n\n\n<p>La co-construction ne dilue pas l\u2019expertise professionnelle. Elle l\u2019enrichit.<\/p>\n\n\n\n<h2 class=\"wp-block-heading\">Lecture orthop\u00e9dagogique : ajuster les apprentissages et les environnements<\/h2>\n\n\n\n<p>L\u2019orthop\u00e9dagogie et TSA se rencontrent pr\u00e9cis\u00e9ment dans cette dynamique d\u2019ajustement.<\/p>\n\n\n\n<p>L\u2019enjeu n\u2019est pas seulement d\u2019enseigner autrement, mais de comprendre <strong>comment l\u2019enfant apprend<\/strong>.<\/p>\n\n\n\n<h3 class=\"wp-block-heading\">Penser en termes de fonctionnement cognitif<\/h3>\n\n\n\n<p>Un \u00e9l\u00e8ve avec TSA peut pr\u00e9senter :<\/p>\n\n\n\n<ul class=\"wp-block-list\">\n<li>un traitement perceptif d\u00e9taill\u00e9,<\/li>\n\n\n\n<li>une difficult\u00e9 de g\u00e9n\u00e9ralisation,<\/li>\n\n\n\n<li>une rigidit\u00e9 cognitive,<\/li>\n\n\n\n<li>une lenteur de traitement,<\/li>\n\n\n\n<li>une surcharge sensorielle,<\/li>\n\n\n\n<li>des particularit\u00e9s attentionnelles.<\/li>\n<\/ul>\n\n\n\n<p>Ces \u00e9l\u00e9ments influencent directement l\u2019acc\u00e8s aux apprentissages.<\/p>\n\n\n\n<p>L\u2019accompagnement individualis\u00e9 autisme doit donc int\u00e9grer :<\/p>\n\n\n\n<ul class=\"wp-block-list\">\n<li>l\u2019adaptation des supports,<\/li>\n\n\n\n<li>la clarification des attentes,<\/li>\n\n\n\n<li>la structuration de l\u2019environnement,<\/li>\n\n\n\n<li>la modulation des stimulations sensorielles,<\/li>\n\n\n\n<li>l\u2019enseignement explicite des strat\u00e9gies.<\/li>\n<\/ul>\n\n\n\n<h3 class=\"wp-block-heading\">Ajuster l\u2019environnement, pas seulement l\u2019enfant<\/h3>\n\n\n\n<p>Un principe fondamental : ce n\u2019est pas uniquement l\u2019enfant qui doit s\u2019adapter.<\/p>\n\n\n\n<p>L\u2019environnement scolaire peut \u00eatre modul\u00e9 :<\/p>\n\n\n\n<ul class=\"wp-block-list\">\n<li>organisation spatiale plus lisible,<\/li>\n\n\n\n<li>emploi du temps visuel,<\/li>\n\n\n\n<li>anticipation des changements,<\/li>\n\n\n\n<li>r\u00e9duction des distracteurs,<\/li>\n\n\n\n<li>segmentation des t\u00e2ches.<\/li>\n<\/ul>\n\n\n\n<p>Ces ajustements reposent sur une compr\u00e9hension actualis\u00e9e du profil.<\/p>\n\n\n\n<p>D\u2019o\u00f9 l\u2019importance de la r\u00e9\u00e9valuation annuelle.<\/p>\n\n\n\n<h3 class=\"wp-block-heading\">Mesurer les progr\u00e8s autrement<\/h3>\n\n\n\n<p>Les indicateurs de progression ne se limitent pas aux notes.<\/p>\n\n\n\n<p>Ils peuvent inclure :<\/p>\n\n\n\n<ul class=\"wp-block-list\">\n<li>une meilleure tol\u00e9rance \u00e0 la frustration,<\/li>\n\n\n\n<li>une augmentation du temps d\u2019engagement,<\/li>\n\n\n\n<li>une participation plus spontan\u00e9e,<\/li>\n\n\n\n<li>une autonomie accrue dans les routines,<\/li>\n\n\n\n<li>une capacit\u00e9 \u00e0 demander de l\u2019aide.<\/li>\n<\/ul>\n\n\n\n<p>Ces progr\u00e8s, parfois invisibles dans un bulletin scolaire, sont pourtant fondamentaux.<\/p>\n\n\n\n<h2 class=\"wp-block-heading\">Vers un accompagnement dynamique, \u00e9volutif et co-construit<\/h2>\n\n\n\n<p>Sortir du mythe de l\u2019autisme unique, c\u2019est accepter trois \u00e9vidences scientifiques :<\/p>\n\n\n\n<ol class=\"wp-block-list\">\n<li>Le TSA est un spectre marqu\u00e9 par une forte variabilit\u00e9 interindividuelle.<\/li>\n\n\n\n<li>Le d\u00e9veloppement est plastique et \u00e9volutif.<\/li>\n\n\n\n<li>L\u2019accompagnement doit \u00eatre ajust\u00e9 r\u00e9guli\u00e8rement.<\/li>\n<\/ol>\n\n\n\n<p>Les <strong>recommandations HAS autisme<\/strong> nous invitent \u00e0 adopter une posture dynamique :<br>observer, analyser, ajuster.<\/p>\n\n\n\n<p>L\u2019<strong>\u00e9valuation annuelle TSA<\/strong> devient un outil strat\u00e9gique.<br>Le <strong>r\u00f4le des parents autisme<\/strong> est reconnu comme une expertise compl\u00e9mentaire.<br>L\u2019<strong>accompagnement individualis\u00e9 autisme<\/strong> s\u2019inscrit dans une logique \u00e9volutive.<br>Et l\u2019<strong>orthop\u00e9dagogie et TSA<\/strong> se rencontrent dans cette exigence d\u2019ajustement fin des apprentissages et des environnements.<\/p>\n\n\n<div class=\"wp-block-image\">\n<figure class=\"aligncenter size-large is-resized\"><img loading=\"lazy\" decoding=\"async\" width=\"1024\" height=\"683\" src=\"https:\/\/audreydelaforge.com\/wp-content\/uploads\/2026\/02\/ChatGPT-Image-15-fevr.-2026-08_10_05-1024x683.png\" alt=\"\" class=\"wp-image-1780\" style=\"width:553px;height:auto\" srcset=\"https:\/\/audreydelaforge.com\/wp-content\/uploads\/2026\/02\/ChatGPT-Image-15-fevr.-2026-08_10_05-1024x683.png 1024w, https:\/\/audreydelaforge.com\/wp-content\/uploads\/2026\/02\/ChatGPT-Image-15-fevr.-2026-08_10_05-300x200.png 300w, https:\/\/audreydelaforge.com\/wp-content\/uploads\/2026\/02\/ChatGPT-Image-15-fevr.-2026-08_10_05-768x512.png 768w, https:\/\/audreydelaforge.com\/wp-content\/uploads\/2026\/02\/ChatGPT-Image-15-fevr.-2026-08_10_05-930x620.png 930w, https:\/\/audreydelaforge.com\/wp-content\/uploads\/2026\/02\/ChatGPT-Image-15-fevr.-2026-08_10_05-600x400.png 600w, https:\/\/audreydelaforge.com\/wp-content\/uploads\/2026\/02\/ChatGPT-Image-15-fevr.-2026-08_10_05.png 1536w\" sizes=\"auto, (max-width: 1024px) 100vw, 1024px\" \/><\/figure>\n<\/div>\n\n\n<p>Penser en profils, c\u2019est refuser les raccourcis.<br>C\u2019est choisir la pr\u00e9cision plut\u00f4t que la g\u00e9n\u00e9ralisation.<br>C\u2019est construire des projets personnalis\u00e9s vivants, r\u00e9visables, co-construits.<\/p>\n\n\n\n<p>Et si, finalement, la v\u00e9ritable inclusion commen\u00e7ait l\u00e0 :<br>dans la capacit\u00e9 \u00e0 revoir, chaque ann\u00e9e, ce que l\u2019on croyait savoir ?<\/p>\n\n\n\n<p>Parce qu\u2019un enfant ne se r\u00e9sume jamais \u00e0 un diagnostic.<br>Et parce qu\u2019accompagner, c\u2019est accepter d\u2019\u00e9voluer avec lui.<\/p>\n\n\n\n<figure class=\"wp-block-embed is-type-wp-embed is-provider-audrey-delaforge-orthop-dagogue wp-block-embed-audrey-delaforge-orthop-dagogue\"><div class=\"wp-block-embed__wrapper\">\n<blockquote class=\"wp-embedded-content\" data-secret=\"2IkJUBve60\"><a href=\"https:\/\/audreydelaforge.com\/index.php\/accompagnement-orthopedagogique-a-tout-moment-du-parcours\/\">Accompagnement Orthop\u00e9dagogique \u00ab\u00a0\u00c0 Tout Moment du Parcours\u00a0\u00bb<\/a><\/blockquote><iframe loading=\"lazy\" class=\"wp-embedded-content\" sandbox=\"allow-scripts\" security=\"restricted\" style=\"position: absolute; visibility: hidden;\" title=\"\u00ab\u00a0Accompagnement Orthop\u00e9dagogique \u00ab\u00a0\u00c0 Tout Moment du Parcours\u00a0\u00bb\u00a0\u00bb &#8212; Audrey Delaforge, Orthop\u00e9dagogue\" src=\"https:\/\/audreydelaforge.com\/index.php\/accompagnement-orthopedagogique-a-tout-moment-du-parcours\/embed\/#?secret=hs3Up6lvbi#?secret=2IkJUBve60\" data-secret=\"2IkJUBve60\" width=\"600\" height=\"338\" frameborder=\"0\" marginwidth=\"0\" marginheight=\"0\" scrolling=\"no\"><\/iframe>\n<\/div><\/figure>\n\n\n\n<hr class=\"wp-block-separator has-alpha-channel-opacity\"\/>\n\n\n\n<p>Pour aller plus loin <\/p>\n\n\n\n<p><a href=\"https:\/\/www.has-sante.fr\/jcms\/p_3448980\/fr\/trouble-du-spectre-de-l-autisme-interventions-et-parcours-de-vie-du-nourrisson-de-l-enfant-et-de-l-adolescent#toc_1_1\">https:\/\/www.has-sante.fr\/jcms\/p_3448980\/fr\/trouble-du-spectre-de-l-autisme-interventions-et-parcours-de-vie-du-nourrisson-de-l-enfant-et-de-l-adolescent#toc_1_1<\/a><\/p>\n\n\n\n<p><a href=\"https:\/\/www.has-sante.fr\/jcms\/c_953959\/fr\/autisme-et-autres-troubles-envahissants-du-developpement-interventions-educatives-et-therapeutiques-coordonnees-chez-l-enfant-et-l-adolescent\">https:\/\/www.has-sante.fr\/jcms\/c_953959\/fr\/autisme-et-autres-troubles-envahissants-du-developpement-interventions-educatives-et-therapeutiques-coordonnees-chez-l-enfant-et-l-adolescent<\/a><\/p>\n\n\n\n<p><\/p>\n","protected":false},"excerpt":{"rendered":"<p>\u00ab Il est autiste. \u00bb Combien de fois cette phrase est-elle prononc\u00e9e comme si elle r\u00e9sumait tout ? Comme si elle expliquait d\u2019un bloc les forces, les fragilit\u00e9s, les comportements, les besoins scolaires et les perspectives d\u2019avenir d\u2019un enfant. Pourtant, les recommandations HAS autisme sont claires : il n\u2019existe pas un autisme, mais une diversit\u00e9&hellip;&nbsp;<a href=\"https:\/\/audreydelaforge.com\/index.php\/2026\/02\/15\/sortir-du-mythe-de-lautisme-unique-penser-en-profils-reevaluer-chaque-annee-ecouter-les-parents\/\" rel=\"bookmark\">Lire la suite &raquo;<span class=\"screen-reader-text\">Sortir du mythe de l\u2019autisme unique : penser en profils, r\u00e9\u00e9valuer chaque ann\u00e9e, \u00e9couter les parents<\/span><\/a><\/p>\n","protected":false},"author":1,"featured_media":1780,"comment_status":"closed","ping_status":"open","sticky":false,"template":"","format":"standard","meta":{"om_disable_all_campaigns":false,"neve_meta_sidebar":"","neve_meta_container":"","neve_meta_enable_content_width":"","neve_meta_content_width":0,"neve_meta_title_alignment":"","neve_meta_author_avatar":"","neve_post_elements_order":"","neve_meta_disable_header":"","neve_meta_disable_footer":"","neve_meta_disable_title":"","footnotes":""},"categories":[1],"tags":[],"class_list":["post-1777","post","type-post","status-publish","format-standard","has-post-thumbnail","hentry","category-uncategorized"],"yoast_head":"<!-- This site is optimized with the Yoast SEO plugin v27.5 - https:\/\/yoast.com\/product\/yoast-seo-wordpress\/ -->\n<title>Sortir du mythe de l\u2019autisme unique : penser en profils, r\u00e9\u00e9valuer chaque ann\u00e9e, \u00e9couter les parents ~ Audrey Delaforge, Orthop\u00e9dagogue<\/title>\n<meta name=\"description\" content=\"Sortir du mythe de l\u2019autisme unique : recommandations HAS, \u00e9valuation annuelle TSA, r\u00f4le des parents et accompagnement individualis\u00e9 en orthop\u00e9dagogie.Si tu veux une version un peu plus engageante et orient\u00e9e terrain :Autisme : pourquoi penser en profils, r\u00e9\u00e9valuer chaque ann\u00e9e et reconna\u00eetre l\u2019expertise parentale change l\u2019accompagnement individualis\u00e9 en TSA.\" \/>\n<meta name=\"robots\" content=\"index, follow, max-snippet:-1, max-image-preview:large, max-video-preview:-1\" \/>\n<link rel=\"canonical\" href=\"https:\/\/audreydelaforge.com\/index.php\/2026\/02\/15\/sortir-du-mythe-de-lautisme-unique-penser-en-profils-reevaluer-chaque-annee-ecouter-les-parents\/\" \/>\n<meta property=\"og:locale\" content=\"fr_FR\" \/>\n<meta property=\"og:type\" content=\"article\" \/>\n<meta property=\"og:title\" content=\"Sortir du mythe de l\u2019autisme unique : penser en profils, r\u00e9\u00e9valuer chaque ann\u00e9e, \u00e9couter les parents ~ Audrey Delaforge, Orthop\u00e9dagogue\" \/>\n<meta property=\"og:description\" content=\"Sortir du mythe de l\u2019autisme unique : recommandations HAS, \u00e9valuation annuelle TSA, r\u00f4le des parents et accompagnement individualis\u00e9 en orthop\u00e9dagogie.Si tu veux une version un peu plus engageante et orient\u00e9e terrain :Autisme : pourquoi penser en profils, r\u00e9\u00e9valuer chaque ann\u00e9e et reconna\u00eetre l\u2019expertise parentale change l\u2019accompagnement individualis\u00e9 en TSA.\" \/>\n<meta property=\"og:url\" content=\"https:\/\/audreydelaforge.com\/index.php\/2026\/02\/15\/sortir-du-mythe-de-lautisme-unique-penser-en-profils-reevaluer-chaque-annee-ecouter-les-parents\/\" \/>\n<meta property=\"og:site_name\" content=\"Audrey Delaforge, Orthop\u00e9dagogue\" \/>\n<meta property=\"article:publisher\" content=\"https:\/\/www.facebook.com\/audreycateldelaforge\" \/>\n<meta property=\"article:published_time\" content=\"2026-02-15T07:21:49+00:00\" \/>\n<meta property=\"article:modified_time\" content=\"2026-02-15T07:21:50+00:00\" \/>\n<meta property=\"og:image\" content=\"https:\/\/audreydelaforge.com\/wp-content\/uploads\/2026\/02\/ChatGPT-Image-15-fevr.-2026-08_10_05-1024x683.png\" \/>\n\t<meta property=\"og:image:width\" content=\"1024\" \/>\n\t<meta property=\"og:image:height\" content=\"683\" \/>\n\t<meta property=\"og:image:type\" content=\"image\/png\" \/>\n<meta name=\"author\" content=\"audrey.catel.delaforge@gmail.com\" \/>\n<meta name=\"twitter:card\" content=\"summary_large_image\" \/>\n<meta name=\"twitter:label1\" content=\"\u00c9crit par\" \/>\n\t<meta name=\"twitter:data1\" content=\"audrey.catel.delaforge@gmail.com\" \/>\n\t<meta name=\"twitter:label2\" content=\"Dur\u00e9e de lecture estim\u00e9e\" \/>\n\t<meta name=\"twitter:data2\" content=\"7 minutes\" \/>\n<script type=\"application\/ld+json\" class=\"yoast-schema-graph\">{\"@context\":\"https:\\\/\\\/schema.org\",\"@graph\":[{\"@type\":\"Article\",\"@id\":\"https:\\\/\\\/audreydelaforge.com\\\/index.php\\\/2026\\\/02\\\/15\\\/sortir-du-mythe-de-lautisme-unique-penser-en-profils-reevaluer-chaque-annee-ecouter-les-parents\\\/#article\",\"isPartOf\":{\"@id\":\"https:\\\/\\\/audreydelaforge.com\\\/index.php\\\/2026\\\/02\\\/15\\\/sortir-du-mythe-de-lautisme-unique-penser-en-profils-reevaluer-chaque-annee-ecouter-les-parents\\\/\"},\"author\":{\"name\":\"audrey.catel.delaforge@gmail.com\",\"@id\":\"https:\\\/\\\/audreydelaforge.com\\\/#\\\/schema\\\/person\\\/b44bccc3f328e9802afbab74bb74495d\"},\"headline\":\"Sortir du mythe de l\u2019autisme unique : penser en profils, r\u00e9\u00e9valuer chaque ann\u00e9e, \u00e9couter les parents\",\"datePublished\":\"2026-02-15T07:21:49+00:00\",\"dateModified\":\"2026-02-15T07:21:50+00:00\",\"mainEntityOfPage\":{\"@id\":\"https:\\\/\\\/audreydelaforge.com\\\/index.php\\\/2026\\\/02\\\/15\\\/sortir-du-mythe-de-lautisme-unique-penser-en-profils-reevaluer-chaque-annee-ecouter-les-parents\\\/\"},\"wordCount\":1432,\"publisher\":{\"@id\":\"https:\\\/\\\/audreydelaforge.com\\\/#organization\"},\"image\":{\"@id\":\"https:\\\/\\\/audreydelaforge.com\\\/index.php\\\/2026\\\/02\\\/15\\\/sortir-du-mythe-de-lautisme-unique-penser-en-profils-reevaluer-chaque-annee-ecouter-les-parents\\\/#primaryimage\"},\"thumbnailUrl\":\"https:\\\/\\\/audreydelaforge.com\\\/wp-content\\\/uploads\\\/2026\\\/02\\\/ChatGPT-Image-15-fevr.-2026-08_10_05.png\",\"articleSection\":[\"Uncategorized\"],\"inLanguage\":\"fr-FR\"},{\"@type\":\"WebPage\",\"@id\":\"https:\\\/\\\/audreydelaforge.com\\\/index.php\\\/2026\\\/02\\\/15\\\/sortir-du-mythe-de-lautisme-unique-penser-en-profils-reevaluer-chaque-annee-ecouter-les-parents\\\/\",\"url\":\"https:\\\/\\\/audreydelaforge.com\\\/index.php\\\/2026\\\/02\\\/15\\\/sortir-du-mythe-de-lautisme-unique-penser-en-profils-reevaluer-chaque-annee-ecouter-les-parents\\\/\",\"name\":\"Sortir du mythe de l\u2019autisme unique : penser en profils, r\u00e9\u00e9valuer chaque ann\u00e9e, \u00e9couter les parents ~ Audrey Delaforge, Orthop\u00e9dagogue\",\"isPartOf\":{\"@id\":\"https:\\\/\\\/audreydelaforge.com\\\/#website\"},\"primaryImageOfPage\":{\"@id\":\"https:\\\/\\\/audreydelaforge.com\\\/index.php\\\/2026\\\/02\\\/15\\\/sortir-du-mythe-de-lautisme-unique-penser-en-profils-reevaluer-chaque-annee-ecouter-les-parents\\\/#primaryimage\"},\"image\":{\"@id\":\"https:\\\/\\\/audreydelaforge.com\\\/index.php\\\/2026\\\/02\\\/15\\\/sortir-du-mythe-de-lautisme-unique-penser-en-profils-reevaluer-chaque-annee-ecouter-les-parents\\\/#primaryimage\"},\"thumbnailUrl\":\"https:\\\/\\\/audreydelaforge.com\\\/wp-content\\\/uploads\\\/2026\\\/02\\\/ChatGPT-Image-15-fevr.-2026-08_10_05.png\",\"datePublished\":\"2026-02-15T07:21:49+00:00\",\"dateModified\":\"2026-02-15T07:21:50+00:00\",\"description\":\"Sortir du mythe de l\u2019autisme unique : recommandations HAS, \u00e9valuation annuelle TSA, r\u00f4le des parents et accompagnement individualis\u00e9 en orthop\u00e9dagogie.Si tu veux une version un peu plus engageante et orient\u00e9e terrain :Autisme : pourquoi penser en profils, r\u00e9\u00e9valuer chaque ann\u00e9e et reconna\u00eetre l\u2019expertise parentale change l\u2019accompagnement individualis\u00e9 en TSA.\",\"breadcrumb\":{\"@id\":\"https:\\\/\\\/audreydelaforge.com\\\/index.php\\\/2026\\\/02\\\/15\\\/sortir-du-mythe-de-lautisme-unique-penser-en-profils-reevaluer-chaque-annee-ecouter-les-parents\\\/#breadcrumb\"},\"inLanguage\":\"fr-FR\",\"potentialAction\":[{\"@type\":\"ReadAction\",\"target\":[\"https:\\\/\\\/audreydelaforge.com\\\/index.php\\\/2026\\\/02\\\/15\\\/sortir-du-mythe-de-lautisme-unique-penser-en-profils-reevaluer-chaque-annee-ecouter-les-parents\\\/\"]}]},{\"@type\":\"ImageObject\",\"inLanguage\":\"fr-FR\",\"@id\":\"https:\\\/\\\/audreydelaforge.com\\\/index.php\\\/2026\\\/02\\\/15\\\/sortir-du-mythe-de-lautisme-unique-penser-en-profils-reevaluer-chaque-annee-ecouter-les-parents\\\/#primaryimage\",\"url\":\"https:\\\/\\\/audreydelaforge.com\\\/wp-content\\\/uploads\\\/2026\\\/02\\\/ChatGPT-Image-15-fevr.-2026-08_10_05.png\",\"contentUrl\":\"https:\\\/\\\/audreydelaforge.com\\\/wp-content\\\/uploads\\\/2026\\\/02\\\/ChatGPT-Image-15-fevr.-2026-08_10_05.png\",\"width\":1536,\"height\":1024},{\"@type\":\"BreadcrumbList\",\"@id\":\"https:\\\/\\\/audreydelaforge.com\\\/index.php\\\/2026\\\/02\\\/15\\\/sortir-du-mythe-de-lautisme-unique-penser-en-profils-reevaluer-chaque-annee-ecouter-les-parents\\\/#breadcrumb\",\"itemListElement\":[{\"@type\":\"ListItem\",\"position\":1,\"name\":\"Accueil\",\"item\":\"https:\\\/\\\/audreydelaforge.com\\\/\"},{\"@type\":\"ListItem\",\"position\":2,\"name\":\"Sortir du mythe de l\u2019autisme unique : penser en profils, r\u00e9\u00e9valuer chaque ann\u00e9e, \u00e9couter les parents\"}]},{\"@type\":\"WebSite\",\"@id\":\"https:\\\/\\\/audreydelaforge.com\\\/#website\",\"url\":\"https:\\\/\\\/audreydelaforge.com\\\/\",\"name\":\"Audrey Delaforge, Orthop\u00e9dagogue\",\"description\":\"L&#039;apprenant au centre du savoir\",\"publisher\":{\"@id\":\"https:\\\/\\\/audreydelaforge.com\\\/#organization\"},\"potentialAction\":[{\"@type\":\"SearchAction\",\"target\":{\"@type\":\"EntryPoint\",\"urlTemplate\":\"https:\\\/\\\/audreydelaforge.com\\\/?s={search_term_string}\"},\"query-input\":{\"@type\":\"PropertyValueSpecification\",\"valueRequired\":true,\"valueName\":\"search_term_string\"}}],\"inLanguage\":\"fr-FR\"},{\"@type\":\"Organization\",\"@id\":\"https:\\\/\\\/audreydelaforge.com\\\/#organization\",\"name\":\"Audrey Delaforge, Orthop\u00e9dagogue\",\"url\":\"https:\\\/\\\/audreydelaforge.com\\\/\",\"logo\":{\"@type\":\"ImageObject\",\"inLanguage\":\"fr-FR\",\"@id\":\"https:\\\/\\\/audreydelaforge.com\\\/#\\\/schema\\\/logo\\\/image\\\/\",\"url\":\"https:\\\/\\\/audreydelaforge.com\\\/wp-content\\\/uploads\\\/2022\\\/06\\\/Logo-orange-noir-avec-Audrey-1.png\",\"contentUrl\":\"https:\\\/\\\/audreydelaforge.com\\\/wp-content\\\/uploads\\\/2022\\\/06\\\/Logo-orange-noir-avec-Audrey-1.png\",\"width\":500,\"height\":500,\"caption\":\"Audrey Delaforge, Orthop\u00e9dagogue\"},\"image\":{\"@id\":\"https:\\\/\\\/audreydelaforge.com\\\/#\\\/schema\\\/logo\\\/image\\\/\"},\"sameAs\":[\"https:\\\/\\\/www.facebook.com\\\/audreycateldelaforge\",\"https:\\\/\\\/www.linkedin.com\\\/in\\\/audrey-catel-delaforge\",\"https:\\\/\\\/www.instagram.com\\\/audrey_delaforge\\\/\"]},{\"@type\":\"Person\",\"@id\":\"https:\\\/\\\/audreydelaforge.com\\\/#\\\/schema\\\/person\\\/b44bccc3f328e9802afbab74bb74495d\",\"name\":\"audrey.catel.delaforge@gmail.com\",\"image\":{\"@type\":\"ImageObject\",\"inLanguage\":\"fr-FR\",\"@id\":\"https:\\\/\\\/secure.gravatar.com\\\/avatar\\\/6d2d46023ee8ab957213dcdb0ea8dc964f367c205b281a7f789f0eb314dfafbf?s=96&d=mm&r=g\",\"url\":\"https:\\\/\\\/secure.gravatar.com\\\/avatar\\\/6d2d46023ee8ab957213dcdb0ea8dc964f367c205b281a7f789f0eb314dfafbf?s=96&d=mm&r=g\",\"contentUrl\":\"https:\\\/\\\/secure.gravatar.com\\\/avatar\\\/6d2d46023ee8ab957213dcdb0ea8dc964f367c205b281a7f789f0eb314dfafbf?s=96&d=mm&r=g\",\"caption\":\"audrey.catel.delaforge@gmail.com\"},\"sameAs\":[\"http:\\\/\\\/audreydelaforge.com\"],\"url\":\"https:\\\/\\\/audreydelaforge.com\\\/index.php\\\/author\\\/audrey-catel-delaforgegmail-com\\\/\"}]}<\/script>\n<!-- \/ Yoast SEO plugin. -->","yoast_head_json":{"title":"Sortir du mythe de l\u2019autisme unique : penser en profils, r\u00e9\u00e9valuer chaque ann\u00e9e, \u00e9couter les parents ~ Audrey Delaforge, Orthop\u00e9dagogue","description":"Sortir du mythe de l\u2019autisme unique : recommandations HAS, \u00e9valuation annuelle TSA, r\u00f4le des parents et accompagnement individualis\u00e9 en orthop\u00e9dagogie.Si tu veux une version un peu plus engageante et orient\u00e9e terrain :Autisme : pourquoi penser en profils, r\u00e9\u00e9valuer chaque ann\u00e9e et reconna\u00eetre l\u2019expertise parentale change l\u2019accompagnement individualis\u00e9 en TSA.","robots":{"index":"index","follow":"follow","max-snippet":"max-snippet:-1","max-image-preview":"max-image-preview:large","max-video-preview":"max-video-preview:-1"},"canonical":"https:\/\/audreydelaforge.com\/index.php\/2026\/02\/15\/sortir-du-mythe-de-lautisme-unique-penser-en-profils-reevaluer-chaque-annee-ecouter-les-parents\/","og_locale":"fr_FR","og_type":"article","og_title":"Sortir du mythe de l\u2019autisme unique : penser en profils, r\u00e9\u00e9valuer chaque ann\u00e9e, \u00e9couter les parents ~ Audrey Delaforge, Orthop\u00e9dagogue","og_description":"Sortir du mythe de l\u2019autisme unique : recommandations HAS, \u00e9valuation annuelle TSA, r\u00f4le des parents et accompagnement individualis\u00e9 en orthop\u00e9dagogie.Si tu veux une version un peu plus engageante et orient\u00e9e terrain :Autisme : pourquoi penser en profils, r\u00e9\u00e9valuer chaque ann\u00e9e et reconna\u00eetre l\u2019expertise parentale change l\u2019accompagnement individualis\u00e9 en TSA.","og_url":"https:\/\/audreydelaforge.com\/index.php\/2026\/02\/15\/sortir-du-mythe-de-lautisme-unique-penser-en-profils-reevaluer-chaque-annee-ecouter-les-parents\/","og_site_name":"Audrey Delaforge, Orthop\u00e9dagogue","article_publisher":"https:\/\/www.facebook.com\/audreycateldelaforge","article_published_time":"2026-02-15T07:21:49+00:00","article_modified_time":"2026-02-15T07:21:50+00:00","og_image":[{"width":1024,"height":683,"url":"https:\/\/audreydelaforge.com\/wp-content\/uploads\/2026\/02\/ChatGPT-Image-15-fevr.-2026-08_10_05-1024x683.png","type":"image\/png"}],"author":"audrey.catel.delaforge@gmail.com","twitter_card":"summary_large_image","twitter_misc":{"\u00c9crit par":"audrey.catel.delaforge@gmail.com","Dur\u00e9e de lecture estim\u00e9e":"7 minutes"},"schema":{"@context":"https:\/\/schema.org","@graph":[{"@type":"Article","@id":"https:\/\/audreydelaforge.com\/index.php\/2026\/02\/15\/sortir-du-mythe-de-lautisme-unique-penser-en-profils-reevaluer-chaque-annee-ecouter-les-parents\/#article","isPartOf":{"@id":"https:\/\/audreydelaforge.com\/index.php\/2026\/02\/15\/sortir-du-mythe-de-lautisme-unique-penser-en-profils-reevaluer-chaque-annee-ecouter-les-parents\/"},"author":{"name":"audrey.catel.delaforge@gmail.com","@id":"https:\/\/audreydelaforge.com\/#\/schema\/person\/b44bccc3f328e9802afbab74bb74495d"},"headline":"Sortir du mythe de l\u2019autisme unique : penser en profils, r\u00e9\u00e9valuer chaque ann\u00e9e, \u00e9couter les parents","datePublished":"2026-02-15T07:21:49+00:00","dateModified":"2026-02-15T07:21:50+00:00","mainEntityOfPage":{"@id":"https:\/\/audreydelaforge.com\/index.php\/2026\/02\/15\/sortir-du-mythe-de-lautisme-unique-penser-en-profils-reevaluer-chaque-annee-ecouter-les-parents\/"},"wordCount":1432,"publisher":{"@id":"https:\/\/audreydelaforge.com\/#organization"},"image":{"@id":"https:\/\/audreydelaforge.com\/index.php\/2026\/02\/15\/sortir-du-mythe-de-lautisme-unique-penser-en-profils-reevaluer-chaque-annee-ecouter-les-parents\/#primaryimage"},"thumbnailUrl":"https:\/\/audreydelaforge.com\/wp-content\/uploads\/2026\/02\/ChatGPT-Image-15-fevr.-2026-08_10_05.png","articleSection":["Uncategorized"],"inLanguage":"fr-FR"},{"@type":"WebPage","@id":"https:\/\/audreydelaforge.com\/index.php\/2026\/02\/15\/sortir-du-mythe-de-lautisme-unique-penser-en-profils-reevaluer-chaque-annee-ecouter-les-parents\/","url":"https:\/\/audreydelaforge.com\/index.php\/2026\/02\/15\/sortir-du-mythe-de-lautisme-unique-penser-en-profils-reevaluer-chaque-annee-ecouter-les-parents\/","name":"Sortir du mythe de l\u2019autisme unique : penser en profils, r\u00e9\u00e9valuer chaque ann\u00e9e, \u00e9couter les parents ~ Audrey Delaforge, Orthop\u00e9dagogue","isPartOf":{"@id":"https:\/\/audreydelaforge.com\/#website"},"primaryImageOfPage":{"@id":"https:\/\/audreydelaforge.com\/index.php\/2026\/02\/15\/sortir-du-mythe-de-lautisme-unique-penser-en-profils-reevaluer-chaque-annee-ecouter-les-parents\/#primaryimage"},"image":{"@id":"https:\/\/audreydelaforge.com\/index.php\/2026\/02\/15\/sortir-du-mythe-de-lautisme-unique-penser-en-profils-reevaluer-chaque-annee-ecouter-les-parents\/#primaryimage"},"thumbnailUrl":"https:\/\/audreydelaforge.com\/wp-content\/uploads\/2026\/02\/ChatGPT-Image-15-fevr.-2026-08_10_05.png","datePublished":"2026-02-15T07:21:49+00:00","dateModified":"2026-02-15T07:21:50+00:00","description":"Sortir du mythe de l\u2019autisme unique : recommandations HAS, \u00e9valuation annuelle TSA, r\u00f4le des parents et accompagnement individualis\u00e9 en orthop\u00e9dagogie.Si tu veux une version un peu plus engageante et orient\u00e9e terrain :Autisme : pourquoi penser en profils, r\u00e9\u00e9valuer chaque ann\u00e9e et reconna\u00eetre l\u2019expertise parentale change l\u2019accompagnement individualis\u00e9 en TSA.","breadcrumb":{"@id":"https:\/\/audreydelaforge.com\/index.php\/2026\/02\/15\/sortir-du-mythe-de-lautisme-unique-penser-en-profils-reevaluer-chaque-annee-ecouter-les-parents\/#breadcrumb"},"inLanguage":"fr-FR","potentialAction":[{"@type":"ReadAction","target":["https:\/\/audreydelaforge.com\/index.php\/2026\/02\/15\/sortir-du-mythe-de-lautisme-unique-penser-en-profils-reevaluer-chaque-annee-ecouter-les-parents\/"]}]},{"@type":"ImageObject","inLanguage":"fr-FR","@id":"https:\/\/audreydelaforge.com\/index.php\/2026\/02\/15\/sortir-du-mythe-de-lautisme-unique-penser-en-profils-reevaluer-chaque-annee-ecouter-les-parents\/#primaryimage","url":"https:\/\/audreydelaforge.com\/wp-content\/uploads\/2026\/02\/ChatGPT-Image-15-fevr.-2026-08_10_05.png","contentUrl":"https:\/\/audreydelaforge.com\/wp-content\/uploads\/2026\/02\/ChatGPT-Image-15-fevr.-2026-08_10_05.png","width":1536,"height":1024},{"@type":"BreadcrumbList","@id":"https:\/\/audreydelaforge.com\/index.php\/2026\/02\/15\/sortir-du-mythe-de-lautisme-unique-penser-en-profils-reevaluer-chaque-annee-ecouter-les-parents\/#breadcrumb","itemListElement":[{"@type":"ListItem","position":1,"name":"Accueil","item":"https:\/\/audreydelaforge.com\/"},{"@type":"ListItem","position":2,"name":"Sortir du mythe de l\u2019autisme unique : penser en profils, r\u00e9\u00e9valuer chaque ann\u00e9e, \u00e9couter les parents"}]},{"@type":"WebSite","@id":"https:\/\/audreydelaforge.com\/#website","url":"https:\/\/audreydelaforge.com\/","name":"Audrey Delaforge, Orthop\u00e9dagogue","description":"L&#039;apprenant au centre du savoir","publisher":{"@id":"https:\/\/audreydelaforge.com\/#organization"},"potentialAction":[{"@type":"SearchAction","target":{"@type":"EntryPoint","urlTemplate":"https:\/\/audreydelaforge.com\/?s={search_term_string}"},"query-input":{"@type":"PropertyValueSpecification","valueRequired":true,"valueName":"search_term_string"}}],"inLanguage":"fr-FR"},{"@type":"Organization","@id":"https:\/\/audreydelaforge.com\/#organization","name":"Audrey Delaforge, Orthop\u00e9dagogue","url":"https:\/\/audreydelaforge.com\/","logo":{"@type":"ImageObject","inLanguage":"fr-FR","@id":"https:\/\/audreydelaforge.com\/#\/schema\/logo\/image\/","url":"https:\/\/audreydelaforge.com\/wp-content\/uploads\/2022\/06\/Logo-orange-noir-avec-Audrey-1.png","contentUrl":"https:\/\/audreydelaforge.com\/wp-content\/uploads\/2022\/06\/Logo-orange-noir-avec-Audrey-1.png","width":500,"height":500,"caption":"Audrey Delaforge, Orthop\u00e9dagogue"},"image":{"@id":"https:\/\/audreydelaforge.com\/#\/schema\/logo\/image\/"},"sameAs":["https:\/\/www.facebook.com\/audreycateldelaforge","https:\/\/www.linkedin.com\/in\/audrey-catel-delaforge","https:\/\/www.instagram.com\/audrey_delaforge\/"]},{"@type":"Person","@id":"https:\/\/audreydelaforge.com\/#\/schema\/person\/b44bccc3f328e9802afbab74bb74495d","name":"audrey.catel.delaforge@gmail.com","image":{"@type":"ImageObject","inLanguage":"fr-FR","@id":"https:\/\/secure.gravatar.com\/avatar\/6d2d46023ee8ab957213dcdb0ea8dc964f367c205b281a7f789f0eb314dfafbf?s=96&d=mm&r=g","url":"https:\/\/secure.gravatar.com\/avatar\/6d2d46023ee8ab957213dcdb0ea8dc964f367c205b281a7f789f0eb314dfafbf?s=96&d=mm&r=g","contentUrl":"https:\/\/secure.gravatar.com\/avatar\/6d2d46023ee8ab957213dcdb0ea8dc964f367c205b281a7f789f0eb314dfafbf?s=96&d=mm&r=g","caption":"audrey.catel.delaforge@gmail.com"},"sameAs":["http:\/\/audreydelaforge.com"],"url":"https:\/\/audreydelaforge.com\/index.php\/author\/audrey-catel-delaforgegmail-com\/"}]}},"_links":{"self":[{"href":"https:\/\/audreydelaforge.com\/index.php\/wp-json\/wp\/v2\/posts\/1777","targetHints":{"allow":["GET"]}}],"collection":[{"href":"https:\/\/audreydelaforge.com\/index.php\/wp-json\/wp\/v2\/posts"}],"about":[{"href":"https:\/\/audreydelaforge.com\/index.php\/wp-json\/wp\/v2\/types\/post"}],"author":[{"embeddable":true,"href":"https:\/\/audreydelaforge.com\/index.php\/wp-json\/wp\/v2\/users\/1"}],"replies":[{"embeddable":true,"href":"https:\/\/audreydelaforge.com\/index.php\/wp-json\/wp\/v2\/comments?post=1777"}],"version-history":[{"count":1,"href":"https:\/\/audreydelaforge.com\/index.php\/wp-json\/wp\/v2\/posts\/1777\/revisions"}],"predecessor-version":[{"id":1781,"href":"https:\/\/audreydelaforge.com\/index.php\/wp-json\/wp\/v2\/posts\/1777\/revisions\/1781"}],"wp:featuredmedia":[{"embeddable":true,"href":"https:\/\/audreydelaforge.com\/index.php\/wp-json\/wp\/v2\/media\/1780"}],"wp:attachment":[{"href":"https:\/\/audreydelaforge.com\/index.php\/wp-json\/wp\/v2\/media?parent=1777"}],"wp:term":[{"taxonomy":"category","embeddable":true,"href":"https:\/\/audreydelaforge.com\/index.php\/wp-json\/wp\/v2\/categories?post=1777"},{"taxonomy":"post_tag","embeddable":true,"href":"https:\/\/audreydelaforge.com\/index.php\/wp-json\/wp\/v2\/tags?post=1777"}],"curies":[{"name":"wp","href":"https:\/\/api.w.org\/{rel}","templated":true}]}}