{"id":1791,"date":"2026-04-12T07:28:14","date_gmt":"2026-04-12T07:28:14","guid":{"rendered":"https:\/\/audreydelaforge.com\/?p=1791"},"modified":"2026-04-12T07:28:15","modified_gmt":"2026-04-12T07:28:15","slug":"trouble-des-apprentissages-quand-la-paresse-cache-une-fatigue-de-compensation","status":"publish","type":"post","link":"https:\/\/audreydelaforge.com\/index.php\/2026\/04\/12\/trouble-des-apprentissages-quand-la-paresse-cache-une-fatigue-de-compensation\/","title":{"rendered":"Trouble des apprentissages : quand la \u201cparesse\u201d cache une fatigue de compensation"},"content":{"rendered":"<div class=\"wp-block-image\">\n<figure class=\"aligncenter size-large is-resized\"><img loading=\"lazy\" decoding=\"async\" width=\"683\" height=\"1024\" src=\"https:\/\/audreydelaforge.com\/wp-content\/uploads\/2026\/04\/Eleve-fatigue-en-classe-683x1024.png\" alt=\"\" class=\"wp-image-1792\" style=\"aspect-ratio:0.6666666666666666;width:331px;height:auto\" srcset=\"https:\/\/audreydelaforge.com\/wp-content\/uploads\/2026\/04\/Eleve-fatigue-en-classe-683x1024.png 683w, https:\/\/audreydelaforge.com\/wp-content\/uploads\/2026\/04\/Eleve-fatigue-en-classe-200x300.png 200w, https:\/\/audreydelaforge.com\/wp-content\/uploads\/2026\/04\/Eleve-fatigue-en-classe-768x1152.png 768w, https:\/\/audreydelaforge.com\/wp-content\/uploads\/2026\/04\/Eleve-fatigue-en-classe-600x900.png 600w, https:\/\/audreydelaforge.com\/wp-content\/uploads\/2026\/04\/Eleve-fatigue-en-classe.png 1024w\" sizes=\"auto, (max-width: 683px) 100vw, 683px\" \/><\/figure>\n<\/div>\n\n\n<p>\u00ab Oui, bon\u2026 les parents disent qu\u2019il y a un trouble, mais l\u2019enfant en profite un peu. \u00bb<\/p>\n\n\n\n<p>Cette phrase, ou d\u2019autres du m\u00eame genre, circule encore dans les r\u00e9unions, les salles de classe, les couloirs, parfois m\u00eame \u00e0 la maison. Elle ne traduit pas forc\u00e9ment de la malveillance. Elle dit souvent un d\u00e9sarroi, une fatigue des adultes, ou une difficult\u00e9 \u00e0 comprendre ce qui ne se voit pas. Pourtant, elle entretient une confusion lourde de cons\u00e9quences : chez certains jeunes, ce que l\u2019on prend pour de la paresse est en r\u00e9alit\u00e9 une <strong>fatigue cognitive<\/strong> intense li\u00e9e \u00e0 des efforts permanents de <strong>compensation<\/strong>.<\/p>\n\n\n\n<p>Chez les enfants et adolescents pr\u00e9sentant un <strong>trouble des apprentissages<\/strong> ou d\u2019autres <strong>difficult\u00e9s invisibles<\/strong>, les efforts fournis au quotidien sont souvent immenses\u2026 mais discrets. Ils passent inaper\u00e7us parce qu\u2019ils ne ressemblent pas toujours \u00e0 l\u2019effort que l\u2019on imagine. Et quand ces efforts ne sont pas reconnus, le risque est grand de lire les comportements \u00e0 travers le prisme du manque de volont\u00e9, alors qu\u2019ils parlent surtout d\u2019\u00e9puisement, de surcharge ou de d\u00e9couragement.<\/p>\n\n\n\n<p>Adopter un autre regard ne consiste pas \u00e0 renoncer aux attentes. Il s\u2019agit plut\u00f4t de mieux comprendre le fonctionnement du jeune pour proposer un <strong>accompagnement scolaire<\/strong> r\u00e9ellement ajust\u00e9, soutenant et constructif.<\/p>\n\n\n\n<h2 class=\"wp-block-heading\">Quand les difficult\u00e9s invisibles sont interpr\u00e9t\u00e9es comme un manque d\u2019effort<\/h2>\n\n\n\n<p>Dans le quotidien scolaire, certains comportements attirent tr\u00e8s vite l\u2019attention. Un \u00e9l\u00e8ve semble lent. Un autre \u00e9vite la lecture \u00e0 voix haute. Un adolescent commence toujours son travail en retard. Un enfant oublie ses affaires, soupire, d\u00e9croche, se met en retrait ou donne l\u2019impression de ne pas essayer.<\/p>\n\n\n\n<p>Vu de l\u2019ext\u00e9rieur, ces attitudes peuvent faire penser \u00e0 de la d\u00e9sinvolture. Pourtant, chez un jeune avec un <strong>trouble des apprentissages<\/strong>, elles sont souvent le signe d\u2019une charge bien plus lourde qu\u2019on ne l\u2019imagine.<\/p>\n\n\n\n<p>Prenons l\u2019exemple d\u2019un \u00e9l\u00e8ve dyslexique. Lire une consigne courte peut lui demander un effort de d\u00e9codage important, puis un effort de compr\u00e9hension, puis un effort suppl\u00e9mentaire pour retenir ce qu\u2019il vient de lire. Pendant ce temps, la classe avance. Il doit aller vite, tout en \u00e9vitant de montrer qu\u2019il est perdu. Ce qui semble \u201csimple\u201d pour d\u2019autres devient pour lui une succession de micro-efforts.<\/p>\n\n\n\n<p>M\u00eame chose pour un jeune avec un trouble attentionnel. Rester assis, filtrer les bruits, garder en t\u00eate la consigne, r\u00e9sister \u00e0 la distraction, terminer la t\u00e2che et ne pas perdre le fil demande une mobilisation constante. \u00c0 la fin de la matin\u00e9e, il n\u2019est pas \u201cmoins motiv\u00e9\u201d que les autres : il est souvent beaucoup plus fatigu\u00e9.<\/p>\n\n\n\n<p>Le malentendu na\u00eet l\u00e0. Nous observons un comportement visible, mais nous ne voyons pas toujours le co\u00fbt invisible qui le pr\u00e9c\u00e8de.<\/p>\n\n\n\n<h2 class=\"wp-block-heading\">Pourquoi la compensation provoque une fatigue cognitive<\/h2>\n\n\n\n<p>La <strong>compensation<\/strong> d\u00e9signe toutes les strat\u00e9gies qu\u2019un jeune met en place pour contourner ses difficult\u00e9s, r\u00e9pondre aux attentes, suivre le rythme ou masquer ce qui lui pose probl\u00e8me. Ces strat\u00e9gies peuvent \u00eatre apprises, guid\u00e9es par les adultes, ou d\u00e9velopp\u00e9es au fil du temps de mani\u00e8re tr\u00e8s intuitive.<\/p>\n\n\n\n<p>Par exemple, un enfant peut m\u00e9moriser des mots entiers pour \u00e9viter de les d\u00e9coder. Un autre peut observer ses camarades pour comprendre ce qu\u2019il faut faire avant m\u00eame d\u2019avoir saisi la consigne. Un adolescent peut s\u2019imposer un contr\u00f4le permanent pour rester concentr\u00e9, v\u00e9rifier sans cesse son mat\u00e9riel, ou anticiper chaque \u00e9tape pour \u00e9viter l\u2019erreur.<\/p>\n\n\n\n<p>Ces strat\u00e9gies sont utiles. Elles permettent souvent au jeune de progresser, de participer, de rester dans la t\u00e2che. Mais elles ont un prix. Et ce prix, c\u2019est souvent une <strong>fatigue cognitive<\/strong> importante.<\/p>\n\n\n\n<p>Compensez mentalement pendant une heure, puis pendant quatre, puis tous les jours : l\u2019\u00e9puisement s\u2019installe. \u00c0 cela s\u2019ajoute souvent une fatigue \u00e9motionnelle. La peur de se tromper, le sentiment de d\u00e9calage, l\u2019envie de faire comme les autres, la crainte du jugement, l\u2019effort pour ne pas \u201ccraquer\u201d devant les autres\u2026 tout cela use aussi.<\/p>\n\n\n\n<p>Dans certains cas, cette fatigue devient m\u00eame physique. Maux de t\u00eate, agitation, douleurs, tensions corporelles, effondrement apr\u00e8s l\u2019\u00e9cole, irritabilit\u00e9 en fin de journ\u00e9e : autant de signaux qui montrent que le jeune a tenu, mais \u00e0 un co\u00fbt tr\u00e8s \u00e9lev\u00e9.<\/p>\n\n\n\n<p>Ce n\u2019est donc pas parce qu\u2019un \u00e9l\u00e8ve \u201cy arrive parfois\u201d qu\u2019il peut le faire partout, tout le temps, sans aide, et sans cons\u00e9quence. Cette nuance est essentielle dans tout <strong>accompagnement scolaire<\/strong> de qualit\u00e9.<\/p>\n\n\n\n<h2 class=\"wp-block-heading\">Trouble des apprentissages : l\u2019apparence d\u2019autonomie n\u2019est pas l\u2019autonomie r\u00e9elle<\/h2>\n\n\n<div class=\"wp-block-image\">\n<figure class=\"aligncenter size-large is-resized\"><img loading=\"lazy\" decoding=\"async\" width=\"1024\" height=\"683\" src=\"https:\/\/audreydelaforge.com\/wp-content\/uploads\/2026\/04\/ChatGPT-Image-12-avr.-2026-09_26_07-1024x683.png\" alt=\"\" class=\"wp-image-1793\" style=\"width:621px;height:auto\" srcset=\"https:\/\/audreydelaforge.com\/wp-content\/uploads\/2026\/04\/ChatGPT-Image-12-avr.-2026-09_26_07-1024x683.png 1024w, https:\/\/audreydelaforge.com\/wp-content\/uploads\/2026\/04\/ChatGPT-Image-12-avr.-2026-09_26_07-300x200.png 300w, https:\/\/audreydelaforge.com\/wp-content\/uploads\/2026\/04\/ChatGPT-Image-12-avr.-2026-09_26_07-768x512.png 768w, https:\/\/audreydelaforge.com\/wp-content\/uploads\/2026\/04\/ChatGPT-Image-12-avr.-2026-09_26_07-930x620.png 930w, https:\/\/audreydelaforge.com\/wp-content\/uploads\/2026\/04\/ChatGPT-Image-12-avr.-2026-09_26_07-600x400.png 600w, https:\/\/audreydelaforge.com\/wp-content\/uploads\/2026\/04\/ChatGPT-Image-12-avr.-2026-09_26_07.png 1536w\" sizes=\"auto, (max-width: 1024px) 100vw, 1024px\" \/><\/figure>\n<\/div>\n\n\n<p>Un autre malentendu fr\u00e9quent concerne l\u2019<strong>autonomie<\/strong>. Parce qu\u2019un jeune parvient \u00e0 faire seul certaines t\u00e2ches, on en conclut parfois qu\u2019il est autonome. Or, dans la r\u00e9alit\u00e9, il peut surtout \u00eatre en train de compenser intens\u00e9ment.<\/p>\n\n\n\n<p>Un \u00e9l\u00e8ve copie sa le\u00e7on seul. Sur le papier, tout va bien. Pourtant, il doit peut-\u00eatre lever les yeux sans cesse, retrouver sa ligne, maintenir son geste graphique, surveiller les oublis, g\u00e9rer sa lenteur, et tenter de comprendre en m\u00eame temps le contenu. Oui, il \u201cfait seul\u201d. Mais il y consacre peut-\u00eatre toute son \u00e9nergie disponible.<\/p>\n\n\n\n<p>L\u2019autonomie r\u00e9elle n\u2019est pas seulement le fait d\u2019ex\u00e9cuter une t\u00e2che sans aide visible. C\u2019est la capacit\u00e9 \u00e0 la r\u00e9aliser dans des conditions soutenables, avec une compr\u00e9hension suffisante, sans surcharge excessive, et avec une certaine stabilit\u00e9 dans le temps.<\/p>\n\n\n\n<p>Autrement dit, un jeune peut pr\u00e9senter une apparence d\u2019autonomie tout en \u00e9tant extr\u00eamement d\u00e9pendant de sa vigilance, de sa compensation, ou d\u2019un \u00e9puisement silencieux.<\/p>\n\n\n\n<p>Cela change la question \u00e0 poser. Au lieu de demander : \u201cPeut-il le faire seul ?\u201d, il est souvent plus juste de demander : \u201cPeut-il le faire seul, durablement, avec compr\u00e9hension, et sans s\u2019\u00e9puiser ?\u201d<\/p>\n\n\n\n<p>Cette lecture plus fine permet de mieux penser les adaptations, l\u2019aide humaine et les objectifs d\u2019autonomie.<\/p>\n\n\n\n<h2 class=\"wp-block-heading\">Quelle place pour l\u2019AESH dans l\u2019accompagnement scolaire ?<\/h2>\n\n\n\n<p>La question de l\u2019<strong>AESH<\/strong> s\u2019inscrit pleinement dans cette r\u00e9flexion. Pour de nombreux jeunes, sa pr\u00e9sence est un soutien pr\u00e9cieux, parfois indispensable. Elle peut aider \u00e0 reformuler une consigne, rassurer, guider le d\u00e9marrage d\u2019une t\u00e2che, all\u00e9ger la charge mentale, soutenir l\u2019organisation ou favoriser l\u2019entr\u00e9e dans l\u2019activit\u00e9.<\/p>\n\n\n\n<p>Dans bien des situations, l\u2019AESH permet au jeune de consacrer son \u00e9nergie \u00e0 apprendre plut\u00f4t qu\u2019\u00e0 simplement survivre dans le cadre scolaire. Son r\u00f4le est donc essentiel.<\/p>\n\n\n\n<p>Mais comme toute aide, celle-ci demande un ajustement fin.<\/p>\n\n\n\n<p>Lorsqu\u2019elle est trop pr\u00e9sente, trop anticipatrice, ou trop intrusive, l\u2019aide humaine peut involontairement freiner le d\u00e9veloppement de l\u2019<strong>autonomie<\/strong>. Si l\u2019adulte pr\u00e9pare tout, rappelle tout, v\u00e9rifie tout, reformule avant m\u00eame que le jeune ait essay\u00e9, il devient difficile pour celui-ci d\u2019exp\u00e9rimenter ses propres rep\u00e8res, ses propres strat\u00e9gies, ses propres r\u00e9ussites.<\/p>\n\n\n\n<p>Le risque n\u2019est pas l\u2019aide en elle-m\u00eame. Le risque, c\u2019est une aide qui se fige, qui remplace au lieu de soutenir, ou qui installe sans le vouloir une d\u00e9pendance.<\/p>\n\n\n\n<p>La juste place de l\u2019AESH n\u2019est donc ni dans le retrait pr\u00e9matur\u00e9, ni dans la pr\u00e9sence constante \u00e0 la place du jeune. Elle se situe dans un \u00e9quilibre : s\u00e9curiser sans enfermer, accompagner sans faire \u00e0 la place, soutenir aujourd\u2019hui tout en pr\u00e9parant progressivement demain.<\/p>\n\n\n\n<p>Une aide bien pens\u00e9e ne retire pas des possibles au jeune. Elle lui permet au contraire de construire des points d\u2019appui pour agir de mani\u00e8re plus autonome, \u00e9tape par \u00e9tape.<\/p>\n\n\n\n<h2 class=\"wp-block-heading\">Comment accompagner les difficult\u00e9s invisibles sans freiner l\u2019autonomie ?<\/h2>\n\n\n\n<p>Pour les parents, enseignants, AESH et professionnels, quelques rep\u00e8res peuvent aider \u00e0 mieux accompagner.<\/p>\n\n\n\n<p>D\u2019abord, observer autrement. Un refus, une lenteur, un oubli, une baisse d\u2019attention ou une irritabilit\u00e9 ne sont pas toujours des signes d\u2019opposition. Ils peuvent \u00eatre des indicateurs de surcharge. Avant de conclure \u00e0 un manque d\u2019effort, il est utile de se demander : que lui a demand\u00e9 cette t\u00e2che, concr\u00e8tement ? Qu\u2019a-t-il d\u00fb compenser pour y arriver ?<\/p>\n\n\n\n<p>Ensuite, rendre visibles les efforts invisibles. Dire \u00e0 un jeune : \u201cJe vois que cela te demande beaucoup d\u2019\u00e9nergie\u201d, \u201cTu t\u2019es accroch\u00e9 malgr\u00e9 la difficult\u00e9\u201d, \u201cTu as trouv\u00e9 une strat\u00e9gie pour avancer\u201d, change profond\u00e9ment la relation. On ne valorise plus uniquement le r\u00e9sultat final, mais aussi le chemin parcouru.<\/p>\n\n\n\n<p>Il est aussi important d\u2019ajuster l\u2019aide. Aider ne veut pas dire faire \u00e0 la place. Cela peut consister \u00e0 :<\/p>\n\n\n\n<ul class=\"wp-block-list\">\n<li>fractionner les \u00e9tapes ;<\/li>\n\n\n\n<li>all\u00e9ger une double t\u00e2che ;<\/li>\n\n\n\n<li>proposer un support visuel ;<\/li>\n\n\n\n<li>v\u00e9rifier la compr\u00e9hension de la consigne ;<\/li>\n\n\n\n<li>accorder plus de temps ;<\/li>\n\n\n\n<li>guider le d\u00e9marrage puis se retirer ;<\/li>\n\n\n\n<li>permettre l\u2019usage d\u2019outils de compensation adapt\u00e9s.<\/li>\n<\/ul>\n\n\n\n<p>Enfin, construire l\u2019<strong>autonomie<\/strong> comme un processus. L\u2019autonomie ne se d\u00e9cr\u00e8te pas du jour au lendemain. Elle se d\u00e9veloppe lorsque le jeune apprend \u00e0 identifier ses besoins, \u00e0 utiliser des strat\u00e9gies efficaces, \u00e0 demander une aide pertinente, et \u00e0 r\u00e9ussir avec un \u00e9tayage progressivement all\u00e9g\u00e9.<\/p>\n\n\n\n<p>C\u2019est un point essentiel : retirer l\u2019aide trop t\u00f4t fragilise. Maintenir une aide inchang\u00e9e trop longtemps peut aussi freiner. L\u2019enjeu est donc de moduler, d\u2019\u00e9valuer, de r\u00e9ajuster.<\/p>\n\n\n\n<h2 class=\"wp-block-heading\">Mieux comprendre pour mieux soutenir<\/h2>\n\n\n\n<p>Chez les jeunes pr\u00e9sentant un <strong>trouble des apprentissages<\/strong>, ce que l\u2019on interpr\u00e8te parfois comme de la paresse rel\u00e8ve souvent d\u2019autre chose : une <strong>fatigue cognitive<\/strong> li\u00e9e \u00e0 la <strong>compensation<\/strong>, une surcharge accumul\u00e9e, une tension invisible, un \u00e9puisement \u00e0 force de devoir faire plus pour parvenir \u00e0 faire comme les autres.<\/p>\n\n\n\n<p>Reconna\u00eetre cette r\u00e9alit\u00e9, ce n\u2019est pas excuser ou renoncer. C\u2019est rendre l\u2019<strong>accompagnement scolaire<\/strong> plus juste, plus fin, plus efficace. C\u2019est sortir du jugement pour entrer dans la compr\u00e9hension. C\u2019est accepter que l\u2019<strong>autonomie<\/strong> ne se mesure pas seulement \u00e0 ce qui se voit, mais aussi au co\u00fbt que cela repr\u00e9sente pour le jeune.<\/p>\n\n\n\n<p>Aider un enfant ou un adolescent, ce n\u2019est ni surprot\u00e9ger, ni exiger sans nuance. C\u2019est chercher la bonne distance. C\u2019est soutenir sans enfermer. C\u2019est compenser sans faire \u00e0 la place. C\u2019est croire au potentiel de chacun tout en respectant son fonctionnement r\u00e9el.<\/p>\n\n\n\n<p>Et c\u2019est souvent l\u00e0 que tout change : quand on cesse de demander au jeune de prouver sa bonne volont\u00e9, pour commencer \u00e0 comprendre ce qu\u2019il mobilise d\u00e9j\u00e0 en silence.<br><\/p>\n\n\n\n<p>Pour aller plus loin sur les liens entre trouble, fatigue cognitive et \u00e9puisement au quotidien, tu peux \u00e9galement lire mon article consacr\u00e9 au TDAH et \u00e0 la fatigue chronique.<\/p>\n\n\n\n<figure class=\"wp-block-embed is-type-wp-embed is-provider-audrey-delaforge-orthop-dagogue wp-block-embed-audrey-delaforge-orthop-dagogue\"><div class=\"wp-block-embed__wrapper\">\n<blockquote class=\"wp-embedded-content\" data-secret=\"KOhpUmUUFq\"><a href=\"https:\/\/audreydelaforge.com\/index.php\/2025\/11\/22\/tdah-fatigue-chronique\/\">TDAH et fatigue chronique : comprendre et mieux accompagner<\/a><\/blockquote><iframe loading=\"lazy\" class=\"wp-embedded-content\" sandbox=\"allow-scripts\" security=\"restricted\" style=\"position: absolute; visibility: hidden;\" title=\"\u00ab\u00a0TDAH et fatigue chronique : comprendre et mieux accompagner\u00a0\u00bb &#8212; Audrey Delaforge, Orthop\u00e9dagogue\" src=\"https:\/\/audreydelaforge.com\/index.php\/2025\/11\/22\/tdah-fatigue-chronique\/embed\/#?secret=EdqaleKnRP#?secret=KOhpUmUUFq\" data-secret=\"KOhpUmUUFq\" width=\"600\" height=\"338\" frameborder=\"0\" marginwidth=\"0\" marginheight=\"0\" scrolling=\"no\"><\/iframe>\n<\/div><\/figure>\n\n\n\n<p><\/p>\n","protected":false},"excerpt":{"rendered":"<p>\u00ab Oui, bon\u2026 les parents disent qu\u2019il y a un trouble, mais l\u2019enfant en profite un peu. \u00bb Cette phrase, ou d\u2019autres du m\u00eame genre, circule encore dans les r\u00e9unions, les salles de classe, les couloirs, parfois m\u00eame \u00e0 la maison. Elle ne traduit pas forc\u00e9ment de la malveillance. Elle dit souvent un d\u00e9sarroi, une&hellip;&nbsp;<a href=\"https:\/\/audreydelaforge.com\/index.php\/2026\/04\/12\/trouble-des-apprentissages-quand-la-paresse-cache-une-fatigue-de-compensation\/\" rel=\"bookmark\">Lire la suite &raquo;<span class=\"screen-reader-text\">Trouble des apprentissages : quand la \u201cparesse\u201d cache une fatigue de compensation<\/span><\/a><\/p>\n","protected":false},"author":1,"featured_media":1792,"comment_status":"closed","ping_status":"open","sticky":false,"template":"","format":"standard","meta":{"om_disable_all_campaigns":false,"neve_meta_sidebar":"","neve_meta_container":"","neve_meta_enable_content_width":"","neve_meta_content_width":0,"neve_meta_title_alignment":"","neve_meta_author_avatar":"","neve_post_elements_order":"","neve_meta_disable_header":"","neve_meta_disable_footer":"","neve_meta_disable_title":"","footnotes":""},"categories":[1],"tags":[],"class_list":["post-1791","post","type-post","status-publish","format-standard","has-post-thumbnail","hentry","category-uncategorized"],"yoast_head":"<!-- This site is optimized with the Yoast SEO plugin v27.5 - https:\/\/yoast.com\/product\/yoast-seo-wordpress\/ -->\n<title>Trouble des apprentissages : quand la \u201cparesse\u201d cache une fatigue de compensation ~ Audrey Delaforge, Orthop\u00e9dagogue<\/title>\n<meta name=\"description\" content=\"Chez les jeunes avec un trouble des apprentissages, ce que l\u2019on prend pour de la paresse est souvent une fatigue cognitive li\u00e9e \u00e0 la compensation. Un \u00e9clairage concret sur l\u2019autonomie, l\u2019AESH et l\u2019accompagnement scolaire.\" \/>\n<meta name=\"robots\" content=\"index, follow, max-snippet:-1, max-image-preview:large, max-video-preview:-1\" \/>\n<link rel=\"canonical\" href=\"https:\/\/audreydelaforge.com\/index.php\/2026\/04\/12\/trouble-des-apprentissages-quand-la-paresse-cache-une-fatigue-de-compensation\/\" \/>\n<meta property=\"og:locale\" content=\"fr_FR\" \/>\n<meta property=\"og:type\" content=\"article\" \/>\n<meta property=\"og:title\" content=\"Trouble des apprentissages : quand la \u201cparesse\u201d cache une fatigue de compensation ~ Audrey Delaforge, Orthop\u00e9dagogue\" \/>\n<meta property=\"og:description\" content=\"Chez les jeunes avec un trouble des apprentissages, ce que l\u2019on prend pour de la paresse est souvent une fatigue cognitive li\u00e9e \u00e0 la compensation. Un \u00e9clairage concret sur l\u2019autonomie, l\u2019AESH et l\u2019accompagnement scolaire.\" \/>\n<meta property=\"og:url\" content=\"https:\/\/audreydelaforge.com\/index.php\/2026\/04\/12\/trouble-des-apprentissages-quand-la-paresse-cache-une-fatigue-de-compensation\/\" \/>\n<meta property=\"og:site_name\" content=\"Audrey Delaforge, Orthop\u00e9dagogue\" \/>\n<meta property=\"article:publisher\" content=\"https:\/\/www.facebook.com\/audreycateldelaforge\" \/>\n<meta property=\"article:published_time\" content=\"2026-04-12T07:28:14+00:00\" \/>\n<meta property=\"article:modified_time\" content=\"2026-04-12T07:28:15+00:00\" \/>\n<meta property=\"og:image\" content=\"https:\/\/audreydelaforge.com\/wp-content\/uploads\/2026\/04\/Eleve-fatigue-en-classe-683x1024.png\" \/>\n\t<meta property=\"og:image:width\" content=\"683\" \/>\n\t<meta property=\"og:image:height\" content=\"1024\" \/>\n\t<meta property=\"og:image:type\" content=\"image\/png\" \/>\n<meta name=\"author\" content=\"audrey.catel.delaforge@gmail.com\" \/>\n<meta name=\"twitter:card\" content=\"summary_large_image\" \/>\n<meta name=\"twitter:label1\" content=\"\u00c9crit par\" \/>\n\t<meta name=\"twitter:data1\" content=\"audrey.catel.delaforge@gmail.com\" \/>\n\t<meta name=\"twitter:label2\" content=\"Dur\u00e9e de lecture estim\u00e9e\" \/>\n\t<meta name=\"twitter:data2\" content=\"9 minutes\" \/>\n<script type=\"application\/ld+json\" class=\"yoast-schema-graph\">{\"@context\":\"https:\\\/\\\/schema.org\",\"@graph\":[{\"@type\":\"Article\",\"@id\":\"https:\\\/\\\/audreydelaforge.com\\\/index.php\\\/2026\\\/04\\\/12\\\/trouble-des-apprentissages-quand-la-paresse-cache-une-fatigue-de-compensation\\\/#article\",\"isPartOf\":{\"@id\":\"https:\\\/\\\/audreydelaforge.com\\\/index.php\\\/2026\\\/04\\\/12\\\/trouble-des-apprentissages-quand-la-paresse-cache-une-fatigue-de-compensation\\\/\"},\"author\":{\"name\":\"audrey.catel.delaforge@gmail.com\",\"@id\":\"https:\\\/\\\/audreydelaforge.com\\\/#\\\/schema\\\/person\\\/b44bccc3f328e9802afbab74bb74495d\"},\"headline\":\"Trouble des apprentissages : quand la \u201cparesse\u201d cache une fatigue de compensation\",\"datePublished\":\"2026-04-12T07:28:14+00:00\",\"dateModified\":\"2026-04-12T07:28:15+00:00\",\"mainEntityOfPage\":{\"@id\":\"https:\\\/\\\/audreydelaforge.com\\\/index.php\\\/2026\\\/04\\\/12\\\/trouble-des-apprentissages-quand-la-paresse-cache-une-fatigue-de-compensation\\\/\"},\"wordCount\":1837,\"publisher\":{\"@id\":\"https:\\\/\\\/audreydelaforge.com\\\/#organization\"},\"image\":{\"@id\":\"https:\\\/\\\/audreydelaforge.com\\\/index.php\\\/2026\\\/04\\\/12\\\/trouble-des-apprentissages-quand-la-paresse-cache-une-fatigue-de-compensation\\\/#primaryimage\"},\"thumbnailUrl\":\"https:\\\/\\\/audreydelaforge.com\\\/wp-content\\\/uploads\\\/2026\\\/04\\\/Eleve-fatigue-en-classe.png\",\"articleSection\":[\"Uncategorized\"],\"inLanguage\":\"fr-FR\"},{\"@type\":\"WebPage\",\"@id\":\"https:\\\/\\\/audreydelaforge.com\\\/index.php\\\/2026\\\/04\\\/12\\\/trouble-des-apprentissages-quand-la-paresse-cache-une-fatigue-de-compensation\\\/\",\"url\":\"https:\\\/\\\/audreydelaforge.com\\\/index.php\\\/2026\\\/04\\\/12\\\/trouble-des-apprentissages-quand-la-paresse-cache-une-fatigue-de-compensation\\\/\",\"name\":\"Trouble des apprentissages : quand la \u201cparesse\u201d cache une fatigue de compensation ~ Audrey Delaforge, Orthop\u00e9dagogue\",\"isPartOf\":{\"@id\":\"https:\\\/\\\/audreydelaforge.com\\\/#website\"},\"primaryImageOfPage\":{\"@id\":\"https:\\\/\\\/audreydelaforge.com\\\/index.php\\\/2026\\\/04\\\/12\\\/trouble-des-apprentissages-quand-la-paresse-cache-une-fatigue-de-compensation\\\/#primaryimage\"},\"image\":{\"@id\":\"https:\\\/\\\/audreydelaforge.com\\\/index.php\\\/2026\\\/04\\\/12\\\/trouble-des-apprentissages-quand-la-paresse-cache-une-fatigue-de-compensation\\\/#primaryimage\"},\"thumbnailUrl\":\"https:\\\/\\\/audreydelaforge.com\\\/wp-content\\\/uploads\\\/2026\\\/04\\\/Eleve-fatigue-en-classe.png\",\"datePublished\":\"2026-04-12T07:28:14+00:00\",\"dateModified\":\"2026-04-12T07:28:15+00:00\",\"description\":\"Chez les jeunes avec un trouble des apprentissages, ce que l\u2019on prend pour de la paresse est souvent une fatigue cognitive li\u00e9e \u00e0 la compensation. Un \u00e9clairage concret sur l\u2019autonomie, l\u2019AESH et l\u2019accompagnement scolaire.\",\"breadcrumb\":{\"@id\":\"https:\\\/\\\/audreydelaforge.com\\\/index.php\\\/2026\\\/04\\\/12\\\/trouble-des-apprentissages-quand-la-paresse-cache-une-fatigue-de-compensation\\\/#breadcrumb\"},\"inLanguage\":\"fr-FR\",\"potentialAction\":[{\"@type\":\"ReadAction\",\"target\":[\"https:\\\/\\\/audreydelaforge.com\\\/index.php\\\/2026\\\/04\\\/12\\\/trouble-des-apprentissages-quand-la-paresse-cache-une-fatigue-de-compensation\\\/\"]}]},{\"@type\":\"ImageObject\",\"inLanguage\":\"fr-FR\",\"@id\":\"https:\\\/\\\/audreydelaforge.com\\\/index.php\\\/2026\\\/04\\\/12\\\/trouble-des-apprentissages-quand-la-paresse-cache-une-fatigue-de-compensation\\\/#primaryimage\",\"url\":\"https:\\\/\\\/audreydelaforge.com\\\/wp-content\\\/uploads\\\/2026\\\/04\\\/Eleve-fatigue-en-classe.png\",\"contentUrl\":\"https:\\\/\\\/audreydelaforge.com\\\/wp-content\\\/uploads\\\/2026\\\/04\\\/Eleve-fatigue-en-classe.png\",\"width\":1024,\"height\":1536},{\"@type\":\"BreadcrumbList\",\"@id\":\"https:\\\/\\\/audreydelaforge.com\\\/index.php\\\/2026\\\/04\\\/12\\\/trouble-des-apprentissages-quand-la-paresse-cache-une-fatigue-de-compensation\\\/#breadcrumb\",\"itemListElement\":[{\"@type\":\"ListItem\",\"position\":1,\"name\":\"Accueil\",\"item\":\"https:\\\/\\\/audreydelaforge.com\\\/\"},{\"@type\":\"ListItem\",\"position\":2,\"name\":\"Trouble des apprentissages : quand la \u201cparesse\u201d cache une fatigue de compensation\"}]},{\"@type\":\"WebSite\",\"@id\":\"https:\\\/\\\/audreydelaforge.com\\\/#website\",\"url\":\"https:\\\/\\\/audreydelaforge.com\\\/\",\"name\":\"Audrey Delaforge, Orthop\u00e9dagogue\",\"description\":\"L&#039;apprenant au centre du savoir\",\"publisher\":{\"@id\":\"https:\\\/\\\/audreydelaforge.com\\\/#organization\"},\"potentialAction\":[{\"@type\":\"SearchAction\",\"target\":{\"@type\":\"EntryPoint\",\"urlTemplate\":\"https:\\\/\\\/audreydelaforge.com\\\/?s={search_term_string}\"},\"query-input\":{\"@type\":\"PropertyValueSpecification\",\"valueRequired\":true,\"valueName\":\"search_term_string\"}}],\"inLanguage\":\"fr-FR\"},{\"@type\":\"Organization\",\"@id\":\"https:\\\/\\\/audreydelaforge.com\\\/#organization\",\"name\":\"Audrey Delaforge, Orthop\u00e9dagogue\",\"url\":\"https:\\\/\\\/audreydelaforge.com\\\/\",\"logo\":{\"@type\":\"ImageObject\",\"inLanguage\":\"fr-FR\",\"@id\":\"https:\\\/\\\/audreydelaforge.com\\\/#\\\/schema\\\/logo\\\/image\\\/\",\"url\":\"https:\\\/\\\/audreydelaforge.com\\\/wp-content\\\/uploads\\\/2022\\\/06\\\/Logo-orange-noir-avec-Audrey-1.png\",\"contentUrl\":\"https:\\\/\\\/audreydelaforge.com\\\/wp-content\\\/uploads\\\/2022\\\/06\\\/Logo-orange-noir-avec-Audrey-1.png\",\"width\":500,\"height\":500,\"caption\":\"Audrey Delaforge, Orthop\u00e9dagogue\"},\"image\":{\"@id\":\"https:\\\/\\\/audreydelaforge.com\\\/#\\\/schema\\\/logo\\\/image\\\/\"},\"sameAs\":[\"https:\\\/\\\/www.facebook.com\\\/audreycateldelaforge\",\"https:\\\/\\\/www.linkedin.com\\\/in\\\/audrey-catel-delaforge\",\"https:\\\/\\\/www.instagram.com\\\/audrey_delaforge\\\/\"]},{\"@type\":\"Person\",\"@id\":\"https:\\\/\\\/audreydelaforge.com\\\/#\\\/schema\\\/person\\\/b44bccc3f328e9802afbab74bb74495d\",\"name\":\"audrey.catel.delaforge@gmail.com\",\"image\":{\"@type\":\"ImageObject\",\"inLanguage\":\"fr-FR\",\"@id\":\"https:\\\/\\\/secure.gravatar.com\\\/avatar\\\/6d2d46023ee8ab957213dcdb0ea8dc964f367c205b281a7f789f0eb314dfafbf?s=96&d=mm&r=g\",\"url\":\"https:\\\/\\\/secure.gravatar.com\\\/avatar\\\/6d2d46023ee8ab957213dcdb0ea8dc964f367c205b281a7f789f0eb314dfafbf?s=96&d=mm&r=g\",\"contentUrl\":\"https:\\\/\\\/secure.gravatar.com\\\/avatar\\\/6d2d46023ee8ab957213dcdb0ea8dc964f367c205b281a7f789f0eb314dfafbf?s=96&d=mm&r=g\",\"caption\":\"audrey.catel.delaforge@gmail.com\"},\"sameAs\":[\"http:\\\/\\\/audreydelaforge.com\"],\"url\":\"https:\\\/\\\/audreydelaforge.com\\\/index.php\\\/author\\\/audrey-catel-delaforgegmail-com\\\/\"}]}<\/script>\n<!-- \/ Yoast SEO plugin. -->","yoast_head_json":{"title":"Trouble des apprentissages : quand la \u201cparesse\u201d cache une fatigue de compensation ~ Audrey Delaforge, Orthop\u00e9dagogue","description":"Chez les jeunes avec un trouble des apprentissages, ce que l\u2019on prend pour de la paresse est souvent une fatigue cognitive li\u00e9e \u00e0 la compensation. Un \u00e9clairage concret sur l\u2019autonomie, l\u2019AESH et l\u2019accompagnement scolaire.","robots":{"index":"index","follow":"follow","max-snippet":"max-snippet:-1","max-image-preview":"max-image-preview:large","max-video-preview":"max-video-preview:-1"},"canonical":"https:\/\/audreydelaforge.com\/index.php\/2026\/04\/12\/trouble-des-apprentissages-quand-la-paresse-cache-une-fatigue-de-compensation\/","og_locale":"fr_FR","og_type":"article","og_title":"Trouble des apprentissages : quand la \u201cparesse\u201d cache une fatigue de compensation ~ Audrey Delaforge, Orthop\u00e9dagogue","og_description":"Chez les jeunes avec un trouble des apprentissages, ce que l\u2019on prend pour de la paresse est souvent une fatigue cognitive li\u00e9e \u00e0 la compensation. Un \u00e9clairage concret sur l\u2019autonomie, l\u2019AESH et l\u2019accompagnement scolaire.","og_url":"https:\/\/audreydelaforge.com\/index.php\/2026\/04\/12\/trouble-des-apprentissages-quand-la-paresse-cache-une-fatigue-de-compensation\/","og_site_name":"Audrey Delaforge, Orthop\u00e9dagogue","article_publisher":"https:\/\/www.facebook.com\/audreycateldelaforge","article_published_time":"2026-04-12T07:28:14+00:00","article_modified_time":"2026-04-12T07:28:15+00:00","og_image":[{"width":683,"height":1024,"url":"https:\/\/audreydelaforge.com\/wp-content\/uploads\/2026\/04\/Eleve-fatigue-en-classe-683x1024.png","type":"image\/png"}],"author":"audrey.catel.delaforge@gmail.com","twitter_card":"summary_large_image","twitter_misc":{"\u00c9crit par":"audrey.catel.delaforge@gmail.com","Dur\u00e9e de lecture estim\u00e9e":"9 minutes"},"schema":{"@context":"https:\/\/schema.org","@graph":[{"@type":"Article","@id":"https:\/\/audreydelaforge.com\/index.php\/2026\/04\/12\/trouble-des-apprentissages-quand-la-paresse-cache-une-fatigue-de-compensation\/#article","isPartOf":{"@id":"https:\/\/audreydelaforge.com\/index.php\/2026\/04\/12\/trouble-des-apprentissages-quand-la-paresse-cache-une-fatigue-de-compensation\/"},"author":{"name":"audrey.catel.delaforge@gmail.com","@id":"https:\/\/audreydelaforge.com\/#\/schema\/person\/b44bccc3f328e9802afbab74bb74495d"},"headline":"Trouble des apprentissages : quand la \u201cparesse\u201d cache une fatigue de compensation","datePublished":"2026-04-12T07:28:14+00:00","dateModified":"2026-04-12T07:28:15+00:00","mainEntityOfPage":{"@id":"https:\/\/audreydelaforge.com\/index.php\/2026\/04\/12\/trouble-des-apprentissages-quand-la-paresse-cache-une-fatigue-de-compensation\/"},"wordCount":1837,"publisher":{"@id":"https:\/\/audreydelaforge.com\/#organization"},"image":{"@id":"https:\/\/audreydelaforge.com\/index.php\/2026\/04\/12\/trouble-des-apprentissages-quand-la-paresse-cache-une-fatigue-de-compensation\/#primaryimage"},"thumbnailUrl":"https:\/\/audreydelaforge.com\/wp-content\/uploads\/2026\/04\/Eleve-fatigue-en-classe.png","articleSection":["Uncategorized"],"inLanguage":"fr-FR"},{"@type":"WebPage","@id":"https:\/\/audreydelaforge.com\/index.php\/2026\/04\/12\/trouble-des-apprentissages-quand-la-paresse-cache-une-fatigue-de-compensation\/","url":"https:\/\/audreydelaforge.com\/index.php\/2026\/04\/12\/trouble-des-apprentissages-quand-la-paresse-cache-une-fatigue-de-compensation\/","name":"Trouble des apprentissages : quand la \u201cparesse\u201d cache une fatigue de compensation ~ Audrey Delaforge, Orthop\u00e9dagogue","isPartOf":{"@id":"https:\/\/audreydelaforge.com\/#website"},"primaryImageOfPage":{"@id":"https:\/\/audreydelaforge.com\/index.php\/2026\/04\/12\/trouble-des-apprentissages-quand-la-paresse-cache-une-fatigue-de-compensation\/#primaryimage"},"image":{"@id":"https:\/\/audreydelaforge.com\/index.php\/2026\/04\/12\/trouble-des-apprentissages-quand-la-paresse-cache-une-fatigue-de-compensation\/#primaryimage"},"thumbnailUrl":"https:\/\/audreydelaforge.com\/wp-content\/uploads\/2026\/04\/Eleve-fatigue-en-classe.png","datePublished":"2026-04-12T07:28:14+00:00","dateModified":"2026-04-12T07:28:15+00:00","description":"Chez les jeunes avec un trouble des apprentissages, ce que l\u2019on prend pour de la paresse est souvent une fatigue cognitive li\u00e9e \u00e0 la compensation. Un \u00e9clairage concret sur l\u2019autonomie, l\u2019AESH et l\u2019accompagnement scolaire.","breadcrumb":{"@id":"https:\/\/audreydelaforge.com\/index.php\/2026\/04\/12\/trouble-des-apprentissages-quand-la-paresse-cache-une-fatigue-de-compensation\/#breadcrumb"},"inLanguage":"fr-FR","potentialAction":[{"@type":"ReadAction","target":["https:\/\/audreydelaforge.com\/index.php\/2026\/04\/12\/trouble-des-apprentissages-quand-la-paresse-cache-une-fatigue-de-compensation\/"]}]},{"@type":"ImageObject","inLanguage":"fr-FR","@id":"https:\/\/audreydelaforge.com\/index.php\/2026\/04\/12\/trouble-des-apprentissages-quand-la-paresse-cache-une-fatigue-de-compensation\/#primaryimage","url":"https:\/\/audreydelaforge.com\/wp-content\/uploads\/2026\/04\/Eleve-fatigue-en-classe.png","contentUrl":"https:\/\/audreydelaforge.com\/wp-content\/uploads\/2026\/04\/Eleve-fatigue-en-classe.png","width":1024,"height":1536},{"@type":"BreadcrumbList","@id":"https:\/\/audreydelaforge.com\/index.php\/2026\/04\/12\/trouble-des-apprentissages-quand-la-paresse-cache-une-fatigue-de-compensation\/#breadcrumb","itemListElement":[{"@type":"ListItem","position":1,"name":"Accueil","item":"https:\/\/audreydelaforge.com\/"},{"@type":"ListItem","position":2,"name":"Trouble des apprentissages : quand la \u201cparesse\u201d cache une fatigue de compensation"}]},{"@type":"WebSite","@id":"https:\/\/audreydelaforge.com\/#website","url":"https:\/\/audreydelaforge.com\/","name":"Audrey Delaforge, Orthop\u00e9dagogue","description":"L&#039;apprenant au centre du savoir","publisher":{"@id":"https:\/\/audreydelaforge.com\/#organization"},"potentialAction":[{"@type":"SearchAction","target":{"@type":"EntryPoint","urlTemplate":"https:\/\/audreydelaforge.com\/?s={search_term_string}"},"query-input":{"@type":"PropertyValueSpecification","valueRequired":true,"valueName":"search_term_string"}}],"inLanguage":"fr-FR"},{"@type":"Organization","@id":"https:\/\/audreydelaforge.com\/#organization","name":"Audrey Delaforge, Orthop\u00e9dagogue","url":"https:\/\/audreydelaforge.com\/","logo":{"@type":"ImageObject","inLanguage":"fr-FR","@id":"https:\/\/audreydelaforge.com\/#\/schema\/logo\/image\/","url":"https:\/\/audreydelaforge.com\/wp-content\/uploads\/2022\/06\/Logo-orange-noir-avec-Audrey-1.png","contentUrl":"https:\/\/audreydelaforge.com\/wp-content\/uploads\/2022\/06\/Logo-orange-noir-avec-Audrey-1.png","width":500,"height":500,"caption":"Audrey Delaforge, Orthop\u00e9dagogue"},"image":{"@id":"https:\/\/audreydelaforge.com\/#\/schema\/logo\/image\/"},"sameAs":["https:\/\/www.facebook.com\/audreycateldelaforge","https:\/\/www.linkedin.com\/in\/audrey-catel-delaforge","https:\/\/www.instagram.com\/audrey_delaforge\/"]},{"@type":"Person","@id":"https:\/\/audreydelaforge.com\/#\/schema\/person\/b44bccc3f328e9802afbab74bb74495d","name":"audrey.catel.delaforge@gmail.com","image":{"@type":"ImageObject","inLanguage":"fr-FR","@id":"https:\/\/secure.gravatar.com\/avatar\/6d2d46023ee8ab957213dcdb0ea8dc964f367c205b281a7f789f0eb314dfafbf?s=96&d=mm&r=g","url":"https:\/\/secure.gravatar.com\/avatar\/6d2d46023ee8ab957213dcdb0ea8dc964f367c205b281a7f789f0eb314dfafbf?s=96&d=mm&r=g","contentUrl":"https:\/\/secure.gravatar.com\/avatar\/6d2d46023ee8ab957213dcdb0ea8dc964f367c205b281a7f789f0eb314dfafbf?s=96&d=mm&r=g","caption":"audrey.catel.delaforge@gmail.com"},"sameAs":["http:\/\/audreydelaforge.com"],"url":"https:\/\/audreydelaforge.com\/index.php\/author\/audrey-catel-delaforgegmail-com\/"}]}},"_links":{"self":[{"href":"https:\/\/audreydelaforge.com\/index.php\/wp-json\/wp\/v2\/posts\/1791","targetHints":{"allow":["GET"]}}],"collection":[{"href":"https:\/\/audreydelaforge.com\/index.php\/wp-json\/wp\/v2\/posts"}],"about":[{"href":"https:\/\/audreydelaforge.com\/index.php\/wp-json\/wp\/v2\/types\/post"}],"author":[{"embeddable":true,"href":"https:\/\/audreydelaforge.com\/index.php\/wp-json\/wp\/v2\/users\/1"}],"replies":[{"embeddable":true,"href":"https:\/\/audreydelaforge.com\/index.php\/wp-json\/wp\/v2\/comments?post=1791"}],"version-history":[{"count":1,"href":"https:\/\/audreydelaforge.com\/index.php\/wp-json\/wp\/v2\/posts\/1791\/revisions"}],"predecessor-version":[{"id":1794,"href":"https:\/\/audreydelaforge.com\/index.php\/wp-json\/wp\/v2\/posts\/1791\/revisions\/1794"}],"wp:featuredmedia":[{"embeddable":true,"href":"https:\/\/audreydelaforge.com\/index.php\/wp-json\/wp\/v2\/media\/1792"}],"wp:attachment":[{"href":"https:\/\/audreydelaforge.com\/index.php\/wp-json\/wp\/v2\/media?parent=1791"}],"wp:term":[{"taxonomy":"category","embeddable":true,"href":"https:\/\/audreydelaforge.com\/index.php\/wp-json\/wp\/v2\/categories?post=1791"},{"taxonomy":"post_tag","embeddable":true,"href":"https:\/\/audreydelaforge.com\/index.php\/wp-json\/wp\/v2\/tags?post=1791"}],"curies":[{"name":"wp","href":"https:\/\/api.w.org\/{rel}","templated":true}]}}