{"id":615,"date":"2022-10-16T07:27:30","date_gmt":"2022-10-16T07:27:30","guid":{"rendered":"https:\/\/audreydelaforge.com\/?p=615"},"modified":"2022-11-05T09:18:01","modified_gmt":"2022-11-05T09:18:01","slug":"la-conception-pedagogique-cest-quoi","status":"publish","type":"post","link":"https:\/\/audreydelaforge.com\/index.php\/2022\/10\/16\/la-conception-pedagogique-cest-quoi\/","title":{"rendered":"La conception p\u00e9dagogique, c\u2019est quoi ?"},"content":{"rendered":"<div class=\"wp-block-image\">\n<figure class=\"alignright size-full\"><img loading=\"lazy\" decoding=\"async\" width=\"508\" height=\"339\" src=\"https:\/\/audreydelaforge.com\/wp-content\/uploads\/2022\/10\/istockphoto-508852084-170667a.jpg\" alt=\"\" class=\"wp-image-632\" srcset=\"https:\/\/audreydelaforge.com\/wp-content\/uploads\/2022\/10\/istockphoto-508852084-170667a.jpg 508w, https:\/\/audreydelaforge.com\/wp-content\/uploads\/2022\/10\/istockphoto-508852084-170667a-300x200.jpg 300w\" sizes=\"auto, (max-width: 508px) 100vw, 508px\" \/><\/figure>\n<\/div>\n\n\n<p>Conception p\u00e9dagogique est un terme technique pour expliquer qu\u2019il est n\u00e9cessaire de r\u00e9aliser des supports utiles \u00e0 l\u2019enseignement ou\/et \u00e0 la transmission de savoir. <br>En d\u00e9but de carri\u00e8re, j\u2019ai longtemps \u00e9t\u00e9 sollicit\u00e9e pour la r\u00e9daction de sujets d\u2019examen sans savoir que cela s\u2019appelait de la conception p\u00e9dagogique. Bien souvent nous sommes plusieurs \u00e0 r\u00e9aliser certaines activit\u00e9s sans savoir le terme technique qui qualifie cette activit\u00e9.<br>En 2010, j\u2019ai approch\u00e9 le monde de la conception p\u00e9dagogique, sans rien y connaitre, gr\u00e2ce aux Editions Nathan pour qui j\u2019ai collabor\u00e9 au travers d\u2019un ouvrage niveau Bac Pro sur <a href=\"https:\/\/www.decitre.fr\/auteur\/3355550\/Audrey+Delaforge+Catel\">la pr\u00e9vention, la sant\u00e9 et l\u2019environnement<\/a> (PSE, mati\u00e8re enseign\u00e9e en CAP, BAC PRO dans les formations Education Nationale). Jeune professeur \u00e0 l\u2019\u00e9poque, d\u00e9j\u00e0 assez innovatrice, le responsable \u00e9ditorialise m\u2019a propos\u00e9 ce projet sans que je ne sache \u00e0 quoi \u00e7a correspond. J\u2019ai accept\u00e9, comment refuser une telle demande avec une entreprise fran\u00e7aise.<\/p>\n\n\n\n<h2 class=\"wp-block-heading\">Moi et la conception p\u00e9dagogique<\/h2>\n\n\n\n<p><br>Apr\u00e8s quelques ann\u00e9es \u00e0 me consacrer exclusivement \u00e0 mes \u00e9l\u00e8ves en leur concevant des outils propres \u00e0 eux et \u00e0 leurs besoins. J\u2019ai d\u00e9cid\u00e9 en janvier 2022 de me lancer en freelance mais la conception p\u00e9dagogique devait faire partie de ce projet car pour moi c\u2019est une passion. Je n\u2019ai jamais l\u2019impression de r\u00e9ellement travailler lorsque je r\u00e9alise ce type de travail.<br>En effet, lorsque j\u2019ai un sujet de travail mais aussi le public concern\u00e9, les id\u00e9es de cr\u00e9ations me semble une \u00e9vidence au bout de tr\u00e8s peu de temps. Je suis capable d\u2019analyse la situation en prenant en compte le public et le sujet gr\u00e2ce \u00e0 mes comp\u00e9tences d&rsquo;orthop\u00e9dagogue. En effet, on ne peut pas concevoir les m\u00eames documents pour des \u00e9l\u00e8ves de Bac Pro pr\u00e9sentant peu de difficult\u00e9s ou pour des \u00e9l\u00e8ves de CAP pour lesquels leurs besoins particuliers sont diff\u00e9rents et individuels. Une \u00e9tude de document pour les uns et le visionnage d\u2019une courte vid\u00e9o avec des questions pr\u00e9cises en prenant en compte les objectifs d\u00e9finis.<\/p>\n\n\n<div class=\"wp-block-image\">\n<figure class=\"alignleft size-full\"><img loading=\"lazy\" decoding=\"async\" width=\"519\" height=\"340\" src=\"https:\/\/audreydelaforge.com\/wp-content\/uploads\/2022\/10\/notes-514998__340.jpg\" alt=\"\" class=\"wp-image-617\" srcset=\"https:\/\/audreydelaforge.com\/wp-content\/uploads\/2022\/10\/notes-514998__340.jpg 519w, https:\/\/audreydelaforge.com\/wp-content\/uploads\/2022\/10\/notes-514998__340-300x197.jpg 300w\" sizes=\"auto, (max-width: 519px) 100vw, 519px\" \/><\/figure>\n<\/div>\n\n\n<p><br>La conception p\u00e9dagogique ne se limite pas \u00e0 la cr\u00e9ation de \u201ccours\u201d proprement dits mais aussi \u00e0 : <\/p>\n\n\n\n<ul class=\"wp-block-list\">\n<li>Des exercices de rem\u00e9diations pour des <a href=\"https:\/\/www.dys-positif.fr\/\" target=\"_blank\" rel=\"noreferrer noopener\">sites \u00ab\u00a0internet\u00a0\u00bb<\/a>, des organismes priv\u00e9s de cours particuliers : QCM, mises en situation, sujets type examen<\/li>\n\n\n\n<li>Des fiches conseils pour pr\u00e9parer une \u00e9preuve : un oral, un dossier, une \u00e9preuve \u00e9crite<\/li>\n\n\n\n<li>Des cr\u00e9ations de tableaux avec les comp\u00e9tences des documents officiels de l\u2019Education Nationale ou de toutes autres formations<\/li>\n\n\n\n<li>Des cr\u00e9ations de formations sur des sujets pr\u00e9cis et vari\u00e9s<\/li>\n\n\n\n<li>Des pr\u00e9sentations de projets pour l\u2019Education National et les entreprises priv\u00e9es<\/li>\n\n\n\n<li>Des articles pour divers sites internet, pour les presses locales<\/li>\n\n\n\n<li>Des<a href=\"https:\/\/www.amazon.fr\/Annales-Agri-sp%C3%A9cialit%C3%A9-AM%C3%89NAGEMENTS-PAYSAGERS\/dp\/B0B1HXV7F5\/ref=sr_1_1?keywords=bac+pro+annales&amp;qid=1665907411&amp;qu=eyJxc2MiOiIyLjI1IiwicXNhIjoiMS45MSIsInFzcCI6IjEuNTAifQ%3D%3D&amp;sr=8-1\"> livres <\/a>qui reprennent les<a href=\"https:\/\/www.amazon.fr\/Annales-Agri-sp%C3%A9cialit%C3%A9-SAPAT-2022\/dp\/B09WCH39T6\/ref=sr_1_2?keywords=bac+pro+annales&amp;qid=1665907411&amp;qu=eyJxc2MiOiIyLjI1IiwicXNhIjoiMS45MSIsInFzcCI6IjEuNTAifQ%3D%3D&amp;sr=8-2\"> annales<\/a> d&rsquo;anciens sujets d&rsquo;examens dans le domaine de l&rsquo;agriculture<br><\/li>\n<\/ul>\n\n\n\n<p>La liste est loin d\u2019\u00eatre exhaustive car personnellement, je suis toujours \u00e0 l\u2019affut de nouveaux d\u00e9fis qui me permettent une hausse de mon adr\u00e9naline qui me permet d\u2019\u00eatre motiv\u00e9e au quotidien.<\/p>\n\n\n\n<h2 class=\"wp-block-heading\">L&rsquo;innovation associ\u00e9e \u00e0 cette conception<\/h2>\n\n\n\n<p>Mon plus dans la conception p\u00e9dagogique est l\u2019innovation ! De quoi je veux parler ? L\u2019innovation dans la conception p\u00e9dagogique est la cr\u00e9ation de divers documents autres que des simples exercices que tout le monde connait et utilise depuis la nuit des temps. La conception d\u2019outils utiles aux diff\u00e9rents publics \u00e0 besoins particuliers est indispensable \u00e0 leur r\u00e9ussite. En effet, nous sommes tous diff\u00e9rents et nous avons donc besoins de supports diff\u00e9rents pour acqu\u00e9rir une m\u00eame comp\u00e9tence.<\/p>\n\n\n<div class=\"wp-block-image\">\n<figure class=\"aligncenter size-full\"><img loading=\"lazy\" decoding=\"async\" width=\"510\" height=\"340\" src=\"https:\/\/audreydelaforge.com\/wp-content\/uploads\/2022\/10\/colored-pencils-374771__340.jpg\" alt=\"\" class=\"wp-image-618\" srcset=\"https:\/\/audreydelaforge.com\/wp-content\/uploads\/2022\/10\/colored-pencils-374771__340.jpg 510w, https:\/\/audreydelaforge.com\/wp-content\/uploads\/2022\/10\/colored-pencils-374771__340-300x200.jpg 300w\" sizes=\"auto, (max-width: 510px) 100vw, 510px\" \/><\/figure>\n<\/div>\n\n\n<p>Exemple : Pour un cours donn\u00e9 de math\u00e9matiques, par exemple. Pierre \u00e9l\u00e8ve scolaire a besoin d\u2019un cours \u00e9crit pour r\u00e9viser, Lubin, \u00e9l\u00e8ve visuel a besoin de dessins pour apprendre et Lucie dit \u00e0 qui veut qu\u2019elle est \u201cnulle\u201d en math et qu\u2019elle n&rsquo;y comprend rien.<br>Dans ce cas pr\u00e9cis, pour Pierre il faudra un support de trace \u00e9crite avec les notions \u00e0 apprendre assez classique, c\u2019est \u00e0 dire un cours comme vous le connaissez tous.<br>Pour Lubin, il lui faudra une <a href=\"http:\/\/www.pictobello.com\">sketchnote<\/a> qui reprendra au travers d\u2019illustration les notions du cours en fonction des objectifs donn\u00e9s.<br>Pour Lucie, il faudra d\u2019abord partir de choses qu\u2019elle sait faire et dans lesquelles elle r\u00e9ussit puis ensuite lui proposer un squelette de carte mentale qu\u2019elle va compl\u00e9ter pour elle-m\u00eame. Pour b\u00e9n\u00e9ficier des avantages de la carte mentale, l&rsquo;apprenant doit se l&rsquo;attribuer et cela lui donnera en<br>plus confiance. Chacun a une vision de la carte mentale diff\u00e9rente que l\u2019on doit respecter lors de la cr\u00e9ation d\u2019un squelette.<br>La conception p\u00e9dagogique est donc un large sujet pour lequel des connaissances, des comp\u00e9tences pr\u00e9cises au sujet des diff\u00e9rents courants p\u00e9dagogiques sont indispensables. De plus le concepteur doit \u00eatre ouvert et sortir de sa zone de confort pour r\u00e9pondre aux besoins des autres.<br>En ce qui me concerne, la conception p\u00e9dagogique est une \u00e9vidence, une passion et un d\u00e9fi constant. Je suis donc ouverte \u00e0 tous types de sujets.<\/p>\n","protected":false},"excerpt":{"rendered":"<p>Conception p\u00e9dagogique est un terme technique pour expliquer qu\u2019il est n\u00e9cessaire de r\u00e9aliser des supports utiles \u00e0 l\u2019enseignement ou\/et \u00e0 la transmission de savoir. En d\u00e9but de carri\u00e8re, j\u2019ai longtemps \u00e9t\u00e9 sollicit\u00e9e pour la r\u00e9daction de sujets d\u2019examen sans savoir que cela s\u2019appelait de la conception p\u00e9dagogique. Bien souvent nous sommes plusieurs \u00e0 r\u00e9aliser certaines&hellip;&nbsp;<a href=\"https:\/\/audreydelaforge.com\/index.php\/2022\/10\/16\/la-conception-pedagogique-cest-quoi\/\" rel=\"bookmark\">Lire la suite &raquo;<span class=\"screen-reader-text\">La conception p\u00e9dagogique, c\u2019est quoi ?<\/span><\/a><\/p>\n","protected":false},"author":1,"featured_media":655,"comment_status":"closed","ping_status":"open","sticky":false,"template":"","format":"standard","meta":{"om_disable_all_campaigns":false,"neve_meta_sidebar":"","neve_meta_container":"","neve_meta_enable_content_width":"","neve_meta_content_width":0,"neve_meta_title_alignment":"","neve_meta_author_avatar":"","neve_post_elements_order":"","neve_meta_disable_header":"","neve_meta_disable_footer":"","neve_meta_disable_title":"","footnotes":""},"categories":[20],"tags":[],"class_list":["post-615","post","type-post","status-publish","format-standard","has-post-thumbnail","hentry","category-conception-pedagogique"],"yoast_head":"<!-- This site is optimized with the Yoast SEO plugin v27.5 - https:\/\/yoast.com\/product\/yoast-seo-wordpress\/ -->\n<title>La conception p\u00e9dagogique, c\u2019est quoi ? ~ Audrey Delaforge, Orthop\u00e9dagogue<\/title>\n<meta name=\"robots\" content=\"index, follow, max-snippet:-1, max-image-preview:large, max-video-preview:-1\" \/>\n<link rel=\"canonical\" href=\"https:\/\/audreydelaforge.com\/index.php\/2022\/10\/16\/la-conception-pedagogique-cest-quoi\/\" \/>\n<meta property=\"og:locale\" content=\"fr_FR\" \/>\n<meta property=\"og:type\" content=\"article\" \/>\n<meta property=\"og:title\" content=\"La conception p\u00e9dagogique, c\u2019est quoi ? ~ Audrey Delaforge, Orthop\u00e9dagogue\" \/>\n<meta property=\"og:description\" content=\"Conception p\u00e9dagogique est un terme technique pour expliquer qu\u2019il est n\u00e9cessaire de r\u00e9aliser des supports utiles \u00e0 l\u2019enseignement ou\/et \u00e0 la transmission de savoir. En d\u00e9but de carri\u00e8re, j\u2019ai longtemps \u00e9t\u00e9 sollicit\u00e9e pour la r\u00e9daction de sujets d\u2019examen sans savoir que cela s\u2019appelait de la conception p\u00e9dagogique. Bien souvent nous sommes plusieurs \u00e0 r\u00e9aliser certaines&hellip;&nbsp;Lire la suite &raquo;La conception p\u00e9dagogique, c\u2019est quoi ?\" \/>\n<meta property=\"og:url\" content=\"https:\/\/audreydelaforge.com\/index.php\/2022\/10\/16\/la-conception-pedagogique-cest-quoi\/\" \/>\n<meta property=\"og:site_name\" content=\"Audrey Delaforge, Orthop\u00e9dagogue\" \/>\n<meta property=\"article:publisher\" content=\"https:\/\/www.facebook.com\/audreycateldelaforge\" \/>\n<meta property=\"article:published_time\" content=\"2022-10-16T07:27:30+00:00\" \/>\n<meta property=\"article:modified_time\" content=\"2022-11-05T09:18:01+00:00\" \/>\n<meta property=\"og:image\" content=\"https:\/\/audreydelaforge.com\/wp-content\/uploads\/2022\/11\/etudiant-classe-recherche-cours_23-2148888810.webp\" \/>\n\t<meta property=\"og:image:width\" content=\"1380\" \/>\n\t<meta property=\"og:image:height\" content=\"920\" \/>\n\t<meta property=\"og:image:type\" content=\"image\/webp\" \/>\n<meta name=\"author\" content=\"audrey.catel.delaforge@gmail.com\" \/>\n<meta name=\"twitter:card\" content=\"summary_large_image\" \/>\n<meta name=\"twitter:label1\" content=\"\u00c9crit par\" \/>\n\t<meta name=\"twitter:data1\" content=\"audrey.catel.delaforge@gmail.com\" \/>\n\t<meta name=\"twitter:label2\" content=\"Dur\u00e9e de lecture estim\u00e9e\" \/>\n\t<meta name=\"twitter:data2\" content=\"4 minutes\" \/>\n<script type=\"application\/ld+json\" class=\"yoast-schema-graph\">{\"@context\":\"https:\\\/\\\/schema.org\",\"@graph\":[{\"@type\":\"Article\",\"@id\":\"https:\\\/\\\/audreydelaforge.com\\\/index.php\\\/2022\\\/10\\\/16\\\/la-conception-pedagogique-cest-quoi\\\/#article\",\"isPartOf\":{\"@id\":\"https:\\\/\\\/audreydelaforge.com\\\/index.php\\\/2022\\\/10\\\/16\\\/la-conception-pedagogique-cest-quoi\\\/\"},\"author\":{\"name\":\"audrey.catel.delaforge@gmail.com\",\"@id\":\"https:\\\/\\\/audreydelaforge.com\\\/#\\\/schema\\\/person\\\/b44bccc3f328e9802afbab74bb74495d\"},\"headline\":\"La conception p\u00e9dagogique, c\u2019est quoi ?\",\"datePublished\":\"2022-10-16T07:27:30+00:00\",\"dateModified\":\"2022-11-05T09:18:01+00:00\",\"mainEntityOfPage\":{\"@id\":\"https:\\\/\\\/audreydelaforge.com\\\/index.php\\\/2022\\\/10\\\/16\\\/la-conception-pedagogique-cest-quoi\\\/\"},\"wordCount\":896,\"publisher\":{\"@id\":\"https:\\\/\\\/audreydelaforge.com\\\/#organization\"},\"image\":{\"@id\":\"https:\\\/\\\/audreydelaforge.com\\\/index.php\\\/2022\\\/10\\\/16\\\/la-conception-pedagogique-cest-quoi\\\/#primaryimage\"},\"thumbnailUrl\":\"https:\\\/\\\/audreydelaforge.com\\\/wp-content\\\/uploads\\\/2022\\\/11\\\/etudiant-classe-recherche-cours_23-2148888810.webp\",\"articleSection\":[\"Conception p\u00e9dagogique\"],\"inLanguage\":\"fr-FR\"},{\"@type\":\"WebPage\",\"@id\":\"https:\\\/\\\/audreydelaforge.com\\\/index.php\\\/2022\\\/10\\\/16\\\/la-conception-pedagogique-cest-quoi\\\/\",\"url\":\"https:\\\/\\\/audreydelaforge.com\\\/index.php\\\/2022\\\/10\\\/16\\\/la-conception-pedagogique-cest-quoi\\\/\",\"name\":\"La conception p\u00e9dagogique, c\u2019est quoi ? ~ Audrey Delaforge, Orthop\u00e9dagogue\",\"isPartOf\":{\"@id\":\"https:\\\/\\\/audreydelaforge.com\\\/#website\"},\"primaryImageOfPage\":{\"@id\":\"https:\\\/\\\/audreydelaforge.com\\\/index.php\\\/2022\\\/10\\\/16\\\/la-conception-pedagogique-cest-quoi\\\/#primaryimage\"},\"image\":{\"@id\":\"https:\\\/\\\/audreydelaforge.com\\\/index.php\\\/2022\\\/10\\\/16\\\/la-conception-pedagogique-cest-quoi\\\/#primaryimage\"},\"thumbnailUrl\":\"https:\\\/\\\/audreydelaforge.com\\\/wp-content\\\/uploads\\\/2022\\\/11\\\/etudiant-classe-recherche-cours_23-2148888810.webp\",\"datePublished\":\"2022-10-16T07:27:30+00:00\",\"dateModified\":\"2022-11-05T09:18:01+00:00\",\"breadcrumb\":{\"@id\":\"https:\\\/\\\/audreydelaforge.com\\\/index.php\\\/2022\\\/10\\\/16\\\/la-conception-pedagogique-cest-quoi\\\/#breadcrumb\"},\"inLanguage\":\"fr-FR\",\"potentialAction\":[{\"@type\":\"ReadAction\",\"target\":[\"https:\\\/\\\/audreydelaforge.com\\\/index.php\\\/2022\\\/10\\\/16\\\/la-conception-pedagogique-cest-quoi\\\/\"]}]},{\"@type\":\"ImageObject\",\"inLanguage\":\"fr-FR\",\"@id\":\"https:\\\/\\\/audreydelaforge.com\\\/index.php\\\/2022\\\/10\\\/16\\\/la-conception-pedagogique-cest-quoi\\\/#primaryimage\",\"url\":\"https:\\\/\\\/audreydelaforge.com\\\/wp-content\\\/uploads\\\/2022\\\/11\\\/etudiant-classe-recherche-cours_23-2148888810.webp\",\"contentUrl\":\"https:\\\/\\\/audreydelaforge.com\\\/wp-content\\\/uploads\\\/2022\\\/11\\\/etudiant-classe-recherche-cours_23-2148888810.webp\",\"width\":1380,\"height\":920},{\"@type\":\"BreadcrumbList\",\"@id\":\"https:\\\/\\\/audreydelaforge.com\\\/index.php\\\/2022\\\/10\\\/16\\\/la-conception-pedagogique-cest-quoi\\\/#breadcrumb\",\"itemListElement\":[{\"@type\":\"ListItem\",\"position\":1,\"name\":\"Accueil\",\"item\":\"https:\\\/\\\/audreydelaforge.com\\\/\"},{\"@type\":\"ListItem\",\"position\":2,\"name\":\"La conception p\u00e9dagogique, c\u2019est quoi ?\"}]},{\"@type\":\"WebSite\",\"@id\":\"https:\\\/\\\/audreydelaforge.com\\\/#website\",\"url\":\"https:\\\/\\\/audreydelaforge.com\\\/\",\"name\":\"Audrey Delaforge, Orthop\u00e9dagogue\",\"description\":\"L&#039;apprenant au centre du savoir\",\"publisher\":{\"@id\":\"https:\\\/\\\/audreydelaforge.com\\\/#organization\"},\"potentialAction\":[{\"@type\":\"SearchAction\",\"target\":{\"@type\":\"EntryPoint\",\"urlTemplate\":\"https:\\\/\\\/audreydelaforge.com\\\/?s={search_term_string}\"},\"query-input\":{\"@type\":\"PropertyValueSpecification\",\"valueRequired\":true,\"valueName\":\"search_term_string\"}}],\"inLanguage\":\"fr-FR\"},{\"@type\":\"Organization\",\"@id\":\"https:\\\/\\\/audreydelaforge.com\\\/#organization\",\"name\":\"Audrey Delaforge, Orthop\u00e9dagogue\",\"url\":\"https:\\\/\\\/audreydelaforge.com\\\/\",\"logo\":{\"@type\":\"ImageObject\",\"inLanguage\":\"fr-FR\",\"@id\":\"https:\\\/\\\/audreydelaforge.com\\\/#\\\/schema\\\/logo\\\/image\\\/\",\"url\":\"https:\\\/\\\/audreydelaforge.com\\\/wp-content\\\/uploads\\\/2022\\\/06\\\/Logo-orange-noir-avec-Audrey-1.png\",\"contentUrl\":\"https:\\\/\\\/audreydelaforge.com\\\/wp-content\\\/uploads\\\/2022\\\/06\\\/Logo-orange-noir-avec-Audrey-1.png\",\"width\":500,\"height\":500,\"caption\":\"Audrey Delaforge, Orthop\u00e9dagogue\"},\"image\":{\"@id\":\"https:\\\/\\\/audreydelaforge.com\\\/#\\\/schema\\\/logo\\\/image\\\/\"},\"sameAs\":[\"https:\\\/\\\/www.facebook.com\\\/audreycateldelaforge\",\"https:\\\/\\\/www.linkedin.com\\\/in\\\/audrey-catel-delaforge\",\"https:\\\/\\\/www.instagram.com\\\/audrey_delaforge\\\/\"]},{\"@type\":\"Person\",\"@id\":\"https:\\\/\\\/audreydelaforge.com\\\/#\\\/schema\\\/person\\\/b44bccc3f328e9802afbab74bb74495d\",\"name\":\"audrey.catel.delaforge@gmail.com\",\"image\":{\"@type\":\"ImageObject\",\"inLanguage\":\"fr-FR\",\"@id\":\"https:\\\/\\\/secure.gravatar.com\\\/avatar\\\/6d2d46023ee8ab957213dcdb0ea8dc964f367c205b281a7f789f0eb314dfafbf?s=96&d=mm&r=g\",\"url\":\"https:\\\/\\\/secure.gravatar.com\\\/avatar\\\/6d2d46023ee8ab957213dcdb0ea8dc964f367c205b281a7f789f0eb314dfafbf?s=96&d=mm&r=g\",\"contentUrl\":\"https:\\\/\\\/secure.gravatar.com\\\/avatar\\\/6d2d46023ee8ab957213dcdb0ea8dc964f367c205b281a7f789f0eb314dfafbf?s=96&d=mm&r=g\",\"caption\":\"audrey.catel.delaforge@gmail.com\"},\"sameAs\":[\"http:\\\/\\\/audreydelaforge.com\"],\"url\":\"https:\\\/\\\/audreydelaforge.com\\\/index.php\\\/author\\\/audrey-catel-delaforgegmail-com\\\/\"}]}<\/script>\n<!-- \/ Yoast SEO plugin. -->","yoast_head_json":{"title":"La conception p\u00e9dagogique, c\u2019est quoi ? ~ Audrey Delaforge, Orthop\u00e9dagogue","robots":{"index":"index","follow":"follow","max-snippet":"max-snippet:-1","max-image-preview":"max-image-preview:large","max-video-preview":"max-video-preview:-1"},"canonical":"https:\/\/audreydelaforge.com\/index.php\/2022\/10\/16\/la-conception-pedagogique-cest-quoi\/","og_locale":"fr_FR","og_type":"article","og_title":"La conception p\u00e9dagogique, c\u2019est quoi ? ~ Audrey Delaforge, Orthop\u00e9dagogue","og_description":"Conception p\u00e9dagogique est un terme technique pour expliquer qu\u2019il est n\u00e9cessaire de r\u00e9aliser des supports utiles \u00e0 l\u2019enseignement ou\/et \u00e0 la transmission de savoir. En d\u00e9but de carri\u00e8re, j\u2019ai longtemps \u00e9t\u00e9 sollicit\u00e9e pour la r\u00e9daction de sujets d\u2019examen sans savoir que cela s\u2019appelait de la conception p\u00e9dagogique. Bien souvent nous sommes plusieurs \u00e0 r\u00e9aliser certaines&hellip;&nbsp;Lire la suite &raquo;La conception p\u00e9dagogique, c\u2019est quoi ?","og_url":"https:\/\/audreydelaforge.com\/index.php\/2022\/10\/16\/la-conception-pedagogique-cest-quoi\/","og_site_name":"Audrey Delaforge, Orthop\u00e9dagogue","article_publisher":"https:\/\/www.facebook.com\/audreycateldelaforge","article_published_time":"2022-10-16T07:27:30+00:00","article_modified_time":"2022-11-05T09:18:01+00:00","og_image":[{"width":1380,"height":920,"url":"https:\/\/audreydelaforge.com\/wp-content\/uploads\/2022\/11\/etudiant-classe-recherche-cours_23-2148888810.webp","type":"image\/webp"}],"author":"audrey.catel.delaforge@gmail.com","twitter_card":"summary_large_image","twitter_misc":{"\u00c9crit par":"audrey.catel.delaforge@gmail.com","Dur\u00e9e de lecture estim\u00e9e":"4 minutes"},"schema":{"@context":"https:\/\/schema.org","@graph":[{"@type":"Article","@id":"https:\/\/audreydelaforge.com\/index.php\/2022\/10\/16\/la-conception-pedagogique-cest-quoi\/#article","isPartOf":{"@id":"https:\/\/audreydelaforge.com\/index.php\/2022\/10\/16\/la-conception-pedagogique-cest-quoi\/"},"author":{"name":"audrey.catel.delaforge@gmail.com","@id":"https:\/\/audreydelaforge.com\/#\/schema\/person\/b44bccc3f328e9802afbab74bb74495d"},"headline":"La conception p\u00e9dagogique, c\u2019est quoi ?","datePublished":"2022-10-16T07:27:30+00:00","dateModified":"2022-11-05T09:18:01+00:00","mainEntityOfPage":{"@id":"https:\/\/audreydelaforge.com\/index.php\/2022\/10\/16\/la-conception-pedagogique-cest-quoi\/"},"wordCount":896,"publisher":{"@id":"https:\/\/audreydelaforge.com\/#organization"},"image":{"@id":"https:\/\/audreydelaforge.com\/index.php\/2022\/10\/16\/la-conception-pedagogique-cest-quoi\/#primaryimage"},"thumbnailUrl":"https:\/\/audreydelaforge.com\/wp-content\/uploads\/2022\/11\/etudiant-classe-recherche-cours_23-2148888810.webp","articleSection":["Conception p\u00e9dagogique"],"inLanguage":"fr-FR"},{"@type":"WebPage","@id":"https:\/\/audreydelaforge.com\/index.php\/2022\/10\/16\/la-conception-pedagogique-cest-quoi\/","url":"https:\/\/audreydelaforge.com\/index.php\/2022\/10\/16\/la-conception-pedagogique-cest-quoi\/","name":"La conception p\u00e9dagogique, c\u2019est quoi ? ~ Audrey Delaforge, Orthop\u00e9dagogue","isPartOf":{"@id":"https:\/\/audreydelaforge.com\/#website"},"primaryImageOfPage":{"@id":"https:\/\/audreydelaforge.com\/index.php\/2022\/10\/16\/la-conception-pedagogique-cest-quoi\/#primaryimage"},"image":{"@id":"https:\/\/audreydelaforge.com\/index.php\/2022\/10\/16\/la-conception-pedagogique-cest-quoi\/#primaryimage"},"thumbnailUrl":"https:\/\/audreydelaforge.com\/wp-content\/uploads\/2022\/11\/etudiant-classe-recherche-cours_23-2148888810.webp","datePublished":"2022-10-16T07:27:30+00:00","dateModified":"2022-11-05T09:18:01+00:00","breadcrumb":{"@id":"https:\/\/audreydelaforge.com\/index.php\/2022\/10\/16\/la-conception-pedagogique-cest-quoi\/#breadcrumb"},"inLanguage":"fr-FR","potentialAction":[{"@type":"ReadAction","target":["https:\/\/audreydelaforge.com\/index.php\/2022\/10\/16\/la-conception-pedagogique-cest-quoi\/"]}]},{"@type":"ImageObject","inLanguage":"fr-FR","@id":"https:\/\/audreydelaforge.com\/index.php\/2022\/10\/16\/la-conception-pedagogique-cest-quoi\/#primaryimage","url":"https:\/\/audreydelaforge.com\/wp-content\/uploads\/2022\/11\/etudiant-classe-recherche-cours_23-2148888810.webp","contentUrl":"https:\/\/audreydelaforge.com\/wp-content\/uploads\/2022\/11\/etudiant-classe-recherche-cours_23-2148888810.webp","width":1380,"height":920},{"@type":"BreadcrumbList","@id":"https:\/\/audreydelaforge.com\/index.php\/2022\/10\/16\/la-conception-pedagogique-cest-quoi\/#breadcrumb","itemListElement":[{"@type":"ListItem","position":1,"name":"Accueil","item":"https:\/\/audreydelaforge.com\/"},{"@type":"ListItem","position":2,"name":"La conception p\u00e9dagogique, c\u2019est quoi ?"}]},{"@type":"WebSite","@id":"https:\/\/audreydelaforge.com\/#website","url":"https:\/\/audreydelaforge.com\/","name":"Audrey Delaforge, Orthop\u00e9dagogue","description":"L&#039;apprenant au centre du savoir","publisher":{"@id":"https:\/\/audreydelaforge.com\/#organization"},"potentialAction":[{"@type":"SearchAction","target":{"@type":"EntryPoint","urlTemplate":"https:\/\/audreydelaforge.com\/?s={search_term_string}"},"query-input":{"@type":"PropertyValueSpecification","valueRequired":true,"valueName":"search_term_string"}}],"inLanguage":"fr-FR"},{"@type":"Organization","@id":"https:\/\/audreydelaforge.com\/#organization","name":"Audrey Delaforge, Orthop\u00e9dagogue","url":"https:\/\/audreydelaforge.com\/","logo":{"@type":"ImageObject","inLanguage":"fr-FR","@id":"https:\/\/audreydelaforge.com\/#\/schema\/logo\/image\/","url":"https:\/\/audreydelaforge.com\/wp-content\/uploads\/2022\/06\/Logo-orange-noir-avec-Audrey-1.png","contentUrl":"https:\/\/audreydelaforge.com\/wp-content\/uploads\/2022\/06\/Logo-orange-noir-avec-Audrey-1.png","width":500,"height":500,"caption":"Audrey Delaforge, Orthop\u00e9dagogue"},"image":{"@id":"https:\/\/audreydelaforge.com\/#\/schema\/logo\/image\/"},"sameAs":["https:\/\/www.facebook.com\/audreycateldelaforge","https:\/\/www.linkedin.com\/in\/audrey-catel-delaforge","https:\/\/www.instagram.com\/audrey_delaforge\/"]},{"@type":"Person","@id":"https:\/\/audreydelaforge.com\/#\/schema\/person\/b44bccc3f328e9802afbab74bb74495d","name":"audrey.catel.delaforge@gmail.com","image":{"@type":"ImageObject","inLanguage":"fr-FR","@id":"https:\/\/secure.gravatar.com\/avatar\/6d2d46023ee8ab957213dcdb0ea8dc964f367c205b281a7f789f0eb314dfafbf?s=96&d=mm&r=g","url":"https:\/\/secure.gravatar.com\/avatar\/6d2d46023ee8ab957213dcdb0ea8dc964f367c205b281a7f789f0eb314dfafbf?s=96&d=mm&r=g","contentUrl":"https:\/\/secure.gravatar.com\/avatar\/6d2d46023ee8ab957213dcdb0ea8dc964f367c205b281a7f789f0eb314dfafbf?s=96&d=mm&r=g","caption":"audrey.catel.delaforge@gmail.com"},"sameAs":["http:\/\/audreydelaforge.com"],"url":"https:\/\/audreydelaforge.com\/index.php\/author\/audrey-catel-delaforgegmail-com\/"}]}},"_links":{"self":[{"href":"https:\/\/audreydelaforge.com\/index.php\/wp-json\/wp\/v2\/posts\/615","targetHints":{"allow":["GET"]}}],"collection":[{"href":"https:\/\/audreydelaforge.com\/index.php\/wp-json\/wp\/v2\/posts"}],"about":[{"href":"https:\/\/audreydelaforge.com\/index.php\/wp-json\/wp\/v2\/types\/post"}],"author":[{"embeddable":true,"href":"https:\/\/audreydelaforge.com\/index.php\/wp-json\/wp\/v2\/users\/1"}],"replies":[{"embeddable":true,"href":"https:\/\/audreydelaforge.com\/index.php\/wp-json\/wp\/v2\/comments?post=615"}],"version-history":[{"count":0,"href":"https:\/\/audreydelaforge.com\/index.php\/wp-json\/wp\/v2\/posts\/615\/revisions"}],"wp:featuredmedia":[{"embeddable":true,"href":"https:\/\/audreydelaforge.com\/index.php\/wp-json\/wp\/v2\/media\/655"}],"wp:attachment":[{"href":"https:\/\/audreydelaforge.com\/index.php\/wp-json\/wp\/v2\/media?parent=615"}],"wp:term":[{"taxonomy":"category","embeddable":true,"href":"https:\/\/audreydelaforge.com\/index.php\/wp-json\/wp\/v2\/categories?post=615"},{"taxonomy":"post_tag","embeddable":true,"href":"https:\/\/audreydelaforge.com\/index.php\/wp-json\/wp\/v2\/tags?post=615"}],"curies":[{"name":"wp","href":"https:\/\/api.w.org\/{rel}","templated":true}]}}