{"id":620,"date":"2022-10-16T07:59:08","date_gmt":"2022-10-16T07:59:08","guid":{"rendered":"https:\/\/audreydelaforge.com\/?p=620"},"modified":"2022-11-05T11:18:12","modified_gmt":"2022-11-05T11:18:12","slug":"qui-suis-je","status":"publish","type":"post","link":"https:\/\/audreydelaforge.com\/index.php\/2022\/10\/16\/qui-suis-je\/","title":{"rendered":"Qui suis-je ?"},"content":{"rendered":"\n<p><\/p>\n\n\n<div class=\"wp-block-image is-style-rounded\">\n<figure class=\"alignleft size-full is-resized\"><img loading=\"lazy\" decoding=\"async\" src=\"https:\/\/audreydelaforge.com\/wp-content\/uploads\/2022\/10\/moi-1.jpg\" alt=\"\" class=\"wp-image-629\" width=\"121\" height=\"162\" srcset=\"https:\/\/audreydelaforge.com\/wp-content\/uploads\/2022\/10\/moi-1.jpg 719w, https:\/\/audreydelaforge.com\/wp-content\/uploads\/2022\/10\/moi-1-225x300.jpg 225w, https:\/\/audreydelaforge.com\/wp-content\/uploads\/2022\/10\/moi-1-600x801.jpg 600w\" sizes=\"auto, (max-width: 121px) 100vw, 121px\" \/><\/figure>\n<\/div>\n\n\n<p>Je m\u2019appelle Audrey, je me sens diff\u00e9rente depuis toujours. J\u2019ai eu une confirmation \u00e0 44 ans pour expliquer et aider l\u2019ensemble de ma famille. Depuis je suis \u00e9panouie et heureuse. Maman de 3 gar\u00e7ons \u201cdysff\u00e9rents\u201d, je fais face depuis toujours aux r\u00e9flexions propres \u00e0 chaque membre de ma famille pour avancer et construire ce que nous sommes devenus aujourd\u2019hui : un couple avec 3 gar\u00e7ons dont deux qui sont d\u00e9j\u00e0 autonomes.<br>Apr\u00e8s avoir v\u00e9cu plus de 40 ans dans le Nord de la France, je suis arriv\u00e9e dans le sud de l\u2019Aisne, pr\u00e8s de Ch\u00e2teau Thierry \u00e0 45 min de Paris et 45 min de Reims. Je vis au milieu des vignobles de champagne dans lesquels je me ressource r\u00e9guli\u00e8rement.<\/p>\n\n\n\n<p><\/p>\n\n\n\n<p><\/p>\n\n\n\n<p><\/p>\n\n\n\n<h2 class=\"wp-block-heading\">Mon cursus<\/h2>\n\n\n<div class=\"wp-block-image\">\n<figure class=\"alignright size-large is-resized\"><img loading=\"lazy\" decoding=\"async\" src=\"https:\/\/audreydelaforge.com\/wp-content\/uploads\/2022\/10\/blesmes-1-1024x461.jpg\" alt=\"\" class=\"wp-image-637\" width=\"675\" height=\"304\" srcset=\"https:\/\/audreydelaforge.com\/wp-content\/uploads\/2022\/10\/blesmes-1-1024x461.jpg 1024w, https:\/\/audreydelaforge.com\/wp-content\/uploads\/2022\/10\/blesmes-1-300x135.jpg 300w, https:\/\/audreydelaforge.com\/wp-content\/uploads\/2022\/10\/blesmes-1-768x346.jpg 768w, https:\/\/audreydelaforge.com\/wp-content\/uploads\/2022\/10\/blesmes-1-1536x692.jpg 1536w, https:\/\/audreydelaforge.com\/wp-content\/uploads\/2022\/10\/blesmes-1-600x270.jpg 600w, https:\/\/audreydelaforge.com\/wp-content\/uploads\/2022\/10\/blesmes-1.jpg 2048w\" sizes=\"auto, (max-width: 675px) 100vw, 675px\" \/><\/figure>\n<\/div>\n\n\n<p class=\"has-text-align-right\"><br>Actuellement orthop\u00e9dagogue, conceptrice p\u00e9dagogique et formatrice en freelance, j\u2019occupe un poste d\u2019enseignante en biotechnologies dans un lyc\u00e9e professionnel de l\u2019Aisne. Mes \u00e9l\u00e8ves sont issus de formations agricoles (CAPa et BAC PRO) et de formations \u201c\u00e9ducation nationale\u201d (CAP, BAC<br>PRO). Titulaire depuis plus de 20 ans dans l\u2019Education Nationale, en 1999 je d\u00e9cide de me former dans l\u2019enseignement sp\u00e9cialis\u00e9e en passant et en obtenant en 2010 mon 2 CA-SH option F. Je deviens enseignante sp\u00e9cialis\u00e9e charg\u00e9e de l\u2019enseignement et de l\u2019aide p\u00e9dagogique aupr\u00e8s des<br>\u00e9l\u00e8ves des \u00e9tablissements et sections d\u2019enseignement g\u00e9n\u00e9ral et professionnel adapt\u00e9. J\u2019enseigne 12 ans dans une SEGPA situ\u00e9 en REP + avec des \u00e9l\u00e8ves en 4 et 3 \u00e8mes qui doivent choisir une formation qui leur correspond mais aussi \u00e0 leurs envies et leurs comp\u00e9tences. Je leur fais d\u00e9couvrir le monde professionnel au travers d\u2019activit\u00e9s adapt\u00e9es et ludiques.<br>Avant cette nouvelle formation, j\u2019ai eu l\u2019occasion d\u2019enseigner \u00e0 diff\u00e9rents publics dans diff\u00e9rentes institutions. En effet, j\u2019ai eu la chance de pouvoir en plus de ma nomination au sein de l\u2019\u00c9ducation National, enseigner et former au sein de Centre de Formation pour Adultes public (CFA) ou <a href=\"https:\/\/www.lemoniteur.fr\/article\/lille-metropole-veolia-nord-europe-lance-son-campus-a-lomme.1910809\">priv\u00e9 (VEOLIA)<\/a>, au sein d\u2019une prison, au sein du CNED, au sein de structures priv\u00e9es et associatives. Au sein de l\u2019Education Nationale, j\u2019ai eu des postes dans plusieurs structures  : lyc\u00e9es professionnels, SEGPA au sein des coll\u00e8ges, EREA, ERDV. Toute au long de ma carri\u00e8re, j\u2019ai donc rencontr\u00e9 des publics diff\u00e9rents auxquels j\u2019ai transmis des savoirs mais aussi des savoirs \u00eatre et savoirs faire. <\/p>\n\n\n\n<p class=\"has-text-align-center\">LA rencontre du changement<\/p>\n\n\n<div class=\"wp-block-image is-style-default\">\n<figure class=\"alignleft size-full is-resized\"><img loading=\"lazy\" decoding=\"async\" src=\"https:\/\/audreydelaforge.com\/wp-content\/uploads\/2022\/10\/eleves-2.jpg\" alt=\"\" class=\"wp-image-623\" width=\"321\" height=\"321\" srcset=\"https:\/\/audreydelaforge.com\/wp-content\/uploads\/2022\/10\/eleves-2.jpg 206w, https:\/\/audreydelaforge.com\/wp-content\/uploads\/2022\/10\/eleves-2-150x150.jpg 150w, https:\/\/audreydelaforge.com\/wp-content\/uploads\/2022\/10\/eleves-2-100x100.jpg 100w\" sizes=\"auto, (max-width: 321px) 100vw, 321px\" \/><\/figure>\n<\/div>\n\n\n<p><br>En d\u00e9cembre 2021, je rencontre au hasard des r\u00e9seaux sociaux <a href=\"https:\/\/julienbetoulle.com\/\">Julien Betoulle<\/a> qui bouscule ma vie \u2026 il comprends que l\u2019institution ne me permet pas d\u2019\u00eatre totalement \u00e9panouie m\u00eame si je crois aux valeurs de l&rsquo;enseignement public. Il me propose donc de prendre un virage professionnel en me<br>lan\u00e7ant dans le monde du freelance. J\u2019accepte en conservant mon poste de fonctionnaire. Je me forme donc, je liste mes comp\u00e9tences et je deviens orthop\u00e9dagogue freelance. La r\u00e9ussite des apprenants a toujours \u00e9t\u00e9 pour moi une \u00e9vidence. Je forme une \u00e9quipe complice avec le ou les<br>apprenants pour atteindre le stade de la r\u00e9ussite. Avancer ensemble est toujours plus facile et plus intense qu\u2019avancer seule.<\/p>\n\n\n\n<p><\/p>\n\n\n\n<h2 class=\"wp-block-heading\">La conception p\u00e9dagogique<\/h2>\n\n\n<div class=\"wp-block-image\">\n<figure class=\"alignright size-full\"><img loading=\"lazy\" decoding=\"async\" width=\"283\" height=\"340\" src=\"https:\/\/audreydelaforge.com\/wp-content\/uploads\/2022\/10\/woman-5869882__340-1.png\" alt=\"\" class=\"wp-image-638\" srcset=\"https:\/\/audreydelaforge.com\/wp-content\/uploads\/2022\/10\/woman-5869882__340-1.png 283w, https:\/\/audreydelaforge.com\/wp-content\/uploads\/2022\/10\/woman-5869882__340-1-250x300.png 250w\" sizes=\"auto, (max-width: 283px) 100vw, 283px\" \/><\/figure>\n<\/div>\n\n\n<p><br>Depuis toujours, je con\u00e7ois et mets en place des adaptations car tout au long de ma carri\u00e8re je me suis form\u00e9e, en particulier sur les innovations concernant la p\u00e9dagogie, et les grands courants p\u00e9dagogiques alternatifs. J\u2019ai rapidement compris, en \u00e9tant sur le terrain, qu\u2019une adaptation n\u2019\u00e9tait<br>valable que si l\u2019apprenant arrivait \u00e0 se l\u2019approprier. J\u2019ai donc travaill\u00e9 en relation avec eux pour leur fournir des documents adapt\u00e9s et con\u00e7us avec eux.<\/p>\n\n\n\n<p>Vers 2004, la maison d\u2019Edition Nathan se met en relation avec moi pour l\u2019\u00e9criture d\u2019un<a href=\"https:\/\/www.decitre.fr\/auteur\/3355550\/Audrey+Delaforge+Catel\"> livre<\/a> de Pr\u00e9vention Sant\u00e9 Environnement niveau BAC PRO en collaboration avec deux autres coll\u00e8gues. Ensuite le CNED m\u2019a contact\u00e9 pour \u00e9crire la formation en Habitat Logement niveau BTS Economie<br>Sociale et Familiale. Aujourd&rsquo;hui, je collabore d\u00e9sormais pour \u00e9crire des annales niveau baccalaur\u00e9at agricoles.<br>A la suite de diff\u00e9rents \u00e9changes avec des coll\u00e8gues, des parents, des amis et sur les conseils de mon mentor, je me mets \u00e0 l\u2019\u00e9criture d\u2019une formation e-learning pour la formation d\u2019orthop\u00e9dagogue afin de faire connaitre le m\u00e9tier et d\u2019aider d\u2019autres coll\u00e8gues \u00e0 se former pour aider les apprenants en<br>demande d\u2019aides. J\u2019ai aussi pu collaborer avec Fr\u00e9deric, coll\u00e8gue qui a cr\u00e9\u00e9 le site<a href=\"https:\/\/trouvix.fr\/\"> TROUVIX <\/a>et propos\u00e9 une formation CAP AEPE pour laquelle je participe dans le domaine professionnel au travers de questionnaires, de sujets types examen mais aussi de rendez-vous \u00e0 la pr\u00e9paration des oraux d\u2019examen.<br>Je suis donc aujourd\u2019hui la maman de 3 gar\u00e7ons, la femme d\u2019un mari compr\u00e9hensif mais aussi orthop\u00e9dagogue, conceptrice p\u00e9dagogique et formatrice freelance sans oublier mon poste d\u2019enseignante en biotechnologie au lyc\u00e9e des m\u00e9tiers <a href=\"https:\/\/chateau-potel-la-ferte-milon.ac-amiens.fr\/\">Chateau Potel<\/a> \u00e0 la Fert\u00e9 Milon (02).<\/p>\n\n\n\n<p class=\"has-text-align-center\"><br>En conclusion, apr\u00e8s quelques moments de doutes, je suis une femme entrepreneuse, passionn\u00e9e et soucieuse de r\u00e9ussir en collaborant avec les apprenants.<\/p>\n","protected":false},"excerpt":{"rendered":"<p>Je m\u2019appelle Audrey, je me sens diff\u00e9rente depuis toujours. J\u2019ai eu une confirmation \u00e0 44 ans pour expliquer et aider l\u2019ensemble de ma famille. Depuis je suis \u00e9panouie et heureuse. Maman de 3 gar\u00e7ons \u201cdysff\u00e9rents\u201d, je fais face depuis toujours aux r\u00e9flexions propres \u00e0 chaque membre de ma famille pour avancer et construire ce que&hellip;&nbsp;<a href=\"https:\/\/audreydelaforge.com\/index.php\/2022\/10\/16\/qui-suis-je\/\" rel=\"bookmark\">Lire la suite &raquo;<span class=\"screen-reader-text\">Qui suis-je ?<\/span><\/a><\/p>\n","protected":false},"author":1,"featured_media":438,"comment_status":"closed","ping_status":"open","sticky":false,"template":"","format":"standard","meta":{"om_disable_all_campaigns":false,"neve_meta_sidebar":"","neve_meta_container":"","neve_meta_enable_content_width":"","neve_meta_content_width":0,"neve_meta_title_alignment":"","neve_meta_author_avatar":"","neve_post_elements_order":"","neve_meta_disable_header":"","neve_meta_disable_footer":"","neve_meta_disable_title":"","footnotes":""},"categories":[18],"tags":[],"class_list":["post-620","post","type-post","status-publish","format-standard","has-post-thumbnail","hentry","category-presentation"],"yoast_head":"<!-- This site is optimized with the Yoast SEO plugin v27.5 - https:\/\/yoast.com\/product\/yoast-seo-wordpress\/ -->\n<title>Qui suis-je ? ~ Audrey Delaforge, Orthop\u00e9dagogue<\/title>\n<meta name=\"robots\" content=\"index, follow, max-snippet:-1, max-image-preview:large, max-video-preview:-1\" \/>\n<link rel=\"canonical\" href=\"https:\/\/audreydelaforge.com\/index.php\/2022\/10\/16\/qui-suis-je\/\" \/>\n<meta property=\"og:locale\" content=\"fr_FR\" \/>\n<meta property=\"og:type\" content=\"article\" \/>\n<meta property=\"og:title\" content=\"Qui suis-je ? ~ Audrey Delaforge, Orthop\u00e9dagogue\" \/>\n<meta property=\"og:description\" content=\"Je m\u2019appelle Audrey, je me sens diff\u00e9rente depuis toujours. J\u2019ai eu une confirmation \u00e0 44 ans pour expliquer et aider l\u2019ensemble de ma famille. Depuis je suis \u00e9panouie et heureuse. Maman de 3 gar\u00e7ons \u201cdysff\u00e9rents\u201d, je fais face depuis toujours aux r\u00e9flexions propres \u00e0 chaque membre de ma famille pour avancer et construire ce que&hellip;&nbsp;Lire la suite &raquo;Qui suis-je ?\" \/>\n<meta property=\"og:url\" content=\"https:\/\/audreydelaforge.com\/index.php\/2022\/10\/16\/qui-suis-je\/\" \/>\n<meta property=\"og:site_name\" content=\"Audrey Delaforge, Orthop\u00e9dagogue\" \/>\n<meta property=\"article:publisher\" content=\"https:\/\/www.facebook.com\/audreycateldelaforge\" \/>\n<meta property=\"article:published_time\" content=\"2022-10-16T07:59:08+00:00\" \/>\n<meta property=\"article:modified_time\" content=\"2022-11-05T11:18:12+00:00\" \/>\n<meta property=\"og:image\" content=\"https:\/\/audreydelaforge.com\/wp-content\/uploads\/2022\/07\/WIN_20220714_09_31_43_Pro.jpg\" \/>\n\t<meta property=\"og:image:width\" content=\"1280\" \/>\n\t<meta property=\"og:image:height\" content=\"720\" \/>\n\t<meta property=\"og:image:type\" content=\"image\/jpeg\" \/>\n<meta name=\"author\" content=\"audrey.catel.delaforge@gmail.com\" \/>\n<meta name=\"twitter:card\" content=\"summary_large_image\" \/>\n<meta name=\"twitter:label1\" content=\"\u00c9crit par\" \/>\n\t<meta name=\"twitter:data1\" content=\"audrey.catel.delaforge@gmail.com\" \/>\n\t<meta name=\"twitter:label2\" content=\"Dur\u00e9e de lecture estim\u00e9e\" \/>\n\t<meta name=\"twitter:data2\" content=\"4 minutes\" \/>\n<script type=\"application\/ld+json\" class=\"yoast-schema-graph\">{\"@context\":\"https:\\\/\\\/schema.org\",\"@graph\":[{\"@type\":\"Article\",\"@id\":\"https:\\\/\\\/audreydelaforge.com\\\/index.php\\\/2022\\\/10\\\/16\\\/qui-suis-je\\\/#article\",\"isPartOf\":{\"@id\":\"https:\\\/\\\/audreydelaforge.com\\\/index.php\\\/2022\\\/10\\\/16\\\/qui-suis-je\\\/\"},\"author\":{\"name\":\"audrey.catel.delaforge@gmail.com\",\"@id\":\"https:\\\/\\\/audreydelaforge.com\\\/#\\\/schema\\\/person\\\/b44bccc3f328e9802afbab74bb74495d\"},\"headline\":\"Qui suis-je ?\",\"datePublished\":\"2022-10-16T07:59:08+00:00\",\"dateModified\":\"2022-11-05T11:18:12+00:00\",\"mainEntityOfPage\":{\"@id\":\"https:\\\/\\\/audreydelaforge.com\\\/index.php\\\/2022\\\/10\\\/16\\\/qui-suis-je\\\/\"},\"wordCount\":874,\"publisher\":{\"@id\":\"https:\\\/\\\/audreydelaforge.com\\\/#organization\"},\"image\":{\"@id\":\"https:\\\/\\\/audreydelaforge.com\\\/index.php\\\/2022\\\/10\\\/16\\\/qui-suis-je\\\/#primaryimage\"},\"thumbnailUrl\":\"https:\\\/\\\/audreydelaforge.com\\\/wp-content\\\/uploads\\\/2022\\\/07\\\/WIN_20220714_09_31_43_Pro.jpg\",\"articleSection\":[\"Pr\u00e9sentation\"],\"inLanguage\":\"fr-FR\"},{\"@type\":\"WebPage\",\"@id\":\"https:\\\/\\\/audreydelaforge.com\\\/index.php\\\/2022\\\/10\\\/16\\\/qui-suis-je\\\/\",\"url\":\"https:\\\/\\\/audreydelaforge.com\\\/index.php\\\/2022\\\/10\\\/16\\\/qui-suis-je\\\/\",\"name\":\"Qui suis-je ? ~ Audrey Delaforge, Orthop\u00e9dagogue\",\"isPartOf\":{\"@id\":\"https:\\\/\\\/audreydelaforge.com\\\/#website\"},\"primaryImageOfPage\":{\"@id\":\"https:\\\/\\\/audreydelaforge.com\\\/index.php\\\/2022\\\/10\\\/16\\\/qui-suis-je\\\/#primaryimage\"},\"image\":{\"@id\":\"https:\\\/\\\/audreydelaforge.com\\\/index.php\\\/2022\\\/10\\\/16\\\/qui-suis-je\\\/#primaryimage\"},\"thumbnailUrl\":\"https:\\\/\\\/audreydelaforge.com\\\/wp-content\\\/uploads\\\/2022\\\/07\\\/WIN_20220714_09_31_43_Pro.jpg\",\"datePublished\":\"2022-10-16T07:59:08+00:00\",\"dateModified\":\"2022-11-05T11:18:12+00:00\",\"breadcrumb\":{\"@id\":\"https:\\\/\\\/audreydelaforge.com\\\/index.php\\\/2022\\\/10\\\/16\\\/qui-suis-je\\\/#breadcrumb\"},\"inLanguage\":\"fr-FR\",\"potentialAction\":[{\"@type\":\"ReadAction\",\"target\":[\"https:\\\/\\\/audreydelaforge.com\\\/index.php\\\/2022\\\/10\\\/16\\\/qui-suis-je\\\/\"]}]},{\"@type\":\"ImageObject\",\"inLanguage\":\"fr-FR\",\"@id\":\"https:\\\/\\\/audreydelaforge.com\\\/index.php\\\/2022\\\/10\\\/16\\\/qui-suis-je\\\/#primaryimage\",\"url\":\"https:\\\/\\\/audreydelaforge.com\\\/wp-content\\\/uploads\\\/2022\\\/07\\\/WIN_20220714_09_31_43_Pro.jpg\",\"contentUrl\":\"https:\\\/\\\/audreydelaforge.com\\\/wp-content\\\/uploads\\\/2022\\\/07\\\/WIN_20220714_09_31_43_Pro.jpg\",\"width\":1280,\"height\":720},{\"@type\":\"BreadcrumbList\",\"@id\":\"https:\\\/\\\/audreydelaforge.com\\\/index.php\\\/2022\\\/10\\\/16\\\/qui-suis-je\\\/#breadcrumb\",\"itemListElement\":[{\"@type\":\"ListItem\",\"position\":1,\"name\":\"Accueil\",\"item\":\"https:\\\/\\\/audreydelaforge.com\\\/\"},{\"@type\":\"ListItem\",\"position\":2,\"name\":\"Qui suis-je ?\"}]},{\"@type\":\"WebSite\",\"@id\":\"https:\\\/\\\/audreydelaforge.com\\\/#website\",\"url\":\"https:\\\/\\\/audreydelaforge.com\\\/\",\"name\":\"Audrey Delaforge, Orthop\u00e9dagogue\",\"description\":\"L&#039;apprenant au centre du savoir\",\"publisher\":{\"@id\":\"https:\\\/\\\/audreydelaforge.com\\\/#organization\"},\"potentialAction\":[{\"@type\":\"SearchAction\",\"target\":{\"@type\":\"EntryPoint\",\"urlTemplate\":\"https:\\\/\\\/audreydelaforge.com\\\/?s={search_term_string}\"},\"query-input\":{\"@type\":\"PropertyValueSpecification\",\"valueRequired\":true,\"valueName\":\"search_term_string\"}}],\"inLanguage\":\"fr-FR\"},{\"@type\":\"Organization\",\"@id\":\"https:\\\/\\\/audreydelaforge.com\\\/#organization\",\"name\":\"Audrey Delaforge, Orthop\u00e9dagogue\",\"url\":\"https:\\\/\\\/audreydelaforge.com\\\/\",\"logo\":{\"@type\":\"ImageObject\",\"inLanguage\":\"fr-FR\",\"@id\":\"https:\\\/\\\/audreydelaforge.com\\\/#\\\/schema\\\/logo\\\/image\\\/\",\"url\":\"https:\\\/\\\/audreydelaforge.com\\\/wp-content\\\/uploads\\\/2022\\\/06\\\/Logo-orange-noir-avec-Audrey-1.png\",\"contentUrl\":\"https:\\\/\\\/audreydelaforge.com\\\/wp-content\\\/uploads\\\/2022\\\/06\\\/Logo-orange-noir-avec-Audrey-1.png\",\"width\":500,\"height\":500,\"caption\":\"Audrey Delaforge, Orthop\u00e9dagogue\"},\"image\":{\"@id\":\"https:\\\/\\\/audreydelaforge.com\\\/#\\\/schema\\\/logo\\\/image\\\/\"},\"sameAs\":[\"https:\\\/\\\/www.facebook.com\\\/audreycateldelaforge\",\"https:\\\/\\\/www.linkedin.com\\\/in\\\/audrey-catel-delaforge\",\"https:\\\/\\\/www.instagram.com\\\/audrey_delaforge\\\/\"]},{\"@type\":\"Person\",\"@id\":\"https:\\\/\\\/audreydelaforge.com\\\/#\\\/schema\\\/person\\\/b44bccc3f328e9802afbab74bb74495d\",\"name\":\"audrey.catel.delaforge@gmail.com\",\"image\":{\"@type\":\"ImageObject\",\"inLanguage\":\"fr-FR\",\"@id\":\"https:\\\/\\\/secure.gravatar.com\\\/avatar\\\/6d2d46023ee8ab957213dcdb0ea8dc964f367c205b281a7f789f0eb314dfafbf?s=96&d=mm&r=g\",\"url\":\"https:\\\/\\\/secure.gravatar.com\\\/avatar\\\/6d2d46023ee8ab957213dcdb0ea8dc964f367c205b281a7f789f0eb314dfafbf?s=96&d=mm&r=g\",\"contentUrl\":\"https:\\\/\\\/secure.gravatar.com\\\/avatar\\\/6d2d46023ee8ab957213dcdb0ea8dc964f367c205b281a7f789f0eb314dfafbf?s=96&d=mm&r=g\",\"caption\":\"audrey.catel.delaforge@gmail.com\"},\"sameAs\":[\"http:\\\/\\\/audreydelaforge.com\"],\"url\":\"https:\\\/\\\/audreydelaforge.com\\\/index.php\\\/author\\\/audrey-catel-delaforgegmail-com\\\/\"}]}<\/script>\n<!-- \/ Yoast SEO plugin. -->","yoast_head_json":{"title":"Qui suis-je ? ~ Audrey Delaforge, Orthop\u00e9dagogue","robots":{"index":"index","follow":"follow","max-snippet":"max-snippet:-1","max-image-preview":"max-image-preview:large","max-video-preview":"max-video-preview:-1"},"canonical":"https:\/\/audreydelaforge.com\/index.php\/2022\/10\/16\/qui-suis-je\/","og_locale":"fr_FR","og_type":"article","og_title":"Qui suis-je ? ~ Audrey Delaforge, Orthop\u00e9dagogue","og_description":"Je m\u2019appelle Audrey, je me sens diff\u00e9rente depuis toujours. J\u2019ai eu une confirmation \u00e0 44 ans pour expliquer et aider l\u2019ensemble de ma famille. Depuis je suis \u00e9panouie et heureuse. Maman de 3 gar\u00e7ons \u201cdysff\u00e9rents\u201d, je fais face depuis toujours aux r\u00e9flexions propres \u00e0 chaque membre de ma famille pour avancer et construire ce que&hellip;&nbsp;Lire la suite &raquo;Qui suis-je ?","og_url":"https:\/\/audreydelaforge.com\/index.php\/2022\/10\/16\/qui-suis-je\/","og_site_name":"Audrey Delaforge, Orthop\u00e9dagogue","article_publisher":"https:\/\/www.facebook.com\/audreycateldelaforge","article_published_time":"2022-10-16T07:59:08+00:00","article_modified_time":"2022-11-05T11:18:12+00:00","og_image":[{"width":1280,"height":720,"url":"https:\/\/audreydelaforge.com\/wp-content\/uploads\/2022\/07\/WIN_20220714_09_31_43_Pro.jpg","type":"image\/jpeg"}],"author":"audrey.catel.delaforge@gmail.com","twitter_card":"summary_large_image","twitter_misc":{"\u00c9crit par":"audrey.catel.delaforge@gmail.com","Dur\u00e9e de lecture estim\u00e9e":"4 minutes"},"schema":{"@context":"https:\/\/schema.org","@graph":[{"@type":"Article","@id":"https:\/\/audreydelaforge.com\/index.php\/2022\/10\/16\/qui-suis-je\/#article","isPartOf":{"@id":"https:\/\/audreydelaforge.com\/index.php\/2022\/10\/16\/qui-suis-je\/"},"author":{"name":"audrey.catel.delaforge@gmail.com","@id":"https:\/\/audreydelaforge.com\/#\/schema\/person\/b44bccc3f328e9802afbab74bb74495d"},"headline":"Qui suis-je ?","datePublished":"2022-10-16T07:59:08+00:00","dateModified":"2022-11-05T11:18:12+00:00","mainEntityOfPage":{"@id":"https:\/\/audreydelaforge.com\/index.php\/2022\/10\/16\/qui-suis-je\/"},"wordCount":874,"publisher":{"@id":"https:\/\/audreydelaforge.com\/#organization"},"image":{"@id":"https:\/\/audreydelaforge.com\/index.php\/2022\/10\/16\/qui-suis-je\/#primaryimage"},"thumbnailUrl":"https:\/\/audreydelaforge.com\/wp-content\/uploads\/2022\/07\/WIN_20220714_09_31_43_Pro.jpg","articleSection":["Pr\u00e9sentation"],"inLanguage":"fr-FR"},{"@type":"WebPage","@id":"https:\/\/audreydelaforge.com\/index.php\/2022\/10\/16\/qui-suis-je\/","url":"https:\/\/audreydelaforge.com\/index.php\/2022\/10\/16\/qui-suis-je\/","name":"Qui suis-je ? ~ Audrey Delaforge, Orthop\u00e9dagogue","isPartOf":{"@id":"https:\/\/audreydelaforge.com\/#website"},"primaryImageOfPage":{"@id":"https:\/\/audreydelaforge.com\/index.php\/2022\/10\/16\/qui-suis-je\/#primaryimage"},"image":{"@id":"https:\/\/audreydelaforge.com\/index.php\/2022\/10\/16\/qui-suis-je\/#primaryimage"},"thumbnailUrl":"https:\/\/audreydelaforge.com\/wp-content\/uploads\/2022\/07\/WIN_20220714_09_31_43_Pro.jpg","datePublished":"2022-10-16T07:59:08+00:00","dateModified":"2022-11-05T11:18:12+00:00","breadcrumb":{"@id":"https:\/\/audreydelaforge.com\/index.php\/2022\/10\/16\/qui-suis-je\/#breadcrumb"},"inLanguage":"fr-FR","potentialAction":[{"@type":"ReadAction","target":["https:\/\/audreydelaforge.com\/index.php\/2022\/10\/16\/qui-suis-je\/"]}]},{"@type":"ImageObject","inLanguage":"fr-FR","@id":"https:\/\/audreydelaforge.com\/index.php\/2022\/10\/16\/qui-suis-je\/#primaryimage","url":"https:\/\/audreydelaforge.com\/wp-content\/uploads\/2022\/07\/WIN_20220714_09_31_43_Pro.jpg","contentUrl":"https:\/\/audreydelaforge.com\/wp-content\/uploads\/2022\/07\/WIN_20220714_09_31_43_Pro.jpg","width":1280,"height":720},{"@type":"BreadcrumbList","@id":"https:\/\/audreydelaforge.com\/index.php\/2022\/10\/16\/qui-suis-je\/#breadcrumb","itemListElement":[{"@type":"ListItem","position":1,"name":"Accueil","item":"https:\/\/audreydelaforge.com\/"},{"@type":"ListItem","position":2,"name":"Qui suis-je ?"}]},{"@type":"WebSite","@id":"https:\/\/audreydelaforge.com\/#website","url":"https:\/\/audreydelaforge.com\/","name":"Audrey Delaforge, Orthop\u00e9dagogue","description":"L&#039;apprenant au centre du savoir","publisher":{"@id":"https:\/\/audreydelaforge.com\/#organization"},"potentialAction":[{"@type":"SearchAction","target":{"@type":"EntryPoint","urlTemplate":"https:\/\/audreydelaforge.com\/?s={search_term_string}"},"query-input":{"@type":"PropertyValueSpecification","valueRequired":true,"valueName":"search_term_string"}}],"inLanguage":"fr-FR"},{"@type":"Organization","@id":"https:\/\/audreydelaforge.com\/#organization","name":"Audrey Delaforge, Orthop\u00e9dagogue","url":"https:\/\/audreydelaforge.com\/","logo":{"@type":"ImageObject","inLanguage":"fr-FR","@id":"https:\/\/audreydelaforge.com\/#\/schema\/logo\/image\/","url":"https:\/\/audreydelaforge.com\/wp-content\/uploads\/2022\/06\/Logo-orange-noir-avec-Audrey-1.png","contentUrl":"https:\/\/audreydelaforge.com\/wp-content\/uploads\/2022\/06\/Logo-orange-noir-avec-Audrey-1.png","width":500,"height":500,"caption":"Audrey Delaforge, Orthop\u00e9dagogue"},"image":{"@id":"https:\/\/audreydelaforge.com\/#\/schema\/logo\/image\/"},"sameAs":["https:\/\/www.facebook.com\/audreycateldelaforge","https:\/\/www.linkedin.com\/in\/audrey-catel-delaforge","https:\/\/www.instagram.com\/audrey_delaforge\/"]},{"@type":"Person","@id":"https:\/\/audreydelaforge.com\/#\/schema\/person\/b44bccc3f328e9802afbab74bb74495d","name":"audrey.catel.delaforge@gmail.com","image":{"@type":"ImageObject","inLanguage":"fr-FR","@id":"https:\/\/secure.gravatar.com\/avatar\/6d2d46023ee8ab957213dcdb0ea8dc964f367c205b281a7f789f0eb314dfafbf?s=96&d=mm&r=g","url":"https:\/\/secure.gravatar.com\/avatar\/6d2d46023ee8ab957213dcdb0ea8dc964f367c205b281a7f789f0eb314dfafbf?s=96&d=mm&r=g","contentUrl":"https:\/\/secure.gravatar.com\/avatar\/6d2d46023ee8ab957213dcdb0ea8dc964f367c205b281a7f789f0eb314dfafbf?s=96&d=mm&r=g","caption":"audrey.catel.delaforge@gmail.com"},"sameAs":["http:\/\/audreydelaforge.com"],"url":"https:\/\/audreydelaforge.com\/index.php\/author\/audrey-catel-delaforgegmail-com\/"}]}},"_links":{"self":[{"href":"https:\/\/audreydelaforge.com\/index.php\/wp-json\/wp\/v2\/posts\/620","targetHints":{"allow":["GET"]}}],"collection":[{"href":"https:\/\/audreydelaforge.com\/index.php\/wp-json\/wp\/v2\/posts"}],"about":[{"href":"https:\/\/audreydelaforge.com\/index.php\/wp-json\/wp\/v2\/types\/post"}],"author":[{"embeddable":true,"href":"https:\/\/audreydelaforge.com\/index.php\/wp-json\/wp\/v2\/users\/1"}],"replies":[{"embeddable":true,"href":"https:\/\/audreydelaforge.com\/index.php\/wp-json\/wp\/v2\/comments?post=620"}],"version-history":[{"count":0,"href":"https:\/\/audreydelaforge.com\/index.php\/wp-json\/wp\/v2\/posts\/620\/revisions"}],"wp:featuredmedia":[{"embeddable":true,"href":"https:\/\/audreydelaforge.com\/index.php\/wp-json\/wp\/v2\/media\/438"}],"wp:attachment":[{"href":"https:\/\/audreydelaforge.com\/index.php\/wp-json\/wp\/v2\/media?parent=620"}],"wp:term":[{"taxonomy":"category","embeddable":true,"href":"https:\/\/audreydelaforge.com\/index.php\/wp-json\/wp\/v2\/categories?post=620"},{"taxonomy":"post_tag","embeddable":true,"href":"https:\/\/audreydelaforge.com\/index.php\/wp-json\/wp\/v2\/tags?post=620"}],"curies":[{"name":"wp","href":"https:\/\/api.w.org\/{rel}","templated":true}]}}