{"id":717,"date":"2023-01-29T09:35:05","date_gmt":"2023-01-29T09:35:05","guid":{"rendered":"https:\/\/audreydelaforge.com\/?p=717"},"modified":"2023-03-28T07:58:59","modified_gmt":"2023-03-28T07:58:59","slug":"un-poste-de-travail-range-et-organise-pour-travailler-efficacement","status":"publish","type":"post","link":"https:\/\/audreydelaforge.com\/index.php\/2023\/01\/29\/un-poste-de-travail-range-et-organise-pour-travailler-efficacement\/","title":{"rendered":"Un poste de travail rang\u00e9 et organis\u00e9 pour travailler efficacement\u00a0"},"content":{"rendered":"\n<p class=\"has-medium-font-size\">Le rangement a \u00e9t\u00e9 popularis\u00e9 avec l\u2019arriv\u00e9e sur la toile de <a href=\"https:\/\/nobo.life\/Marie-Kondo-methode-de-rangement\">Marie Kondo<\/a>, en effet elle a mis en place une strat\u00e9gie de rangement applicable au quotidien. &nbsp;<\/p>\n\n\n<div class=\"wp-block-image is-style-rounded\">\n<figure class=\"aligncenter size-full\"><img loading=\"lazy\" decoding=\"async\" width=\"391\" height=\"625\" src=\"https:\/\/audreydelaforge.com\/wp-content\/uploads\/2023\/01\/Screenshot-2023-01-29-10.31.24-edited.png\" alt=\"\" class=\"wp-image-726\" srcset=\"https:\/\/audreydelaforge.com\/wp-content\/uploads\/2023\/01\/Screenshot-2023-01-29-10.31.24-edited.png 391w, https:\/\/audreydelaforge.com\/wp-content\/uploads\/2023\/01\/Screenshot-2023-01-29-10.31.24-edited-188x300.png 188w\" sizes=\"auto, (max-width: 391px) 100vw, 391px\" \/><\/figure>\n<\/div>\n\n\n<p><\/p>\n\n\n\n<p class=\"has-medium-font-size\"><strong>Qu\u2019en est-il pour notre propre espace de travail ?&nbsp;<\/strong><\/p>\n\n\n\n<p>En 2016, une universit\u00e9 du nouveau Mexique a mis en \u00e9vidence que le d\u00e9sordre entra\u00eene des complications dans la vie quotidienne, l\u2019apparition de sentiments n\u00e9gatifs et l\u2019apparition d\u2019une certaine d\u00e9tresse psychologique.&nbsp;<\/p>\n\n\n\n<p>Pour r\u00e9ussir au quotidien au niveau professionnel, il est donc indispensable d\u2019\u00eatre ordonn\u00e9. &nbsp;<\/p>\n\n\n\n<p>C\u2019est \u00e0 dire ? &nbsp;<\/p>\n\n\n\n<p>Par d\u00e9finition, \u00eatre ordonn\u00e9 correspond \u00e0 un \u00e9tat o\u00f9 nous nous trouvons dans un espace rang\u00e9, organis\u00e9 et class\u00e9. &nbsp;<\/p>\n\n\n\n<p>En pratique, c\u2019est un peu plus compliqu\u00e9 ! En effet, lors de phases de rangement, l\u2019individu pense qu\u2019il doit appliquer une m\u00e9thode radicale pour devenir efficace. Mais non, comme chaque m\u00e9thode elle doit \u00eatre individualis\u00e9e et adopt\u00e9 par l\u2019individu concern\u00e9 lui-m\u00eame. Notre fonctionnement nous est propre et diff\u00e9rent pour chaque personne. C\u2019est pour cela que les enfants doivent \u00eatre accompagn\u00e9s pour apprendre \u00e0 organiser leur poste de travail. Dans ce cas, l\u2019orthop\u00e9dagogue, apr\u00e8s une phase d\u2019observations et d\u2019analyses, peut proposer en accompagnant l\u2019apprenant des <a href=\"https:\/\/profbook.fr\/les-routines-rituels-un-des-secrets-de-lorthopedagogie\/\">strat\u00e9gies<\/a> de rangement et de mise en place efficaces qu\u2019il pourra s\u2019approprier.&nbsp;<\/p>\n\n\n\n<p class=\"has-medium-font-size\"><strong>Le d\u00e9sordre face \u00e0 notre propre travail&nbsp;<\/strong><\/p>\n\n\n\n<p>St\u00e9phanie McMains et Sabine Kastner, toutes deux chercheurs \u00e0 l\u2019universit\u00e9 des neurosciences de Princeton ont mis en \u00e9vidence que le d\u00e9sordre diminue notre capacit\u00e9 de concentration sur une t\u00e2che donn\u00e9e mais aussi notre rendement personnel mais par contre augmente le stress pour l\u2019individu. La limitation de l\u2019habilit\u00e9 du cerveau \u00e0 mettre en place un processus cognitif de traitement des informations correct et efficace a aussi \u00e9t\u00e9 mise en \u00e9vidence. &nbsp;<\/p>\n\n\n\n<div class=\"wp-block-columns is-layout-flex wp-container-core-columns-is-layout-9d6595d7 wp-block-columns-is-layout-flex\">\n<div class=\"wp-block-column is-layout-flow wp-block-column-is-layout-flow\">\n<figure class=\"wp-block-image size-full\"><img loading=\"lazy\" decoding=\"async\" width=\"725\" height=\"323\" src=\"https:\/\/audreydelaforge.com\/wp-content\/uploads\/2023\/01\/Screenshot-2023-01-29-10.24.01-1.png\" alt=\"\" class=\"wp-image-721\" srcset=\"https:\/\/audreydelaforge.com\/wp-content\/uploads\/2023\/01\/Screenshot-2023-01-29-10.24.01-1.png 725w, https:\/\/audreydelaforge.com\/wp-content\/uploads\/2023\/01\/Screenshot-2023-01-29-10.24.01-1-300x134.png 300w, https:\/\/audreydelaforge.com\/wp-content\/uploads\/2023\/01\/Screenshot-2023-01-29-10.24.01-1-600x267.png 600w\" sizes=\"auto, (max-width: 725px) 100vw, 725px\" \/><\/figure>\n<\/div>\n\n\n\n<div class=\"wp-block-column is-layout-flow wp-block-column-is-layout-flow\"><\/div>\n<\/div>\n\n\n\n<p><a href=\"https:\/\/profbook.fr\/lorthopedagogie-une-specialite-pour-les-personnes-a-besoins-particuliers\/\">L\u2019orthop\u00e9dagogue<\/a> a donc un r\u00f4le important \u00e0 jouer lors de son accompagnement d\u2019apprenants. En effet, il doit mettre en avant le fait qu\u2019il est important de choisir son espace de travail mais aussi de l\u2019ordonner. Le choix de son espace de travail est important pour se sentir dans les meilleures conditions pour r\u00e9ussir. Certains apprenants auront un besoin de calme et de s\u00e9r\u00e9nit\u00e9, et au contraire d\u2019autres auront besoin d\u2019un fond sonore agr\u00e9able et pour d\u2019autres ce sera encore diff\u00e9rent. Ce besoin est propre \u00e0 chaque personne et doit \u00eatre rapidement cern\u00e9 pour se baser sur ce premier point lors de la r\u00e9flexion sur la zone de travail personnelle. Ce besoin ne doit surtout pas \u00eatre impos\u00e9 si l&rsquo;on recherche la r\u00e9ussite. &nbsp;<\/p>\n\n\n\n<p>Il faut aussi noter que la zone de travail peut \u00eatre changeante en fonction de la t\u00e2che \u00e0 effectuer : un apprenant ressentira peut-\u00eatre le besoin de bouger pour apprendre une po\u00e9sie ou une le\u00e7on et au contraint le besoin d\u2019avoir une zone de confort bien d\u00e9termin\u00e9e pour effectuer une t\u00e2che li\u00e9e aux math\u00e9matiques, par exemple. &nbsp;<\/p>\n\n\n\n<p>Une fois que le lieu de la zone de travail a \u00e9t\u00e9 d\u00e9fini, il faut travailler sur son organisation mat\u00e9rielle. L\u2019orthop\u00e9dagogue doit aider l\u2019apprenant \u00e0 pouvoir lister ces besoins mat\u00e9riels pour ne pas \u00eatre perturb\u00e9 voir interrompu dans l\u2019ex\u00e9cution d\u2019une activit\u00e9. Mais il doit aussi pr\u00e9parer l\u2019apprenant \u00e0 se limiter dans le mat\u00e9riel choisi pour ne pas devoir organiser du superflu. Concr\u00e8tement, il est inutile de sortir l\u2019ensemble de ses ouvrages scolaires pour travailler la po\u00e9sie du mois. Il faut apprendre \u00e0 limiter voire supprimer les \u00e9l\u00e9ments perturbateurs dans la zone de travail. Pour l\u2019apprenant, le fait de voir du mat\u00e9riel destin\u00e9 \u00e0 une autre t\u00e2che peut emmener ses pens\u00e9es sur d\u2019autres apprentissages et baisser sa vigilance et sa concentration. &nbsp;<\/p>\n\n\n\n<p>M\u00eame dans le choix de sa zone de travail et l\u2019organisation de cette derni\u00e8re, c\u2019est l\u2019apprenant qui doit s\u2019approprier des automatismes et des habitudes qui&nbsp;l\u2019am\u00e8neront \u00e0 la r\u00e9ussite plus sereinement. Encore une fois, la m\u00e9thode globale doit convenir \u00e0 l\u2019apprenant lui-m\u00eame et pas \u00e0 l\u2019orthop\u00e9dagogue qui le suit ni au membre de la famille qui l\u2019accompagne. &nbsp;<\/p>\n\n\n\n<div class=\"wp-block-columns is-layout-flex wp-container-core-columns-is-layout-9d6595d7 wp-block-columns-is-layout-flex\">\n<div class=\"wp-block-column is-layout-flow wp-block-column-is-layout-flow\" style=\"flex-basis:50%\"><\/div>\n\n\n\n<div class=\"wp-block-column is-layout-flow wp-block-column-is-layout-flow\" style=\"flex-basis:25%\">\n<figure class=\"wp-block-image size-full\"><img loading=\"lazy\" decoding=\"async\" width=\"725\" height=\"611\" src=\"https:\/\/audreydelaforge.com\/wp-content\/uploads\/2023\/01\/Screenshot-2023-01-29-10.24.19-1.png\" alt=\"\" class=\"wp-image-722\" srcset=\"https:\/\/audreydelaforge.com\/wp-content\/uploads\/2023\/01\/Screenshot-2023-01-29-10.24.19-1.png 725w, https:\/\/audreydelaforge.com\/wp-content\/uploads\/2023\/01\/Screenshot-2023-01-29-10.24.19-1-300x253.png 300w, https:\/\/audreydelaforge.com\/wp-content\/uploads\/2023\/01\/Screenshot-2023-01-29-10.24.19-1-600x506.png 600w\" sizes=\"auto, (max-width: 725px) 100vw, 725px\" \/><\/figure>\n<\/div>\n<\/div>\n\n\n\n<p>Pour finir, notons qu\u2019une \u00e9tude faite au sein de l\u2019universit\u00e9 de Los Angeles a montr\u00e9 la hausse du taux de cortisol, hormone du stress, chez les personnes non ordonn\u00e9es. Dans la soci\u00e9t\u00e9 actuelle, face aux diff\u00e9rentes difficult\u00e9s rencontr\u00e9es par l\u2019apprenant, n\u2019est-il pas plus important de se limiter au niveau du stress en \u00e9tant ordonn\u00e9 et en suivant de bonnes habitudes ? &nbsp;<\/p>\n\n\n\n<p class=\"has-text-align-center\"><strong>L\u2019orthop\u00e9dagogue peut \u00eatre un \u00e9l\u00e9ment support pour l&rsquo;apprenant au niveau de l&rsquo;organisation et la gestion de son poste de travail aupr\u00e8s des apprenants qu\u2019ils soient jeunes ou moins jeunes car il prend en compte toutes les sp\u00e9cificit\u00e9s individuelles et fait plusieurs propositions pour que l\u2019apprenant lui-m\u00eame adopte la bonne strat\u00e9gie.&nbsp;<\/strong><\/p>\n","protected":false},"excerpt":{"rendered":"<p>Le rangement a \u00e9t\u00e9 popularis\u00e9 avec l\u2019arriv\u00e9e sur la toile de Marie Kondo, en effet elle a mis en place une strat\u00e9gie de rangement applicable au quotidien. &nbsp; Qu\u2019en est-il pour notre propre espace de travail ?&nbsp; En 2016, une universit\u00e9 du nouveau Mexique a mis en \u00e9vidence que le d\u00e9sordre entra\u00eene des complications dans&hellip;&nbsp;<a href=\"https:\/\/audreydelaforge.com\/index.php\/2023\/01\/29\/un-poste-de-travail-range-et-organise-pour-travailler-efficacement\/\" rel=\"bookmark\">Lire la suite &raquo;<span class=\"screen-reader-text\">Un poste de travail rang\u00e9 et organis\u00e9 pour travailler efficacement\u00a0<\/span><\/a><\/p>\n","protected":false},"author":1,"featured_media":726,"comment_status":"closed","ping_status":"open","sticky":false,"template":"","format":"standard","meta":{"om_disable_all_campaigns":false,"neve_meta_sidebar":"","neve_meta_container":"","neve_meta_enable_content_width":"","neve_meta_content_width":0,"neve_meta_title_alignment":"","neve_meta_author_avatar":"","neve_post_elements_order":"","neve_meta_disable_header":"","neve_meta_disable_footer":"","neve_meta_disable_title":"","footnotes":""},"categories":[19],"tags":[],"class_list":["post-717","post","type-post","status-publish","format-standard","has-post-thumbnail","hentry","category-orthopedagogie"],"yoast_head":"<!-- This site is optimized with the Yoast SEO plugin v27.5 - https:\/\/yoast.com\/product\/yoast-seo-wordpress\/ -->\n<title>Un poste de travail rang\u00e9 et organis\u00e9 pour travailler efficacement\u00a0 ~ Audrey Delaforge, Orthop\u00e9dagogue<\/title>\n<meta name=\"robots\" content=\"index, follow, max-snippet:-1, max-image-preview:large, max-video-preview:-1\" \/>\n<link rel=\"canonical\" href=\"https:\/\/audreydelaforge.com\/index.php\/2023\/01\/29\/un-poste-de-travail-range-et-organise-pour-travailler-efficacement\/\" \/>\n<meta property=\"og:locale\" content=\"fr_FR\" \/>\n<meta property=\"og:type\" content=\"article\" \/>\n<meta property=\"og:title\" content=\"Un poste de travail rang\u00e9 et organis\u00e9 pour travailler efficacement\u00a0 ~ Audrey Delaforge, Orthop\u00e9dagogue\" \/>\n<meta property=\"og:description\" content=\"Le rangement a \u00e9t\u00e9 popularis\u00e9 avec l\u2019arriv\u00e9e sur la toile de Marie Kondo, en effet elle a mis en place une strat\u00e9gie de rangement applicable au quotidien. &nbsp; Qu\u2019en est-il pour notre propre espace de travail ?&nbsp; En 2016, une universit\u00e9 du nouveau Mexique a mis en \u00e9vidence que le d\u00e9sordre entra\u00eene des complications dans&hellip;&nbsp;Lire la suite &raquo;Un poste de travail rang\u00e9 et organis\u00e9 pour travailler efficacement\u00a0\" \/>\n<meta property=\"og:url\" content=\"https:\/\/audreydelaforge.com\/index.php\/2023\/01\/29\/un-poste-de-travail-range-et-organise-pour-travailler-efficacement\/\" \/>\n<meta property=\"og:site_name\" content=\"Audrey Delaforge, Orthop\u00e9dagogue\" \/>\n<meta property=\"article:publisher\" content=\"https:\/\/www.facebook.com\/audreycateldelaforge\" \/>\n<meta property=\"article:published_time\" content=\"2023-01-29T09:35:05+00:00\" \/>\n<meta property=\"article:modified_time\" content=\"2023-03-28T07:58:59+00:00\" \/>\n<meta property=\"og:image\" content=\"https:\/\/audreydelaforge.com\/wp-content\/uploads\/2023\/01\/Screenshot-2023-01-29-10.31.24-edited.png\" \/>\n\t<meta property=\"og:image:width\" content=\"391\" \/>\n\t<meta property=\"og:image:height\" content=\"625\" \/>\n\t<meta property=\"og:image:type\" content=\"image\/png\" \/>\n<meta name=\"author\" content=\"audrey.catel.delaforge@gmail.com\" \/>\n<meta name=\"twitter:card\" content=\"summary_large_image\" \/>\n<meta name=\"twitter:label1\" content=\"\u00c9crit par\" \/>\n\t<meta name=\"twitter:data1\" content=\"audrey.catel.delaforge@gmail.com\" \/>\n\t<meta name=\"twitter:label2\" content=\"Dur\u00e9e de lecture estim\u00e9e\" \/>\n\t<meta name=\"twitter:data2\" content=\"4 minutes\" \/>\n<script type=\"application\/ld+json\" class=\"yoast-schema-graph\">{\"@context\":\"https:\\\/\\\/schema.org\",\"@graph\":[{\"@type\":\"Article\",\"@id\":\"https:\\\/\\\/audreydelaforge.com\\\/index.php\\\/2023\\\/01\\\/29\\\/un-poste-de-travail-range-et-organise-pour-travailler-efficacement\\\/#article\",\"isPartOf\":{\"@id\":\"https:\\\/\\\/audreydelaforge.com\\\/index.php\\\/2023\\\/01\\\/29\\\/un-poste-de-travail-range-et-organise-pour-travailler-efficacement\\\/\"},\"author\":{\"name\":\"audrey.catel.delaforge@gmail.com\",\"@id\":\"https:\\\/\\\/audreydelaforge.com\\\/#\\\/schema\\\/person\\\/b44bccc3f328e9802afbab74bb74495d\"},\"headline\":\"Un poste de travail rang\u00e9 et organis\u00e9 pour travailler efficacement\u00a0\",\"datePublished\":\"2023-01-29T09:35:05+00:00\",\"dateModified\":\"2023-03-28T07:58:59+00:00\",\"mainEntityOfPage\":{\"@id\":\"https:\\\/\\\/audreydelaforge.com\\\/index.php\\\/2023\\\/01\\\/29\\\/un-poste-de-travail-range-et-organise-pour-travailler-efficacement\\\/\"},\"wordCount\":872,\"publisher\":{\"@id\":\"https:\\\/\\\/audreydelaforge.com\\\/#organization\"},\"image\":{\"@id\":\"https:\\\/\\\/audreydelaforge.com\\\/index.php\\\/2023\\\/01\\\/29\\\/un-poste-de-travail-range-et-organise-pour-travailler-efficacement\\\/#primaryimage\"},\"thumbnailUrl\":\"https:\\\/\\\/audreydelaforge.com\\\/wp-content\\\/uploads\\\/2023\\\/01\\\/Screenshot-2023-01-29-10.31.24-edited.png\",\"articleSection\":[\"Orthop\u00e9dagogie\"],\"inLanguage\":\"fr-FR\"},{\"@type\":\"WebPage\",\"@id\":\"https:\\\/\\\/audreydelaforge.com\\\/index.php\\\/2023\\\/01\\\/29\\\/un-poste-de-travail-range-et-organise-pour-travailler-efficacement\\\/\",\"url\":\"https:\\\/\\\/audreydelaforge.com\\\/index.php\\\/2023\\\/01\\\/29\\\/un-poste-de-travail-range-et-organise-pour-travailler-efficacement\\\/\",\"name\":\"Un poste de travail rang\u00e9 et organis\u00e9 pour travailler efficacement\u00a0 ~ Audrey Delaforge, Orthop\u00e9dagogue\",\"isPartOf\":{\"@id\":\"https:\\\/\\\/audreydelaforge.com\\\/#website\"},\"primaryImageOfPage\":{\"@id\":\"https:\\\/\\\/audreydelaforge.com\\\/index.php\\\/2023\\\/01\\\/29\\\/un-poste-de-travail-range-et-organise-pour-travailler-efficacement\\\/#primaryimage\"},\"image\":{\"@id\":\"https:\\\/\\\/audreydelaforge.com\\\/index.php\\\/2023\\\/01\\\/29\\\/un-poste-de-travail-range-et-organise-pour-travailler-efficacement\\\/#primaryimage\"},\"thumbnailUrl\":\"https:\\\/\\\/audreydelaforge.com\\\/wp-content\\\/uploads\\\/2023\\\/01\\\/Screenshot-2023-01-29-10.31.24-edited.png\",\"datePublished\":\"2023-01-29T09:35:05+00:00\",\"dateModified\":\"2023-03-28T07:58:59+00:00\",\"breadcrumb\":{\"@id\":\"https:\\\/\\\/audreydelaforge.com\\\/index.php\\\/2023\\\/01\\\/29\\\/un-poste-de-travail-range-et-organise-pour-travailler-efficacement\\\/#breadcrumb\"},\"inLanguage\":\"fr-FR\",\"potentialAction\":[{\"@type\":\"ReadAction\",\"target\":[\"https:\\\/\\\/audreydelaforge.com\\\/index.php\\\/2023\\\/01\\\/29\\\/un-poste-de-travail-range-et-organise-pour-travailler-efficacement\\\/\"]}]},{\"@type\":\"ImageObject\",\"inLanguage\":\"fr-FR\",\"@id\":\"https:\\\/\\\/audreydelaforge.com\\\/index.php\\\/2023\\\/01\\\/29\\\/un-poste-de-travail-range-et-organise-pour-travailler-efficacement\\\/#primaryimage\",\"url\":\"https:\\\/\\\/audreydelaforge.com\\\/wp-content\\\/uploads\\\/2023\\\/01\\\/Screenshot-2023-01-29-10.31.24-edited.png\",\"contentUrl\":\"https:\\\/\\\/audreydelaforge.com\\\/wp-content\\\/uploads\\\/2023\\\/01\\\/Screenshot-2023-01-29-10.31.24-edited.png\",\"width\":391,\"height\":625},{\"@type\":\"BreadcrumbList\",\"@id\":\"https:\\\/\\\/audreydelaforge.com\\\/index.php\\\/2023\\\/01\\\/29\\\/un-poste-de-travail-range-et-organise-pour-travailler-efficacement\\\/#breadcrumb\",\"itemListElement\":[{\"@type\":\"ListItem\",\"position\":1,\"name\":\"Accueil\",\"item\":\"https:\\\/\\\/audreydelaforge.com\\\/\"},{\"@type\":\"ListItem\",\"position\":2,\"name\":\"Un poste de travail rang\u00e9 et organis\u00e9 pour travailler efficacement\u00a0\"}]},{\"@type\":\"WebSite\",\"@id\":\"https:\\\/\\\/audreydelaforge.com\\\/#website\",\"url\":\"https:\\\/\\\/audreydelaforge.com\\\/\",\"name\":\"Audrey Delaforge, Orthop\u00e9dagogue\",\"description\":\"L&#039;apprenant au centre du savoir\",\"publisher\":{\"@id\":\"https:\\\/\\\/audreydelaforge.com\\\/#organization\"},\"potentialAction\":[{\"@type\":\"SearchAction\",\"target\":{\"@type\":\"EntryPoint\",\"urlTemplate\":\"https:\\\/\\\/audreydelaforge.com\\\/?s={search_term_string}\"},\"query-input\":{\"@type\":\"PropertyValueSpecification\",\"valueRequired\":true,\"valueName\":\"search_term_string\"}}],\"inLanguage\":\"fr-FR\"},{\"@type\":\"Organization\",\"@id\":\"https:\\\/\\\/audreydelaforge.com\\\/#organization\",\"name\":\"Audrey Delaforge, Orthop\u00e9dagogue\",\"url\":\"https:\\\/\\\/audreydelaforge.com\\\/\",\"logo\":{\"@type\":\"ImageObject\",\"inLanguage\":\"fr-FR\",\"@id\":\"https:\\\/\\\/audreydelaforge.com\\\/#\\\/schema\\\/logo\\\/image\\\/\",\"url\":\"https:\\\/\\\/audreydelaforge.com\\\/wp-content\\\/uploads\\\/2022\\\/06\\\/Logo-orange-noir-avec-Audrey-1.png\",\"contentUrl\":\"https:\\\/\\\/audreydelaforge.com\\\/wp-content\\\/uploads\\\/2022\\\/06\\\/Logo-orange-noir-avec-Audrey-1.png\",\"width\":500,\"height\":500,\"caption\":\"Audrey Delaforge, Orthop\u00e9dagogue\"},\"image\":{\"@id\":\"https:\\\/\\\/audreydelaforge.com\\\/#\\\/schema\\\/logo\\\/image\\\/\"},\"sameAs\":[\"https:\\\/\\\/www.facebook.com\\\/audreycateldelaforge\",\"https:\\\/\\\/www.linkedin.com\\\/in\\\/audrey-catel-delaforge\",\"https:\\\/\\\/www.instagram.com\\\/audrey_delaforge\\\/\"]},{\"@type\":\"Person\",\"@id\":\"https:\\\/\\\/audreydelaforge.com\\\/#\\\/schema\\\/person\\\/b44bccc3f328e9802afbab74bb74495d\",\"name\":\"audrey.catel.delaforge@gmail.com\",\"image\":{\"@type\":\"ImageObject\",\"inLanguage\":\"fr-FR\",\"@id\":\"https:\\\/\\\/secure.gravatar.com\\\/avatar\\\/6d2d46023ee8ab957213dcdb0ea8dc964f367c205b281a7f789f0eb314dfafbf?s=96&d=mm&r=g\",\"url\":\"https:\\\/\\\/secure.gravatar.com\\\/avatar\\\/6d2d46023ee8ab957213dcdb0ea8dc964f367c205b281a7f789f0eb314dfafbf?s=96&d=mm&r=g\",\"contentUrl\":\"https:\\\/\\\/secure.gravatar.com\\\/avatar\\\/6d2d46023ee8ab957213dcdb0ea8dc964f367c205b281a7f789f0eb314dfafbf?s=96&d=mm&r=g\",\"caption\":\"audrey.catel.delaforge@gmail.com\"},\"sameAs\":[\"http:\\\/\\\/audreydelaforge.com\"],\"url\":\"https:\\\/\\\/audreydelaforge.com\\\/index.php\\\/author\\\/audrey-catel-delaforgegmail-com\\\/\"}]}<\/script>\n<!-- \/ Yoast SEO plugin. -->","yoast_head_json":{"title":"Un poste de travail rang\u00e9 et organis\u00e9 pour travailler efficacement\u00a0 ~ Audrey Delaforge, Orthop\u00e9dagogue","robots":{"index":"index","follow":"follow","max-snippet":"max-snippet:-1","max-image-preview":"max-image-preview:large","max-video-preview":"max-video-preview:-1"},"canonical":"https:\/\/audreydelaforge.com\/index.php\/2023\/01\/29\/un-poste-de-travail-range-et-organise-pour-travailler-efficacement\/","og_locale":"fr_FR","og_type":"article","og_title":"Un poste de travail rang\u00e9 et organis\u00e9 pour travailler efficacement\u00a0 ~ Audrey Delaforge, Orthop\u00e9dagogue","og_description":"Le rangement a \u00e9t\u00e9 popularis\u00e9 avec l\u2019arriv\u00e9e sur la toile de Marie Kondo, en effet elle a mis en place une strat\u00e9gie de rangement applicable au quotidien. &nbsp; Qu\u2019en est-il pour notre propre espace de travail ?&nbsp; En 2016, une universit\u00e9 du nouveau Mexique a mis en \u00e9vidence que le d\u00e9sordre entra\u00eene des complications dans&hellip;&nbsp;Lire la suite &raquo;Un poste de travail rang\u00e9 et organis\u00e9 pour travailler efficacement\u00a0","og_url":"https:\/\/audreydelaforge.com\/index.php\/2023\/01\/29\/un-poste-de-travail-range-et-organise-pour-travailler-efficacement\/","og_site_name":"Audrey Delaforge, Orthop\u00e9dagogue","article_publisher":"https:\/\/www.facebook.com\/audreycateldelaforge","article_published_time":"2023-01-29T09:35:05+00:00","article_modified_time":"2023-03-28T07:58:59+00:00","og_image":[{"width":391,"height":625,"url":"https:\/\/audreydelaforge.com\/wp-content\/uploads\/2023\/01\/Screenshot-2023-01-29-10.31.24-edited.png","type":"image\/png"}],"author":"audrey.catel.delaforge@gmail.com","twitter_card":"summary_large_image","twitter_misc":{"\u00c9crit par":"audrey.catel.delaforge@gmail.com","Dur\u00e9e de lecture estim\u00e9e":"4 minutes"},"schema":{"@context":"https:\/\/schema.org","@graph":[{"@type":"Article","@id":"https:\/\/audreydelaforge.com\/index.php\/2023\/01\/29\/un-poste-de-travail-range-et-organise-pour-travailler-efficacement\/#article","isPartOf":{"@id":"https:\/\/audreydelaforge.com\/index.php\/2023\/01\/29\/un-poste-de-travail-range-et-organise-pour-travailler-efficacement\/"},"author":{"name":"audrey.catel.delaforge@gmail.com","@id":"https:\/\/audreydelaforge.com\/#\/schema\/person\/b44bccc3f328e9802afbab74bb74495d"},"headline":"Un poste de travail rang\u00e9 et organis\u00e9 pour travailler efficacement\u00a0","datePublished":"2023-01-29T09:35:05+00:00","dateModified":"2023-03-28T07:58:59+00:00","mainEntityOfPage":{"@id":"https:\/\/audreydelaforge.com\/index.php\/2023\/01\/29\/un-poste-de-travail-range-et-organise-pour-travailler-efficacement\/"},"wordCount":872,"publisher":{"@id":"https:\/\/audreydelaforge.com\/#organization"},"image":{"@id":"https:\/\/audreydelaforge.com\/index.php\/2023\/01\/29\/un-poste-de-travail-range-et-organise-pour-travailler-efficacement\/#primaryimage"},"thumbnailUrl":"https:\/\/audreydelaforge.com\/wp-content\/uploads\/2023\/01\/Screenshot-2023-01-29-10.31.24-edited.png","articleSection":["Orthop\u00e9dagogie"],"inLanguage":"fr-FR"},{"@type":"WebPage","@id":"https:\/\/audreydelaforge.com\/index.php\/2023\/01\/29\/un-poste-de-travail-range-et-organise-pour-travailler-efficacement\/","url":"https:\/\/audreydelaforge.com\/index.php\/2023\/01\/29\/un-poste-de-travail-range-et-organise-pour-travailler-efficacement\/","name":"Un poste de travail rang\u00e9 et organis\u00e9 pour travailler efficacement\u00a0 ~ Audrey Delaforge, Orthop\u00e9dagogue","isPartOf":{"@id":"https:\/\/audreydelaforge.com\/#website"},"primaryImageOfPage":{"@id":"https:\/\/audreydelaforge.com\/index.php\/2023\/01\/29\/un-poste-de-travail-range-et-organise-pour-travailler-efficacement\/#primaryimage"},"image":{"@id":"https:\/\/audreydelaforge.com\/index.php\/2023\/01\/29\/un-poste-de-travail-range-et-organise-pour-travailler-efficacement\/#primaryimage"},"thumbnailUrl":"https:\/\/audreydelaforge.com\/wp-content\/uploads\/2023\/01\/Screenshot-2023-01-29-10.31.24-edited.png","datePublished":"2023-01-29T09:35:05+00:00","dateModified":"2023-03-28T07:58:59+00:00","breadcrumb":{"@id":"https:\/\/audreydelaforge.com\/index.php\/2023\/01\/29\/un-poste-de-travail-range-et-organise-pour-travailler-efficacement\/#breadcrumb"},"inLanguage":"fr-FR","potentialAction":[{"@type":"ReadAction","target":["https:\/\/audreydelaforge.com\/index.php\/2023\/01\/29\/un-poste-de-travail-range-et-organise-pour-travailler-efficacement\/"]}]},{"@type":"ImageObject","inLanguage":"fr-FR","@id":"https:\/\/audreydelaforge.com\/index.php\/2023\/01\/29\/un-poste-de-travail-range-et-organise-pour-travailler-efficacement\/#primaryimage","url":"https:\/\/audreydelaforge.com\/wp-content\/uploads\/2023\/01\/Screenshot-2023-01-29-10.31.24-edited.png","contentUrl":"https:\/\/audreydelaforge.com\/wp-content\/uploads\/2023\/01\/Screenshot-2023-01-29-10.31.24-edited.png","width":391,"height":625},{"@type":"BreadcrumbList","@id":"https:\/\/audreydelaforge.com\/index.php\/2023\/01\/29\/un-poste-de-travail-range-et-organise-pour-travailler-efficacement\/#breadcrumb","itemListElement":[{"@type":"ListItem","position":1,"name":"Accueil","item":"https:\/\/audreydelaforge.com\/"},{"@type":"ListItem","position":2,"name":"Un poste de travail rang\u00e9 et organis\u00e9 pour travailler efficacement\u00a0"}]},{"@type":"WebSite","@id":"https:\/\/audreydelaforge.com\/#website","url":"https:\/\/audreydelaforge.com\/","name":"Audrey Delaforge, Orthop\u00e9dagogue","description":"L&#039;apprenant au centre du savoir","publisher":{"@id":"https:\/\/audreydelaforge.com\/#organization"},"potentialAction":[{"@type":"SearchAction","target":{"@type":"EntryPoint","urlTemplate":"https:\/\/audreydelaforge.com\/?s={search_term_string}"},"query-input":{"@type":"PropertyValueSpecification","valueRequired":true,"valueName":"search_term_string"}}],"inLanguage":"fr-FR"},{"@type":"Organization","@id":"https:\/\/audreydelaforge.com\/#organization","name":"Audrey Delaforge, Orthop\u00e9dagogue","url":"https:\/\/audreydelaforge.com\/","logo":{"@type":"ImageObject","inLanguage":"fr-FR","@id":"https:\/\/audreydelaforge.com\/#\/schema\/logo\/image\/","url":"https:\/\/audreydelaforge.com\/wp-content\/uploads\/2022\/06\/Logo-orange-noir-avec-Audrey-1.png","contentUrl":"https:\/\/audreydelaforge.com\/wp-content\/uploads\/2022\/06\/Logo-orange-noir-avec-Audrey-1.png","width":500,"height":500,"caption":"Audrey Delaforge, Orthop\u00e9dagogue"},"image":{"@id":"https:\/\/audreydelaforge.com\/#\/schema\/logo\/image\/"},"sameAs":["https:\/\/www.facebook.com\/audreycateldelaforge","https:\/\/www.linkedin.com\/in\/audrey-catel-delaforge","https:\/\/www.instagram.com\/audrey_delaforge\/"]},{"@type":"Person","@id":"https:\/\/audreydelaforge.com\/#\/schema\/person\/b44bccc3f328e9802afbab74bb74495d","name":"audrey.catel.delaforge@gmail.com","image":{"@type":"ImageObject","inLanguage":"fr-FR","@id":"https:\/\/secure.gravatar.com\/avatar\/6d2d46023ee8ab957213dcdb0ea8dc964f367c205b281a7f789f0eb314dfafbf?s=96&d=mm&r=g","url":"https:\/\/secure.gravatar.com\/avatar\/6d2d46023ee8ab957213dcdb0ea8dc964f367c205b281a7f789f0eb314dfafbf?s=96&d=mm&r=g","contentUrl":"https:\/\/secure.gravatar.com\/avatar\/6d2d46023ee8ab957213dcdb0ea8dc964f367c205b281a7f789f0eb314dfafbf?s=96&d=mm&r=g","caption":"audrey.catel.delaforge@gmail.com"},"sameAs":["http:\/\/audreydelaforge.com"],"url":"https:\/\/audreydelaforge.com\/index.php\/author\/audrey-catel-delaforgegmail-com\/"}]}},"_links":{"self":[{"href":"https:\/\/audreydelaforge.com\/index.php\/wp-json\/wp\/v2\/posts\/717","targetHints":{"allow":["GET"]}}],"collection":[{"href":"https:\/\/audreydelaforge.com\/index.php\/wp-json\/wp\/v2\/posts"}],"about":[{"href":"https:\/\/audreydelaforge.com\/index.php\/wp-json\/wp\/v2\/types\/post"}],"author":[{"embeddable":true,"href":"https:\/\/audreydelaforge.com\/index.php\/wp-json\/wp\/v2\/users\/1"}],"replies":[{"embeddable":true,"href":"https:\/\/audreydelaforge.com\/index.php\/wp-json\/wp\/v2\/comments?post=717"}],"version-history":[{"count":0,"href":"https:\/\/audreydelaforge.com\/index.php\/wp-json\/wp\/v2\/posts\/717\/revisions"}],"wp:featuredmedia":[{"embeddable":true,"href":"https:\/\/audreydelaforge.com\/index.php\/wp-json\/wp\/v2\/media\/726"}],"wp:attachment":[{"href":"https:\/\/audreydelaforge.com\/index.php\/wp-json\/wp\/v2\/media?parent=717"}],"wp:term":[{"taxonomy":"category","embeddable":true,"href":"https:\/\/audreydelaforge.com\/index.php\/wp-json\/wp\/v2\/categories?post=717"},{"taxonomy":"post_tag","embeddable":true,"href":"https:\/\/audreydelaforge.com\/index.php\/wp-json\/wp\/v2\/tags?post=717"}],"curies":[{"name":"wp","href":"https:\/\/api.w.org\/{rel}","templated":true}]}}