{"id":871,"date":"2023-03-28T08:10:01","date_gmt":"2023-03-28T08:10:01","guid":{"rendered":"https:\/\/audreydelaforge.com\/?p=871"},"modified":"2023-03-28T08:11:56","modified_gmt":"2023-03-28T08:11:56","slug":"limportance-de-la-zone-proximale-de-developpement-en-orthopedagogie","status":"publish","type":"post","link":"https:\/\/audreydelaforge.com\/index.php\/2023\/03\/28\/limportance-de-la-zone-proximale-de-developpement-en-orthopedagogie\/","title":{"rendered":"L\u2019importance de la zone proximale de d\u00e9veloppement en orthop\u00e9dagogie\u00a0"},"content":{"rendered":"\n<p><\/p>\n\n\n\n<div class=\"wp-block-media-text alignwide is-stacked-on-mobile\"><figure class=\"wp-block-media-text__media\"><img loading=\"lazy\" decoding=\"async\" width=\"151\" height=\"175\" src=\"https:\/\/audreydelaforge.com\/wp-content\/uploads\/2023\/03\/Screenshot-2023-03-28-10.01.38.png\" alt=\"\" class=\"wp-image-872 size-full\"\/><\/figure><div class=\"wp-block-media-text__content\">\n<p class=\"has-text-align-center\">La zone proximale de d\u00e9veloppement (ZPD) est par d\u00e9finition la zone dans laquelle un apprenant va pouvoir d\u00e9velopper des comp\u00e9tences en s\u2019appuyant sur une personne plus exp\u00e9riment\u00e9e. Louis-Adrien Eynard a travaill\u00e9 \u00e0 l\u2019\u00e9laboration de l\u2019UDN-3, test qui permet d\u2019\u00e9valuer la pens\u00e9e logique et les processus d\u2019apprentissage. Ce test permet plus pr\u00e9cis\u00e9ment d\u2019appr\u00e9hender le potentiel d\u2019un apprenant, sa ZPD, d\u2019\u00e9valuer son intelligence dite logique, ses capacit\u00e9s logico-math\u00e9matiques et ses difficult\u00e9s d\u2019apprentissage. Ce test se base sur les th\u00e9ories de Jean <a href=\"https:\/\/fr.wikipedia.org\/wiki\/Jean_Piaget\">Piaget<\/a>, biologiste, \u00e9pist\u00e9mologue et psychologue suisse du XX \u00e8me Si\u00e8cle. Il a d\u00e9fini au travers de ses travaux l\u2019\u00e9pist\u00e9mologie g\u00e9n\u00e9tique. Cette expression a \u00e9t\u00e9 cr\u00e9\u00e9 par James Mark Baldwin, philosophe et psychologue am\u00e9ricain de la fin du XIX et d\u00e9but du XX \u00e8me si\u00e8cle. C\u2019est une notion expliquant que l\u2019acquisition des connaissances de l\u2019enfant est une construction. Ce n\u2019est donc pas inn\u00e9 et cela n\u00e9cessite un travail ordonn\u00e9 sur la base d\u2019objectifs \u00e9volutifs. Cette th\u00e9orie aura une influence importante dans les notions p\u00e9dagogiques car pour Piaget, l\u2019intelligence est une adaptation de l\u2019individu et du vivant en g\u00e9n\u00e9ral \u00e0 son propre milieu, sur des stades d\u2019\u00e9volution d\u00e9finis. Il va m\u00eame plus loin en affirmant que la pens\u00e9e humaine prend son origine dans le d\u00e9veloppement moteur de l\u2019individu. Ce sont donc les actions qui permettent \u00e0 l\u2019apprenant d\u2019acqu\u00e9rir les premi\u00e8res connaissances pour des notions pr\u00e9cises.&nbsp;<\/p>\n<\/div><\/div>\n\n\n\n<p>Dans toutes les situations d\u2019apprentissage, les sp\u00e9cialistes de l\u2019enseignement et de l\u2019\u00e9ducation, quels qu&rsquo;ils soient, doivent \u00eatre capable de d\u00e9finir pour chaque apprenant la zone o\u00f9 ce dernier trouvera un r\u00e9el int\u00e9r\u00eat \u00e0 apprendre de nouvelles notions sans se perdre dans les apprentissages eux-m\u00eames ni sans trouver ces derniers beaucoup trop simplistes. De plus, ils devront porter une importance \u00e0 la mise en action des apprenants. Pour chaque notion abord\u00e9e, le sp\u00e9cialiste qui accompagne devra mettre en avant un r\u00e9el but mais aussi utiliser des sujets passionnants et ayant un r\u00e9el int\u00e9r\u00eat.&nbsp;&nbsp;<\/p>\n\n\n\n<p>Le r\u00f4le de <a href=\"https:\/\/www.bloghoptoys.fr\/telechargez-notre-infographie-orthopedagogue\">l&rsquo;orthop\u00e9dagogue <\/a>est ici primordial car suite \u00e0 son analyse personnalis\u00e9e (qui pourra s\u2019appuyer sur ce test UDN-3 pass\u00e9 par, par exemple, certains orthophonistes ou certains psychologues mais l\u2019orthop\u00e9dagogue peut s\u2019y former aussi) de l\u2019apprenant, il va devoir \u00eatre capable de fixer des objectifs et de surtout d\u00e9finir sa propre zone d\u2019apprentissage sans aller dans sa zone d\u2019inconfort ni sa zone de confort. Cela ne veut pas dire non plus, que l\u2019orthop\u00e9dagogue ne doit pas s\u2019appuyer sur la zone de confort de l\u2019apprenant pour renforcer son estime de lui et aller jusque sa zone d\u2019inconfort pour le tirer vers le haut et lui montrer que parfois il se limite alors que d\u2019autres objectifs sont possibles et accessibles. Il ne faut cependant jamais rester en fin de s\u00e9ance ou en fin de suivi sur un \u00e9chec proprement dit. En effet, dans ce cas, le travail effectu\u00e9 pourrait perdre de son sens car l\u2019apprenant, en restant sur un \u00e9chec, pourrait se bloquer inconsciemment. L\u2019orthop\u00e9dagogue a un v\u00e9ritable r\u00f4le de r\u00e9gulation, il doit \u00eatre capable d&rsquo;identifier ces diff\u00e9rentes zones pour chaque personne suivie. Cette identification permettra \u00e0 la personne elle-m\u00eame de mieux se connaitre et de pouvoir d\u00e9finir ses r\u00e9elles comp\u00e9tences et non pas s&rsquo;appuyer sur des impressions qui ne peuvent pas \u00eatre objectivement mesurables ni d\u00e9finies. De plus, il doit prendre en compte l\u2019efficacit\u00e9 de la mise en action de l\u2019apprenant lui-m\u00eame.&nbsp;&nbsp;<\/p>\n\n\n<div class=\"wp-block-image\">\n<figure class=\"alignright size-full\"><img loading=\"lazy\" decoding=\"async\" width=\"265\" height=\"146\" src=\"https:\/\/audreydelaforge.com\/wp-content\/uploads\/2023\/03\/Screenshot-2023-03-28-10.03.57.png\" alt=\"\" class=\"wp-image-873\"\/><figcaption class=\"wp-element-caption\">la dualit\u00e9 mise en avant lors d&rsquo;un suivi orthop\u00e9dagogique<\/figcaption><\/figure>\n<\/div>\n\n\n<p><a href=\"https:\/\/audreydelaforge.com\/index.php\/2022\/11\/13\/lorthopedagogie-pour-qui\/\">L\u2019orthop\u00e9dagogue<\/a>, lors de suivis en dualit\u00e9, va devoir r\u00e9activer des connaissances ant\u00e9rieures pour construire de nouvelles comp\u00e9tences sans oublier qu\u2019il forme une \u00e9quipe avec l\u2019apprenant mais aussi l\u2019\u00e9quipe \u00e9ducative. Il ne doit jamais mettre en porte \u00e0 faux l\u2019apprenant vis-\u00e0-vis de l\u2019institution. De plus, pour r\u00e9ussir l\u2019enfant doit avoir acc\u00e8s \u00e0 des ressources personnalis\u00e9es et adapt\u00e9es fournies par l\u2019orthop\u00e9dagogue. Ces ressources doivent \u00eatre con\u00e7ues individuellement en se basant sur les grands concepts p\u00e9dagogiques mais aussi en prenant en compte le profil de l\u2019apprenant lui-m\u00eame. L\u2019orthop\u00e9dagogue doit pouvoir entrer en contact, par diff\u00e9rents moyens, avec l\u2019enseignant ou les enseignants pour lister les ressources que l\u2019\u00e9l\u00e8ve utilise en support pour r\u00e9ussir. Encore une fois ces ressources ne feront pas tout le travail pour r\u00e9ussir mais c\u2019est bien \u00e0 l\u2019apprenant de se les approprier pour pouvoir les utiliser et valider de nouvelles comp\u00e9tences. Avec l\u2019orthop\u00e9dagogue, ces ressources seront expliqu\u00e9es, test\u00e9es, adapt\u00e9es et utilis\u00e9es pour obtenir des r\u00e9ussites et d\u00e9velopper l\u2019autonomie. Maitriser ces ressources c\u2019est r\u00e9ussir \u00e0 les utiliser au bon moment en autonomie et sans aide suppl\u00e9mentaire. Pour faciliter l\u2019utilisation et l\u2019acceptation de ces ressources, l\u2019orthop\u00e9dagogue doit permettre \u00e0 l\u2019apprenant de les personnaliser avec des couleurs, des images \u2026. Attention de limiter les rajouts qui pourraient \u00eatre une source suppl\u00e9mentaire de divertissement ou manque de concentration. C\u2019est l\u2019orthop\u00e9dagogue lui-m\u00eame qui devra juger les limites et guider l\u2019utilisateur. Un outil et\/ou une ressource non adapt\u00e9s constituent des freins \u00e0 la r\u00e9ussite.&nbsp;<\/p>\n\n\n\n<p class=\"has-text-align-center\"><strong>En utilisant ces th\u00e9ories, l\u2019orthop\u00e9dagogue va pouvoir proposer un <a href=\"https:\/\/audreydelaforge.com\/index.php\/2022\/10\/09\/lorthopedagogie-et-laide-aux-devoirs\/\">suivi dynamique <\/a>pour aller au plus pr\u00e8s du fonctionnement de l\u2019enfant en visant sa r\u00e9ussite personnelle.&nbsp;<\/strong><\/p>\n\n\n<div class=\"wp-block-image\">\n<figure class=\"aligncenter size-full\"><img loading=\"lazy\" decoding=\"async\" width=\"754\" height=\"411\" src=\"https:\/\/audreydelaforge.com\/wp-content\/uploads\/2023\/03\/Screenshot-2023-03-28-10.05.37.png\" alt=\"\" class=\"wp-image-874\" srcset=\"https:\/\/audreydelaforge.com\/wp-content\/uploads\/2023\/03\/Screenshot-2023-03-28-10.05.37.png 754w, https:\/\/audreydelaforge.com\/wp-content\/uploads\/2023\/03\/Screenshot-2023-03-28-10.05.37-300x164.png 300w, https:\/\/audreydelaforge.com\/wp-content\/uploads\/2023\/03\/Screenshot-2023-03-28-10.05.37-600x327.png 600w\" sizes=\"auto, (max-width: 754px) 100vw, 754px\" \/><\/figure>\n<\/div>","protected":false},"excerpt":{"rendered":"<p>La zone proximale de d\u00e9veloppement (ZPD) est par d\u00e9finition la zone dans laquelle un apprenant va pouvoir d\u00e9velopper des comp\u00e9tences en s\u2019appuyant sur une personne plus exp\u00e9riment\u00e9e. Louis-Adrien Eynard a travaill\u00e9 \u00e0 l\u2019\u00e9laboration de l\u2019UDN-3, test qui permet d\u2019\u00e9valuer la pens\u00e9e logique et les processus d\u2019apprentissage. Ce test permet plus pr\u00e9cis\u00e9ment d\u2019appr\u00e9hender le potentiel d\u2019un&hellip;&nbsp;<a href=\"https:\/\/audreydelaforge.com\/index.php\/2023\/03\/28\/limportance-de-la-zone-proximale-de-developpement-en-orthopedagogie\/\" rel=\"bookmark\">Lire la suite &raquo;<span class=\"screen-reader-text\">L\u2019importance de la zone proximale de d\u00e9veloppement en orthop\u00e9dagogie\u00a0<\/span><\/a><\/p>\n","protected":false},"author":1,"featured_media":874,"comment_status":"closed","ping_status":"open","sticky":false,"template":"","format":"standard","meta":{"om_disable_all_campaigns":false,"neve_meta_sidebar":"","neve_meta_container":"","neve_meta_enable_content_width":"","neve_meta_content_width":0,"neve_meta_title_alignment":"","neve_meta_author_avatar":"","neve_post_elements_order":"","neve_meta_disable_header":"","neve_meta_disable_footer":"","neve_meta_disable_title":"","footnotes":""},"categories":[19],"tags":[],"class_list":["post-871","post","type-post","status-publish","format-standard","has-post-thumbnail","hentry","category-orthopedagogie"],"yoast_head":"<!-- This site is optimized with the Yoast SEO plugin v27.5 - https:\/\/yoast.com\/product\/yoast-seo-wordpress\/ -->\n<title>L\u2019importance de la zone proximale de d\u00e9veloppement en orthop\u00e9dagogie\u00a0 ~ Audrey Delaforge, Orthop\u00e9dagogue<\/title>\n<meta name=\"robots\" content=\"index, follow, max-snippet:-1, max-image-preview:large, max-video-preview:-1\" \/>\n<link rel=\"canonical\" href=\"https:\/\/audreydelaforge.com\/index.php\/2023\/03\/28\/limportance-de-la-zone-proximale-de-developpement-en-orthopedagogie\/\" \/>\n<meta property=\"og:locale\" content=\"fr_FR\" \/>\n<meta property=\"og:type\" content=\"article\" \/>\n<meta property=\"og:title\" content=\"L\u2019importance de la zone proximale de d\u00e9veloppement en orthop\u00e9dagogie\u00a0 ~ Audrey Delaforge, Orthop\u00e9dagogue\" \/>\n<meta property=\"og:description\" content=\"La zone proximale de d\u00e9veloppement (ZPD) est par d\u00e9finition la zone dans laquelle un apprenant va pouvoir d\u00e9velopper des comp\u00e9tences en s\u2019appuyant sur une personne plus exp\u00e9riment\u00e9e. Louis-Adrien Eynard a travaill\u00e9 \u00e0 l\u2019\u00e9laboration de l\u2019UDN-3, test qui permet d\u2019\u00e9valuer la pens\u00e9e logique et les processus d\u2019apprentissage. Ce test permet plus pr\u00e9cis\u00e9ment d\u2019appr\u00e9hender le potentiel d\u2019un&hellip;&nbsp;Lire la suite &raquo;L\u2019importance de la zone proximale de d\u00e9veloppement en orthop\u00e9dagogie\u00a0\" \/>\n<meta property=\"og:url\" content=\"https:\/\/audreydelaforge.com\/index.php\/2023\/03\/28\/limportance-de-la-zone-proximale-de-developpement-en-orthopedagogie\/\" \/>\n<meta property=\"og:site_name\" content=\"Audrey Delaforge, Orthop\u00e9dagogue\" \/>\n<meta property=\"article:publisher\" content=\"https:\/\/www.facebook.com\/audreycateldelaforge\" \/>\n<meta property=\"article:published_time\" content=\"2023-03-28T08:10:01+00:00\" \/>\n<meta property=\"article:modified_time\" content=\"2023-03-28T08:11:56+00:00\" \/>\n<meta property=\"og:image\" content=\"https:\/\/audreydelaforge.com\/wp-content\/uploads\/2023\/03\/Screenshot-2023-03-28-10.05.37.png\" \/>\n\t<meta property=\"og:image:width\" content=\"754\" \/>\n\t<meta property=\"og:image:height\" content=\"411\" \/>\n\t<meta property=\"og:image:type\" content=\"image\/png\" \/>\n<meta name=\"author\" content=\"audrey.catel.delaforge@gmail.com\" \/>\n<meta name=\"twitter:card\" content=\"summary_large_image\" \/>\n<meta name=\"twitter:label1\" content=\"\u00c9crit par\" \/>\n\t<meta name=\"twitter:data1\" content=\"audrey.catel.delaforge@gmail.com\" \/>\n\t<meta name=\"twitter:label2\" content=\"Dur\u00e9e de lecture estim\u00e9e\" \/>\n\t<meta name=\"twitter:data2\" content=\"5 minutes\" \/>\n<script type=\"application\/ld+json\" class=\"yoast-schema-graph\">{\"@context\":\"https:\\\/\\\/schema.org\",\"@graph\":[{\"@type\":\"Article\",\"@id\":\"https:\\\/\\\/audreydelaforge.com\\\/index.php\\\/2023\\\/03\\\/28\\\/limportance-de-la-zone-proximale-de-developpement-en-orthopedagogie\\\/#article\",\"isPartOf\":{\"@id\":\"https:\\\/\\\/audreydelaforge.com\\\/index.php\\\/2023\\\/03\\\/28\\\/limportance-de-la-zone-proximale-de-developpement-en-orthopedagogie\\\/\"},\"author\":{\"name\":\"audrey.catel.delaforge@gmail.com\",\"@id\":\"https:\\\/\\\/audreydelaforge.com\\\/#\\\/schema\\\/person\\\/b44bccc3f328e9802afbab74bb74495d\"},\"headline\":\"L\u2019importance de la zone proximale de d\u00e9veloppement en orthop\u00e9dagogie\u00a0\",\"datePublished\":\"2023-03-28T08:10:01+00:00\",\"dateModified\":\"2023-03-28T08:11:56+00:00\",\"mainEntityOfPage\":{\"@id\":\"https:\\\/\\\/audreydelaforge.com\\\/index.php\\\/2023\\\/03\\\/28\\\/limportance-de-la-zone-proximale-de-developpement-en-orthopedagogie\\\/\"},\"wordCount\":997,\"publisher\":{\"@id\":\"https:\\\/\\\/audreydelaforge.com\\\/#organization\"},\"image\":{\"@id\":\"https:\\\/\\\/audreydelaforge.com\\\/index.php\\\/2023\\\/03\\\/28\\\/limportance-de-la-zone-proximale-de-developpement-en-orthopedagogie\\\/#primaryimage\"},\"thumbnailUrl\":\"https:\\\/\\\/audreydelaforge.com\\\/wp-content\\\/uploads\\\/2023\\\/03\\\/Screenshot-2023-03-28-10.05.37.png\",\"articleSection\":[\"Orthop\u00e9dagogie\"],\"inLanguage\":\"fr-FR\"},{\"@type\":\"WebPage\",\"@id\":\"https:\\\/\\\/audreydelaforge.com\\\/index.php\\\/2023\\\/03\\\/28\\\/limportance-de-la-zone-proximale-de-developpement-en-orthopedagogie\\\/\",\"url\":\"https:\\\/\\\/audreydelaforge.com\\\/index.php\\\/2023\\\/03\\\/28\\\/limportance-de-la-zone-proximale-de-developpement-en-orthopedagogie\\\/\",\"name\":\"L\u2019importance de la zone proximale de d\u00e9veloppement en orthop\u00e9dagogie\u00a0 ~ Audrey Delaforge, Orthop\u00e9dagogue\",\"isPartOf\":{\"@id\":\"https:\\\/\\\/audreydelaforge.com\\\/#website\"},\"primaryImageOfPage\":{\"@id\":\"https:\\\/\\\/audreydelaforge.com\\\/index.php\\\/2023\\\/03\\\/28\\\/limportance-de-la-zone-proximale-de-developpement-en-orthopedagogie\\\/#primaryimage\"},\"image\":{\"@id\":\"https:\\\/\\\/audreydelaforge.com\\\/index.php\\\/2023\\\/03\\\/28\\\/limportance-de-la-zone-proximale-de-developpement-en-orthopedagogie\\\/#primaryimage\"},\"thumbnailUrl\":\"https:\\\/\\\/audreydelaforge.com\\\/wp-content\\\/uploads\\\/2023\\\/03\\\/Screenshot-2023-03-28-10.05.37.png\",\"datePublished\":\"2023-03-28T08:10:01+00:00\",\"dateModified\":\"2023-03-28T08:11:56+00:00\",\"breadcrumb\":{\"@id\":\"https:\\\/\\\/audreydelaforge.com\\\/index.php\\\/2023\\\/03\\\/28\\\/limportance-de-la-zone-proximale-de-developpement-en-orthopedagogie\\\/#breadcrumb\"},\"inLanguage\":\"fr-FR\",\"potentialAction\":[{\"@type\":\"ReadAction\",\"target\":[\"https:\\\/\\\/audreydelaforge.com\\\/index.php\\\/2023\\\/03\\\/28\\\/limportance-de-la-zone-proximale-de-developpement-en-orthopedagogie\\\/\"]}]},{\"@type\":\"ImageObject\",\"inLanguage\":\"fr-FR\",\"@id\":\"https:\\\/\\\/audreydelaforge.com\\\/index.php\\\/2023\\\/03\\\/28\\\/limportance-de-la-zone-proximale-de-developpement-en-orthopedagogie\\\/#primaryimage\",\"url\":\"https:\\\/\\\/audreydelaforge.com\\\/wp-content\\\/uploads\\\/2023\\\/03\\\/Screenshot-2023-03-28-10.05.37.png\",\"contentUrl\":\"https:\\\/\\\/audreydelaforge.com\\\/wp-content\\\/uploads\\\/2023\\\/03\\\/Screenshot-2023-03-28-10.05.37.png\",\"width\":754,\"height\":411},{\"@type\":\"BreadcrumbList\",\"@id\":\"https:\\\/\\\/audreydelaforge.com\\\/index.php\\\/2023\\\/03\\\/28\\\/limportance-de-la-zone-proximale-de-developpement-en-orthopedagogie\\\/#breadcrumb\",\"itemListElement\":[{\"@type\":\"ListItem\",\"position\":1,\"name\":\"Accueil\",\"item\":\"https:\\\/\\\/audreydelaforge.com\\\/\"},{\"@type\":\"ListItem\",\"position\":2,\"name\":\"L\u2019importance de la zone proximale de d\u00e9veloppement en orthop\u00e9dagogie\u00a0\"}]},{\"@type\":\"WebSite\",\"@id\":\"https:\\\/\\\/audreydelaforge.com\\\/#website\",\"url\":\"https:\\\/\\\/audreydelaforge.com\\\/\",\"name\":\"Audrey Delaforge, Orthop\u00e9dagogue\",\"description\":\"L&#039;apprenant au centre du savoir\",\"publisher\":{\"@id\":\"https:\\\/\\\/audreydelaforge.com\\\/#organization\"},\"potentialAction\":[{\"@type\":\"SearchAction\",\"target\":{\"@type\":\"EntryPoint\",\"urlTemplate\":\"https:\\\/\\\/audreydelaforge.com\\\/?s={search_term_string}\"},\"query-input\":{\"@type\":\"PropertyValueSpecification\",\"valueRequired\":true,\"valueName\":\"search_term_string\"}}],\"inLanguage\":\"fr-FR\"},{\"@type\":\"Organization\",\"@id\":\"https:\\\/\\\/audreydelaforge.com\\\/#organization\",\"name\":\"Audrey Delaforge, Orthop\u00e9dagogue\",\"url\":\"https:\\\/\\\/audreydelaforge.com\\\/\",\"logo\":{\"@type\":\"ImageObject\",\"inLanguage\":\"fr-FR\",\"@id\":\"https:\\\/\\\/audreydelaforge.com\\\/#\\\/schema\\\/logo\\\/image\\\/\",\"url\":\"https:\\\/\\\/audreydelaforge.com\\\/wp-content\\\/uploads\\\/2022\\\/06\\\/Logo-orange-noir-avec-Audrey-1.png\",\"contentUrl\":\"https:\\\/\\\/audreydelaforge.com\\\/wp-content\\\/uploads\\\/2022\\\/06\\\/Logo-orange-noir-avec-Audrey-1.png\",\"width\":500,\"height\":500,\"caption\":\"Audrey Delaforge, Orthop\u00e9dagogue\"},\"image\":{\"@id\":\"https:\\\/\\\/audreydelaforge.com\\\/#\\\/schema\\\/logo\\\/image\\\/\"},\"sameAs\":[\"https:\\\/\\\/www.facebook.com\\\/audreycateldelaforge\",\"https:\\\/\\\/www.linkedin.com\\\/in\\\/audrey-catel-delaforge\",\"https:\\\/\\\/www.instagram.com\\\/audrey_delaforge\\\/\"]},{\"@type\":\"Person\",\"@id\":\"https:\\\/\\\/audreydelaforge.com\\\/#\\\/schema\\\/person\\\/b44bccc3f328e9802afbab74bb74495d\",\"name\":\"audrey.catel.delaforge@gmail.com\",\"image\":{\"@type\":\"ImageObject\",\"inLanguage\":\"fr-FR\",\"@id\":\"https:\\\/\\\/secure.gravatar.com\\\/avatar\\\/6d2d46023ee8ab957213dcdb0ea8dc964f367c205b281a7f789f0eb314dfafbf?s=96&d=mm&r=g\",\"url\":\"https:\\\/\\\/secure.gravatar.com\\\/avatar\\\/6d2d46023ee8ab957213dcdb0ea8dc964f367c205b281a7f789f0eb314dfafbf?s=96&d=mm&r=g\",\"contentUrl\":\"https:\\\/\\\/secure.gravatar.com\\\/avatar\\\/6d2d46023ee8ab957213dcdb0ea8dc964f367c205b281a7f789f0eb314dfafbf?s=96&d=mm&r=g\",\"caption\":\"audrey.catel.delaforge@gmail.com\"},\"sameAs\":[\"http:\\\/\\\/audreydelaforge.com\"],\"url\":\"https:\\\/\\\/audreydelaforge.com\\\/index.php\\\/author\\\/audrey-catel-delaforgegmail-com\\\/\"}]}<\/script>\n<!-- \/ Yoast SEO plugin. -->","yoast_head_json":{"title":"L\u2019importance de la zone proximale de d\u00e9veloppement en orthop\u00e9dagogie\u00a0 ~ Audrey Delaforge, Orthop\u00e9dagogue","robots":{"index":"index","follow":"follow","max-snippet":"max-snippet:-1","max-image-preview":"max-image-preview:large","max-video-preview":"max-video-preview:-1"},"canonical":"https:\/\/audreydelaforge.com\/index.php\/2023\/03\/28\/limportance-de-la-zone-proximale-de-developpement-en-orthopedagogie\/","og_locale":"fr_FR","og_type":"article","og_title":"L\u2019importance de la zone proximale de d\u00e9veloppement en orthop\u00e9dagogie\u00a0 ~ Audrey Delaforge, Orthop\u00e9dagogue","og_description":"La zone proximale de d\u00e9veloppement (ZPD) est par d\u00e9finition la zone dans laquelle un apprenant va pouvoir d\u00e9velopper des comp\u00e9tences en s\u2019appuyant sur une personne plus exp\u00e9riment\u00e9e. Louis-Adrien Eynard a travaill\u00e9 \u00e0 l\u2019\u00e9laboration de l\u2019UDN-3, test qui permet d\u2019\u00e9valuer la pens\u00e9e logique et les processus d\u2019apprentissage. Ce test permet plus pr\u00e9cis\u00e9ment d\u2019appr\u00e9hender le potentiel d\u2019un&hellip;&nbsp;Lire la suite &raquo;L\u2019importance de la zone proximale de d\u00e9veloppement en orthop\u00e9dagogie\u00a0","og_url":"https:\/\/audreydelaforge.com\/index.php\/2023\/03\/28\/limportance-de-la-zone-proximale-de-developpement-en-orthopedagogie\/","og_site_name":"Audrey Delaforge, Orthop\u00e9dagogue","article_publisher":"https:\/\/www.facebook.com\/audreycateldelaforge","article_published_time":"2023-03-28T08:10:01+00:00","article_modified_time":"2023-03-28T08:11:56+00:00","og_image":[{"width":754,"height":411,"url":"https:\/\/audreydelaforge.com\/wp-content\/uploads\/2023\/03\/Screenshot-2023-03-28-10.05.37.png","type":"image\/png"}],"author":"audrey.catel.delaforge@gmail.com","twitter_card":"summary_large_image","twitter_misc":{"\u00c9crit par":"audrey.catel.delaforge@gmail.com","Dur\u00e9e de lecture estim\u00e9e":"5 minutes"},"schema":{"@context":"https:\/\/schema.org","@graph":[{"@type":"Article","@id":"https:\/\/audreydelaforge.com\/index.php\/2023\/03\/28\/limportance-de-la-zone-proximale-de-developpement-en-orthopedagogie\/#article","isPartOf":{"@id":"https:\/\/audreydelaforge.com\/index.php\/2023\/03\/28\/limportance-de-la-zone-proximale-de-developpement-en-orthopedagogie\/"},"author":{"name":"audrey.catel.delaforge@gmail.com","@id":"https:\/\/audreydelaforge.com\/#\/schema\/person\/b44bccc3f328e9802afbab74bb74495d"},"headline":"L\u2019importance de la zone proximale de d\u00e9veloppement en orthop\u00e9dagogie\u00a0","datePublished":"2023-03-28T08:10:01+00:00","dateModified":"2023-03-28T08:11:56+00:00","mainEntityOfPage":{"@id":"https:\/\/audreydelaforge.com\/index.php\/2023\/03\/28\/limportance-de-la-zone-proximale-de-developpement-en-orthopedagogie\/"},"wordCount":997,"publisher":{"@id":"https:\/\/audreydelaforge.com\/#organization"},"image":{"@id":"https:\/\/audreydelaforge.com\/index.php\/2023\/03\/28\/limportance-de-la-zone-proximale-de-developpement-en-orthopedagogie\/#primaryimage"},"thumbnailUrl":"https:\/\/audreydelaforge.com\/wp-content\/uploads\/2023\/03\/Screenshot-2023-03-28-10.05.37.png","articleSection":["Orthop\u00e9dagogie"],"inLanguage":"fr-FR"},{"@type":"WebPage","@id":"https:\/\/audreydelaforge.com\/index.php\/2023\/03\/28\/limportance-de-la-zone-proximale-de-developpement-en-orthopedagogie\/","url":"https:\/\/audreydelaforge.com\/index.php\/2023\/03\/28\/limportance-de-la-zone-proximale-de-developpement-en-orthopedagogie\/","name":"L\u2019importance de la zone proximale de d\u00e9veloppement en orthop\u00e9dagogie\u00a0 ~ Audrey Delaforge, Orthop\u00e9dagogue","isPartOf":{"@id":"https:\/\/audreydelaforge.com\/#website"},"primaryImageOfPage":{"@id":"https:\/\/audreydelaforge.com\/index.php\/2023\/03\/28\/limportance-de-la-zone-proximale-de-developpement-en-orthopedagogie\/#primaryimage"},"image":{"@id":"https:\/\/audreydelaforge.com\/index.php\/2023\/03\/28\/limportance-de-la-zone-proximale-de-developpement-en-orthopedagogie\/#primaryimage"},"thumbnailUrl":"https:\/\/audreydelaforge.com\/wp-content\/uploads\/2023\/03\/Screenshot-2023-03-28-10.05.37.png","datePublished":"2023-03-28T08:10:01+00:00","dateModified":"2023-03-28T08:11:56+00:00","breadcrumb":{"@id":"https:\/\/audreydelaforge.com\/index.php\/2023\/03\/28\/limportance-de-la-zone-proximale-de-developpement-en-orthopedagogie\/#breadcrumb"},"inLanguage":"fr-FR","potentialAction":[{"@type":"ReadAction","target":["https:\/\/audreydelaforge.com\/index.php\/2023\/03\/28\/limportance-de-la-zone-proximale-de-developpement-en-orthopedagogie\/"]}]},{"@type":"ImageObject","inLanguage":"fr-FR","@id":"https:\/\/audreydelaforge.com\/index.php\/2023\/03\/28\/limportance-de-la-zone-proximale-de-developpement-en-orthopedagogie\/#primaryimage","url":"https:\/\/audreydelaforge.com\/wp-content\/uploads\/2023\/03\/Screenshot-2023-03-28-10.05.37.png","contentUrl":"https:\/\/audreydelaforge.com\/wp-content\/uploads\/2023\/03\/Screenshot-2023-03-28-10.05.37.png","width":754,"height":411},{"@type":"BreadcrumbList","@id":"https:\/\/audreydelaforge.com\/index.php\/2023\/03\/28\/limportance-de-la-zone-proximale-de-developpement-en-orthopedagogie\/#breadcrumb","itemListElement":[{"@type":"ListItem","position":1,"name":"Accueil","item":"https:\/\/audreydelaforge.com\/"},{"@type":"ListItem","position":2,"name":"L\u2019importance de la zone proximale de d\u00e9veloppement en orthop\u00e9dagogie\u00a0"}]},{"@type":"WebSite","@id":"https:\/\/audreydelaforge.com\/#website","url":"https:\/\/audreydelaforge.com\/","name":"Audrey Delaforge, Orthop\u00e9dagogue","description":"L&#039;apprenant au centre du savoir","publisher":{"@id":"https:\/\/audreydelaforge.com\/#organization"},"potentialAction":[{"@type":"SearchAction","target":{"@type":"EntryPoint","urlTemplate":"https:\/\/audreydelaforge.com\/?s={search_term_string}"},"query-input":{"@type":"PropertyValueSpecification","valueRequired":true,"valueName":"search_term_string"}}],"inLanguage":"fr-FR"},{"@type":"Organization","@id":"https:\/\/audreydelaforge.com\/#organization","name":"Audrey Delaforge, Orthop\u00e9dagogue","url":"https:\/\/audreydelaforge.com\/","logo":{"@type":"ImageObject","inLanguage":"fr-FR","@id":"https:\/\/audreydelaforge.com\/#\/schema\/logo\/image\/","url":"https:\/\/audreydelaforge.com\/wp-content\/uploads\/2022\/06\/Logo-orange-noir-avec-Audrey-1.png","contentUrl":"https:\/\/audreydelaforge.com\/wp-content\/uploads\/2022\/06\/Logo-orange-noir-avec-Audrey-1.png","width":500,"height":500,"caption":"Audrey Delaforge, Orthop\u00e9dagogue"},"image":{"@id":"https:\/\/audreydelaforge.com\/#\/schema\/logo\/image\/"},"sameAs":["https:\/\/www.facebook.com\/audreycateldelaforge","https:\/\/www.linkedin.com\/in\/audrey-catel-delaforge","https:\/\/www.instagram.com\/audrey_delaforge\/"]},{"@type":"Person","@id":"https:\/\/audreydelaforge.com\/#\/schema\/person\/b44bccc3f328e9802afbab74bb74495d","name":"audrey.catel.delaforge@gmail.com","image":{"@type":"ImageObject","inLanguage":"fr-FR","@id":"https:\/\/secure.gravatar.com\/avatar\/6d2d46023ee8ab957213dcdb0ea8dc964f367c205b281a7f789f0eb314dfafbf?s=96&d=mm&r=g","url":"https:\/\/secure.gravatar.com\/avatar\/6d2d46023ee8ab957213dcdb0ea8dc964f367c205b281a7f789f0eb314dfafbf?s=96&d=mm&r=g","contentUrl":"https:\/\/secure.gravatar.com\/avatar\/6d2d46023ee8ab957213dcdb0ea8dc964f367c205b281a7f789f0eb314dfafbf?s=96&d=mm&r=g","caption":"audrey.catel.delaforge@gmail.com"},"sameAs":["http:\/\/audreydelaforge.com"],"url":"https:\/\/audreydelaforge.com\/index.php\/author\/audrey-catel-delaforgegmail-com\/"}]}},"_links":{"self":[{"href":"https:\/\/audreydelaforge.com\/index.php\/wp-json\/wp\/v2\/posts\/871","targetHints":{"allow":["GET"]}}],"collection":[{"href":"https:\/\/audreydelaforge.com\/index.php\/wp-json\/wp\/v2\/posts"}],"about":[{"href":"https:\/\/audreydelaforge.com\/index.php\/wp-json\/wp\/v2\/types\/post"}],"author":[{"embeddable":true,"href":"https:\/\/audreydelaforge.com\/index.php\/wp-json\/wp\/v2\/users\/1"}],"replies":[{"embeddable":true,"href":"https:\/\/audreydelaforge.com\/index.php\/wp-json\/wp\/v2\/comments?post=871"}],"version-history":[{"count":0,"href":"https:\/\/audreydelaforge.com\/index.php\/wp-json\/wp\/v2\/posts\/871\/revisions"}],"wp:featuredmedia":[{"embeddable":true,"href":"https:\/\/audreydelaforge.com\/index.php\/wp-json\/wp\/v2\/media\/874"}],"wp:attachment":[{"href":"https:\/\/audreydelaforge.com\/index.php\/wp-json\/wp\/v2\/media?parent=871"}],"wp:term":[{"taxonomy":"category","embeddable":true,"href":"https:\/\/audreydelaforge.com\/index.php\/wp-json\/wp\/v2\/categories?post=871"},{"taxonomy":"post_tag","embeddable":true,"href":"https:\/\/audreydelaforge.com\/index.php\/wp-json\/wp\/v2\/tags?post=871"}],"curies":[{"name":"wp","href":"https:\/\/api.w.org\/{rel}","templated":true}]}}